{"id":47899,"date":"2019-11-28T13:57:50","date_gmt":"2019-11-28T13:57:50","guid":{"rendered":"https:\/\/www.ull.es\/portal\/noticias\/?p=47899"},"modified":"2019-11-28T13:58:22","modified_gmt":"2019-11-28T13:58:22","slug":"jornada-obiten-gestion-positiva-diversidad","status":"publish","type":"post","link":"https:\/\/www.ull.es\/portal\/noticias\/2019\/jornada-obiten-gestion-positiva-diversidad\/","title":{"rendered":"La consejera de Empleo del Cabildo aboga en la jornada t\u00e9cnica de ObiTen \u00a0por la gesti\u00f3n positiva de la diversidad que genera la inmigraci\u00f3n"},"content":{"rendered":"<p>El sal\u00f3n de actos de la Facultad de Ciencias Sociales y de la Comunicaci\u00f3n de la Universidad de La Laguna ha acogido hoy, jueves 28, la decimonovena edici\u00f3n de la Jornada T\u00e9cnica del Observatorio de la Inmigraci\u00f3n de Tenerife. La consejera de Empleo, Desarrollo Socioecon\u00f3mico y Acci\u00f3n Exterior del Cabildo de Tenerife, Carmen Luz Baso, ha sido la encargada de iniciar esta cita que trata de analizar, reflexionar y formular propuestas t\u00e9cnicas en relaci\u00f3n a los movimientos migratorios y la gesti\u00f3n de la diversidad cultural.<\/p>\n<p>Carmen Luz Baso ha se\u00f1alado que los procesos migratorios inciden en la diversificaci\u00f3n de la poblaci\u00f3n y, por tanto, hacen que la sociedad sea heterog\u00e9nea y deba enfrentarse al reto de la convivencia. \u201cEs por ello que desde todas las pol\u00edticas p\u00fablicas tenemos que afrontar mejor esa gesti\u00f3n de la diversidad porque hay que cuidar la convivencia de forma continua y, sobre todo, mediante esas herramientas que son concedidas a partir de la participaci\u00f3n comunitaria\u201d.<\/p>\n<p>Bajo el t\u00edtulo \u2018Pol\u00edticas p\u00fablicas y gesti\u00f3n de la diversidad cultural\u2019, alrededor de setenta personas se han congregado en la Universidad de La Laguna para conocer de qu\u00e9 manera se puede abordar el reto que supone la convivencia intercultural en un mundo cada vez m\u00e1s heterog\u00e9neo.<\/p>\n<p>En la presentaci\u00f3n, la rectora de la Universidad de La Laguna, Rosa Mar\u00eda Aguilar, ha apuntado que OBITen es un proyecto que ayuda a derribar el mito de que la instituci\u00f3n da la espalda a los asuntos que interesan a la sociedad. \u201cEn este caso, hablamos de la inmigraci\u00f3n y todo lo que conlleva la recepci\u00f3n e integraci\u00f3n social de las personas que llegan a la isla procedentes de otras latitudes. Esta situaci\u00f3n, en algunas ocasiones, es descrita en t\u00e9rminos de emergencia y se aborda como un problema. OBITen se ha caracterizado siempre por poseer una visi\u00f3n m\u00e1s constructiva de la situaci\u00f3n y trata de afrontarla mediante la implicaci\u00f3n de todas las personas\u201d.<\/p>\n<p>Para conocer que hacen en materia de gesti\u00f3n de la diversidad cultural tambi\u00e9n otras personas en otros territorios, OBITen ha planteado esta jornada t\u00e9cnica desde diferentes niveles de experiencias nacionales, que ejemplifican e inspiran para abordar una eficaz gesti\u00f3n p\u00fablica de la diversidad cultural. Las personas asistentes a esta Jornada han podido conocer de primera mano las experiencias territoriales de Santa Coloma de Gramenet, Toledo y Santa Luc\u00eda de Tirajana a trav\u00e9s de sus representantes municipales.<\/p>\n<p>Adem\u00e1s, en una segunda parte de la Jornada, se ha abordado las pol\u00edticas p\u00fablicas de la diversidad cultural de la mano de algunas personas participantes y del equipo t\u00e9cnico de la estrategia de diversidad cultural en Tenerife Juntos En la misma direcci\u00f3n, junto a la Comisi\u00f3n Interdepartamental de la corporaci\u00f3n insular, quienes han dado a conocer a las personas asistentes el Marco Estrat\u00e9gico de convivencia intercultural \u2018Tenerife vive Diversidad\u2019, elaborado de manera participativa por m\u00e1s de 300 personas y aprobado por unanimidad por el&nbsp; Pleno del Cabildo de Tenerife, el pasado mes de febrero.<\/p>\n","protected":false},"excerpt":{"rendered":"<p>El sal\u00f3n de actos de la Facultad de Ciencias Sociales y de la Comunicaci\u00f3n de la Universidad de La Laguna&#8230;<\/p>\n","protected":false},"author":21,"featured_media":47900,"comment_status":"closed","ping_status":"closed","sticky":false,"template":"","format":"standard","meta":{"inline_featured_image":false,"footnotes":""},"categories":[345,348,2765],"tags":[5877,1503,5198,1990,1998],"acf":[],"yoast_head":"<!-- This site is optimized with the Yoast SEO plugin v21.3 - https:\/\/yoast.com\/wordpress\/plugins\/seo\/ -->\n<title>La consejera de Empleo del Cabildo aboga por la gesti\u00f3n positiva de la diversidad<\/title>\n<meta name=\"description\" content=\"Carmen Luz Baso ha iniciado la jornada t\u00e9cnica de ObiTen, que analiza y formular propuestas sobre los movimientos migratorios y su gesti\u00f3n.\" \/>\n<meta name=\"robots\" content=\"index, follow, max-snippet:-1, max-image-preview:large, max-video-preview:-1\" \/>\n<link rel=\"canonical\" href=\"https:\/\/www.ull.es\/portal\/noticias\/2019\/jornada-obiten-gestion-positiva-diversidad\/\" \/>\n<meta property=\"og:locale\" content=\"es_ES\" \/>\n<meta property=\"og:type\" content=\"article\" \/>\n<meta property=\"og:title\" content=\"La consejera de Empleo del Cabildo aboga por la gesti\u00f3n positiva de la diversidad\" \/>\n<meta property=\"og:description\" content=\"Carmen Luz Baso ha iniciado la jornada t\u00e9cnica de ObiTen, que analiza y formular propuestas sobre los movimientos migratorios y su gesti\u00f3n.\" \/>\n<meta property=\"og:url\" content=\"https:\/\/www.ull.es\/portal\/noticias\/2019\/jornada-obiten-gestion-positiva-diversidad\/\" \/>\n<meta property=\"og:site_name\" content=\"ULL - Noticias\" \/>\n<meta property=\"article:publisher\" content=\"https:\/\/www.facebook.com\/universidaddelalaguna\/\" \/>\n<meta property=\"article:published_time\" content=\"2019-11-28T13:57:50+00:00\" \/>\n<meta property=\"article:modified_time\" content=\"2019-11-28T13:58:22+00:00\" \/>\n<meta property=\"og:image\" content=\"https:\/\/www.ull.es\/portal\/noticias\/wp-content\/uploads\/sites\/13\/2019\/11\/191128-obiten-1.jpeg\" \/>\n\t<meta property=\"og:image:width\" content=\"1200\" \/>\n\t<meta property=\"og:image:height\" content=\"800\" \/>\n\t<meta property=\"og:image:type\" content=\"image\/jpeg\" \/>\n<meta name=\"author\" content=\"prensa2\" \/>\n<meta name=\"twitter:card\" content=\"summary_large_image\" \/>\n<meta name=\"twitter:creator\" content=\"@CanalULL\" \/>\n<meta name=\"twitter:site\" content=\"@CanalULL\" \/>\n<meta name=\"twitter:label1\" content=\"Escrito por\" \/>\n\t<meta name=\"twitter:data1\" content=\"prensa2\" \/>\n\t<meta name=\"twitter:label2\" content=\"Tiempo de lectura\" \/>\n\t<meta name=\"twitter:data2\" content=\"3 minutos\" \/>\n<script type=\"application\/ld+json\" class=\"yoast-schema-graph\">{\"@context\":\"https:\/\/schema.org\",\"@graph\":[{\"@type\":\"WebPage\",\"@id\":\"https:\/\/www.ull.es\/portal\/noticias\/2019\/jornada-obiten-gestion-positiva-diversidad\/\",\"url\":\"https:\/\/www.ull.es\/portal\/noticias\/2019\/jornada-obiten-gestion-positiva-diversidad\/\",\"name\":\"La consejera de Empleo del Cabildo aboga por la gesti\u00f3n positiva de la diversidad\",\"isPartOf\":{\"@id\":\"https:\/\/www.ull.es\/portal\/noticias\/#website\"},\"datePublished\":\"2019-11-28T13:57:50+00:00\",\"dateModified\":\"2019-11-28T13:58:22+00:00\",\"author\":{\"@id\":\"https:\/\/www.ull.es\/portal\/noticias\/#\/schema\/person\/c3b2aa857797592927a03740d6664376\"},\"description\":\"Carmen Luz Baso ha iniciado la jornada t\u00e9cnica de ObiTen, que analiza y formular propuestas sobre los movimientos migratorios y su gesti\u00f3n.\",\"breadcrumb\":{\"@id\":\"https:\/\/www.ull.es\/portal\/noticias\/2019\/jornada-obiten-gestion-positiva-diversidad\/#breadcrumb\"},\"inLanguage\":\"es\",\"potentialAction\":[{\"@type\":\"ReadAction\",\"target\":[\"https:\/\/www.ull.es\/portal\/noticias\/2019\/jornada-obiten-gestion-positiva-diversidad\/\"]}]},{\"@type\":\"BreadcrumbList\",\"@id\":\"https:\/\/www.ull.es\/portal\/noticias\/2019\/jornada-obiten-gestion-positiva-diversidad\/#breadcrumb\",\"itemListElement\":[{\"@type\":\"ListItem\",\"position\":1,\"name\":\"Portada\",\"item\":\"https:\/\/www.ull.es\/portal\/noticias\/\"},{\"@type\":\"ListItem\",\"position\":2,\"name\":\"La consejera de Empleo del Cabildo aboga en la jornada t\u00e9cnica de ObiTen \u00a0por la gesti\u00f3n positiva de la diversidad que genera la inmigraci\u00f3n\"}]},{\"@type\":\"WebSite\",\"@id\":\"https:\/\/www.ull.es\/portal\/noticias\/#website\",\"url\":\"https:\/\/www.ull.es\/portal\/noticias\/\",\"name\":\"ULL - Noticias\",\"description\":\"\",\"potentialAction\":[{\"@type\":\"SearchAction\",\"target\":{\"@type\":\"EntryPoint\",\"urlTemplate\":\"https:\/\/www.ull.es\/portal\/noticias\/?s={search_term_string}\"},\"query-input\":\"required name=search_term_string\"}],\"inLanguage\":\"es\"},{\"@type\":\"Person\",\"@id\":\"https:\/\/www.ull.es\/portal\/noticias\/#\/schema\/person\/c3b2aa857797592927a03740d6664376\",\"name\":\"prensa2\",\"image\":{\"@type\":\"ImageObject\",\"inLanguage\":\"es\",\"@id\":\"https:\/\/www.ull.es\/portal\/noticias\/#\/schema\/person\/image\/\",\"url\":\"https:\/\/secure.gravatar.com\/avatar\/b58f310a5de5feb33d1e026d2493f23c?s=96&d=mm&r=g\",\"contentUrl\":\"https:\/\/secure.gravatar.com\/avatar\/b58f310a5de5feb33d1e026d2493f23c?s=96&d=mm&r=g\",\"caption\":\"prensa2\"},\"url\":\"https:\/\/www.ull.es\/portal\/noticias\/author\/prensa2\/\"}]}<\/script>\n<!-- \/ Yoast SEO plugin. -->","yoast_head_json":{"title":"La consejera de Empleo del Cabildo aboga por la gesti\u00f3n positiva de la diversidad","description":"Carmen Luz Baso ha iniciado la jornada t\u00e9cnica de ObiTen, que analiza y formular propuestas sobre los movimientos migratorios y su gesti\u00f3n.","robots":{"index":"index","follow":"follow","max-snippet":"max-snippet:-1","max-image-preview":"max-image-preview:large","max-video-preview":"max-video-preview:-1"},"canonical":"https:\/\/www.ull.es\/portal\/noticias\/2019\/jornada-obiten-gestion-positiva-diversidad\/","og_locale":"es_ES","og_type":"article","og_title":"La consejera de Empleo del Cabildo aboga por la gesti\u00f3n positiva de la diversidad","og_description":"Carmen Luz Baso ha iniciado la jornada t\u00e9cnica de ObiTen, que analiza y formular propuestas sobre los movimientos migratorios y su gesti\u00f3n.","og_url":"https:\/\/www.ull.es\/portal\/noticias\/2019\/jornada-obiten-gestion-positiva-diversidad\/","og_site_name":"ULL - Noticias","article_publisher":"https:\/\/www.facebook.com\/universidaddelalaguna\/","article_published_time":"2019-11-28T13:57:50+00:00","article_modified_time":"2019-11-28T13:58:22+00:00","og_image":[{"width":1200,"height":800,"url":"https:\/\/www.ull.es\/portal\/noticias\/wp-content\/uploads\/sites\/13\/2019\/11\/191128-obiten-1.jpeg","type":"image\/jpeg"}],"author":"prensa2","twitter_card":"summary_large_image","twitter_creator":"@CanalULL","twitter_site":"@CanalULL","twitter_misc":{"Escrito por":"prensa2","Tiempo de lectura":"3 minutos"},"schema":{"@context":"https:\/\/schema.org","@graph":[{"@type":"WebPage","@id":"https:\/\/www.ull.es\/portal\/noticias\/2019\/jornada-obiten-gestion-positiva-diversidad\/","url":"https:\/\/www.ull.es\/portal\/noticias\/2019\/jornada-obiten-gestion-positiva-diversidad\/","name":"La consejera de Empleo del Cabildo aboga por la gesti\u00f3n positiva de la diversidad","isPartOf":{"@id":"https:\/\/www.ull.es\/portal\/noticias\/#website"},"datePublished":"2019-11-28T13:57:50+00:00","dateModified":"2019-11-28T13:58:22+00:00","author":{"@id":"https:\/\/www.ull.es\/portal\/noticias\/#\/schema\/person\/c3b2aa857797592927a03740d6664376"},"description":"Carmen Luz Baso ha iniciado la jornada t\u00e9cnica de ObiTen, que analiza y formular propuestas sobre los movimientos migratorios y su gesti\u00f3n.","breadcrumb":{"@id":"https:\/\/www.ull.es\/portal\/noticias\/2019\/jornada-obiten-gestion-positiva-diversidad\/#breadcrumb"},"inLanguage":"es","potentialAction":[{"@type":"ReadAction","target":["https:\/\/www.ull.es\/portal\/noticias\/2019\/jornada-obiten-gestion-positiva-diversidad\/"]}]},{"@type":"BreadcrumbList","@id":"https:\/\/www.ull.es\/portal\/noticias\/2019\/jornada-obiten-gestion-positiva-diversidad\/#breadcrumb","itemListElement":[{"@type":"ListItem","position":1,"name":"Portada","item":"https:\/\/www.ull.es\/portal\/noticias\/"},{"@type":"ListItem","position":2,"name":"La consejera de Empleo del Cabildo aboga en la jornada t\u00e9cnica de ObiTen \u00a0por la gesti\u00f3n positiva de la diversidad que genera la inmigraci\u00f3n"}]},{"@type":"WebSite","@id":"https:\/\/www.ull.es\/portal\/noticias\/#website","url":"https:\/\/www.ull.es\/portal\/noticias\/","name":"ULL - Noticias","description":"","potentialAction":[{"@type":"SearchAction","target":{"@type":"EntryPoint","urlTemplate":"https:\/\/www.ull.es\/portal\/noticias\/?s={search_term_string}"},"query-input":"required name=search_term_string"}],"inLanguage":"es"},{"@type":"Person","@id":"https:\/\/www.ull.es\/portal\/noticias\/#\/schema\/person\/c3b2aa857797592927a03740d6664376","name":"prensa2","image":{"@type":"ImageObject","inLanguage":"es","@id":"https:\/\/www.ull.es\/portal\/noticias\/#\/schema\/person\/image\/","url":"https:\/\/secure.gravatar.com\/avatar\/b58f310a5de5feb33d1e026d2493f23c?s=96&d=mm&r=g","contentUrl":"https:\/\/secure.gravatar.com\/avatar\/b58f310a5de5feb33d1e026d2493f23c?s=96&d=mm&r=g","caption":"prensa2"},"url":"https:\/\/www.ull.es\/portal\/noticias\/author\/prensa2\/"}]}},"primary_category":{"id":345,"name":"Destacado","slug":"destacado","link":"https:\/\/www.ull.es\/portal\/noticias\/category\/destacado\/"},"featured_image_thumbnail_url":"https:\/\/www.ull.es\/portal\/noticias\/wp-content\/uploads\/sites\/13\/2019\/11\/191128-obiten-1-300x200.jpeg","_links":{"self":[{"href":"https:\/\/www.ull.es\/portal\/noticias\/wp-json\/wp\/v2\/posts\/47899"}],"collection":[{"href":"https:\/\/www.ull.es\/portal\/noticias\/wp-json\/wp\/v2\/posts"}],"about":[{"href":"https:\/\/www.ull.es\/portal\/noticias\/wp-json\/wp\/v2\/types\/post"}],"author":[{"embeddable":true,"href":"https:\/\/www.ull.es\/portal\/noticias\/wp-json\/wp\/v2\/users\/21"}],"replies":[{"embeddable":true,"href":"https:\/\/www.ull.es\/portal\/noticias\/wp-json\/wp\/v2\/comments?post=47899"}],"version-history":[{"count":2,"href":"https:\/\/www.ull.es\/portal\/noticias\/wp-json\/wp\/v2\/posts\/47899\/revisions"}],"predecessor-version":[{"id":47902,"href":"https:\/\/www.ull.es\/portal\/noticias\/wp-json\/wp\/v2\/posts\/47899\/revisions\/47902"}],"wp:featuredmedia":[{"embeddable":true,"href":"https:\/\/www.ull.es\/portal\/noticias\/wp-json\/wp\/v2\/media\/47900"}],"wp:attachment":[{"href":"https:\/\/www.ull.es\/portal\/noticias\/wp-json\/wp\/v2\/media?parent=47899"}],"wp:term":[{"taxonomy":"category","embeddable":true,"href":"https:\/\/www.ull.es\/portal\/noticias\/wp-json\/wp\/v2\/categories?post=47899"},{"taxonomy":"post_tag","embeddable":true,"href":"https:\/\/www.ull.es\/portal\/noticias\/wp-json\/wp\/v2\/tags?post=47899"}],"curies":[{"name":"wp","href":"https:\/\/api.w.org\/{rel}","templated":true}]}}