{"id":47903,"date":"2019-11-28T14:33:01","date_gmt":"2019-11-28T14:33:01","guid":{"rendered":"https:\/\/www.ull.es\/portal\/noticias\/?p=47903"},"modified":"2019-11-28T14:33:01","modified_gmt":"2019-11-28T14:33:01","slug":"los-premios-tecnoedu-segunda-edicion","status":"publish","type":"post","link":"https:\/\/www.ull.es\/portal\/noticias\/2019\/los-premios-tecnoedu-segunda-edicion\/","title":{"rendered":"Los premios Tecnoedu reparten en su segunda edici\u00f3n 8.000 euros a proyectos de innovaci\u00f3n educativa"},"content":{"rendered":"<p>La C\u00e1tedra de Tecnolog\u00eda y Educaci\u00f3n de la Fundaci\u00f3n MAPFRE Guanarteme en la Universidad de La Laguna (TECNOEDU) entreg\u00f3 el pasado martes, 26 de noviembre, en el Paraninfo de la Universidad de La Laguna los galardones de la segunda edici\u00f3n de los Premios TECNOEDU a la Innovaci\u00f3n con Tecnolog\u00eda Educativa.<\/p>\n<p>En la entrega de premios participaron la rectora de la Universidad de La Laguna, Rosa Mar\u00eda Aguilar; la directora de la Fundaci\u00f3n MAPFRE Guanarteme, Esther Martel Gil; y el director de la C\u00e1tedra Fundaci\u00f3n MAPFRE Guanarteme de Tecnolog\u00eda y Educaci\u00f3n de la Universidad de La Laguna (TECNOEDU), Manuel Area.<\/p>\n<p>En la modalidad de Proyectos de innovaci\u00f3n educativa con TIC en el centro educativo (\u00e1mbito escolar) el premio <em>ex aequo<\/em> recay\u00f3 en los proyectos:<\/p>\n<p>\u201cYo Quiero Aprobar Mates\u201d, del Colegio Salesiano San Juan Bosco, un proyecto integral de mejora educativa hecho por y para el alumnado de las etapas de Secundaria y Bachillerato del Colegio Salesiano San Juan Bosco para facilitar el aprendizaje de las matem\u00e1ticas, tanto a personas del propio entro como a externas, mediante el uso educativo de recursos tecnol\u00f3gicos como los blogs o canales como YouTube. Los representantes del proyecto afirmaron que \u00ablo verdaderamente importante en este proyecto es el coraz\u00f3n, los chicos y chicas que han trabajado miles horas para sacar este proyecto adelante\u00bb. Un proyecto que, seg\u00fan contaban los alumnos del centro, naci\u00f3 como un simple trabajo de matem\u00e1ticas con una filosof\u00eda clara: crear, trabajar y compartir, y que aunque ha supuesto un esfuerzo se ha visto recompensado con este premio.<\/p>\n<p>#ProfetaEnTuTierra del CEIP Chayofa, un proyecto que lleva un a\u00f1o inundando los centros educativos de aprendizajes contextualizados, activos y significativos a trav\u00e9s del conocimiento de las personas (Aprendizaje Basado en la Personas) para dar a conocer las experiencias motivadoras de grandes personas que, con su buen hacer, han alcanzado el reconocimiento social o por el contrario, s\u00f3lo son conocidos en su entorno m\u00e1s pr\u00f3ximo.<\/p>\n<p>Este proyecto tiene como protagonistas a \u00abpersonas perfectamente imperfectas que en alg\u00fan momento de sus vidas han hecho algo importante por los dem\u00e1s\u00bb. As\u00ed lo defin\u00eda el representante del proyecto, Ricardo Cubas,\u00a0 durante su intervenci\u00f3n en la que agradeci\u00f3 a las instituciones organizadoras la concesi\u00f3n de este premio \u00abno solo por el empuje econ\u00f3mico que supone para el proyecto sino porque tambi\u00e9n logra dar visibilidad al trabajo que se hace en las aulas.<\/p>\n<p>#ProfetaEnTuTierra es un proyecto basado en lo que mueve el mundo, las personas. Se trata de poner en valor lo que ocurre en las aulas a diario y compartirlo a trav\u00e9s del aprendizaje colaborativo y el conocimiento compartido. Estamos muy orgullosos porque ya son m\u00e1s de treinta centros los que comparten esta idea y colaboran con el proyecto\u00bb.<\/p>\n<p>En la modalidad de Experiencias de innovaci\u00f3n educativa con TIC en el aula (\u00e1mbito escolar) ha resultado premiado el proyecto Ropa inteligente para Abril, presentado por F\u00e9lix Jonay Mayoral Guti\u00e9rrez, del IES Granadilla. Una iniciativa con un marcado componente social basado en desarrollo de ropa inteligente facilite la movilidad de personas con discapacidad visual en entornos desconocidos. F\u00e9lix Jonay Mayoral quiso \u00abdedicar especialmente este premio a la persona que lo ha inspirado, se trata de Abril, una alumna cuya discapacidad visual ha ido aumentando paulatinamente de manera que sus compa\u00f1eros han desarrollado ropa inteligente que le avisar\u00e1 mediante vibraciones cuando se vaya a encontrar con un obst\u00e1culo en su camino\u00bb.<\/p>\n<p>El premio en la modalidad de Creaciones de innovaci\u00f3n tecnol\u00f3gica para la educaci\u00f3n, ha reca\u00eddo en el proyecto NavAR. Una apuesta por la Realidad Aumentada en Educaci\u00f3n Mar\u00edtima, de Aar\u00f3n Miguel Acevedo Rever\u00f3n, del Grado en N\u00e1utica y Transporte Mar\u00edtimo de la Universidad de La Laguna. NavAR es una aplicaci\u00f3n pedag\u00f3gica de realidad aumentada (RA) para describir definiciones n\u00e1uticas y el uso de herramientas vinculadas con la navegaci\u00f3n costera mediante el uso de elementos 3D animados e inanimados.<\/p>\n<p>Finalmente, en la modalidad de Proyectos de emprendedur\u00eda educativa con TIC el premio ha reca\u00eddo en el Proyecto Pandora, de Laureen Vanessa P\u00e9rez Pinto y Cristopher Dom\u00ednguez Hern\u00e1ndez, del M\u00e1ster en Educaci\u00f3n y Tecnolog\u00edas de la Informaci\u00f3n y Comunicaci\u00f3n de la Universidad de La Laguna. Un proyecto que engloba un completo plan de actividades divulgativas y talleres pr\u00e1cticos dirigidos a concienciar sobre el uso responsable del agua y sobre buenas pr\u00e1cticas ambientales ligadas a los ODS (Objetivos de desarrollo sostenible), adem\u00e1s de contar con material audiovisual y te\u00f3rico.<\/p>\n<p>La rectora de la Universidad de La Laguna, Rosa Mar\u00eda Aguilar, destac\u00f3 durante su intervenci\u00f3n que \u00abTECNOEDU es una entidad reciente que ha consolidado una amplia oferta educativa en tan solo dos a\u00f1os\u00bb. Agradeci\u00f3 el apoyo de la Fundaci\u00f3n, que seg\u00fan comentaba \u00abes un ejemplo de que una entidad privada y otra acad\u00e9mica se pueden unir en una labor de divulgaci\u00f3n y promoci\u00f3n educativa como la que se realiza desde la C\u00e1tedra\u00bb. La rectora afirm\u00f3 que \u00ablas cifras de participaci\u00f3n en este concurso hablan de una comunidad creativa e implicada. Contar con personas que demuestran un talento innovador es inspirador y alentador\u00bb.<\/p>\n<p>Esther Martel, directora de la Fundaci\u00f3n MAPFRE Guanarteme, afirm\u00f3 que \u00ablos premios TECNOEDU son el resultado de la voluntad de dos instituciones que se han unido en la causa com\u00fan de apoyar y estimular la innovaci\u00f3n en el \u00e1mbito educativo\u00bb. Para Martel \u00abestos premios son un reconocimiento a la creatividad y el talento innovador, dos factores presentes en todos los proyectos presentados, y tambi\u00e9n de otros valores humanos como la empat\u00eda, el pensamiento cr\u00edtico, la cooperaci\u00f3n o la solidaridad de los que todas las personas participantes son un claro ejemplo\u00bb.<\/p>\n<p>Por su parte, Manuel \u00c1rea, director de la C\u00e1tedra agradeci\u00f3 la participaci\u00f3n de los que presentaron sus proyectos y resalt\u00f3 que \u00abla C\u00e1tedra intenta poner en conexi\u00f3n a la universidad con el \u00e1mbito social y escolar. Estos premios son una forma de hacer visible y dejar aflorar el conjunto de experiencias magn\u00edficas que se est\u00e1n desarrollando en la aulas de forma callada\u00bb.<\/p>\n<p>El cierre del acto cont\u00f3 con la intervenci\u00f3n especial del catedr\u00e1tico de la Universidad de Santiago de Compostela y exdirector y acad\u00e9mico de la Real Academia de Lengua Espa\u00f1ola, Dar\u00edo Villanueva, que ofreci\u00f3 la conferencia \u00abEl acto de leer y los nativos digitales\u00bb, en la que reflexion\u00f3 sobre la repercusi\u00f3n de los avances tecnol\u00f3gicos ligados a internet y su influencia en el proceso de adquisici\u00f3n del conocimiento en la denominada nueva sociedad de la informaci\u00f3n y la comunicaci\u00f3n.<\/p>\n","protected":false},"excerpt":{"rendered":"<p>La C\u00e1tedra de Tecnolog\u00eda y Educaci\u00f3n de la Fundaci\u00f3n MAPFRE Guanarteme en la Universidad de La Laguna (TECNOEDU) entreg\u00f3 el&#8230;<\/p>\n","protected":false},"author":21,"featured_media":47904,"comment_status":"closed","ping_status":"closed","sticky":false,"template":"","format":"standard","meta":{"inline_featured_image":false,"footnotes":""},"categories":[345,350,2765],"tags":[3885,6124,3678],"acf":[],"yoast_head":"<!-- This site is optimized with the Yoast SEO plugin v21.3 - https:\/\/yoast.com\/wordpress\/plugins\/seo\/ -->\n<title>Los premios Tecnoedu reparten en su segunda edici\u00f3n 8.000 euros a proyectos de innovaci\u00f3n educativa Los premios Tecnoedu reparten en su segunda edici\u00f3n 8.000 euros<\/title>\n<meta name=\"description\" content=\"La C\u00e1tedra de Tecnolog\u00eda y Educaci\u00f3n de la Fundaci\u00f3n MAPFRE Guanarteme en la ULL entreg\u00f3 el 26 de noviembre en el Paraninfo los II Premios TECNOEDU.\" \/>\n<meta name=\"robots\" content=\"index, follow, max-snippet:-1, max-image-preview:large, max-video-preview:-1\" \/>\n<link rel=\"canonical\" href=\"https:\/\/www.ull.es\/portal\/noticias\/2019\/los-premios-tecnoedu-segunda-edicion\/\" \/>\n<meta property=\"og:locale\" content=\"es_ES\" \/>\n<meta property=\"og:type\" content=\"article\" \/>\n<meta property=\"og:title\" content=\"Los premios Tecnoedu reparten en su segunda edici\u00f3n 8.000 euros a proyectos de innovaci\u00f3n educativa Los premios Tecnoedu reparten en su segunda edici\u00f3n 8.000 euros\" \/>\n<meta property=\"og:description\" content=\"La C\u00e1tedra de Tecnolog\u00eda y Educaci\u00f3n de la Fundaci\u00f3n MAPFRE Guanarteme en la ULL entreg\u00f3 el 26 de noviembre en el Paraninfo los II Premios TECNOEDU.\" \/>\n<meta property=\"og:url\" content=\"https:\/\/www.ull.es\/portal\/noticias\/2019\/los-premios-tecnoedu-segunda-edicion\/\" \/>\n<meta property=\"og:site_name\" content=\"ULL - Noticias\" \/>\n<meta property=\"article:publisher\" content=\"https:\/\/www.facebook.com\/universidaddelalaguna\/\" \/>\n<meta property=\"article:published_time\" content=\"2019-11-28T14:33:01+00:00\" \/>\n<meta property=\"og:image\" content=\"https:\/\/www.ull.es\/portal\/noticias\/wp-content\/uploads\/sites\/13\/2019\/11\/premio-tecnoedu.jpg\" \/>\n\t<meta property=\"og:image:width\" content=\"1200\" \/>\n\t<meta property=\"og:image:height\" content=\"800\" \/>\n\t<meta property=\"og:image:type\" content=\"image\/jpeg\" \/>\n<meta name=\"author\" content=\"prensa2\" \/>\n<meta name=\"twitter:card\" content=\"summary_large_image\" \/>\n<meta name=\"twitter:creator\" content=\"@CanalULL\" \/>\n<meta name=\"twitter:site\" content=\"@CanalULL\" \/>\n<meta name=\"twitter:label1\" content=\"Escrito por\" \/>\n\t<meta name=\"twitter:data1\" content=\"prensa2\" \/>\n\t<meta name=\"twitter:label2\" content=\"Tiempo de lectura\" \/>\n\t<meta name=\"twitter:data2\" content=\"6 minutos\" \/>\n<script type=\"application\/ld+json\" class=\"yoast-schema-graph\">{\"@context\":\"https:\/\/schema.org\",\"@graph\":[{\"@type\":\"WebPage\",\"@id\":\"https:\/\/www.ull.es\/portal\/noticias\/2019\/los-premios-tecnoedu-segunda-edicion\/\",\"url\":\"https:\/\/www.ull.es\/portal\/noticias\/2019\/los-premios-tecnoedu-segunda-edicion\/\",\"name\":\"Los premios Tecnoedu reparten en su segunda edici\u00f3n 8.000 euros a proyectos de innovaci\u00f3n educativa Los premios Tecnoedu reparten en su segunda edici\u00f3n 8.000 euros\",\"isPartOf\":{\"@id\":\"https:\/\/www.ull.es\/portal\/noticias\/#website\"},\"datePublished\":\"2019-11-28T14:33:01+00:00\",\"dateModified\":\"2019-11-28T14:33:01+00:00\",\"author\":{\"@id\":\"https:\/\/www.ull.es\/portal\/noticias\/#\/schema\/person\/c3b2aa857797592927a03740d6664376\"},\"description\":\"La C\u00e1tedra de Tecnolog\u00eda y Educaci\u00f3n de la Fundaci\u00f3n MAPFRE Guanarteme en la ULL entreg\u00f3 el 26 de noviembre en el Paraninfo los II Premios TECNOEDU.\",\"breadcrumb\":{\"@id\":\"https:\/\/www.ull.es\/portal\/noticias\/2019\/los-premios-tecnoedu-segunda-edicion\/#breadcrumb\"},\"inLanguage\":\"es\",\"potentialAction\":[{\"@type\":\"ReadAction\",\"target\":[\"https:\/\/www.ull.es\/portal\/noticias\/2019\/los-premios-tecnoedu-segunda-edicion\/\"]}]},{\"@type\":\"BreadcrumbList\",\"@id\":\"https:\/\/www.ull.es\/portal\/noticias\/2019\/los-premios-tecnoedu-segunda-edicion\/#breadcrumb\",\"itemListElement\":[{\"@type\":\"ListItem\",\"position\":1,\"name\":\"Portada\",\"item\":\"https:\/\/www.ull.es\/portal\/noticias\/\"},{\"@type\":\"ListItem\",\"position\":2,\"name\":\"Los premios Tecnoedu reparten en su segunda edici\u00f3n 8.000 euros a proyectos de innovaci\u00f3n educativa\"}]},{\"@type\":\"WebSite\",\"@id\":\"https:\/\/www.ull.es\/portal\/noticias\/#website\",\"url\":\"https:\/\/www.ull.es\/portal\/noticias\/\",\"name\":\"ULL - Noticias\",\"description\":\"\",\"potentialAction\":[{\"@type\":\"SearchAction\",\"target\":{\"@type\":\"EntryPoint\",\"urlTemplate\":\"https:\/\/www.ull.es\/portal\/noticias\/?s={search_term_string}\"},\"query-input\":\"required name=search_term_string\"}],\"inLanguage\":\"es\"},{\"@type\":\"Person\",\"@id\":\"https:\/\/www.ull.es\/portal\/noticias\/#\/schema\/person\/c3b2aa857797592927a03740d6664376\",\"name\":\"prensa2\",\"image\":{\"@type\":\"ImageObject\",\"inLanguage\":\"es\",\"@id\":\"https:\/\/www.ull.es\/portal\/noticias\/#\/schema\/person\/image\/\",\"url\":\"https:\/\/secure.gravatar.com\/avatar\/b58f310a5de5feb33d1e026d2493f23c?s=96&d=mm&r=g\",\"contentUrl\":\"https:\/\/secure.gravatar.com\/avatar\/b58f310a5de5feb33d1e026d2493f23c?s=96&d=mm&r=g\",\"caption\":\"prensa2\"},\"url\":\"https:\/\/www.ull.es\/portal\/noticias\/author\/prensa2\/\"}]}<\/script>\n<!-- \/ Yoast SEO plugin. -->","yoast_head_json":{"title":"Los premios Tecnoedu reparten en su segunda edici\u00f3n 8.000 euros a proyectos de innovaci\u00f3n educativa Los premios Tecnoedu reparten en su segunda edici\u00f3n 8.000 euros","description":"La C\u00e1tedra de Tecnolog\u00eda y Educaci\u00f3n de la Fundaci\u00f3n MAPFRE Guanarteme en la ULL entreg\u00f3 el 26 de noviembre en el Paraninfo los II Premios TECNOEDU.","robots":{"index":"index","follow":"follow","max-snippet":"max-snippet:-1","max-image-preview":"max-image-preview:large","max-video-preview":"max-video-preview:-1"},"canonical":"https:\/\/www.ull.es\/portal\/noticias\/2019\/los-premios-tecnoedu-segunda-edicion\/","og_locale":"es_ES","og_type":"article","og_title":"Los premios Tecnoedu reparten en su segunda edici\u00f3n 8.000 euros a proyectos de innovaci\u00f3n educativa Los premios Tecnoedu reparten en su segunda edici\u00f3n 8.000 euros","og_description":"La C\u00e1tedra de Tecnolog\u00eda y Educaci\u00f3n de la Fundaci\u00f3n MAPFRE Guanarteme en la ULL entreg\u00f3 el 26 de noviembre en el Paraninfo los II Premios TECNOEDU.","og_url":"https:\/\/www.ull.es\/portal\/noticias\/2019\/los-premios-tecnoedu-segunda-edicion\/","og_site_name":"ULL - Noticias","article_publisher":"https:\/\/www.facebook.com\/universidaddelalaguna\/","article_published_time":"2019-11-28T14:33:01+00:00","og_image":[{"width":1200,"height":800,"url":"https:\/\/www.ull.es\/portal\/noticias\/wp-content\/uploads\/sites\/13\/2019\/11\/premio-tecnoedu.jpg","type":"image\/jpeg"}],"author":"prensa2","twitter_card":"summary_large_image","twitter_creator":"@CanalULL","twitter_site":"@CanalULL","twitter_misc":{"Escrito por":"prensa2","Tiempo de lectura":"6 minutos"},"schema":{"@context":"https:\/\/schema.org","@graph":[{"@type":"WebPage","@id":"https:\/\/www.ull.es\/portal\/noticias\/2019\/los-premios-tecnoedu-segunda-edicion\/","url":"https:\/\/www.ull.es\/portal\/noticias\/2019\/los-premios-tecnoedu-segunda-edicion\/","name":"Los premios Tecnoedu reparten en su segunda edici\u00f3n 8.000 euros a proyectos de innovaci\u00f3n educativa Los premios Tecnoedu reparten en su segunda edici\u00f3n 8.000 euros","isPartOf":{"@id":"https:\/\/www.ull.es\/portal\/noticias\/#website"},"datePublished":"2019-11-28T14:33:01+00:00","dateModified":"2019-11-28T14:33:01+00:00","author":{"@id":"https:\/\/www.ull.es\/portal\/noticias\/#\/schema\/person\/c3b2aa857797592927a03740d6664376"},"description":"La C\u00e1tedra de Tecnolog\u00eda y Educaci\u00f3n de la Fundaci\u00f3n MAPFRE Guanarteme en la ULL entreg\u00f3 el 26 de noviembre en el Paraninfo los II Premios TECNOEDU.","breadcrumb":{"@id":"https:\/\/www.ull.es\/portal\/noticias\/2019\/los-premios-tecnoedu-segunda-edicion\/#breadcrumb"},"inLanguage":"es","potentialAction":[{"@type":"ReadAction","target":["https:\/\/www.ull.es\/portal\/noticias\/2019\/los-premios-tecnoedu-segunda-edicion\/"]}]},{"@type":"BreadcrumbList","@id":"https:\/\/www.ull.es\/portal\/noticias\/2019\/los-premios-tecnoedu-segunda-edicion\/#breadcrumb","itemListElement":[{"@type":"ListItem","position":1,"name":"Portada","item":"https:\/\/www.ull.es\/portal\/noticias\/"},{"@type":"ListItem","position":2,"name":"Los premios Tecnoedu reparten en su segunda edici\u00f3n 8.000 euros a proyectos de innovaci\u00f3n educativa"}]},{"@type":"WebSite","@id":"https:\/\/www.ull.es\/portal\/noticias\/#website","url":"https:\/\/www.ull.es\/portal\/noticias\/","name":"ULL - Noticias","description":"","potentialAction":[{"@type":"SearchAction","target":{"@type":"EntryPoint","urlTemplate":"https:\/\/www.ull.es\/portal\/noticias\/?s={search_term_string}"},"query-input":"required name=search_term_string"}],"inLanguage":"es"},{"@type":"Person","@id":"https:\/\/www.ull.es\/portal\/noticias\/#\/schema\/person\/c3b2aa857797592927a03740d6664376","name":"prensa2","image":{"@type":"ImageObject","inLanguage":"es","@id":"https:\/\/www.ull.es\/portal\/noticias\/#\/schema\/person\/image\/","url":"https:\/\/secure.gravatar.com\/avatar\/b58f310a5de5feb33d1e026d2493f23c?s=96&d=mm&r=g","contentUrl":"https:\/\/secure.gravatar.com\/avatar\/b58f310a5de5feb33d1e026d2493f23c?s=96&d=mm&r=g","caption":"prensa2"},"url":"https:\/\/www.ull.es\/portal\/noticias\/author\/prensa2\/"}]}},"primary_category":{"id":350,"name":"Investigaci\u00f3n","slug":"investigacion","link":"https:\/\/www.ull.es\/portal\/noticias\/category\/investigacion\/"},"featured_image_thumbnail_url":"https:\/\/www.ull.es\/portal\/noticias\/wp-content\/uploads\/sites\/13\/2019\/11\/premio-tecnoedu-300x200.jpg","_links":{"self":[{"href":"https:\/\/www.ull.es\/portal\/noticias\/wp-json\/wp\/v2\/posts\/47903"}],"collection":[{"href":"https:\/\/www.ull.es\/portal\/noticias\/wp-json\/wp\/v2\/posts"}],"about":[{"href":"https:\/\/www.ull.es\/portal\/noticias\/wp-json\/wp\/v2\/types\/post"}],"author":[{"embeddable":true,"href":"https:\/\/www.ull.es\/portal\/noticias\/wp-json\/wp\/v2\/users\/21"}],"replies":[{"embeddable":true,"href":"https:\/\/www.ull.es\/portal\/noticias\/wp-json\/wp\/v2\/comments?post=47903"}],"version-history":[{"count":1,"href":"https:\/\/www.ull.es\/portal\/noticias\/wp-json\/wp\/v2\/posts\/47903\/revisions"}],"predecessor-version":[{"id":47905,"href":"https:\/\/www.ull.es\/portal\/noticias\/wp-json\/wp\/v2\/posts\/47903\/revisions\/47905"}],"wp:featuredmedia":[{"embeddable":true,"href":"https:\/\/www.ull.es\/portal\/noticias\/wp-json\/wp\/v2\/media\/47904"}],"wp:attachment":[{"href":"https:\/\/www.ull.es\/portal\/noticias\/wp-json\/wp\/v2\/media?parent=47903"}],"wp:term":[{"taxonomy":"category","embeddable":true,"href":"https:\/\/www.ull.es\/portal\/noticias\/wp-json\/wp\/v2\/categories?post=47903"},{"taxonomy":"post_tag","embeddable":true,"href":"https:\/\/www.ull.es\/portal\/noticias\/wp-json\/wp\/v2\/tags?post=47903"}],"curies":[{"name":"wp","href":"https:\/\/api.w.org\/{rel}","templated":true}]}}