{"id":47962,"date":"2019-12-02T15:09:26","date_gmt":"2019-12-02T15:09:26","guid":{"rendered":"https:\/\/www.ull.es\/portal\/noticias\/?p=47962"},"modified":"2019-12-04T13:33:48","modified_gmt":"2019-12-04T13:33:48","slug":"la-fundacion-cepsa-y-la-ull-renuevan-su-compromiso-con-la-catedra-de-innovacion-y-eficiencia-energetica","status":"publish","type":"post","link":"https:\/\/www.ull.es\/portal\/noticias\/2019\/la-fundacion-cepsa-y-la-ull-renuevan-su-compromiso-con-la-catedra-de-innovacion-y-eficiencia-energetica\/","title":{"rendered":"La Fundaci\u00f3n CEPSA y la ULL renuevan su compromiso con la C\u00e1tedra de Innovaci\u00f3n y Eficiencia Energ\u00e9tica"},"content":{"rendered":"<p>La Fundaci\u00f3n CEPSA destinar\u00e1 40.000 euros en el ejercicio de 2019 a la C\u00e1tedra de Innovaci\u00f3n y Eficiencia Energ\u00e9tica que mantiene con la Universidad de La Laguna. Tanto la rectora del centro acad\u00e9mico, Rosa Aguilar, como el representante de la citada entidad, Jos\u00e9 Manuel Fern\u00e1ndez, han suscrito recientemente este acuerdo, como parte de la renovaci\u00f3n del acuerdo general que ambas instituciones tienen suscrito desde 2018. Ser\u00e1 ahora una comisi\u00f3n mixta la que apruebe el programa de trabajo del pr\u00f3ximo a\u00f1o y nombre una nueva direcci\u00f3n de la c\u00e1tedra universitaria.<\/p>\n","protected":false},"excerpt":{"rendered":"<p>La Fundaci\u00f3n CEPSA destinar\u00e1 40.000 euros en el ejercicio de 2019 a la C\u00e1tedra de Innovaci\u00f3n y Eficiencia Energ\u00e9tica que&#8230;<\/p>\n","protected":false},"author":23,"featured_media":47964,"comment_status":"closed","ping_status":"closed","sticky":false,"template":"","format":"standard","meta":{"inline_featured_image":false,"footnotes":""},"categories":[345,348,2765],"tags":[6180,4592],"acf":[],"yoast_head":"<!-- This site is optimized with the Yoast SEO plugin v21.3 - https:\/\/yoast.com\/wordpress\/plugins\/seo\/ -->\n<title>La Fundaci\u00f3n CEPSA y la ULL renuevan su compromiso con la C\u00e1tedra de Innovaci\u00f3n y Eficiencia Energ\u00e9tica - ULL - Noticias<\/title>\n<meta name=\"robots\" content=\"index, follow, max-snippet:-1, max-image-preview:large, max-video-preview:-1\" \/>\n<link rel=\"canonical\" href=\"https:\/\/www.ull.es\/portal\/noticias\/2019\/la-fundacion-cepsa-y-la-ull-renuevan-su-compromiso-con-la-catedra-de-innovacion-y-eficiencia-energetica\/\" \/>\n<meta property=\"og:locale\" content=\"es_ES\" \/>\n<meta property=\"og:type\" content=\"article\" \/>\n<meta property=\"og:title\" content=\"La Fundaci\u00f3n CEPSA y la ULL renuevan su compromiso con la C\u00e1tedra de Innovaci\u00f3n y Eficiencia Energ\u00e9tica - ULL - Noticias\" \/>\n<meta property=\"og:description\" content=\"La Fundaci\u00f3n CEPSA destinar\u00e1 40.000 euros en el ejercicio de 2019 a la C\u00e1tedra de Innovaci\u00f3n y Eficiencia Energ\u00e9tica que...\" \/>\n<meta property=\"og:url\" content=\"https:\/\/www.ull.es\/portal\/noticias\/2019\/la-fundacion-cepsa-y-la-ull-renuevan-su-compromiso-con-la-catedra-de-innovacion-y-eficiencia-energetica\/\" \/>\n<meta property=\"og:site_name\" content=\"ULL - Noticias\" \/>\n<meta property=\"article:publisher\" content=\"https:\/\/www.facebook.com\/universidaddelalaguna\/\" \/>\n<meta property=\"article:published_time\" content=\"2019-12-02T15:09:26+00:00\" \/>\n<meta property=\"article:modified_time\" content=\"2019-12-04T13:33:48+00:00\" \/>\n<meta property=\"og:image\" content=\"https:\/\/www.ull.es\/portal\/noticias\/wp-content\/uploads\/sites\/13\/2019\/12\/convenio-cepsa.jpg\" \/>\n\t<meta property=\"og:image:width\" content=\"1200\" \/>\n\t<meta property=\"og:image:height\" content=\"800\" \/>\n\t<meta property=\"og:image:type\" content=\"image\/jpeg\" \/>\n<meta name=\"author\" content=\"gaprsa\" \/>\n<meta name=\"twitter:card\" content=\"summary_large_image\" \/>\n<meta name=\"twitter:creator\" content=\"@CanalULL\" \/>\n<meta name=\"twitter:site\" content=\"@CanalULL\" \/>\n<meta name=\"twitter:label1\" content=\"Escrito por\" \/>\n\t<meta name=\"twitter:data1\" content=\"gaprsa\" \/>\n<script type=\"application\/ld+json\" class=\"yoast-schema-graph\">{\"@context\":\"https:\/\/schema.org\",\"@graph\":[{\"@type\":\"WebPage\",\"@id\":\"https:\/\/www.ull.es\/portal\/noticias\/2019\/la-fundacion-cepsa-y-la-ull-renuevan-su-compromiso-con-la-catedra-de-innovacion-y-eficiencia-energetica\/\",\"url\":\"https:\/\/www.ull.es\/portal\/noticias\/2019\/la-fundacion-cepsa-y-la-ull-renuevan-su-compromiso-con-la-catedra-de-innovacion-y-eficiencia-energetica\/\",\"name\":\"La Fundaci\u00f3n CEPSA y la ULL renuevan su compromiso con la C\u00e1tedra de Innovaci\u00f3n y Eficiencia Energ\u00e9tica - ULL - Noticias\",\"isPartOf\":{\"@id\":\"https:\/\/www.ull.es\/portal\/noticias\/#website\"},\"datePublished\":\"2019-12-02T15:09:26+00:00\",\"dateModified\":\"2019-12-04T13:33:48+00:00\",\"author\":{\"@id\":\"https:\/\/www.ull.es\/portal\/noticias\/#\/schema\/person\/b2b1a89d43ffa609e591f7df8ef3e817\"},\"breadcrumb\":{\"@id\":\"https:\/\/www.ull.es\/portal\/noticias\/2019\/la-fundacion-cepsa-y-la-ull-renuevan-su-compromiso-con-la-catedra-de-innovacion-y-eficiencia-energetica\/#breadcrumb\"},\"inLanguage\":\"es\",\"potentialAction\":[{\"@type\":\"ReadAction\",\"target\":[\"https:\/\/www.ull.es\/portal\/noticias\/2019\/la-fundacion-cepsa-y-la-ull-renuevan-su-compromiso-con-la-catedra-de-innovacion-y-eficiencia-energetica\/\"]}]},{\"@type\":\"BreadcrumbList\",\"@id\":\"https:\/\/www.ull.es\/portal\/noticias\/2019\/la-fundacion-cepsa-y-la-ull-renuevan-su-compromiso-con-la-catedra-de-innovacion-y-eficiencia-energetica\/#breadcrumb\",\"itemListElement\":[{\"@type\":\"ListItem\",\"position\":1,\"name\":\"Portada\",\"item\":\"https:\/\/www.ull.es\/portal\/noticias\/\"},{\"@type\":\"ListItem\",\"position\":2,\"name\":\"La Fundaci\u00f3n CEPSA y la ULL renuevan su compromiso con la C\u00e1tedra de Innovaci\u00f3n y Eficiencia Energ\u00e9tica\"}]},{\"@type\":\"WebSite\",\"@id\":\"https:\/\/www.ull.es\/portal\/noticias\/#website\",\"url\":\"https:\/\/www.ull.es\/portal\/noticias\/\",\"name\":\"ULL - Noticias\",\"description\":\"\",\"potentialAction\":[{\"@type\":\"SearchAction\",\"target\":{\"@type\":\"EntryPoint\",\"urlTemplate\":\"https:\/\/www.ull.es\/portal\/noticias\/?s={search_term_string}\"},\"query-input\":\"required name=search_term_string\"}],\"inLanguage\":\"es\"},{\"@type\":\"Person\",\"@id\":\"https:\/\/www.ull.es\/portal\/noticias\/#\/schema\/person\/b2b1a89d43ffa609e591f7df8ef3e817\",\"name\":\"gaprsa\",\"image\":{\"@type\":\"ImageObject\",\"inLanguage\":\"es\",\"@id\":\"https:\/\/www.ull.es\/portal\/noticias\/#\/schema\/person\/image\/\",\"url\":\"https:\/\/secure.gravatar.com\/avatar\/443820550921091458b4823867723b3d?s=96&d=mm&r=g\",\"contentUrl\":\"https:\/\/secure.gravatar.com\/avatar\/443820550921091458b4823867723b3d?s=96&d=mm&r=g\",\"caption\":\"gaprsa\"},\"url\":\"https:\/\/www.ull.es\/portal\/noticias\/author\/gaprsa\/\"}]}<\/script>\n<!-- \/ Yoast SEO plugin. -->","yoast_head_json":{"title":"La Fundaci\u00f3n CEPSA y la ULL renuevan su compromiso con la C\u00e1tedra de Innovaci\u00f3n y Eficiencia Energ\u00e9tica - ULL - Noticias","robots":{"index":"index","follow":"follow","max-snippet":"max-snippet:-1","max-image-preview":"max-image-preview:large","max-video-preview":"max-video-preview:-1"},"canonical":"https:\/\/www.ull.es\/portal\/noticias\/2019\/la-fundacion-cepsa-y-la-ull-renuevan-su-compromiso-con-la-catedra-de-innovacion-y-eficiencia-energetica\/","og_locale":"es_ES","og_type":"article","og_title":"La Fundaci\u00f3n CEPSA y la ULL renuevan su compromiso con la C\u00e1tedra de Innovaci\u00f3n y Eficiencia Energ\u00e9tica - ULL - Noticias","og_description":"La Fundaci\u00f3n CEPSA destinar\u00e1 40.000 euros en el ejercicio de 2019 a la C\u00e1tedra de Innovaci\u00f3n y Eficiencia Energ\u00e9tica que...","og_url":"https:\/\/www.ull.es\/portal\/noticias\/2019\/la-fundacion-cepsa-y-la-ull-renuevan-su-compromiso-con-la-catedra-de-innovacion-y-eficiencia-energetica\/","og_site_name":"ULL - Noticias","article_publisher":"https:\/\/www.facebook.com\/universidaddelalaguna\/","article_published_time":"2019-12-02T15:09:26+00:00","article_modified_time":"2019-12-04T13:33:48+00:00","og_image":[{"width":1200,"height":800,"url":"https:\/\/www.ull.es\/portal\/noticias\/wp-content\/uploads\/sites\/13\/2019\/12\/convenio-cepsa.jpg","type":"image\/jpeg"}],"author":"gaprsa","twitter_card":"summary_large_image","twitter_creator":"@CanalULL","twitter_site":"@CanalULL","twitter_misc":{"Escrito por":"gaprsa"},"schema":{"@context":"https:\/\/schema.org","@graph":[{"@type":"WebPage","@id":"https:\/\/www.ull.es\/portal\/noticias\/2019\/la-fundacion-cepsa-y-la-ull-renuevan-su-compromiso-con-la-catedra-de-innovacion-y-eficiencia-energetica\/","url":"https:\/\/www.ull.es\/portal\/noticias\/2019\/la-fundacion-cepsa-y-la-ull-renuevan-su-compromiso-con-la-catedra-de-innovacion-y-eficiencia-energetica\/","name":"La Fundaci\u00f3n CEPSA y la ULL renuevan su compromiso con la C\u00e1tedra de Innovaci\u00f3n y Eficiencia Energ\u00e9tica - ULL - Noticias","isPartOf":{"@id":"https:\/\/www.ull.es\/portal\/noticias\/#website"},"datePublished":"2019-12-02T15:09:26+00:00","dateModified":"2019-12-04T13:33:48+00:00","author":{"@id":"https:\/\/www.ull.es\/portal\/noticias\/#\/schema\/person\/b2b1a89d43ffa609e591f7df8ef3e817"},"breadcrumb":{"@id":"https:\/\/www.ull.es\/portal\/noticias\/2019\/la-fundacion-cepsa-y-la-ull-renuevan-su-compromiso-con-la-catedra-de-innovacion-y-eficiencia-energetica\/#breadcrumb"},"inLanguage":"es","potentialAction":[{"@type":"ReadAction","target":["https:\/\/www.ull.es\/portal\/noticias\/2019\/la-fundacion-cepsa-y-la-ull-renuevan-su-compromiso-con-la-catedra-de-innovacion-y-eficiencia-energetica\/"]}]},{"@type":"BreadcrumbList","@id":"https:\/\/www.ull.es\/portal\/noticias\/2019\/la-fundacion-cepsa-y-la-ull-renuevan-su-compromiso-con-la-catedra-de-innovacion-y-eficiencia-energetica\/#breadcrumb","itemListElement":[{"@type":"ListItem","position":1,"name":"Portada","item":"https:\/\/www.ull.es\/portal\/noticias\/"},{"@type":"ListItem","position":2,"name":"La Fundaci\u00f3n CEPSA y la ULL renuevan su compromiso con la C\u00e1tedra de Innovaci\u00f3n y Eficiencia Energ\u00e9tica"}]},{"@type":"WebSite","@id":"https:\/\/www.ull.es\/portal\/noticias\/#website","url":"https:\/\/www.ull.es\/portal\/noticias\/","name":"ULL - Noticias","description":"","potentialAction":[{"@type":"SearchAction","target":{"@type":"EntryPoint","urlTemplate":"https:\/\/www.ull.es\/portal\/noticias\/?s={search_term_string}"},"query-input":"required name=search_term_string"}],"inLanguage":"es"},{"@type":"Person","@id":"https:\/\/www.ull.es\/portal\/noticias\/#\/schema\/person\/b2b1a89d43ffa609e591f7df8ef3e817","name":"gaprsa","image":{"@type":"ImageObject","inLanguage":"es","@id":"https:\/\/www.ull.es\/portal\/noticias\/#\/schema\/person\/image\/","url":"https:\/\/secure.gravatar.com\/avatar\/443820550921091458b4823867723b3d?s=96&d=mm&r=g","contentUrl":"https:\/\/secure.gravatar.com\/avatar\/443820550921091458b4823867723b3d?s=96&d=mm&r=g","caption":"gaprsa"},"url":"https:\/\/www.ull.es\/portal\/noticias\/author\/gaprsa\/"}]}},"primary_category":{"id":345,"name":"Destacado","slug":"destacado","link":"https:\/\/www.ull.es\/portal\/noticias\/category\/destacado\/"},"featured_image_thumbnail_url":"https:\/\/www.ull.es\/portal\/noticias\/wp-content\/uploads\/sites\/13\/2019\/12\/convenio-cepsa-300x200.jpg","_links":{"self":[{"href":"https:\/\/www.ull.es\/portal\/noticias\/wp-json\/wp\/v2\/posts\/47962"}],"collection":[{"href":"https:\/\/www.ull.es\/portal\/noticias\/wp-json\/wp\/v2\/posts"}],"about":[{"href":"https:\/\/www.ull.es\/portal\/noticias\/wp-json\/wp\/v2\/types\/post"}],"author":[{"embeddable":true,"href":"https:\/\/www.ull.es\/portal\/noticias\/wp-json\/wp\/v2\/users\/23"}],"replies":[{"embeddable":true,"href":"https:\/\/www.ull.es\/portal\/noticias\/wp-json\/wp\/v2\/comments?post=47962"}],"version-history":[{"count":2,"href":"https:\/\/www.ull.es\/portal\/noticias\/wp-json\/wp\/v2\/posts\/47962\/revisions"}],"predecessor-version":[{"id":48014,"href":"https:\/\/www.ull.es\/portal\/noticias\/wp-json\/wp\/v2\/posts\/47962\/revisions\/48014"}],"wp:featuredmedia":[{"embeddable":true,"href":"https:\/\/www.ull.es\/portal\/noticias\/wp-json\/wp\/v2\/media\/47964"}],"wp:attachment":[{"href":"https:\/\/www.ull.es\/portal\/noticias\/wp-json\/wp\/v2\/media?parent=47962"}],"wp:term":[{"taxonomy":"category","embeddable":true,"href":"https:\/\/www.ull.es\/portal\/noticias\/wp-json\/wp\/v2\/categories?post=47962"},{"taxonomy":"post_tag","embeddable":true,"href":"https:\/\/www.ull.es\/portal\/noticias\/wp-json\/wp\/v2\/tags?post=47962"}],"curies":[{"name":"wp","href":"https:\/\/api.w.org\/{rel}","templated":true}]}}