{"id":48040,"date":"2019-12-05T14:49:39","date_gmt":"2019-12-05T14:49:39","guid":{"rendered":"https:\/\/www.ull.es\/portal\/noticias\/?p=48040"},"modified":"2019-12-05T14:49:39","modified_gmt":"2019-12-05T14:49:39","slug":"convenio-multicines-tenerife-aula-cine","status":"publish","type":"post","link":"https:\/\/www.ull.es\/portal\/noticias\/2019\/convenio-multicines-tenerife-aula-cine\/","title":{"rendered":"La Universidad de La Laguna y Multicines Tenerife renuevan su colaboraci\u00f3n para apoyar el Aula de Cine"},"content":{"rendered":"<p>La Universidad de La Laguna y <a href=\"https:\/\/multicinestenerife.sacatuentrada.es\/es\" target=\"_blank\" rel=\"noopener noreferrer\" target=\"_blank\" rel=\"noopener\">Multicines Tenerife<\/a> han firmado hoy, jueves 5 de diciembre, un acuerdo espec\u00edfico de colaboraci\u00f3n mediante el cual se renueva por cuatro a\u00f1os la relaci\u00f3n mantenida desde hace ya varios cursos entre ambas entidades, con el objetivo de dar cobijo e impulso a las actividades del <a href=\"https:\/\/www.ull.es\/portal\/aulasycatedrasculturales\/aula-de-cine\/\" target=\"_blank\" rel=\"noopener noreferrer\" target=\"_blank\" rel=\"noopener\">Aula Cultural de Cine<\/a> de la instituci\u00f3n acad\u00e9mica.<\/p>\n<p>Por parte de universidad ha rubricado el documento la rectora, Rosa Aguilar Chinea, mientras que por la empresa de exhibici\u00f3n lo hizo su director general, Francisco Garc\u00eda Marichal. En el acto de firma tambi\u00e9n estuvo presente la vicerrectora de Cultura y Participaci\u00f3n Social, Emilia Carmona Calero.<\/p>\n<p>Mediante este acuerdo, Multicines Tenerife cede su Sala 1 para que el Aula de Cine universitaria pueda desarrollar sus actividades de proyecciones, y conferencias. El acuerdo contempla la posibilidad de prestar tambi\u00e9n una de sus salas m\u00e1s grandes, la 2, para actividades de la entidad universitaria que puedan requerir un mayor aforo. Adicionalmente, tambi\u00e9n se prestar\u00e1 apoyo a otras actividades universitarias relacionas con el cine, como la Muestra Internacional de Cortometrajes (MIDEC).<\/p>\n<p>Garc\u00eda Marichal valor\u00f3 de manera muy positiva la relaci\u00f3n con el Aula de Cine universitaria porque lleva a las salas otro perfil de p\u00fablico m\u00e1s cin\u00e9filo y que vive la experiencia de una manera m\u00e1s intensa. Adem\u00e1s, si bien desde el punto de vista econ\u00f3mico algunas cintas no llegan a cubrir costes, esta oferta les permite dar un espacio a propuestas m\u00e1s minoritarias y alternativas y, as\u00ed, distinguirse de otras empresas del sector cuya cartelera est\u00e1 enfocada exclusivamente a los t\u00edtulos m\u00e1s comerciales.<\/p>\n","protected":false},"excerpt":{"rendered":"<p>La Universidad de La Laguna y Multicines Tenerife han firmado hoy, jueves 5 de diciembre, un acuerdo espec\u00edfico de colaboraci\u00f3n&#8230;<\/p>\n","protected":false},"author":21,"featured_media":48041,"comment_status":"closed","ping_status":"closed","sticky":false,"template":"","format":"standard","meta":{"inline_featured_image":false,"footnotes":""},"categories":[344,345,2765],"tags":[586,910,1935],"acf":[],"yoast_head":"<!-- This site is optimized with the Yoast SEO plugin v21.3 - https:\/\/yoast.com\/wordpress\/plugins\/seo\/ -->\n<title>ULL y Multicines Tenerife renuevan su colaboraci\u00f3n para apoyar el Aula de Cine<\/title>\n<meta name=\"description\" content=\"Mediante este acuerdo, Multicines Tenerife cede su Sala 1 para que el Aula de Cine universitaria pueda desarrollar sus proyecciones.\" \/>\n<meta name=\"robots\" content=\"index, follow, max-snippet:-1, max-image-preview:large, max-video-preview:-1\" \/>\n<link rel=\"canonical\" href=\"https:\/\/www.ull.es\/portal\/noticias\/2019\/convenio-multicines-tenerife-aula-cine\/\" \/>\n<meta property=\"og:locale\" content=\"es_ES\" \/>\n<meta property=\"og:type\" content=\"article\" \/>\n<meta property=\"og:title\" content=\"ULL y Multicines Tenerife renuevan su colaboraci\u00f3n para apoyar el Aula de Cine\" \/>\n<meta property=\"og:description\" content=\"Mediante este acuerdo, Multicines Tenerife cede su Sala 1 para que el Aula de Cine universitaria pueda desarrollar sus proyecciones.\" \/>\n<meta property=\"og:url\" content=\"https:\/\/www.ull.es\/portal\/noticias\/2019\/convenio-multicines-tenerife-aula-cine\/\" \/>\n<meta property=\"og:site_name\" content=\"ULL - Noticias\" \/>\n<meta property=\"article:publisher\" content=\"https:\/\/www.facebook.com\/universidaddelalaguna\/\" \/>\n<meta property=\"article:published_time\" content=\"2019-12-05T14:49:39+00:00\" \/>\n<meta property=\"og:image\" content=\"https:\/\/www.ull.es\/portal\/noticias\/wp-content\/uploads\/sites\/13\/2019\/12\/convenio-multicines-01.jpg\" \/>\n\t<meta property=\"og:image:width\" content=\"1200\" \/>\n\t<meta property=\"og:image:height\" content=\"800\" \/>\n\t<meta property=\"og:image:type\" content=\"image\/jpeg\" \/>\n<meta name=\"author\" content=\"prensa2\" \/>\n<meta name=\"twitter:card\" content=\"summary_large_image\" \/>\n<meta name=\"twitter:creator\" content=\"@CanalULL\" \/>\n<meta name=\"twitter:site\" content=\"@CanalULL\" \/>\n<meta name=\"twitter:label1\" content=\"Escrito por\" \/>\n\t<meta name=\"twitter:data1\" content=\"prensa2\" \/>\n\t<meta name=\"twitter:label2\" content=\"Tiempo de lectura\" \/>\n\t<meta name=\"twitter:data2\" content=\"1 minuto\" \/>\n<script type=\"application\/ld+json\" class=\"yoast-schema-graph\">{\"@context\":\"https:\/\/schema.org\",\"@graph\":[{\"@type\":\"WebPage\",\"@id\":\"https:\/\/www.ull.es\/portal\/noticias\/2019\/convenio-multicines-tenerife-aula-cine\/\",\"url\":\"https:\/\/www.ull.es\/portal\/noticias\/2019\/convenio-multicines-tenerife-aula-cine\/\",\"name\":\"ULL y Multicines Tenerife renuevan su colaboraci\u00f3n para apoyar el Aula de Cine\",\"isPartOf\":{\"@id\":\"https:\/\/www.ull.es\/portal\/noticias\/#website\"},\"datePublished\":\"2019-12-05T14:49:39+00:00\",\"dateModified\":\"2019-12-05T14:49:39+00:00\",\"author\":{\"@id\":\"https:\/\/www.ull.es\/portal\/noticias\/#\/schema\/person\/c3b2aa857797592927a03740d6664376\"},\"description\":\"Mediante este acuerdo, Multicines Tenerife cede su Sala 1 para que el Aula de Cine universitaria pueda desarrollar sus proyecciones.\",\"breadcrumb\":{\"@id\":\"https:\/\/www.ull.es\/portal\/noticias\/2019\/convenio-multicines-tenerife-aula-cine\/#breadcrumb\"},\"inLanguage\":\"es\",\"potentialAction\":[{\"@type\":\"ReadAction\",\"target\":[\"https:\/\/www.ull.es\/portal\/noticias\/2019\/convenio-multicines-tenerife-aula-cine\/\"]}]},{\"@type\":\"BreadcrumbList\",\"@id\":\"https:\/\/www.ull.es\/portal\/noticias\/2019\/convenio-multicines-tenerife-aula-cine\/#breadcrumb\",\"itemListElement\":[{\"@type\":\"ListItem\",\"position\":1,\"name\":\"Portada\",\"item\":\"https:\/\/www.ull.es\/portal\/noticias\/\"},{\"@type\":\"ListItem\",\"position\":2,\"name\":\"La Universidad de La Laguna y Multicines Tenerife renuevan su colaboraci\u00f3n para apoyar el Aula de Cine\"}]},{\"@type\":\"WebSite\",\"@id\":\"https:\/\/www.ull.es\/portal\/noticias\/#website\",\"url\":\"https:\/\/www.ull.es\/portal\/noticias\/\",\"name\":\"ULL - Noticias\",\"description\":\"\",\"potentialAction\":[{\"@type\":\"SearchAction\",\"target\":{\"@type\":\"EntryPoint\",\"urlTemplate\":\"https:\/\/www.ull.es\/portal\/noticias\/?s={search_term_string}\"},\"query-input\":\"required name=search_term_string\"}],\"inLanguage\":\"es\"},{\"@type\":\"Person\",\"@id\":\"https:\/\/www.ull.es\/portal\/noticias\/#\/schema\/person\/c3b2aa857797592927a03740d6664376\",\"name\":\"prensa2\",\"image\":{\"@type\":\"ImageObject\",\"inLanguage\":\"es\",\"@id\":\"https:\/\/www.ull.es\/portal\/noticias\/#\/schema\/person\/image\/\",\"url\":\"https:\/\/secure.gravatar.com\/avatar\/b58f310a5de5feb33d1e026d2493f23c?s=96&d=mm&r=g\",\"contentUrl\":\"https:\/\/secure.gravatar.com\/avatar\/b58f310a5de5feb33d1e026d2493f23c?s=96&d=mm&r=g\",\"caption\":\"prensa2\"},\"url\":\"https:\/\/www.ull.es\/portal\/noticias\/author\/prensa2\/\"}]}<\/script>\n<!-- \/ Yoast SEO plugin. -->","yoast_head_json":{"title":"ULL y Multicines Tenerife renuevan su colaboraci\u00f3n para apoyar el Aula de Cine","description":"Mediante este acuerdo, Multicines Tenerife cede su Sala 1 para que el Aula de Cine universitaria pueda desarrollar sus proyecciones.","robots":{"index":"index","follow":"follow","max-snippet":"max-snippet:-1","max-image-preview":"max-image-preview:large","max-video-preview":"max-video-preview:-1"},"canonical":"https:\/\/www.ull.es\/portal\/noticias\/2019\/convenio-multicines-tenerife-aula-cine\/","og_locale":"es_ES","og_type":"article","og_title":"ULL y Multicines Tenerife renuevan su colaboraci\u00f3n para apoyar el Aula de Cine","og_description":"Mediante este acuerdo, Multicines Tenerife cede su Sala 1 para que el Aula de Cine universitaria pueda desarrollar sus proyecciones.","og_url":"https:\/\/www.ull.es\/portal\/noticias\/2019\/convenio-multicines-tenerife-aula-cine\/","og_site_name":"ULL - Noticias","article_publisher":"https:\/\/www.facebook.com\/universidaddelalaguna\/","article_published_time":"2019-12-05T14:49:39+00:00","og_image":[{"width":1200,"height":800,"url":"https:\/\/www.ull.es\/portal\/noticias\/wp-content\/uploads\/sites\/13\/2019\/12\/convenio-multicines-01.jpg","type":"image\/jpeg"}],"author":"prensa2","twitter_card":"summary_large_image","twitter_creator":"@CanalULL","twitter_site":"@CanalULL","twitter_misc":{"Escrito por":"prensa2","Tiempo de lectura":"1 minuto"},"schema":{"@context":"https:\/\/schema.org","@graph":[{"@type":"WebPage","@id":"https:\/\/www.ull.es\/portal\/noticias\/2019\/convenio-multicines-tenerife-aula-cine\/","url":"https:\/\/www.ull.es\/portal\/noticias\/2019\/convenio-multicines-tenerife-aula-cine\/","name":"ULL y Multicines Tenerife renuevan su colaboraci\u00f3n para apoyar el Aula de Cine","isPartOf":{"@id":"https:\/\/www.ull.es\/portal\/noticias\/#website"},"datePublished":"2019-12-05T14:49:39+00:00","dateModified":"2019-12-05T14:49:39+00:00","author":{"@id":"https:\/\/www.ull.es\/portal\/noticias\/#\/schema\/person\/c3b2aa857797592927a03740d6664376"},"description":"Mediante este acuerdo, Multicines Tenerife cede su Sala 1 para que el Aula de Cine universitaria pueda desarrollar sus proyecciones.","breadcrumb":{"@id":"https:\/\/www.ull.es\/portal\/noticias\/2019\/convenio-multicines-tenerife-aula-cine\/#breadcrumb"},"inLanguage":"es","potentialAction":[{"@type":"ReadAction","target":["https:\/\/www.ull.es\/portal\/noticias\/2019\/convenio-multicines-tenerife-aula-cine\/"]}]},{"@type":"BreadcrumbList","@id":"https:\/\/www.ull.es\/portal\/noticias\/2019\/convenio-multicines-tenerife-aula-cine\/#breadcrumb","itemListElement":[{"@type":"ListItem","position":1,"name":"Portada","item":"https:\/\/www.ull.es\/portal\/noticias\/"},{"@type":"ListItem","position":2,"name":"La Universidad de La Laguna y Multicines Tenerife renuevan su colaboraci\u00f3n para apoyar el Aula de Cine"}]},{"@type":"WebSite","@id":"https:\/\/www.ull.es\/portal\/noticias\/#website","url":"https:\/\/www.ull.es\/portal\/noticias\/","name":"ULL - Noticias","description":"","potentialAction":[{"@type":"SearchAction","target":{"@type":"EntryPoint","urlTemplate":"https:\/\/www.ull.es\/portal\/noticias\/?s={search_term_string}"},"query-input":"required name=search_term_string"}],"inLanguage":"es"},{"@type":"Person","@id":"https:\/\/www.ull.es\/portal\/noticias\/#\/schema\/person\/c3b2aa857797592927a03740d6664376","name":"prensa2","image":{"@type":"ImageObject","inLanguage":"es","@id":"https:\/\/www.ull.es\/portal\/noticias\/#\/schema\/person\/image\/","url":"https:\/\/secure.gravatar.com\/avatar\/b58f310a5de5feb33d1e026d2493f23c?s=96&d=mm&r=g","contentUrl":"https:\/\/secure.gravatar.com\/avatar\/b58f310a5de5feb33d1e026d2493f23c?s=96&d=mm&r=g","caption":"prensa2"},"url":"https:\/\/www.ull.es\/portal\/noticias\/author\/prensa2\/"}]}},"primary_category":{"id":2765,"name":"Portada ULL","slug":"portada-ull","link":"https:\/\/www.ull.es\/portal\/noticias\/category\/portada-ull\/"},"featured_image_thumbnail_url":"https:\/\/www.ull.es\/portal\/noticias\/wp-content\/uploads\/sites\/13\/2019\/12\/convenio-multicines-01-300x200.jpg","_links":{"self":[{"href":"https:\/\/www.ull.es\/portal\/noticias\/wp-json\/wp\/v2\/posts\/48040"}],"collection":[{"href":"https:\/\/www.ull.es\/portal\/noticias\/wp-json\/wp\/v2\/posts"}],"about":[{"href":"https:\/\/www.ull.es\/portal\/noticias\/wp-json\/wp\/v2\/types\/post"}],"author":[{"embeddable":true,"href":"https:\/\/www.ull.es\/portal\/noticias\/wp-json\/wp\/v2\/users\/21"}],"replies":[{"embeddable":true,"href":"https:\/\/www.ull.es\/portal\/noticias\/wp-json\/wp\/v2\/comments?post=48040"}],"version-history":[{"count":1,"href":"https:\/\/www.ull.es\/portal\/noticias\/wp-json\/wp\/v2\/posts\/48040\/revisions"}],"predecessor-version":[{"id":48042,"href":"https:\/\/www.ull.es\/portal\/noticias\/wp-json\/wp\/v2\/posts\/48040\/revisions\/48042"}],"wp:featuredmedia":[{"embeddable":true,"href":"https:\/\/www.ull.es\/portal\/noticias\/wp-json\/wp\/v2\/media\/48041"}],"wp:attachment":[{"href":"https:\/\/www.ull.es\/portal\/noticias\/wp-json\/wp\/v2\/media?parent=48040"}],"wp:term":[{"taxonomy":"category","embeddable":true,"href":"https:\/\/www.ull.es\/portal\/noticias\/wp-json\/wp\/v2\/categories?post=48040"},{"taxonomy":"post_tag","embeddable":true,"href":"https:\/\/www.ull.es\/portal\/noticias\/wp-json\/wp\/v2\/tags?post=48040"}],"curies":[{"name":"wp","href":"https:\/\/api.w.org\/{rel}","templated":true}]}}