{"id":48084,"date":"2019-12-10T16:02:07","date_gmt":"2019-12-10T16:02:07","guid":{"rendered":"https:\/\/www.ull.es\/portal\/noticias\/?p=48084"},"modified":"2019-12-10T16:02:07","modified_gmt":"2019-12-10T16:02:07","slug":"zaragoza-universidades-politicas-transferencia-de-resultados","status":"publish","type":"post","link":"https:\/\/www.ull.es\/portal\/noticias\/2019\/zaragoza-universidades-politicas-transferencia-de-resultados\/","title":{"rendered":"Zaragoza: \u201clas universidades deben comprender que hay que hacer pol\u00edticas de transferencia de resultados\u201d"},"content":{"rendered":"<p><iframe loading=\"lazy\" title=\"30 Aniversario de la OTRI de la Universidad de La Laguna\" width=\"750\" height=\"422\" src=\"https:\/\/www.youtube.com\/embed\/siNleLH7Eq8?feature=oembed\" frameborder=\"0\" allow=\"accelerometer; autoplay; encrypted-media; gyroscope; picture-in-picture\" allowfullscreen><\/iframe><\/p>\n<p>La presidenta de RedOtri y vicerrectora de Innovaci\u00f3n y Transferencia de la Universidad de Zaragoza, Pilar Zaragoza, ha sido una de las invitadas hoy, martes 10 de diciembre, al acto de celebraci\u00f3n del 30 aniversario de la <a href=\"https:\/\/www.ull.es\/servicios\/otri\/\" target=\"_blank\" rel=\"noopener\">Oficina de Transferencia de Resultados de Investigaci\u00f3n<\/a> (OTRI) de la Universidad de La Laguna, celebrado en el Paraninfo. En su opini\u00f3n, \u201ces importante que las universidades comprendan que hay que hacer pol\u00edticas de transferencia de resultados y de profesionalizaci\u00f3n de su plantilla de t\u00e9cnicos\u201d.<\/p>\n<p style=\"text-align: center\"><a href=\"https:\/\/drive.google.com\/drive\/folders\/1k-Gu-OLhV5d9IjztWqtEj1KmcPGUaO2K?usp=sharing\" target=\"_blank\" rel=\"noopener noreferrer\" target=\"_blank\" rel=\"noopener\"><strong>Galer\u00eda de imagenes<\/strong> <\/a><\/p>\n<div id=\"attachment_48087\" style=\"width: 310px\" class=\"wp-caption alignleft\"><a href=\"https:\/\/www.ull.es\/portal\/noticias\/wp-content\/uploads\/sites\/13\/2019\/12\/30-aniv-OTRI-ULL-02.jpg\" target=\"_blank\" rel=\"noopener noreferrer\" target=\"_blank\" rel=\"noopener\"><img aria-describedby=\"caption-attachment-48087\" decoding=\"async\" loading=\"lazy\" class=\"wp-image-48087 size-medium\" src=\"https:\/\/www.ull.es\/portal\/noticias\/wp-content\/uploads\/sites\/13\/2019\/12\/30-aniv-OTRI-ULL-02-300x200.jpg\" alt=\"\" width=\"300\" height=\"200\" srcset=\"https:\/\/www.ull.es\/portal\/noticias\/wp-content\/uploads\/sites\/13\/2019\/12\/30-aniv-OTRI-ULL-02-300x200.jpg 300w, https:\/\/www.ull.es\/portal\/noticias\/wp-content\/uploads\/sites\/13\/2019\/12\/30-aniv-OTRI-ULL-02-768x512.jpg 768w, https:\/\/www.ull.es\/portal\/noticias\/wp-content\/uploads\/sites\/13\/2019\/12\/30-aniv-OTRI-ULL-02.jpg 1024w, https:\/\/www.ull.es\/portal\/noticias\/wp-content\/uploads\/sites\/13\/2019\/12\/30-aniv-OTRI-ULL-02-375x250.jpg 375w, https:\/\/www.ull.es\/portal\/noticias\/wp-content\/uploads\/sites\/13\/2019\/12\/30-aniv-OTRI-ULL-02-750x500.jpg 750w\" sizes=\"(max-width: 300px) 100vw, 300px\" \/><\/a><p id=\"caption-attachment-48087\" class=\"wp-caption-text\">Rosa Aguilar Chinea<\/p><\/div>\n<p>La ceremonia estuvo presentada por la actual directora de la OTRI de la Universidad de La Laguna, Raquel Mar\u00edn, y fue abierta por la rectora de la instituci\u00f3n acad\u00e9mica, Rosa Aguilar Chinea, quien resalt\u00f3 la importancia de la trasferencia de conocimiento como \u201cuna de las misiones que m\u00e1s relevancia social posee la universidad y sobre la que se ha enfatizado mucho en los \u00faltimos a\u00f1os\u201d. Reflexion\u00f3 que no siempre se ha tenido esa conciencia y, de hecho, a\u00fan hoy existen ciertas reticencias por parte de algunos investigadores a la hora de patentar o trasferir sus hallazgos al tejido empresarial.<\/p>\n<p>Sobre la OTRI de la Universidad de La Laguna, reconoci\u00f3 que tuvo inicios dif\u00edciles y momentos de gran precariedad, Afortunadamente, en la actualidad goza de buena salud y cuenta con la mayor dotaci\u00f3n de medios y personal que ha tenido jam\u00e1s en su historia, tras el impulso que le dio el anterior equipo de gobierno y que piensa mantener el actual, con vistas a la estabilizaci\u00f3n de sus t\u00e9cnicos.<\/p>\n<p>La ceremonia continu\u00f3 con un <a href=\"https:\/\/youtu.be\/siNleLH7Eq8\" target=\"_blank\" rel=\"noopener\">video promocional<\/a> en el cual se resumi\u00f3 en pocos minutos la actividad de las cuatro \u00e1reas en las que se divide actualmente la OTRI para transferir conocimiento a entorno socioecon\u00f3mico y, as\u00ed, producir un retorno social de la inversi\u00f3n p\u00fablica recibida: proyectos, protecci\u00f3n, valorizaci\u00f3n y desarrollo de empresas spin-off.<\/p>\n<p><strong>Intervenciones<\/strong><\/p>\n<div id=\"attachment_48088\" style=\"width: 310px\" class=\"wp-caption alignright\"><a href=\"https:\/\/www.ull.es\/portal\/noticias\/wp-content\/uploads\/sites\/13\/2019\/12\/30-aniv-OTRI-ULL-12.jpg\" target=\"_blank\" rel=\"noopener noreferrer\" target=\"_blank\" rel=\"noopener\"><img aria-describedby=\"caption-attachment-48088\" decoding=\"async\" loading=\"lazy\" class=\"wp-image-48088 size-medium\" src=\"https:\/\/www.ull.es\/portal\/noticias\/wp-content\/uploads\/sites\/13\/2019\/12\/30-aniv-OTRI-ULL-12-300x200.jpg\" alt=\"\" width=\"300\" height=\"200\" srcset=\"https:\/\/www.ull.es\/portal\/noticias\/wp-content\/uploads\/sites\/13\/2019\/12\/30-aniv-OTRI-ULL-12-300x200.jpg 300w, https:\/\/www.ull.es\/portal\/noticias\/wp-content\/uploads\/sites\/13\/2019\/12\/30-aniv-OTRI-ULL-12-768x512.jpg 768w, https:\/\/www.ull.es\/portal\/noticias\/wp-content\/uploads\/sites\/13\/2019\/12\/30-aniv-OTRI-ULL-12.jpg 1024w, https:\/\/www.ull.es\/portal\/noticias\/wp-content\/uploads\/sites\/13\/2019\/12\/30-aniv-OTRI-ULL-12-375x250.jpg 375w, https:\/\/www.ull.es\/portal\/noticias\/wp-content\/uploads\/sites\/13\/2019\/12\/30-aniv-OTRI-ULL-12-750x500.jpg 750w\" sizes=\"(max-width: 300px) 100vw, 300px\" \/><\/a><p id=\"caption-attachment-48088\" class=\"wp-caption-text\">Pilar Zaragoza<\/p><\/div>\n<p>Tras el audiovisual, Pilar Zaragoza fue la primera ponente en participar, realizando una panor\u00e1mica hist\u00f3rica del origen de las OTRI a finales de los a\u00f1os 80, con el I Plan Nacional de I+D 1988-1991 como marco legislativo de referencia. Relat\u00f3 c\u00f3mo poco a poco estas oficinas han ido asumiendo cada vez m\u00e1s funciones: inicialmente se centraban en la contrataci\u00f3n de investigaci\u00f3n con empresas, pero en 1990 aparece el concepto de la valorizaci\u00f3n y tambi\u00e9n la promoci\u00f3n y gesti\u00f3n de la participaci\u00f3n en los proyectos europeos. La creaci\u00f3n de empresas se a\u00f1ade en 2002, tanto spin-off como star-up, y en 2009 tambi\u00e9n se relaciona a las OTRI con la internacionalizaci\u00f3n de las universidades a trav\u00e9s de los campus de excelencia.<\/p>\n<p>Zaragoza se\u00f1al\u00f3 que, aunque siempre se habla de la trasferencia como de la \u201ctercera misi\u00f3n\u201d de la universidad, ella es de quienes opinan que deber\u00eda ser considerada la primera, puesto que es la manera como las instituciones pueden localizar mejor las \u00e1reas en las que en necesario investigar e impartir docencia. \u201cLa trasferencia aporta un valor econ\u00f3mico y tambi\u00e9n social. Las OTRIS han evolucionado mucho y se han convertido en una fuente de ingresos, por lo que deber\u00edamos considerarlas estrat\u00e9gicas\u201d.<\/p>\n<p>En su opini\u00f3n, dado que son instrumentos para crear empresas tecnol\u00f3gicas, son una pieza clave para crear un modelo de sociedad cada vez m\u00e1s basado en el conocimiento. Por ello, consider\u00f3 que es necesario contar con personal t\u00e9cnico cualificado, profesionalizado y estable que vaya de la mano del personal investigador: \u201cHemos metido en el ADN de las universidades la trasferencia, pero todav\u00eda queda mucho por hacer\u201d.<\/p>\n<div id=\"attachment_48089\" style=\"width: 310px\" class=\"wp-caption alignleft\"><a href=\"https:\/\/www.ull.es\/portal\/noticias\/wp-content\/uploads\/sites\/13\/2019\/12\/30-aniv-OTRI-ULL-18.jpg\" target=\"_blank\" rel=\"noopener noreferrer\" target=\"_blank\" rel=\"noopener\"><img aria-describedby=\"caption-attachment-48089\" decoding=\"async\" loading=\"lazy\" class=\"wp-image-48089 size-medium\" src=\"https:\/\/www.ull.es\/portal\/noticias\/wp-content\/uploads\/sites\/13\/2019\/12\/30-aniv-OTRI-ULL-18-300x200.jpg\" alt=\"\" width=\"300\" height=\"200\" srcset=\"https:\/\/www.ull.es\/portal\/noticias\/wp-content\/uploads\/sites\/13\/2019\/12\/30-aniv-OTRI-ULL-18-300x200.jpg 300w, https:\/\/www.ull.es\/portal\/noticias\/wp-content\/uploads\/sites\/13\/2019\/12\/30-aniv-OTRI-ULL-18-768x512.jpg 768w, https:\/\/www.ull.es\/portal\/noticias\/wp-content\/uploads\/sites\/13\/2019\/12\/30-aniv-OTRI-ULL-18.jpg 1024w, https:\/\/www.ull.es\/portal\/noticias\/wp-content\/uploads\/sites\/13\/2019\/12\/30-aniv-OTRI-ULL-18-375x250.jpg 375w, https:\/\/www.ull.es\/portal\/noticias\/wp-content\/uploads\/sites\/13\/2019\/12\/30-aniv-OTRI-ULL-18-750x500.jpg 750w\" sizes=\"(max-width: 300px) 100vw, 300px\" \/><\/a><p id=\"caption-attachment-48089\" class=\"wp-caption-text\">Domingo Represa<\/p><\/div>\n<p>El t\u00e9cnico de la OTRI del Instituto de Salud Carlos III Domingo Represa fue el segundo en participar, con una ponencia en la que record\u00f3 los duros inicios de estas unidades en Espa\u00f1a, un periplo que \u00e9l ha vivido durante tres d\u00e9cadas, primero como becario hasta llegar a su posici\u00f3n actual.<\/p>\n<p>Relat\u00f3 c\u00f3mo desde el I Plan Nacional se trat\u00f3 de impulsar estas oficinas, que tuvieron que aprender de la nada y recurrir a los pocos medios que ten\u00edan: era una \u00e9poca sin correo electr\u00f3nico en la que las bases de datos con informaci\u00f3n sobre recursos de investigaci\u00f3n todav\u00eda se distribu\u00edan en disquetes. En su opini\u00f3n, la trasferencia es una actividad que \u201caporta riqueza y bienestar\u201d a la sociedad, pero debe considerarse como un proceso a medio y largo plazo. \u201cEl problema es que la pol\u00edtica moderna quiere resultados inmediatos\u201d.<\/p>\n<div id=\"attachment_48090\" style=\"width: 310px\" class=\"wp-caption alignright\"><a href=\"https:\/\/www.ull.es\/portal\/noticias\/wp-content\/uploads\/sites\/13\/2019\/12\/30-aniv-OTRI-ULL-23.jpg\" target=\"_blank\" rel=\"noopener noreferrer\" target=\"_blank\" rel=\"noopener\"><img aria-describedby=\"caption-attachment-48090\" decoding=\"async\" loading=\"lazy\" class=\"wp-image-48090 size-medium\" src=\"https:\/\/www.ull.es\/portal\/noticias\/wp-content\/uploads\/sites\/13\/2019\/12\/30-aniv-OTRI-ULL-23-300x200.jpg\" alt=\"\" width=\"300\" height=\"200\" srcset=\"https:\/\/www.ull.es\/portal\/noticias\/wp-content\/uploads\/sites\/13\/2019\/12\/30-aniv-OTRI-ULL-23-300x200.jpg 300w, https:\/\/www.ull.es\/portal\/noticias\/wp-content\/uploads\/sites\/13\/2019\/12\/30-aniv-OTRI-ULL-23-768x512.jpg 768w, https:\/\/www.ull.es\/portal\/noticias\/wp-content\/uploads\/sites\/13\/2019\/12\/30-aniv-OTRI-ULL-23.jpg 1024w, https:\/\/www.ull.es\/portal\/noticias\/wp-content\/uploads\/sites\/13\/2019\/12\/30-aniv-OTRI-ULL-23-375x250.jpg 375w, https:\/\/www.ull.es\/portal\/noticias\/wp-content\/uploads\/sites\/13\/2019\/12\/30-aniv-OTRI-ULL-23-750x500.jpg 750w\" sizes=\"(max-width: 300px) 100vw, 300px\" \/><\/a><p id=\"caption-attachment-48090\" class=\"wp-caption-text\">Juan Orellana<\/p><\/div>\n<p>El ponente final fue el subdirector de la OTRI de la Universidad de Granada Juan Orellana, quien relat\u00f3 el caso de \u00e9xito de su oficina. \u201cSe han creado m\u00e1s de 100 empresas en mi universidad, ahora est\u00e1n en torno a 3 o 4 al a\u00f1o. No podemos crear m\u00e1s, pero Granada es peque\u00f1a, as\u00ed que haber contribuido a crear 500 puestos de trabajo es algo de lo que nos sentimos orgullosos\u201d.<\/p>\n<p>Explico que la oficina posee una estructura s\u00f3lida y que, tras algunos a\u00f1os en los que solamente han podido recurrir a fondos propios de la universidad, a partir de 2020 va a entrar de nuevo financiaci\u00f3n externa, lo cual les permitir\u00e1 acometer m\u00e1s actividades. Orellana se\u00f1al\u00f3 que ponen mucho \u00e9nfasis en ofrecer cursos de formaci\u00f3n sobre trasferencia ya desde los t\u00edtulos de grado y en los m\u00e1steres oficiales, con la idea de ir fomentando una cultura cuyos resultados se aprecien al largo plazo.<\/p>\n<p>&nbsp;<\/p>\n<p>&nbsp;<\/p>\n<p>&nbsp;<\/p>\n","protected":false},"excerpt":{"rendered":"<p>La presidenta de RedOtri y vicerrectora de Innovaci\u00f3n y Transferencia de la Universidad de Zaragoza, Pilar Zaragoza, ha sido una&#8230;<\/p>\n","protected":false},"author":21,"featured_media":48086,"comment_status":"closed","ping_status":"closed","sticky":false,"template":"","format":"image","meta":{"inline_featured_image":false,"footnotes":""},"categories":[345,350,4403,2765],"tags":[4242,2029,3655],"acf":[],"yoast_head":"<!-- This site is optimized with the Yoast SEO plugin v21.3 - https:\/\/yoast.com\/wordpress\/plugins\/seo\/ -->\n<title>Zaragoza: \u201clas universidades deben comprender que hay que hacer pol\u00edticas de transferencia de resultados\u201d - ULL - Noticias<\/title>\n<meta name=\"robots\" content=\"index, follow, max-snippet:-1, max-image-preview:large, max-video-preview:-1\" \/>\n<link rel=\"canonical\" href=\"https:\/\/www.ull.es\/portal\/noticias\/2019\/zaragoza-universidades-politicas-transferencia-de-resultados\/\" \/>\n<meta property=\"og:locale\" content=\"es_ES\" \/>\n<meta property=\"og:type\" content=\"article\" \/>\n<meta property=\"og:title\" content=\"Zaragoza: \u201clas universidades deben comprender que hay que hacer pol\u00edticas de transferencia de resultados\u201d - ULL - Noticias\" \/>\n<meta property=\"og:description\" content=\"La presidenta de RedOtri y vicerrectora de Innovaci\u00f3n y Transferencia de la Universidad de Zaragoza, Pilar Zaragoza, ha sido una...\" \/>\n<meta property=\"og:url\" content=\"https:\/\/www.ull.es\/portal\/noticias\/2019\/zaragoza-universidades-politicas-transferencia-de-resultados\/\" \/>\n<meta property=\"og:site_name\" content=\"ULL - Noticias\" \/>\n<meta property=\"article:publisher\" content=\"https:\/\/www.facebook.com\/universidaddelalaguna\/\" \/>\n<meta property=\"article:published_time\" content=\"2019-12-10T16:02:07+00:00\" \/>\n<meta property=\"og:image\" content=\"https:\/\/www.ull.es\/portal\/noticias\/wp-content\/uploads\/sites\/13\/2019\/12\/30-aniv-OTRI-ULL-10.jpg\" \/>\n\t<meta property=\"og:image:width\" content=\"1024\" \/>\n\t<meta property=\"og:image:height\" content=\"683\" \/>\n\t<meta property=\"og:image:type\" content=\"image\/jpeg\" \/>\n<meta name=\"author\" content=\"prensa2\" \/>\n<meta name=\"twitter:card\" content=\"summary_large_image\" \/>\n<meta name=\"twitter:creator\" content=\"@CanalULL\" \/>\n<meta name=\"twitter:site\" content=\"@CanalULL\" \/>\n<meta name=\"twitter:label1\" content=\"Escrito por\" \/>\n\t<meta name=\"twitter:data1\" content=\"prensa2\" \/>\n\t<meta name=\"twitter:label2\" content=\"Tiempo de lectura\" \/>\n\t<meta name=\"twitter:data2\" content=\"5 minutos\" \/>\n<script type=\"application\/ld+json\" class=\"yoast-schema-graph\">{\"@context\":\"https:\/\/schema.org\",\"@graph\":[{\"@type\":\"WebPage\",\"@id\":\"https:\/\/www.ull.es\/portal\/noticias\/2019\/zaragoza-universidades-politicas-transferencia-de-resultados\/\",\"url\":\"https:\/\/www.ull.es\/portal\/noticias\/2019\/zaragoza-universidades-politicas-transferencia-de-resultados\/\",\"name\":\"Zaragoza: \u201clas universidades deben comprender que hay que hacer pol\u00edticas de transferencia de resultados\u201d - ULL - Noticias\",\"isPartOf\":{\"@id\":\"https:\/\/www.ull.es\/portal\/noticias\/#website\"},\"datePublished\":\"2019-12-10T16:02:07+00:00\",\"dateModified\":\"2019-12-10T16:02:07+00:00\",\"author\":{\"@id\":\"https:\/\/www.ull.es\/portal\/noticias\/#\/schema\/person\/c3b2aa857797592927a03740d6664376\"},\"breadcrumb\":{\"@id\":\"https:\/\/www.ull.es\/portal\/noticias\/2019\/zaragoza-universidades-politicas-transferencia-de-resultados\/#breadcrumb\"},\"inLanguage\":\"es\",\"potentialAction\":[{\"@type\":\"ReadAction\",\"target\":[\"https:\/\/www.ull.es\/portal\/noticias\/2019\/zaragoza-universidades-politicas-transferencia-de-resultados\/\"]}]},{\"@type\":\"BreadcrumbList\",\"@id\":\"https:\/\/www.ull.es\/portal\/noticias\/2019\/zaragoza-universidades-politicas-transferencia-de-resultados\/#breadcrumb\",\"itemListElement\":[{\"@type\":\"ListItem\",\"position\":1,\"name\":\"Portada\",\"item\":\"https:\/\/www.ull.es\/portal\/noticias\/\"},{\"@type\":\"ListItem\",\"position\":2,\"name\":\"Zaragoza: \u201clas universidades deben comprender que hay que hacer pol\u00edticas de transferencia de resultados\u201d\"}]},{\"@type\":\"WebSite\",\"@id\":\"https:\/\/www.ull.es\/portal\/noticias\/#website\",\"url\":\"https:\/\/www.ull.es\/portal\/noticias\/\",\"name\":\"ULL - Noticias\",\"description\":\"\",\"potentialAction\":[{\"@type\":\"SearchAction\",\"target\":{\"@type\":\"EntryPoint\",\"urlTemplate\":\"https:\/\/www.ull.es\/portal\/noticias\/?s={search_term_string}\"},\"query-input\":\"required name=search_term_string\"}],\"inLanguage\":\"es\"},{\"@type\":\"Person\",\"@id\":\"https:\/\/www.ull.es\/portal\/noticias\/#\/schema\/person\/c3b2aa857797592927a03740d6664376\",\"name\":\"prensa2\",\"image\":{\"@type\":\"ImageObject\",\"inLanguage\":\"es\",\"@id\":\"https:\/\/www.ull.es\/portal\/noticias\/#\/schema\/person\/image\/\",\"url\":\"https:\/\/secure.gravatar.com\/avatar\/b58f310a5de5feb33d1e026d2493f23c?s=96&d=mm&r=g\",\"contentUrl\":\"https:\/\/secure.gravatar.com\/avatar\/b58f310a5de5feb33d1e026d2493f23c?s=96&d=mm&r=g\",\"caption\":\"prensa2\"},\"url\":\"https:\/\/www.ull.es\/portal\/noticias\/author\/prensa2\/\"}]}<\/script>\n<!-- \/ Yoast SEO plugin. -->","yoast_head_json":{"title":"Zaragoza: \u201clas universidades deben comprender que hay que hacer pol\u00edticas de transferencia de resultados\u201d - ULL - Noticias","robots":{"index":"index","follow":"follow","max-snippet":"max-snippet:-1","max-image-preview":"max-image-preview:large","max-video-preview":"max-video-preview:-1"},"canonical":"https:\/\/www.ull.es\/portal\/noticias\/2019\/zaragoza-universidades-politicas-transferencia-de-resultados\/","og_locale":"es_ES","og_type":"article","og_title":"Zaragoza: \u201clas universidades deben comprender que hay que hacer pol\u00edticas de transferencia de resultados\u201d - ULL - Noticias","og_description":"La presidenta de RedOtri y vicerrectora de Innovaci\u00f3n y Transferencia de la Universidad de Zaragoza, Pilar Zaragoza, ha sido una...","og_url":"https:\/\/www.ull.es\/portal\/noticias\/2019\/zaragoza-universidades-politicas-transferencia-de-resultados\/","og_site_name":"ULL - Noticias","article_publisher":"https:\/\/www.facebook.com\/universidaddelalaguna\/","article_published_time":"2019-12-10T16:02:07+00:00","og_image":[{"width":1024,"height":683,"url":"https:\/\/www.ull.es\/portal\/noticias\/wp-content\/uploads\/sites\/13\/2019\/12\/30-aniv-OTRI-ULL-10.jpg","type":"image\/jpeg"}],"author":"prensa2","twitter_card":"summary_large_image","twitter_creator":"@CanalULL","twitter_site":"@CanalULL","twitter_misc":{"Escrito por":"prensa2","Tiempo de lectura":"5 minutos"},"schema":{"@context":"https:\/\/schema.org","@graph":[{"@type":"WebPage","@id":"https:\/\/www.ull.es\/portal\/noticias\/2019\/zaragoza-universidades-politicas-transferencia-de-resultados\/","url":"https:\/\/www.ull.es\/portal\/noticias\/2019\/zaragoza-universidades-politicas-transferencia-de-resultados\/","name":"Zaragoza: \u201clas universidades deben comprender que hay que hacer pol\u00edticas de transferencia de resultados\u201d - ULL - Noticias","isPartOf":{"@id":"https:\/\/www.ull.es\/portal\/noticias\/#website"},"datePublished":"2019-12-10T16:02:07+00:00","dateModified":"2019-12-10T16:02:07+00:00","author":{"@id":"https:\/\/www.ull.es\/portal\/noticias\/#\/schema\/person\/c3b2aa857797592927a03740d6664376"},"breadcrumb":{"@id":"https:\/\/www.ull.es\/portal\/noticias\/2019\/zaragoza-universidades-politicas-transferencia-de-resultados\/#breadcrumb"},"inLanguage":"es","potentialAction":[{"@type":"ReadAction","target":["https:\/\/www.ull.es\/portal\/noticias\/2019\/zaragoza-universidades-politicas-transferencia-de-resultados\/"]}]},{"@type":"BreadcrumbList","@id":"https:\/\/www.ull.es\/portal\/noticias\/2019\/zaragoza-universidades-politicas-transferencia-de-resultados\/#breadcrumb","itemListElement":[{"@type":"ListItem","position":1,"name":"Portada","item":"https:\/\/www.ull.es\/portal\/noticias\/"},{"@type":"ListItem","position":2,"name":"Zaragoza: \u201clas universidades deben comprender que hay que hacer pol\u00edticas de transferencia de resultados\u201d"}]},{"@type":"WebSite","@id":"https:\/\/www.ull.es\/portal\/noticias\/#website","url":"https:\/\/www.ull.es\/portal\/noticias\/","name":"ULL - Noticias","description":"","potentialAction":[{"@type":"SearchAction","target":{"@type":"EntryPoint","urlTemplate":"https:\/\/www.ull.es\/portal\/noticias\/?s={search_term_string}"},"query-input":"required name=search_term_string"}],"inLanguage":"es"},{"@type":"Person","@id":"https:\/\/www.ull.es\/portal\/noticias\/#\/schema\/person\/c3b2aa857797592927a03740d6664376","name":"prensa2","image":{"@type":"ImageObject","inLanguage":"es","@id":"https:\/\/www.ull.es\/portal\/noticias\/#\/schema\/person\/image\/","url":"https:\/\/secure.gravatar.com\/avatar\/b58f310a5de5feb33d1e026d2493f23c?s=96&d=mm&r=g","contentUrl":"https:\/\/secure.gravatar.com\/avatar\/b58f310a5de5feb33d1e026d2493f23c?s=96&d=mm&r=g","caption":"prensa2"},"url":"https:\/\/www.ull.es\/portal\/noticias\/author\/prensa2\/"}]}},"primary_category":{"id":350,"name":"Investigaci\u00f3n","slug":"investigacion","link":"https:\/\/www.ull.es\/portal\/noticias\/category\/investigacion\/"},"featured_image_thumbnail_url":"https:\/\/www.ull.es\/portal\/noticias\/wp-content\/uploads\/sites\/13\/2019\/12\/30-aniv-OTRI-ULL-10-300x200.jpg","_links":{"self":[{"href":"https:\/\/www.ull.es\/portal\/noticias\/wp-json\/wp\/v2\/posts\/48084"}],"collection":[{"href":"https:\/\/www.ull.es\/portal\/noticias\/wp-json\/wp\/v2\/posts"}],"about":[{"href":"https:\/\/www.ull.es\/portal\/noticias\/wp-json\/wp\/v2\/types\/post"}],"author":[{"embeddable":true,"href":"https:\/\/www.ull.es\/portal\/noticias\/wp-json\/wp\/v2\/users\/21"}],"replies":[{"embeddable":true,"href":"https:\/\/www.ull.es\/portal\/noticias\/wp-json\/wp\/v2\/comments?post=48084"}],"version-history":[{"count":1,"href":"https:\/\/www.ull.es\/portal\/noticias\/wp-json\/wp\/v2\/posts\/48084\/revisions"}],"predecessor-version":[{"id":48091,"href":"https:\/\/www.ull.es\/portal\/noticias\/wp-json\/wp\/v2\/posts\/48084\/revisions\/48091"}],"wp:featuredmedia":[{"embeddable":true,"href":"https:\/\/www.ull.es\/portal\/noticias\/wp-json\/wp\/v2\/media\/48086"}],"wp:attachment":[{"href":"https:\/\/www.ull.es\/portal\/noticias\/wp-json\/wp\/v2\/media?parent=48084"}],"wp:term":[{"taxonomy":"category","embeddable":true,"href":"https:\/\/www.ull.es\/portal\/noticias\/wp-json\/wp\/v2\/categories?post=48084"},{"taxonomy":"post_tag","embeddable":true,"href":"https:\/\/www.ull.es\/portal\/noticias\/wp-json\/wp\/v2\/tags?post=48084"}],"curies":[{"name":"wp","href":"https:\/\/api.w.org\/{rel}","templated":true}]}}