{"id":48127,"date":"2019-12-11T14:52:49","date_gmt":"2019-12-11T14:52:49","guid":{"rendered":"https:\/\/www.ull.es\/portal\/noticias\/?p=48127"},"modified":"2024-08-02T07:37:33","modified_gmt":"2024-08-02T07:37:33","slug":"la-ull-celebra-su-tradicional-concierto-de-navidad-para-apoyar-el-proyecto-solidadario-akara-social","status":"publish","type":"post","link":"https:\/\/www.ull.es\/portal\/noticias\/2019\/la-ull-celebra-su-tradicional-concierto-de-navidad-para-apoyar-el-proyecto-solidadario-akara-social\/","title":{"rendered":"La ULL celebra su tradicional Concierto de Navidad para apoyar el proyecto solidario Akara Social"},"content":{"rendered":"<p>La Universidad de La Laguna celebrar\u00e1 ma\u00f1ana, jueves 12 de diciembre a las 20:30 horas en el Paraninfo, su tradicional concierto navide\u00f1o que, como suele ser habitual en esta cita, tendr\u00e1 una finalidad solidaria: en esta ocasi\u00f3n, promocionar la campa\u00f1a de mecenazgo que ha puesto en marcha el proyecto <a href=\"https:\/\/www.akarasocial.com\/\" target=\"_blank\" rel=\"noopener\">Akara Social<\/a>. La entrada a esta velada ser\u00e1 gratuita hasta completar el aforo, y en ella participar\u00e1n los grupos musicales universitarios Camerata Lacunensis, Coral Senior Ars Canendi, Coro Polif\u00f3nico y Banda Sinf\u00f3nica.<\/p>\n<p>La rectora de la Universidad de La Laguna, Rosa Aguilar Chinea, ser\u00e1 la encargada de dar la bienvenida al concierto y, seguidamente, ser\u00e1 presentado el proyecto Akara Social por la directora de la C\u00e1tedra Fundaci\u00f3n Disa de J\u00f3venes Emprendedores de la instituci\u00f3n acad\u00e9mica, In\u00e9s Ruiz de la Rosa, y el promotor de la iniciativa, Wilfredo Asumu Angue.<\/p>\n<p>\u201cAkara\u201d es un t\u00e9rmino de la lengua fang de \u00c1frica central que significa \u201ccuidar\u201d. Y en eso se resume el objetivo de esta iniciativa: llevar m\u00e9dicos y medicinas para ni\u00f1os a Guinea Ecuatorial, pa\u00eds de origen del promotor del proyecto, vendiendo camisetas. Ahora mismo est\u00e1 activa una <a href=\"https:\/\/www.verkami.com\/projects\/24992-akara-una-prenda-para-ti-una-consulta-para-ellos\" target=\"_blank\" rel=\"noopener\">campa\u00f1a de crowfunding<\/a> para reunir el dinero necesario para enviar un equipo m\u00e9dico durante 15 d\u00edas a dicho pa\u00eds. Wilfredo Asumu ha puesto en marcha este proyecto con el asesoramiento del <a href=\"https:\/\/fg.ull.es\/empleo\/emprende-ull\/\" target=\"_blank\" rel=\"noopener\">Servicio de apoyo al Emprendedor de la Universidad de La Laguna (Emprende.Ull)<\/a>.<\/p>\n<p>El proyecto se realiza en colaboraci\u00f3n con la Fundaci\u00f3n Mart\u00ednez Hermanos y con un equipo de m\u00e9dicos profesionales del Servicio de Cirug\u00eda Pl\u00e1stica del Hospital Doctor Negr\u00edn (Hospital Universitario de Gran Canaria) en el que se realizara una expedici\u00f3n a Guinea Ecuatorial para tratar a ni\u00f1os y ni\u00f1as en exclusi\u00f3n social y con problemas de salud.<\/p>\n<p><strong>Programa del concierto<\/strong><\/p>\n<ul>\n<li>Camerata Lacunensis:\n<ul>\n<li><em>Salve Regina<\/em> &#8211; Pedro Navarro Ruano<\/li>\n<li><em>O Sapientia<\/em> &#8211; Tadeja Vulc<\/li>\n<li><em>Ave Maria Gratia Plena<\/em> &#8211; Josu Elberdin<\/li>\n<\/ul>\n<\/li>\n<\/ul>\n<p>&nbsp;<\/p>\n<ul>\n<li>Coral Senior Ars Canendi:\n<ul>\n<li>Golpe Larense: Amalia Rosa &#8211; Celestino Carrasco. Arr. Sergio Pareja Gonz\u00e1lez.<\/li>\n<li>Bolero: Si nos dejan &#8211; Jos\u00e9 Alfredo.<\/li>\n<li>Habanera: El papel\u00f3n &#8211; An\u00f3nimo. Arr. Sergio Pareja Gonz\u00e1lez.<\/li>\n<\/ul>\n<\/li>\n<\/ul>\n<p>&nbsp;<\/p>\n<ul>\n<li>Coro Polif\u00f3nico:\n<ul>\n<li>A tu lado &#8211; Javier Busto<\/li>\n<li>Y ahora quieres perd\u00f3n &#8211; Rosa Mar\u00eda Tarruel. Letra: Rosa Mar\u00eda Tarruel\/Andr\u00e9s Est\u00e9vez<\/li>\n<li>Lo divino. Arr. R. Harrison. Rev. Julio Chinea<\/li>\n<\/ul>\n<\/li>\n<\/ul>\n<p>&nbsp;<\/p>\n<ul>\n<li>Banda Sinf\u00f3nica:\n<ul>\n<li>Candilejas &#8211; Charles Chaplin.<\/li>\n<li>Quinta Sinfon\u00eda-Mambo 5 &#8211; Beethoven\/P\u00e9rez Prado. Arr. Rafael Vizca\u00edno.<\/li>\n<li><em>A Christmas Festival<\/em> &#8211; Leroy Anderson.<\/li>\n<\/ul>\n<\/li>\n<\/ul>\n<p>&nbsp;<\/p>\n<ul>\n<li>Canto Com\u00fan Coral:\n<ul>\n<li><em>Adeste fideles<\/em><\/li>\n<\/ul>\n<\/li>\n<\/ul>\n<p>&nbsp;<\/p>\n<ul>\n<li>Banda Sinf\u00f3nica:\n<ul>\n<li>Marcha Radetzky &#8211; J. Strauss.<\/li>\n<\/ul>\n<\/li>\n<\/ul>\n<p>&nbsp;<\/p>\n","protected":false},"excerpt":{"rendered":"<p>La Universidad de La Laguna celebrar\u00e1 ma\u00f1ana, jueves 12 de diciembre a las 20:30 horas en el Paraninfo, su tradicional&#8230;<\/p>\n","protected":false},"author":23,"featured_media":48128,"comment_status":"closed","ping_status":"closed","sticky":false,"template":"","format":"standard","meta":{"inline_featured_image":false,"footnotes":""},"categories":[11061,344,345,5466,2765],"tags":[6201,616,681,877,6202,923],"acf":[],"yoast_head":"<!-- This site is optimized with the Yoast SEO plugin v21.3 - https:\/\/yoast.com\/wordpress\/plugins\/seo\/ -->\n<title>La ULL celebra su tradicional Concierto de Navidad para apoyar el proyecto solidario Akara Social - ULL - Noticias<\/title>\n<meta name=\"robots\" content=\"index, follow, max-snippet:-1, max-image-preview:large, max-video-preview:-1\" \/>\n<link rel=\"canonical\" href=\"https:\/\/www.ull.es\/portal\/noticias\/2019\/la-ull-celebra-su-tradicional-concierto-de-navidad-para-apoyar-el-proyecto-solidadario-akara-social\/\" \/>\n<meta property=\"og:locale\" content=\"es_ES\" \/>\n<meta property=\"og:type\" content=\"article\" \/>\n<meta property=\"og:title\" content=\"La ULL celebra su tradicional Concierto de Navidad para apoyar el proyecto solidario Akara Social - ULL - Noticias\" \/>\n<meta property=\"og:description\" content=\"La Universidad de La Laguna celebrar\u00e1 ma\u00f1ana, jueves 12 de diciembre a las 20:30 horas en el Paraninfo, su tradicional...\" \/>\n<meta property=\"og:url\" content=\"https:\/\/www.ull.es\/portal\/noticias\/2019\/la-ull-celebra-su-tradicional-concierto-de-navidad-para-apoyar-el-proyecto-solidadario-akara-social\/\" \/>\n<meta property=\"og:site_name\" content=\"ULL - Noticias\" \/>\n<meta property=\"article:publisher\" content=\"https:\/\/www.facebook.com\/universidaddelalaguna\/\" \/>\n<meta property=\"article:published_time\" content=\"2019-12-11T14:52:49+00:00\" \/>\n<meta property=\"article:modified_time\" content=\"2024-08-02T07:37:33+00:00\" \/>\n<meta property=\"og:image\" content=\"https:\/\/www.ull.es\/portal\/noticias\/wp-content\/uploads\/sites\/13\/2019\/12\/Concierto-de-Navidad-eventos.jpg\" \/>\n\t<meta property=\"og:image:width\" content=\"700\" \/>\n\t<meta property=\"og:image:height\" content=\"350\" \/>\n\t<meta property=\"og:image:type\" content=\"image\/jpeg\" \/>\n<meta name=\"author\" content=\"gaprsa\" \/>\n<meta name=\"twitter:card\" content=\"summary_large_image\" \/>\n<meta name=\"twitter:creator\" content=\"@CanalULL\" \/>\n<meta name=\"twitter:site\" content=\"@CanalULL\" \/>\n<meta name=\"twitter:label1\" content=\"Escrito por\" \/>\n\t<meta name=\"twitter:data1\" content=\"gaprsa\" \/>\n\t<meta name=\"twitter:label2\" content=\"Tiempo de lectura\" \/>\n\t<meta name=\"twitter:data2\" content=\"2 minutos\" \/>\n<script type=\"application\/ld+json\" class=\"yoast-schema-graph\">{\"@context\":\"https:\/\/schema.org\",\"@graph\":[{\"@type\":\"WebPage\",\"@id\":\"https:\/\/www.ull.es\/portal\/noticias\/2019\/la-ull-celebra-su-tradicional-concierto-de-navidad-para-apoyar-el-proyecto-solidadario-akara-social\/\",\"url\":\"https:\/\/www.ull.es\/portal\/noticias\/2019\/la-ull-celebra-su-tradicional-concierto-de-navidad-para-apoyar-el-proyecto-solidadario-akara-social\/\",\"name\":\"La ULL celebra su tradicional Concierto de Navidad para apoyar el proyecto solidario Akara Social - ULL - Noticias\",\"isPartOf\":{\"@id\":\"https:\/\/www.ull.es\/portal\/noticias\/#website\"},\"datePublished\":\"2019-12-11T14:52:49+00:00\",\"dateModified\":\"2024-08-02T07:37:33+00:00\",\"author\":{\"@id\":\"https:\/\/www.ull.es\/portal\/noticias\/#\/schema\/person\/b2b1a89d43ffa609e591f7df8ef3e817\"},\"breadcrumb\":{\"@id\":\"https:\/\/www.ull.es\/portal\/noticias\/2019\/la-ull-celebra-su-tradicional-concierto-de-navidad-para-apoyar-el-proyecto-solidadario-akara-social\/#breadcrumb\"},\"inLanguage\":\"es\",\"potentialAction\":[{\"@type\":\"ReadAction\",\"target\":[\"https:\/\/www.ull.es\/portal\/noticias\/2019\/la-ull-celebra-su-tradicional-concierto-de-navidad-para-apoyar-el-proyecto-solidadario-akara-social\/\"]}]},{\"@type\":\"BreadcrumbList\",\"@id\":\"https:\/\/www.ull.es\/portal\/noticias\/2019\/la-ull-celebra-su-tradicional-concierto-de-navidad-para-apoyar-el-proyecto-solidadario-akara-social\/#breadcrumb\",\"itemListElement\":[{\"@type\":\"ListItem\",\"position\":1,\"name\":\"Portada\",\"item\":\"https:\/\/www.ull.es\/portal\/noticias\/\"},{\"@type\":\"ListItem\",\"position\":2,\"name\":\"La ULL celebra su tradicional Concierto de Navidad para apoyar el proyecto solidario Akara Social\"}]},{\"@type\":\"WebSite\",\"@id\":\"https:\/\/www.ull.es\/portal\/noticias\/#website\",\"url\":\"https:\/\/www.ull.es\/portal\/noticias\/\",\"name\":\"ULL - Noticias\",\"description\":\"\",\"potentialAction\":[{\"@type\":\"SearchAction\",\"target\":{\"@type\":\"EntryPoint\",\"urlTemplate\":\"https:\/\/www.ull.es\/portal\/noticias\/?s={search_term_string}\"},\"query-input\":\"required name=search_term_string\"}],\"inLanguage\":\"es\"},{\"@type\":\"Person\",\"@id\":\"https:\/\/www.ull.es\/portal\/noticias\/#\/schema\/person\/b2b1a89d43ffa609e591f7df8ef3e817\",\"name\":\"gaprsa\",\"image\":{\"@type\":\"ImageObject\",\"inLanguage\":\"es\",\"@id\":\"https:\/\/www.ull.es\/portal\/noticias\/#\/schema\/person\/image\/\",\"url\":\"https:\/\/secure.gravatar.com\/avatar\/443820550921091458b4823867723b3d?s=96&d=mm&r=g\",\"contentUrl\":\"https:\/\/secure.gravatar.com\/avatar\/443820550921091458b4823867723b3d?s=96&d=mm&r=g\",\"caption\":\"gaprsa\"},\"url\":\"https:\/\/www.ull.es\/portal\/noticias\/author\/gaprsa\/\"}]}<\/script>\n<!-- \/ Yoast SEO plugin. -->","yoast_head_json":{"title":"La ULL celebra su tradicional Concierto de Navidad para apoyar el proyecto solidario Akara Social - ULL - Noticias","robots":{"index":"index","follow":"follow","max-snippet":"max-snippet:-1","max-image-preview":"max-image-preview:large","max-video-preview":"max-video-preview:-1"},"canonical":"https:\/\/www.ull.es\/portal\/noticias\/2019\/la-ull-celebra-su-tradicional-concierto-de-navidad-para-apoyar-el-proyecto-solidadario-akara-social\/","og_locale":"es_ES","og_type":"article","og_title":"La ULL celebra su tradicional Concierto de Navidad para apoyar el proyecto solidario Akara Social - ULL - Noticias","og_description":"La Universidad de La Laguna celebrar\u00e1 ma\u00f1ana, jueves 12 de diciembre a las 20:30 horas en el Paraninfo, su tradicional...","og_url":"https:\/\/www.ull.es\/portal\/noticias\/2019\/la-ull-celebra-su-tradicional-concierto-de-navidad-para-apoyar-el-proyecto-solidadario-akara-social\/","og_site_name":"ULL - Noticias","article_publisher":"https:\/\/www.facebook.com\/universidaddelalaguna\/","article_published_time":"2019-12-11T14:52:49+00:00","article_modified_time":"2024-08-02T07:37:33+00:00","og_image":[{"width":700,"height":350,"url":"https:\/\/www.ull.es\/portal\/noticias\/wp-content\/uploads\/sites\/13\/2019\/12\/Concierto-de-Navidad-eventos.jpg","type":"image\/jpeg"}],"author":"gaprsa","twitter_card":"summary_large_image","twitter_creator":"@CanalULL","twitter_site":"@CanalULL","twitter_misc":{"Escrito por":"gaprsa","Tiempo de lectura":"2 minutos"},"schema":{"@context":"https:\/\/schema.org","@graph":[{"@type":"WebPage","@id":"https:\/\/www.ull.es\/portal\/noticias\/2019\/la-ull-celebra-su-tradicional-concierto-de-navidad-para-apoyar-el-proyecto-solidadario-akara-social\/","url":"https:\/\/www.ull.es\/portal\/noticias\/2019\/la-ull-celebra-su-tradicional-concierto-de-navidad-para-apoyar-el-proyecto-solidadario-akara-social\/","name":"La ULL celebra su tradicional Concierto de Navidad para apoyar el proyecto solidario Akara Social - ULL - Noticias","isPartOf":{"@id":"https:\/\/www.ull.es\/portal\/noticias\/#website"},"datePublished":"2019-12-11T14:52:49+00:00","dateModified":"2024-08-02T07:37:33+00:00","author":{"@id":"https:\/\/www.ull.es\/portal\/noticias\/#\/schema\/person\/b2b1a89d43ffa609e591f7df8ef3e817"},"breadcrumb":{"@id":"https:\/\/www.ull.es\/portal\/noticias\/2019\/la-ull-celebra-su-tradicional-concierto-de-navidad-para-apoyar-el-proyecto-solidadario-akara-social\/#breadcrumb"},"inLanguage":"es","potentialAction":[{"@type":"ReadAction","target":["https:\/\/www.ull.es\/portal\/noticias\/2019\/la-ull-celebra-su-tradicional-concierto-de-navidad-para-apoyar-el-proyecto-solidadario-akara-social\/"]}]},{"@type":"BreadcrumbList","@id":"https:\/\/www.ull.es\/portal\/noticias\/2019\/la-ull-celebra-su-tradicional-concierto-de-navidad-para-apoyar-el-proyecto-solidadario-akara-social\/#breadcrumb","itemListElement":[{"@type":"ListItem","position":1,"name":"Portada","item":"https:\/\/www.ull.es\/portal\/noticias\/"},{"@type":"ListItem","position":2,"name":"La ULL celebra su tradicional Concierto de Navidad para apoyar el proyecto solidario Akara Social"}]},{"@type":"WebSite","@id":"https:\/\/www.ull.es\/portal\/noticias\/#website","url":"https:\/\/www.ull.es\/portal\/noticias\/","name":"ULL - Noticias","description":"","potentialAction":[{"@type":"SearchAction","target":{"@type":"EntryPoint","urlTemplate":"https:\/\/www.ull.es\/portal\/noticias\/?s={search_term_string}"},"query-input":"required name=search_term_string"}],"inLanguage":"es"},{"@type":"Person","@id":"https:\/\/www.ull.es\/portal\/noticias\/#\/schema\/person\/b2b1a89d43ffa609e591f7df8ef3e817","name":"gaprsa","image":{"@type":"ImageObject","inLanguage":"es","@id":"https:\/\/www.ull.es\/portal\/noticias\/#\/schema\/person\/image\/","url":"https:\/\/secure.gravatar.com\/avatar\/443820550921091458b4823867723b3d?s=96&d=mm&r=g","contentUrl":"https:\/\/secure.gravatar.com\/avatar\/443820550921091458b4823867723b3d?s=96&d=mm&r=g","caption":"gaprsa"},"url":"https:\/\/www.ull.es\/portal\/noticias\/author\/gaprsa\/"}]}},"primary_category":{"id":345,"name":"Destacado","slug":"destacado","link":"https:\/\/www.ull.es\/portal\/noticias\/category\/destacado\/"},"featured_image_thumbnail_url":"https:\/\/www.ull.es\/portal\/noticias\/wp-content\/uploads\/sites\/13\/2019\/12\/Concierto-de-Navidad-eventos-300x150.jpg","_links":{"self":[{"href":"https:\/\/www.ull.es\/portal\/noticias\/wp-json\/wp\/v2\/posts\/48127"}],"collection":[{"href":"https:\/\/www.ull.es\/portal\/noticias\/wp-json\/wp\/v2\/posts"}],"about":[{"href":"https:\/\/www.ull.es\/portal\/noticias\/wp-json\/wp\/v2\/types\/post"}],"author":[{"embeddable":true,"href":"https:\/\/www.ull.es\/portal\/noticias\/wp-json\/wp\/v2\/users\/23"}],"replies":[{"embeddable":true,"href":"https:\/\/www.ull.es\/portal\/noticias\/wp-json\/wp\/v2\/comments?post=48127"}],"version-history":[{"count":2,"href":"https:\/\/www.ull.es\/portal\/noticias\/wp-json\/wp\/v2\/posts\/48127\/revisions"}],"predecessor-version":[{"id":48130,"href":"https:\/\/www.ull.es\/portal\/noticias\/wp-json\/wp\/v2\/posts\/48127\/revisions\/48130"}],"wp:featuredmedia":[{"embeddable":true,"href":"https:\/\/www.ull.es\/portal\/noticias\/wp-json\/wp\/v2\/media\/48128"}],"wp:attachment":[{"href":"https:\/\/www.ull.es\/portal\/noticias\/wp-json\/wp\/v2\/media?parent=48127"}],"wp:term":[{"taxonomy":"category","embeddable":true,"href":"https:\/\/www.ull.es\/portal\/noticias\/wp-json\/wp\/v2\/categories?post=48127"},{"taxonomy":"post_tag","embeddable":true,"href":"https:\/\/www.ull.es\/portal\/noticias\/wp-json\/wp\/v2\/tags?post=48127"}],"curies":[{"name":"wp","href":"https:\/\/api.w.org\/{rel}","templated":true}]}}