{"id":48250,"date":"2019-12-16T15:32:05","date_gmt":"2019-12-16T15:32:05","guid":{"rendered":"https:\/\/www.ull.es\/portal\/noticias\/?p=48250"},"modified":"2019-12-16T15:32:05","modified_gmt":"2019-12-16T15:32:05","slug":"mas-de-60-personas-vinculadas-al-voluntariado-se-dieron-cita-en-la-universidad-de-la-laguna","status":"publish","type":"post","link":"https:\/\/www.ull.es\/portal\/noticias\/2019\/mas-de-60-personas-vinculadas-al-voluntariado-se-dieron-cita-en-la-universidad-de-la-laguna\/","title":{"rendered":"M\u00e1s de 60 personas vinculadas al voluntariado se dieron cita en la Universidad de La Laguna"},"content":{"rendered":"<p>La Facultad de Derecho de la Universidad de La Laguna acogi\u00f3 la semana pasada una reuni\u00f3n con diferentes organizaciones e instituciones tinerfe\u00f1as vinculadas al mundo del voluntariado. El objetivo ha sido dar los primeros pasos para poner en marcha una red de entidades que trabajen por objeticos comunes e incentivar el voluntariado entre la comunidad universitaria.<\/p>\n<p>Esta ha sido una reuni\u00f3n t\u00e9cnica y no abierta al p\u00fablico, auspiciada por el vicerrectorado de Cultura y Participaci\u00f3n Social de la instituci\u00f3n acad\u00e9mica; la consejer\u00eda de Derechos Sociales, Igualdad, Diversidad y Juventud del Gobierno de Canarias; la coordinadora de ONG de Desarrollo de Canarias y el \u00e1rea de Acci\u00f3n Social, Participaci\u00f3n Ciudadana y Diversidad del Cabildo de Tenerife. Asistieron tanto representantes de las entidades de voluntariado como personal de las entidades organizadoras e, incluso, profesorado de la Universidad de La Laguna.<\/p>\n<p>Esta actividad se ha enmarcado en un programa de impulso de la actividad solidaria entre la comunidad universitaria promovida desde el vicerrectorado, denominada \u201cConciencia y Compromiso\u201d, que est\u00e1 empezado a dar sus primeros pasos. Esta pol\u00edtica tratar\u00e1 de aprovechar el hecho de que la comunidad universitaria, compuesta por alrededor de 20.000 personas, supone un importante nicho de personas interesadas en comprometerse con actividades de voluntariado.<\/p>\n<p>En estos momentos, desde el vicerrectorado se est\u00e1 dise\u00f1ando un plan de acci\u00f3n y priorizando las actuaciones o proyectos que la instituci\u00f3n desea desarrollar en este \u00e1mbito. Entre otras cuestiones, contemplar\u00eda el redise\u00f1o del procedimiento de voluntariado interno y externo de la universidad, desarrollar una nueva p\u00e1gina web institucional sobre voluntariado, m\u00e1s clara y directa.<\/p>\n<p>Adem\u00e1s, en esta reuni\u00f3n la Universidad de La Laguna ha querido reivindicarse como agente que contribuya a articular un ecosistema ordenado y consistente de voluntariado en Canarias, pues el papel de las instituciones de educaci\u00f3n superior, como focos de generaci\u00f3n de conocimiento y atracci\u00f3n de talento, puede ser trascendental.<\/p>\n<p>En opini\u00f3n de Manuel Gonz\u00e1lez de la Rosa, director de Secretariado de C\u00e1tedras Institucionales y de Empresa y Responsabilidad Social del vicerrectorado, este encuentro ha contribuido a obtener un mayor conocimiento de la configuraci\u00f3n del voluntariado en Canarias, a promover un aprendizaje y una investigaci\u00f3n que est\u00e9 conectada con la defensa de los derechos humanos y la solidaridad, a concienciar sobre la justicia, la solidaridad y los valores \u00e9ticos y ciudadanos.<\/p>\n<p>Explica, adem\u00e1s, que espera que este encuentro sea el punto de partida para crear una generar una red de voluntariado ambiciosa en la que participe la Universidad de La Laguna.<\/p>\n<p>Por ello, en las mesas de trabajo de este encuentro se abordaron varios ejes tem\u00e1ticos: desarrollo humano, calidad de vida, generaci\u00f3n de riqueza y su redistribuci\u00f3n; desarrollo tecno-cient\u00edfico sostenible, protecci\u00f3n medioambiental y cambio clim\u00e1tico, transici\u00f3n energ\u00e9tica y movilidad; desarrollo ciudadano y la buena gobernanza; emprendimiento social, el empleo de calidad y el futuro del trabajo; pr\u00e1cticas comunitarias colaborativas, ayuda humanitaria, y asistencia y cooperaci\u00f3n al desarrollo; y la atenci\u00f3n a la diversidad, el voluntariado y el aprendizaje-servicio.<\/p>\n","protected":false},"excerpt":{"rendered":"<p>La Facultad de Derecho de la Universidad de La Laguna acogi\u00f3 la semana pasada una reuni\u00f3n con diferentes organizaciones e&#8230;<\/p>\n","protected":false},"author":21,"featured_media":48251,"comment_status":"closed","ping_status":"closed","sticky":false,"template":"","format":"standard","meta":{"inline_featured_image":false,"footnotes":""},"categories":[345,348,2765,5606],"tags":[2010,2414,2643],"acf":[],"yoast_head":"<!-- This site is optimized with the Yoast SEO plugin v21.3 - https:\/\/yoast.com\/wordpress\/plugins\/seo\/ -->\n<title>M\u00e1s de 60 personas vinculadas al voluntariado se dieron cita en la ULL<\/title>\n<meta name=\"description\" content=\"La Facultad de Derecho de la ULL acogi\u00f3 la semana pasada una reuni\u00f3n con diferentes organizaciones e instituciones tinerfe\u00f1as vinculadas al voluntariado.\" \/>\n<meta name=\"robots\" content=\"index, follow, max-snippet:-1, max-image-preview:large, max-video-preview:-1\" \/>\n<link rel=\"canonical\" href=\"https:\/\/www.ull.es\/portal\/noticias\/2019\/mas-de-60-personas-vinculadas-al-voluntariado-se-dieron-cita-en-la-universidad-de-la-laguna\/\" \/>\n<meta property=\"og:locale\" content=\"es_ES\" \/>\n<meta property=\"og:type\" content=\"article\" \/>\n<meta property=\"og:title\" content=\"M\u00e1s de 60 personas vinculadas al voluntariado se dieron cita en la ULL\" \/>\n<meta property=\"og:description\" content=\"La Facultad de Derecho de la ULL acogi\u00f3 la semana pasada una reuni\u00f3n con diferentes organizaciones e instituciones tinerfe\u00f1as vinculadas al voluntariado.\" \/>\n<meta property=\"og:url\" content=\"https:\/\/www.ull.es\/portal\/noticias\/2019\/mas-de-60-personas-vinculadas-al-voluntariado-se-dieron-cita-en-la-universidad-de-la-laguna\/\" \/>\n<meta property=\"og:site_name\" content=\"ULL - Noticias\" \/>\n<meta property=\"article:publisher\" content=\"https:\/\/www.facebook.com\/universidaddelalaguna\/\" \/>\n<meta property=\"article:published_time\" content=\"2019-12-16T15:32:05+00:00\" \/>\n<meta property=\"og:image\" content=\"https:\/\/www.ull.es\/portal\/noticias\/wp-content\/uploads\/sites\/13\/2019\/12\/encuentro-voluntariado-derecho-grupo.jpg\" \/>\n\t<meta property=\"og:image:width\" content=\"1200\" \/>\n\t<meta property=\"og:image:height\" content=\"800\" \/>\n\t<meta property=\"og:image:type\" content=\"image\/jpeg\" \/>\n<meta name=\"author\" content=\"prensa2\" \/>\n<meta name=\"twitter:card\" content=\"summary_large_image\" \/>\n<meta name=\"twitter:creator\" content=\"@CanalULL\" \/>\n<meta name=\"twitter:site\" content=\"@CanalULL\" \/>\n<meta name=\"twitter:label1\" content=\"Escrito por\" \/>\n\t<meta name=\"twitter:data1\" content=\"prensa2\" \/>\n\t<meta name=\"twitter:label2\" content=\"Tiempo de lectura\" \/>\n\t<meta name=\"twitter:data2\" content=\"3 minutos\" \/>\n<script type=\"application\/ld+json\" class=\"yoast-schema-graph\">{\"@context\":\"https:\/\/schema.org\",\"@graph\":[{\"@type\":\"WebPage\",\"@id\":\"https:\/\/www.ull.es\/portal\/noticias\/2019\/mas-de-60-personas-vinculadas-al-voluntariado-se-dieron-cita-en-la-universidad-de-la-laguna\/\",\"url\":\"https:\/\/www.ull.es\/portal\/noticias\/2019\/mas-de-60-personas-vinculadas-al-voluntariado-se-dieron-cita-en-la-universidad-de-la-laguna\/\",\"name\":\"M\u00e1s de 60 personas vinculadas al voluntariado se dieron cita en la ULL\",\"isPartOf\":{\"@id\":\"https:\/\/www.ull.es\/portal\/noticias\/#website\"},\"datePublished\":\"2019-12-16T15:32:05+00:00\",\"dateModified\":\"2019-12-16T15:32:05+00:00\",\"author\":{\"@id\":\"https:\/\/www.ull.es\/portal\/noticias\/#\/schema\/person\/c3b2aa857797592927a03740d6664376\"},\"description\":\"La Facultad de Derecho de la ULL acogi\u00f3 la semana pasada una reuni\u00f3n con diferentes organizaciones e instituciones tinerfe\u00f1as vinculadas al voluntariado.\",\"breadcrumb\":{\"@id\":\"https:\/\/www.ull.es\/portal\/noticias\/2019\/mas-de-60-personas-vinculadas-al-voluntariado-se-dieron-cita-en-la-universidad-de-la-laguna\/#breadcrumb\"},\"inLanguage\":\"es\",\"potentialAction\":[{\"@type\":\"ReadAction\",\"target\":[\"https:\/\/www.ull.es\/portal\/noticias\/2019\/mas-de-60-personas-vinculadas-al-voluntariado-se-dieron-cita-en-la-universidad-de-la-laguna\/\"]}]},{\"@type\":\"BreadcrumbList\",\"@id\":\"https:\/\/www.ull.es\/portal\/noticias\/2019\/mas-de-60-personas-vinculadas-al-voluntariado-se-dieron-cita-en-la-universidad-de-la-laguna\/#breadcrumb\",\"itemListElement\":[{\"@type\":\"ListItem\",\"position\":1,\"name\":\"Portada\",\"item\":\"https:\/\/www.ull.es\/portal\/noticias\/\"},{\"@type\":\"ListItem\",\"position\":2,\"name\":\"M\u00e1s de 60 personas vinculadas al voluntariado se dieron cita en la Universidad de La Laguna\"}]},{\"@type\":\"WebSite\",\"@id\":\"https:\/\/www.ull.es\/portal\/noticias\/#website\",\"url\":\"https:\/\/www.ull.es\/portal\/noticias\/\",\"name\":\"ULL - Noticias\",\"description\":\"\",\"potentialAction\":[{\"@type\":\"SearchAction\",\"target\":{\"@type\":\"EntryPoint\",\"urlTemplate\":\"https:\/\/www.ull.es\/portal\/noticias\/?s={search_term_string}\"},\"query-input\":\"required name=search_term_string\"}],\"inLanguage\":\"es\"},{\"@type\":\"Person\",\"@id\":\"https:\/\/www.ull.es\/portal\/noticias\/#\/schema\/person\/c3b2aa857797592927a03740d6664376\",\"name\":\"prensa2\",\"image\":{\"@type\":\"ImageObject\",\"inLanguage\":\"es\",\"@id\":\"https:\/\/www.ull.es\/portal\/noticias\/#\/schema\/person\/image\/\",\"url\":\"https:\/\/secure.gravatar.com\/avatar\/b58f310a5de5feb33d1e026d2493f23c?s=96&d=mm&r=g\",\"contentUrl\":\"https:\/\/secure.gravatar.com\/avatar\/b58f310a5de5feb33d1e026d2493f23c?s=96&d=mm&r=g\",\"caption\":\"prensa2\"},\"url\":\"https:\/\/www.ull.es\/portal\/noticias\/author\/prensa2\/\"}]}<\/script>\n<!-- \/ Yoast SEO plugin. -->","yoast_head_json":{"title":"M\u00e1s de 60 personas vinculadas al voluntariado se dieron cita en la ULL","description":"La Facultad de Derecho de la ULL acogi\u00f3 la semana pasada una reuni\u00f3n con diferentes organizaciones e instituciones tinerfe\u00f1as vinculadas al voluntariado.","robots":{"index":"index","follow":"follow","max-snippet":"max-snippet:-1","max-image-preview":"max-image-preview:large","max-video-preview":"max-video-preview:-1"},"canonical":"https:\/\/www.ull.es\/portal\/noticias\/2019\/mas-de-60-personas-vinculadas-al-voluntariado-se-dieron-cita-en-la-universidad-de-la-laguna\/","og_locale":"es_ES","og_type":"article","og_title":"M\u00e1s de 60 personas vinculadas al voluntariado se dieron cita en la ULL","og_description":"La Facultad de Derecho de la ULL acogi\u00f3 la semana pasada una reuni\u00f3n con diferentes organizaciones e instituciones tinerfe\u00f1as vinculadas al voluntariado.","og_url":"https:\/\/www.ull.es\/portal\/noticias\/2019\/mas-de-60-personas-vinculadas-al-voluntariado-se-dieron-cita-en-la-universidad-de-la-laguna\/","og_site_name":"ULL - Noticias","article_publisher":"https:\/\/www.facebook.com\/universidaddelalaguna\/","article_published_time":"2019-12-16T15:32:05+00:00","og_image":[{"width":1200,"height":800,"url":"https:\/\/www.ull.es\/portal\/noticias\/wp-content\/uploads\/sites\/13\/2019\/12\/encuentro-voluntariado-derecho-grupo.jpg","type":"image\/jpeg"}],"author":"prensa2","twitter_card":"summary_large_image","twitter_creator":"@CanalULL","twitter_site":"@CanalULL","twitter_misc":{"Escrito por":"prensa2","Tiempo de lectura":"3 minutos"},"schema":{"@context":"https:\/\/schema.org","@graph":[{"@type":"WebPage","@id":"https:\/\/www.ull.es\/portal\/noticias\/2019\/mas-de-60-personas-vinculadas-al-voluntariado-se-dieron-cita-en-la-universidad-de-la-laguna\/","url":"https:\/\/www.ull.es\/portal\/noticias\/2019\/mas-de-60-personas-vinculadas-al-voluntariado-se-dieron-cita-en-la-universidad-de-la-laguna\/","name":"M\u00e1s de 60 personas vinculadas al voluntariado se dieron cita en la ULL","isPartOf":{"@id":"https:\/\/www.ull.es\/portal\/noticias\/#website"},"datePublished":"2019-12-16T15:32:05+00:00","dateModified":"2019-12-16T15:32:05+00:00","author":{"@id":"https:\/\/www.ull.es\/portal\/noticias\/#\/schema\/person\/c3b2aa857797592927a03740d6664376"},"description":"La Facultad de Derecho de la ULL acogi\u00f3 la semana pasada una reuni\u00f3n con diferentes organizaciones e instituciones tinerfe\u00f1as vinculadas al voluntariado.","breadcrumb":{"@id":"https:\/\/www.ull.es\/portal\/noticias\/2019\/mas-de-60-personas-vinculadas-al-voluntariado-se-dieron-cita-en-la-universidad-de-la-laguna\/#breadcrumb"},"inLanguage":"es","potentialAction":[{"@type":"ReadAction","target":["https:\/\/www.ull.es\/portal\/noticias\/2019\/mas-de-60-personas-vinculadas-al-voluntariado-se-dieron-cita-en-la-universidad-de-la-laguna\/"]}]},{"@type":"BreadcrumbList","@id":"https:\/\/www.ull.es\/portal\/noticias\/2019\/mas-de-60-personas-vinculadas-al-voluntariado-se-dieron-cita-en-la-universidad-de-la-laguna\/#breadcrumb","itemListElement":[{"@type":"ListItem","position":1,"name":"Portada","item":"https:\/\/www.ull.es\/portal\/noticias\/"},{"@type":"ListItem","position":2,"name":"M\u00e1s de 60 personas vinculadas al voluntariado se dieron cita en la Universidad de La Laguna"}]},{"@type":"WebSite","@id":"https:\/\/www.ull.es\/portal\/noticias\/#website","url":"https:\/\/www.ull.es\/portal\/noticias\/","name":"ULL - Noticias","description":"","potentialAction":[{"@type":"SearchAction","target":{"@type":"EntryPoint","urlTemplate":"https:\/\/www.ull.es\/portal\/noticias\/?s={search_term_string}"},"query-input":"required name=search_term_string"}],"inLanguage":"es"},{"@type":"Person","@id":"https:\/\/www.ull.es\/portal\/noticias\/#\/schema\/person\/c3b2aa857797592927a03740d6664376","name":"prensa2","image":{"@type":"ImageObject","inLanguage":"es","@id":"https:\/\/www.ull.es\/portal\/noticias\/#\/schema\/person\/image\/","url":"https:\/\/secure.gravatar.com\/avatar\/b58f310a5de5feb33d1e026d2493f23c?s=96&d=mm&r=g","contentUrl":"https:\/\/secure.gravatar.com\/avatar\/b58f310a5de5feb33d1e026d2493f23c?s=96&d=mm&r=g","caption":"prensa2"},"url":"https:\/\/www.ull.es\/portal\/noticias\/author\/prensa2\/"}]}},"primary_category":{"id":345,"name":"Destacado","slug":"destacado","link":"https:\/\/www.ull.es\/portal\/noticias\/category\/destacado\/"},"featured_image_thumbnail_url":"https:\/\/www.ull.es\/portal\/noticias\/wp-content\/uploads\/sites\/13\/2019\/12\/encuentro-voluntariado-derecho-grupo-300x200.jpg","_links":{"self":[{"href":"https:\/\/www.ull.es\/portal\/noticias\/wp-json\/wp\/v2\/posts\/48250"}],"collection":[{"href":"https:\/\/www.ull.es\/portal\/noticias\/wp-json\/wp\/v2\/posts"}],"about":[{"href":"https:\/\/www.ull.es\/portal\/noticias\/wp-json\/wp\/v2\/types\/post"}],"author":[{"embeddable":true,"href":"https:\/\/www.ull.es\/portal\/noticias\/wp-json\/wp\/v2\/users\/21"}],"replies":[{"embeddable":true,"href":"https:\/\/www.ull.es\/portal\/noticias\/wp-json\/wp\/v2\/comments?post=48250"}],"version-history":[{"count":1,"href":"https:\/\/www.ull.es\/portal\/noticias\/wp-json\/wp\/v2\/posts\/48250\/revisions"}],"predecessor-version":[{"id":48252,"href":"https:\/\/www.ull.es\/portal\/noticias\/wp-json\/wp\/v2\/posts\/48250\/revisions\/48252"}],"wp:featuredmedia":[{"embeddable":true,"href":"https:\/\/www.ull.es\/portal\/noticias\/wp-json\/wp\/v2\/media\/48251"}],"wp:attachment":[{"href":"https:\/\/www.ull.es\/portal\/noticias\/wp-json\/wp\/v2\/media?parent=48250"}],"wp:term":[{"taxonomy":"category","embeddable":true,"href":"https:\/\/www.ull.es\/portal\/noticias\/wp-json\/wp\/v2\/categories?post=48250"},{"taxonomy":"post_tag","embeddable":true,"href":"https:\/\/www.ull.es\/portal\/noticias\/wp-json\/wp\/v2\/tags?post=48250"}],"curies":[{"name":"wp","href":"https:\/\/api.w.org\/{rel}","templated":true}]}}