{"id":48261,"date":"2019-12-17T14:30:16","date_gmt":"2019-12-17T14:30:16","guid":{"rendered":"https:\/\/www.ull.es\/portal\/noticias\/?p=48261"},"modified":"2019-12-17T14:31:07","modified_gmt":"2019-12-17T14:31:07","slug":"publicado-el-numero-decimo-sexto-de-cedille-la-revista-de-estudios-franceses-editada-por-la-ull","status":"publish","type":"post","link":"https:\/\/www.ull.es\/portal\/noticias\/2019\/publicado-el-numero-decimo-sexto-de-cedille-la-revista-de-estudios-franceses-editada-por-la-ull\/","title":{"rendered":"Publicado el n\u00famero d\u00e9cimo sexto de C\u00e9dille, la revista de estudios franceses editada por la ULL"},"content":{"rendered":"<p>Se ha publicado el n\u00famero d\u00e9cimo sexto de&nbsp;<a href=\"https:\/\/cedille.webs.ull.es\/\" data-saferedirecturl=\"https:\/\/www.google.com\/url?q=https:\/\/cedille.webs.ull.es\/&amp;source=gmail&amp;ust=1576675355108000&amp;usg=AFQjCNElck1tUdwDhpHjmVDyy7LUXyTHXQ\" target=\"_blank\" rel=\"noopener\"><em>\u00c7\u00e9dille<\/em><em>, revista de estudios franceses<\/em><\/a>,&nbsp;que contiene en esta ocasi\u00f3n el n\u00ba 9 de la serie \u00abMonograf\u00edas\u00bb, con diez contribuciones, una secci\u00f3n \u00abVaria\u00bb, con 12 art\u00edculos y, finalmente, 5 notas de lectura; lo que hace un total de 478 p\u00e1ginas. La publicaci\u00f3n est\u00e1 dirigida por el profesor Jos\u00e9 Oliver Frade, cuenta con sello de calidad renovado de la FECyT y cabe destacar que las contribuciones de este nuevo n\u00famero se est\u00e1n incorporando al Repositorio Institucional de la Universidad de La Laguna. En pr\u00f3ximas fechas se proceder\u00e1 a incluir las publicadas anteriormente (desde 2005).<\/p>\n<p>Como se puede apreciar en el \u00cdndice de este n\u00famero 16 (que m\u00e1s abajo se reproduce),&nbsp;<em>\u00c7\u00e9dille<\/em><em>&nbsp;<\/em>vuelve al planteamiento con el que se ide\u00f3 en 2002: agrupar los art\u00edculos de investigaci\u00f3n en torno a dos secciones, una monogr\u00e1fica y otra de car\u00e1cter miscel\u00e1neo.<\/p>\n<p>De esta manera, se pretende dar salida a las numerosas propuestas de los \u00faltimos tiempos, lo que ha hecho que se haya ido acumulando una importante cantidad de trabajos que, dada la duraci\u00f3n que lleva el proceso de evaluaci\u00f3n, podr\u00eda ver retardada su eventual publicaci\u00f3n. As\u00ed, para evitar esta situaci\u00f3n y al mismo tiempo mantener el car\u00e1cter bianual de la revista, a partir de ahora la cita con los lectores tendr\u00e1 lugar cada primavera y cada oto\u00f1o.<\/p>\n<p>En cada uno de estos n\u00fameros habr\u00e1 una secci\u00f3n titulada \u00abMonograf\u00eda\u00bb (que dar\u00e1 continuaci\u00f3n a la serie ya iniciada en 2010) y otra con el nombre de \u00abVaria\u00bb (en la que se agrupar\u00e1n los trabajos de investigaci\u00f3n sobre cualquier tema relacionado con los estudios franceses y franc\u00f3fonos), adem\u00e1s de las notas de lectura (o rese\u00f1as) y otros textos (entrevistas, etc.).<\/p>\n<p>En los pr\u00f3ximos meses la revista va a ir conociendo otros cambios relacionados con su funcionamiento, particularmente en lo que tiene que ver con su soporte, con su gesti\u00f3n y con su Consejo editorial.<\/p>\n<p><strong>Monograf\u00eda<\/strong><\/p>\n<p>Diana Cooper-Richet (editora cient\u00edfica):&nbsp;<em>Regards crois\u00e9s sur la presse francophone en Espagne et la presse hispanophone en France (XVIII<sup>e<\/sup>-XX<sup>e<\/sup>&nbsp;si\u00e8cles)<\/em><\/p>\n<p>C\u00e9line L\u00e8bre: La presse hispanophone dans les collections de La contemporaine: projets de num\u00e9risation et de valorisation<\/p>\n<p>Carlota Vicens-Pujol: Revistas culturales y de vanguardia&nbsp;publicadas en Espa\u00f1a en lengua francesa: una aproximaci\u00f3n<\/p>\n<p>Santiago D\u00edaz Lage: Le libraire Casimiro Monier et son journal fran\u00e7ais de Madrid<\/p>\n<p>Cristina Sol\u00e9 Castells: La revue franco-catalane&nbsp;<em>L\u2019Instant<\/em>&nbsp;: \u00e9volution d\u2019un instrument de m\u00e9diation culturelle<\/p>\n<p>Antoni Marimon Riutort: Entre el turismo y la pol\u00edtica:&nbsp;<em>Le Jeudi<\/em>, un semanario en lengua francesa durante la Segunda Rep\u00fablica espa\u00f1ola<\/p>\n<p>Diana Cooper-Richet: La presse hispanophone parisienne au XIX<sup>e<\/sup>&nbsp;si\u00e8cle&nbsp;:&nbsp;<em>El Correo de Ultramar<\/em>&nbsp;et les autres<\/p>\n<p>Jean-Fran\u00e7ois Botrel: <em>Paris-Murcie<\/em>,&nbsp;<em>Par\u00eds-Murcia<\/em>,&nbsp;<em>Murcia-Par\u00eds<\/em>: la presse et la charit\u00e9 sans fronti\u00e8res, en France et en Espagne, en 1879<\/p>\n<p>Genevi\u00e8ve Dreyfus-Armand: La presse de l\u2019exil r\u00e9publicain espagnol en France (1939-1975): antifranquisme et identit\u00e9s collectives<\/p>\n<p>M\u00e9lina Cariz: La presse de l&#8217;exil chilien, l\u2019exemple de la revue&nbsp;<em>Araucaria<\/em>&nbsp;<em>de Chile<\/em>&nbsp;(1978-1989)<\/p>\n<p><strong>VARIA<\/strong><\/p>\n<p>Miguel Amores F\u00faster: La paradoxe du reality: une r\u00e9flexion sur la posture litt\u00e9raire de Michel Houellebecq<\/p>\n<p>Pedro Ba\u00f1os Gallego: Les fronti\u00e8res du po\u00e8me en prose: pour une d\u00e9limitation g\u00e9n\u00e9rique<\/p>\n<p>Isabel Briales Bell\u00f3n: Salvaguarda de la lengua francesa en el mundo y de las lenguas minoritarias en Francia: pol\u00edticas e instituciones<\/p>\n<p>Manuel Brito: La vanguardia como nexo com\u00fan entre los poetas del lenguaje norteamericanos y algunas editoriales francesas (1975-2018)<\/p>\n<p>Ignacio I\u00f1arrea Las Heras: Signification de la nature dans les chansons fran\u00e7aises des p\u00e8lerins de Saint-Jacques: r\u00e9alit\u00e9, fiction et moralit\u00e9<\/p>\n<p>Ethel Junco &amp; Claudio C\u00e9sar Calabrese: La condici\u00f3n \u00f3rfica en la narraci\u00f3n maravillosa: tres cuentos de Perrault<\/p>\n<p>Marina L\u00f3pez Mart\u00ednez: La ville pierre de Fred Vargas<\/p>\n<p>Isabelle Marc: De la marginalidad a la comunidad: el feminismo populista de Virginie Despentes<\/p>\n<p>Patricia Mauclair &amp; Jes\u00fas D\u00edaz Armas: <em>Literatura ad usum delphini<\/em>: Jos\u00e9 de Viera y Clavijo y su traducci\u00f3n de los cuentos para ni\u00f1os de Arnaud Berquin<\/p>\n<p>Maribel Pe\u00f1alver Vicea: Termes d\u2019adresse et pulsion invocante chez L\u00e9onora Miano<\/p>\n<p>Ana Bel\u00e9n Soto: Le parcours identitaire au sein des x\u00e9nographies francophones&nbsp;: Maryam Madjidi, un exemple franco-persan<\/p>\n<p>Mathilde Tremblais: El concepto de heterolog\u00eda a trav\u00e9s de la presencia de lo abyecto en&nbsp;<em>Histoire de l\u2019\u0153il<\/em>&nbsp;y&nbsp;<em>Madame<\/em>&nbsp;<em>Edwarda<\/em>&nbsp;de Georges Bataille<\/p>\n<p><strong>Notas de lectura<\/strong><\/p>\n<p>\u00c0ngels Catena Rodulfo: Contribution \u00e0 l\u2019\u00e9tude des pragmat\u00e8mes<\/p>\n<p>Nicol\u00e1s Garayalde: Hacia una lectura justa<\/p>\n<p>Mercedes L\u00f3pez Santiago: Ense\u00f1anza del franc\u00e9s cient\u00edfico-t\u00e9cnico: perspectiva&nbsp;conceptual, terminol\u00f3gica y discursiva<\/p>\n<p>Isabelle Marc: La literatura de \u201cen medio\u201d: el&nbsp;<em>middlebrow<\/em>&nbsp;como concepto para entender la literatura francesa desde la Belle \u00c9poque hasta nuestros d\u00edas<\/p>\n<p>Pilar Pinto Buz\u00f3n: Feminismo disidente del siglo XXI<\/p>\n","protected":false},"excerpt":{"rendered":"<p>Se ha publicado el n\u00famero d\u00e9cimo sexto de&nbsp;\u00c7\u00e9dille, revista de estudios franceses,&nbsp;que contiene en esta ocasi\u00f3n el n\u00ba 9 de&#8230;<\/p>\n","protected":false},"author":23,"featured_media":48263,"comment_status":"closed","ping_status":"closed","sticky":false,"template":"","format":"standard","meta":{"inline_featured_image":false,"footnotes":""},"categories":[344,345,3381,350,2765],"tags":[782,5668,6215],"acf":[],"yoast_head":"<!-- This site is optimized with the Yoast SEO plugin v21.3 - https:\/\/yoast.com\/wordpress\/plugins\/seo\/ -->\n<title>Publicado el n\u00famero d\u00e9cimo sexto de C\u00e9dille, la revista de estudios franceses editada por la ULL - ULL - Noticias<\/title>\n<meta name=\"robots\" content=\"index, follow, max-snippet:-1, max-image-preview:large, max-video-preview:-1\" \/>\n<link rel=\"canonical\" href=\"https:\/\/www.ull.es\/portal\/noticias\/2019\/publicado-el-numero-decimo-sexto-de-cedille-la-revista-de-estudios-franceses-editada-por-la-ull\/\" \/>\n<meta property=\"og:locale\" content=\"es_ES\" \/>\n<meta property=\"og:type\" content=\"article\" \/>\n<meta property=\"og:title\" content=\"Publicado el n\u00famero d\u00e9cimo sexto de C\u00e9dille, la revista de estudios franceses editada por la ULL - ULL - Noticias\" \/>\n<meta property=\"og:description\" content=\"Se ha publicado el n\u00famero d\u00e9cimo sexto de&nbsp;\u00c7\u00e9dille, revista de estudios franceses,&nbsp;que contiene en esta ocasi\u00f3n el n\u00ba 9 de...\" \/>\n<meta property=\"og:url\" content=\"https:\/\/www.ull.es\/portal\/noticias\/2019\/publicado-el-numero-decimo-sexto-de-cedille-la-revista-de-estudios-franceses-editada-por-la-ull\/\" \/>\n<meta property=\"og:site_name\" content=\"ULL - Noticias\" \/>\n<meta property=\"article:publisher\" content=\"https:\/\/www.facebook.com\/universidaddelalaguna\/\" \/>\n<meta property=\"article:published_time\" content=\"2019-12-17T14:30:16+00:00\" \/>\n<meta property=\"article:modified_time\" content=\"2019-12-17T14:31:07+00:00\" \/>\n<meta property=\"og:image\" content=\"https:\/\/www.ull.es\/portal\/noticias\/wp-content\/uploads\/sites\/13\/2019\/12\/cedille.jpg\" \/>\n\t<meta property=\"og:image:width\" content=\"1024\" \/>\n\t<meta property=\"og:image:height\" content=\"683\" \/>\n\t<meta property=\"og:image:type\" content=\"image\/jpeg\" \/>\n<meta name=\"author\" content=\"gaprsa\" \/>\n<meta name=\"twitter:card\" content=\"summary_large_image\" \/>\n<meta name=\"twitter:creator\" content=\"@CanalULL\" \/>\n<meta name=\"twitter:site\" content=\"@CanalULL\" \/>\n<meta name=\"twitter:label1\" content=\"Escrito por\" \/>\n\t<meta name=\"twitter:data1\" content=\"gaprsa\" \/>\n\t<meta name=\"twitter:label2\" content=\"Tiempo de lectura\" \/>\n\t<meta name=\"twitter:data2\" content=\"4 minutos\" \/>\n<script type=\"application\/ld+json\" class=\"yoast-schema-graph\">{\"@context\":\"https:\/\/schema.org\",\"@graph\":[{\"@type\":\"WebPage\",\"@id\":\"https:\/\/www.ull.es\/portal\/noticias\/2019\/publicado-el-numero-decimo-sexto-de-cedille-la-revista-de-estudios-franceses-editada-por-la-ull\/\",\"url\":\"https:\/\/www.ull.es\/portal\/noticias\/2019\/publicado-el-numero-decimo-sexto-de-cedille-la-revista-de-estudios-franceses-editada-por-la-ull\/\",\"name\":\"Publicado el n\u00famero d\u00e9cimo sexto de C\u00e9dille, la revista de estudios franceses editada por la ULL - ULL - Noticias\",\"isPartOf\":{\"@id\":\"https:\/\/www.ull.es\/portal\/noticias\/#website\"},\"datePublished\":\"2019-12-17T14:30:16+00:00\",\"dateModified\":\"2019-12-17T14:31:07+00:00\",\"author\":{\"@id\":\"https:\/\/www.ull.es\/portal\/noticias\/#\/schema\/person\/b2b1a89d43ffa609e591f7df8ef3e817\"},\"breadcrumb\":{\"@id\":\"https:\/\/www.ull.es\/portal\/noticias\/2019\/publicado-el-numero-decimo-sexto-de-cedille-la-revista-de-estudios-franceses-editada-por-la-ull\/#breadcrumb\"},\"inLanguage\":\"es\",\"potentialAction\":[{\"@type\":\"ReadAction\",\"target\":[\"https:\/\/www.ull.es\/portal\/noticias\/2019\/publicado-el-numero-decimo-sexto-de-cedille-la-revista-de-estudios-franceses-editada-por-la-ull\/\"]}]},{\"@type\":\"BreadcrumbList\",\"@id\":\"https:\/\/www.ull.es\/portal\/noticias\/2019\/publicado-el-numero-decimo-sexto-de-cedille-la-revista-de-estudios-franceses-editada-por-la-ull\/#breadcrumb\",\"itemListElement\":[{\"@type\":\"ListItem\",\"position\":1,\"name\":\"Portada\",\"item\":\"https:\/\/www.ull.es\/portal\/noticias\/\"},{\"@type\":\"ListItem\",\"position\":2,\"name\":\"Publicado el n\u00famero d\u00e9cimo sexto de C\u00e9dille, la revista de estudios franceses editada por la ULL\"}]},{\"@type\":\"WebSite\",\"@id\":\"https:\/\/www.ull.es\/portal\/noticias\/#website\",\"url\":\"https:\/\/www.ull.es\/portal\/noticias\/\",\"name\":\"ULL - Noticias\",\"description\":\"\",\"potentialAction\":[{\"@type\":\"SearchAction\",\"target\":{\"@type\":\"EntryPoint\",\"urlTemplate\":\"https:\/\/www.ull.es\/portal\/noticias\/?s={search_term_string}\"},\"query-input\":\"required name=search_term_string\"}],\"inLanguage\":\"es\"},{\"@type\":\"Person\",\"@id\":\"https:\/\/www.ull.es\/portal\/noticias\/#\/schema\/person\/b2b1a89d43ffa609e591f7df8ef3e817\",\"name\":\"gaprsa\",\"image\":{\"@type\":\"ImageObject\",\"inLanguage\":\"es\",\"@id\":\"https:\/\/www.ull.es\/portal\/noticias\/#\/schema\/person\/image\/\",\"url\":\"https:\/\/secure.gravatar.com\/avatar\/443820550921091458b4823867723b3d?s=96&d=mm&r=g\",\"contentUrl\":\"https:\/\/secure.gravatar.com\/avatar\/443820550921091458b4823867723b3d?s=96&d=mm&r=g\",\"caption\":\"gaprsa\"},\"url\":\"https:\/\/www.ull.es\/portal\/noticias\/author\/gaprsa\/\"}]}<\/script>\n<!-- \/ Yoast SEO plugin. -->","yoast_head_json":{"title":"Publicado el n\u00famero d\u00e9cimo sexto de C\u00e9dille, la revista de estudios franceses editada por la ULL - ULL - Noticias","robots":{"index":"index","follow":"follow","max-snippet":"max-snippet:-1","max-image-preview":"max-image-preview:large","max-video-preview":"max-video-preview:-1"},"canonical":"https:\/\/www.ull.es\/portal\/noticias\/2019\/publicado-el-numero-decimo-sexto-de-cedille-la-revista-de-estudios-franceses-editada-por-la-ull\/","og_locale":"es_ES","og_type":"article","og_title":"Publicado el n\u00famero d\u00e9cimo sexto de C\u00e9dille, la revista de estudios franceses editada por la ULL - ULL - Noticias","og_description":"Se ha publicado el n\u00famero d\u00e9cimo sexto de&nbsp;\u00c7\u00e9dille, revista de estudios franceses,&nbsp;que contiene en esta ocasi\u00f3n el n\u00ba 9 de...","og_url":"https:\/\/www.ull.es\/portal\/noticias\/2019\/publicado-el-numero-decimo-sexto-de-cedille-la-revista-de-estudios-franceses-editada-por-la-ull\/","og_site_name":"ULL - Noticias","article_publisher":"https:\/\/www.facebook.com\/universidaddelalaguna\/","article_published_time":"2019-12-17T14:30:16+00:00","article_modified_time":"2019-12-17T14:31:07+00:00","og_image":[{"width":1024,"height":683,"url":"https:\/\/www.ull.es\/portal\/noticias\/wp-content\/uploads\/sites\/13\/2019\/12\/cedille.jpg","type":"image\/jpeg"}],"author":"gaprsa","twitter_card":"summary_large_image","twitter_creator":"@CanalULL","twitter_site":"@CanalULL","twitter_misc":{"Escrito por":"gaprsa","Tiempo de lectura":"4 minutos"},"schema":{"@context":"https:\/\/schema.org","@graph":[{"@type":"WebPage","@id":"https:\/\/www.ull.es\/portal\/noticias\/2019\/publicado-el-numero-decimo-sexto-de-cedille-la-revista-de-estudios-franceses-editada-por-la-ull\/","url":"https:\/\/www.ull.es\/portal\/noticias\/2019\/publicado-el-numero-decimo-sexto-de-cedille-la-revista-de-estudios-franceses-editada-por-la-ull\/","name":"Publicado el n\u00famero d\u00e9cimo sexto de C\u00e9dille, la revista de estudios franceses editada por la ULL - ULL - Noticias","isPartOf":{"@id":"https:\/\/www.ull.es\/portal\/noticias\/#website"},"datePublished":"2019-12-17T14:30:16+00:00","dateModified":"2019-12-17T14:31:07+00:00","author":{"@id":"https:\/\/www.ull.es\/portal\/noticias\/#\/schema\/person\/b2b1a89d43ffa609e591f7df8ef3e817"},"breadcrumb":{"@id":"https:\/\/www.ull.es\/portal\/noticias\/2019\/publicado-el-numero-decimo-sexto-de-cedille-la-revista-de-estudios-franceses-editada-por-la-ull\/#breadcrumb"},"inLanguage":"es","potentialAction":[{"@type":"ReadAction","target":["https:\/\/www.ull.es\/portal\/noticias\/2019\/publicado-el-numero-decimo-sexto-de-cedille-la-revista-de-estudios-franceses-editada-por-la-ull\/"]}]},{"@type":"BreadcrumbList","@id":"https:\/\/www.ull.es\/portal\/noticias\/2019\/publicado-el-numero-decimo-sexto-de-cedille-la-revista-de-estudios-franceses-editada-por-la-ull\/#breadcrumb","itemListElement":[{"@type":"ListItem","position":1,"name":"Portada","item":"https:\/\/www.ull.es\/portal\/noticias\/"},{"@type":"ListItem","position":2,"name":"Publicado el n\u00famero d\u00e9cimo sexto de C\u00e9dille, la revista de estudios franceses editada por la ULL"}]},{"@type":"WebSite","@id":"https:\/\/www.ull.es\/portal\/noticias\/#website","url":"https:\/\/www.ull.es\/portal\/noticias\/","name":"ULL - Noticias","description":"","potentialAction":[{"@type":"SearchAction","target":{"@type":"EntryPoint","urlTemplate":"https:\/\/www.ull.es\/portal\/noticias\/?s={search_term_string}"},"query-input":"required name=search_term_string"}],"inLanguage":"es"},{"@type":"Person","@id":"https:\/\/www.ull.es\/portal\/noticias\/#\/schema\/person\/b2b1a89d43ffa609e591f7df8ef3e817","name":"gaprsa","image":{"@type":"ImageObject","inLanguage":"es","@id":"https:\/\/www.ull.es\/portal\/noticias\/#\/schema\/person\/image\/","url":"https:\/\/secure.gravatar.com\/avatar\/443820550921091458b4823867723b3d?s=96&d=mm&r=g","contentUrl":"https:\/\/secure.gravatar.com\/avatar\/443820550921091458b4823867723b3d?s=96&d=mm&r=g","caption":"gaprsa"},"url":"https:\/\/www.ull.es\/portal\/noticias\/author\/gaprsa\/"}]}},"primary_category":{"id":345,"name":"Destacado","slug":"destacado","link":"https:\/\/www.ull.es\/portal\/noticias\/category\/destacado\/"},"featured_image_thumbnail_url":"https:\/\/www.ull.es\/portal\/noticias\/wp-content\/uploads\/sites\/13\/2019\/12\/cedille-300x200.jpg","_links":{"self":[{"href":"https:\/\/www.ull.es\/portal\/noticias\/wp-json\/wp\/v2\/posts\/48261"}],"collection":[{"href":"https:\/\/www.ull.es\/portal\/noticias\/wp-json\/wp\/v2\/posts"}],"about":[{"href":"https:\/\/www.ull.es\/portal\/noticias\/wp-json\/wp\/v2\/types\/post"}],"author":[{"embeddable":true,"href":"https:\/\/www.ull.es\/portal\/noticias\/wp-json\/wp\/v2\/users\/23"}],"replies":[{"embeddable":true,"href":"https:\/\/www.ull.es\/portal\/noticias\/wp-json\/wp\/v2\/comments?post=48261"}],"version-history":[{"count":2,"href":"https:\/\/www.ull.es\/portal\/noticias\/wp-json\/wp\/v2\/posts\/48261\/revisions"}],"predecessor-version":[{"id":48264,"href":"https:\/\/www.ull.es\/portal\/noticias\/wp-json\/wp\/v2\/posts\/48261\/revisions\/48264"}],"wp:featuredmedia":[{"embeddable":true,"href":"https:\/\/www.ull.es\/portal\/noticias\/wp-json\/wp\/v2\/media\/48263"}],"wp:attachment":[{"href":"https:\/\/www.ull.es\/portal\/noticias\/wp-json\/wp\/v2\/media?parent=48261"}],"wp:term":[{"taxonomy":"category","embeddable":true,"href":"https:\/\/www.ull.es\/portal\/noticias\/wp-json\/wp\/v2\/categories?post=48261"},{"taxonomy":"post_tag","embeddable":true,"href":"https:\/\/www.ull.es\/portal\/noticias\/wp-json\/wp\/v2\/tags?post=48261"}],"curies":[{"name":"wp","href":"https:\/\/api.w.org\/{rel}","templated":true}]}}