{"id":48277,"date":"2019-12-18T11:07:02","date_gmt":"2019-12-18T11:07:02","guid":{"rendered":"https:\/\/www.ull.es\/portal\/noticias\/?p=48277"},"modified":"2019-12-18T13:39:11","modified_gmt":"2019-12-18T13:39:11","slug":"la-ull-acoge-la-clausura-del-programa-demola-que-conecta-a-empresas-y-estudiantes","status":"publish","type":"post","link":"https:\/\/www.ull.es\/portal\/noticias\/2019\/la-ull-acoge-la-clausura-del-programa-demola-que-conecta-a-empresas-y-estudiantes\/","title":{"rendered":"La ULL acoge la clausura del programa Demola que conecta a empresas y estudiantes"},"content":{"rendered":"<p>Demola es un programa de innovaci\u00f3n creado en Finlandia en 2008 y que ya opera en 30 pa\u00edses. Su prop\u00f3sito es conectar a los estudiantes universitarios con el mundo de la empresa, de tal forma que grupos interdisciplinares de alumnado resuelvan retos planteados por las entidades participantes. Ayer 17 de diciembre la Universidad de La Laguna celebr\u00f3 la clausura de la novena edici\u00f3n de esta acci\u00f3n, a la que acudi\u00f3 la rectora, Rosa Aguilar.<\/p>\n<p><img decoding=\"async\" loading=\"lazy\" class=\"alignleft size-medium wp-image-48280\" src=\"https:\/\/www.ull.es\/portal\/noticias\/wp-content\/uploads\/sites\/13\/2019\/12\/Demola-Tfe-19-26-200x300.jpg\" alt=\"\" width=\"200\" height=\"300\" srcset=\"https:\/\/www.ull.es\/portal\/noticias\/wp-content\/uploads\/sites\/13\/2019\/12\/Demola-Tfe-19-26-200x300.jpg 200w, https:\/\/www.ull.es\/portal\/noticias\/wp-content\/uploads\/sites\/13\/2019\/12\/Demola-Tfe-19-26.jpg 683w, https:\/\/www.ull.es\/portal\/noticias\/wp-content\/uploads\/sites\/13\/2019\/12\/Demola-Tfe-19-26-375x562.jpg 375w\" sizes=\"(max-width: 200px) 100vw, 200px\" \/>El programa, de car\u00e1cter regional, est\u00e1 auspiciado por la Agencia Canaria de Investigaci\u00f3n, Innovaci\u00f3n y Sociedad de la Informaci\u00f3n del Gobierno de Canarias, que estuvo representada por su jefe de \u00e1rea, Antonio L\u00f3pez. En esta edici\u00f3n han presentado desaf\u00edos un total de cuatro compa\u00f1\u00edas: el Cabildo Insular de La Gomera, con el proyecto \u2018Gomera Bioenergy\u2019; el grupo Canarias.com, con la propuesta \u2018Innovando el VTC\u2019; TITSA, con la propuesta \u2018Superando la brecha tecnol\u00f3gica\u2019 y Grupo Valora Canarias con \u2018Tu participaci\u00f3n es valor\u2019.<\/p>\n<p>Para cada uno de los problemas planteados se form\u00f3 un equipo de estudiantes que abord\u00f3 de forma integral el reto planteado, y cuyas conclusiones fueron expuestas en la sesi\u00f3n de ayer, celebrada en el campus universitario de Guajara.<\/p>\n<p>La rectora se\u00f1al\u00f3 al comienzo de la sesi\u00f3n que se trata de una \u201ciniciativa brillante\u201d, porque pone a los estudiantes ante retos innovadores y reales planteados por las empresas, \u201cnecesitadas de nuevas soluciones en un entorno cada vez m\u00e1s competitivo y global\u201d. Aguilar agradeci\u00f3 a la agencia regional la traslaci\u00f3n del programa a las universidades canarias, dado que resulta \u201cuna <img decoding=\"async\" loading=\"lazy\" class=\"alignright size-medium wp-image-48281\" src=\"https:\/\/www.ull.es\/portal\/noticias\/wp-content\/uploads\/sites\/13\/2019\/12\/Demola-Tfe-19-31-300x200.jpg\" alt=\"\" width=\"300\" height=\"200\" srcset=\"https:\/\/www.ull.es\/portal\/noticias\/wp-content\/uploads\/sites\/13\/2019\/12\/Demola-Tfe-19-31-300x200.jpg 300w, https:\/\/www.ull.es\/portal\/noticias\/wp-content\/uploads\/sites\/13\/2019\/12\/Demola-Tfe-19-31-768x512.jpg 768w, https:\/\/www.ull.es\/portal\/noticias\/wp-content\/uploads\/sites\/13\/2019\/12\/Demola-Tfe-19-31.jpg 1024w, https:\/\/www.ull.es\/portal\/noticias\/wp-content\/uploads\/sites\/13\/2019\/12\/Demola-Tfe-19-31-375x250.jpg 375w, https:\/\/www.ull.es\/portal\/noticias\/wp-content\/uploads\/sites\/13\/2019\/12\/Demola-Tfe-19-31-750x500.jpg 750w\" sizes=\"(max-width: 300px) 100vw, 300px\" \/>oportunidad \u00fanica de acercarse a un entorno real de trabajo\u201d.<\/p>\n<p>Rosa Aguilar tambi\u00e9n tuvo palabras para las empresas e instituciones que cada a\u00f1o se prestan a participar, puesto que \u201cexponen sus desaf\u00edos y conf\u00edan en que nuestros estudiantes sepan resolverlos adecuadamente\u201d.<\/p>\n<p>\u201cPara nosotros esa confianza resulta vital, nos da fuerzas para seguir adelante y no desviarnos de nuestro camino, que no es otro que formar a j\u00f3venes comprometidos, competentes en su \u00e1rea de conocimiento, con una visi\u00f3n global del mundo que los rodea y, por supuesto, con ganas de mejorarlo\u201d, concluy\u00f3.<\/p>\n","protected":false},"excerpt":{"rendered":"<p>Demola es un programa de innovaci\u00f3n creado en Finlandia en 2008 y que ya opera en 30 pa\u00edses. Su prop\u00f3sito&#8230;<\/p>\n","protected":false},"author":23,"featured_media":48279,"comment_status":"closed","ping_status":"closed","sticky":false,"template":"","format":"standard","meta":{"inline_featured_image":false,"footnotes":""},"categories":[345,348,2765],"tags":[994,995],"acf":[],"yoast_head":"<!-- This site is optimized with the Yoast SEO plugin v21.3 - https:\/\/yoast.com\/wordpress\/plugins\/seo\/ -->\n<title>La ULL acoge la clausura del programa Demola que conecta a empresas y estudiantes - ULL - Noticias<\/title>\n<meta name=\"robots\" content=\"index, follow, max-snippet:-1, max-image-preview:large, max-video-preview:-1\" \/>\n<link rel=\"canonical\" href=\"https:\/\/www.ull.es\/portal\/noticias\/2019\/la-ull-acoge-la-clausura-del-programa-demola-que-conecta-a-empresas-y-estudiantes\/\" \/>\n<meta property=\"og:locale\" content=\"es_ES\" \/>\n<meta property=\"og:type\" content=\"article\" \/>\n<meta property=\"og:title\" content=\"La ULL acoge la clausura del programa Demola que conecta a empresas y estudiantes - ULL - Noticias\" \/>\n<meta property=\"og:description\" content=\"Demola es un programa de innovaci\u00f3n creado en Finlandia en 2008 y que ya opera en 30 pa\u00edses. Su prop\u00f3sito...\" \/>\n<meta property=\"og:url\" content=\"https:\/\/www.ull.es\/portal\/noticias\/2019\/la-ull-acoge-la-clausura-del-programa-demola-que-conecta-a-empresas-y-estudiantes\/\" \/>\n<meta property=\"og:site_name\" content=\"ULL - Noticias\" \/>\n<meta property=\"article:publisher\" content=\"https:\/\/www.facebook.com\/universidaddelalaguna\/\" \/>\n<meta property=\"article:published_time\" content=\"2019-12-18T11:07:02+00:00\" \/>\n<meta property=\"article:modified_time\" content=\"2019-12-18T13:39:11+00:00\" \/>\n<meta property=\"og:image\" content=\"https:\/\/www.ull.es\/portal\/noticias\/wp-content\/uploads\/sites\/13\/2019\/12\/Demola-Tfe-19-04.jpg\" \/>\n\t<meta property=\"og:image:width\" content=\"1024\" \/>\n\t<meta property=\"og:image:height\" content=\"683\" \/>\n\t<meta property=\"og:image:type\" content=\"image\/jpeg\" \/>\n<meta name=\"author\" content=\"gaprsa\" \/>\n<meta name=\"twitter:card\" content=\"summary_large_image\" \/>\n<meta name=\"twitter:creator\" content=\"@CanalULL\" \/>\n<meta name=\"twitter:site\" content=\"@CanalULL\" \/>\n<meta name=\"twitter:label1\" content=\"Escrito por\" \/>\n\t<meta name=\"twitter:data1\" content=\"gaprsa\" \/>\n\t<meta name=\"twitter:label2\" content=\"Tiempo de lectura\" \/>\n\t<meta name=\"twitter:data2\" content=\"2 minutos\" \/>\n<script type=\"application\/ld+json\" class=\"yoast-schema-graph\">{\"@context\":\"https:\/\/schema.org\",\"@graph\":[{\"@type\":\"WebPage\",\"@id\":\"https:\/\/www.ull.es\/portal\/noticias\/2019\/la-ull-acoge-la-clausura-del-programa-demola-que-conecta-a-empresas-y-estudiantes\/\",\"url\":\"https:\/\/www.ull.es\/portal\/noticias\/2019\/la-ull-acoge-la-clausura-del-programa-demola-que-conecta-a-empresas-y-estudiantes\/\",\"name\":\"La ULL acoge la clausura del programa Demola que conecta a empresas y estudiantes - ULL - Noticias\",\"isPartOf\":{\"@id\":\"https:\/\/www.ull.es\/portal\/noticias\/#website\"},\"datePublished\":\"2019-12-18T11:07:02+00:00\",\"dateModified\":\"2019-12-18T13:39:11+00:00\",\"author\":{\"@id\":\"https:\/\/www.ull.es\/portal\/noticias\/#\/schema\/person\/b2b1a89d43ffa609e591f7df8ef3e817\"},\"breadcrumb\":{\"@id\":\"https:\/\/www.ull.es\/portal\/noticias\/2019\/la-ull-acoge-la-clausura-del-programa-demola-que-conecta-a-empresas-y-estudiantes\/#breadcrumb\"},\"inLanguage\":\"es\",\"potentialAction\":[{\"@type\":\"ReadAction\",\"target\":[\"https:\/\/www.ull.es\/portal\/noticias\/2019\/la-ull-acoge-la-clausura-del-programa-demola-que-conecta-a-empresas-y-estudiantes\/\"]}]},{\"@type\":\"BreadcrumbList\",\"@id\":\"https:\/\/www.ull.es\/portal\/noticias\/2019\/la-ull-acoge-la-clausura-del-programa-demola-que-conecta-a-empresas-y-estudiantes\/#breadcrumb\",\"itemListElement\":[{\"@type\":\"ListItem\",\"position\":1,\"name\":\"Portada\",\"item\":\"https:\/\/www.ull.es\/portal\/noticias\/\"},{\"@type\":\"ListItem\",\"position\":2,\"name\":\"La ULL acoge la clausura del programa Demola que conecta a empresas y estudiantes\"}]},{\"@type\":\"WebSite\",\"@id\":\"https:\/\/www.ull.es\/portal\/noticias\/#website\",\"url\":\"https:\/\/www.ull.es\/portal\/noticias\/\",\"name\":\"ULL - Noticias\",\"description\":\"\",\"potentialAction\":[{\"@type\":\"SearchAction\",\"target\":{\"@type\":\"EntryPoint\",\"urlTemplate\":\"https:\/\/www.ull.es\/portal\/noticias\/?s={search_term_string}\"},\"query-input\":\"required name=search_term_string\"}],\"inLanguage\":\"es\"},{\"@type\":\"Person\",\"@id\":\"https:\/\/www.ull.es\/portal\/noticias\/#\/schema\/person\/b2b1a89d43ffa609e591f7df8ef3e817\",\"name\":\"gaprsa\",\"image\":{\"@type\":\"ImageObject\",\"inLanguage\":\"es\",\"@id\":\"https:\/\/www.ull.es\/portal\/noticias\/#\/schema\/person\/image\/\",\"url\":\"https:\/\/secure.gravatar.com\/avatar\/443820550921091458b4823867723b3d?s=96&d=mm&r=g\",\"contentUrl\":\"https:\/\/secure.gravatar.com\/avatar\/443820550921091458b4823867723b3d?s=96&d=mm&r=g\",\"caption\":\"gaprsa\"},\"url\":\"https:\/\/www.ull.es\/portal\/noticias\/author\/gaprsa\/\"}]}<\/script>\n<!-- \/ Yoast SEO plugin. -->","yoast_head_json":{"title":"La ULL acoge la clausura del programa Demola que conecta a empresas y estudiantes - ULL - Noticias","robots":{"index":"index","follow":"follow","max-snippet":"max-snippet:-1","max-image-preview":"max-image-preview:large","max-video-preview":"max-video-preview:-1"},"canonical":"https:\/\/www.ull.es\/portal\/noticias\/2019\/la-ull-acoge-la-clausura-del-programa-demola-que-conecta-a-empresas-y-estudiantes\/","og_locale":"es_ES","og_type":"article","og_title":"La ULL acoge la clausura del programa Demola que conecta a empresas y estudiantes - ULL - Noticias","og_description":"Demola es un programa de innovaci\u00f3n creado en Finlandia en 2008 y que ya opera en 30 pa\u00edses. Su prop\u00f3sito...","og_url":"https:\/\/www.ull.es\/portal\/noticias\/2019\/la-ull-acoge-la-clausura-del-programa-demola-que-conecta-a-empresas-y-estudiantes\/","og_site_name":"ULL - Noticias","article_publisher":"https:\/\/www.facebook.com\/universidaddelalaguna\/","article_published_time":"2019-12-18T11:07:02+00:00","article_modified_time":"2019-12-18T13:39:11+00:00","og_image":[{"width":1024,"height":683,"url":"https:\/\/www.ull.es\/portal\/noticias\/wp-content\/uploads\/sites\/13\/2019\/12\/Demola-Tfe-19-04.jpg","type":"image\/jpeg"}],"author":"gaprsa","twitter_card":"summary_large_image","twitter_creator":"@CanalULL","twitter_site":"@CanalULL","twitter_misc":{"Escrito por":"gaprsa","Tiempo de lectura":"2 minutos"},"schema":{"@context":"https:\/\/schema.org","@graph":[{"@type":"WebPage","@id":"https:\/\/www.ull.es\/portal\/noticias\/2019\/la-ull-acoge-la-clausura-del-programa-demola-que-conecta-a-empresas-y-estudiantes\/","url":"https:\/\/www.ull.es\/portal\/noticias\/2019\/la-ull-acoge-la-clausura-del-programa-demola-que-conecta-a-empresas-y-estudiantes\/","name":"La ULL acoge la clausura del programa Demola que conecta a empresas y estudiantes - ULL - Noticias","isPartOf":{"@id":"https:\/\/www.ull.es\/portal\/noticias\/#website"},"datePublished":"2019-12-18T11:07:02+00:00","dateModified":"2019-12-18T13:39:11+00:00","author":{"@id":"https:\/\/www.ull.es\/portal\/noticias\/#\/schema\/person\/b2b1a89d43ffa609e591f7df8ef3e817"},"breadcrumb":{"@id":"https:\/\/www.ull.es\/portal\/noticias\/2019\/la-ull-acoge-la-clausura-del-programa-demola-que-conecta-a-empresas-y-estudiantes\/#breadcrumb"},"inLanguage":"es","potentialAction":[{"@type":"ReadAction","target":["https:\/\/www.ull.es\/portal\/noticias\/2019\/la-ull-acoge-la-clausura-del-programa-demola-que-conecta-a-empresas-y-estudiantes\/"]}]},{"@type":"BreadcrumbList","@id":"https:\/\/www.ull.es\/portal\/noticias\/2019\/la-ull-acoge-la-clausura-del-programa-demola-que-conecta-a-empresas-y-estudiantes\/#breadcrumb","itemListElement":[{"@type":"ListItem","position":1,"name":"Portada","item":"https:\/\/www.ull.es\/portal\/noticias\/"},{"@type":"ListItem","position":2,"name":"La ULL acoge la clausura del programa Demola que conecta a empresas y estudiantes"}]},{"@type":"WebSite","@id":"https:\/\/www.ull.es\/portal\/noticias\/#website","url":"https:\/\/www.ull.es\/portal\/noticias\/","name":"ULL - Noticias","description":"","potentialAction":[{"@type":"SearchAction","target":{"@type":"EntryPoint","urlTemplate":"https:\/\/www.ull.es\/portal\/noticias\/?s={search_term_string}"},"query-input":"required name=search_term_string"}],"inLanguage":"es"},{"@type":"Person","@id":"https:\/\/www.ull.es\/portal\/noticias\/#\/schema\/person\/b2b1a89d43ffa609e591f7df8ef3e817","name":"gaprsa","image":{"@type":"ImageObject","inLanguage":"es","@id":"https:\/\/www.ull.es\/portal\/noticias\/#\/schema\/person\/image\/","url":"https:\/\/secure.gravatar.com\/avatar\/443820550921091458b4823867723b3d?s=96&d=mm&r=g","contentUrl":"https:\/\/secure.gravatar.com\/avatar\/443820550921091458b4823867723b3d?s=96&d=mm&r=g","caption":"gaprsa"},"url":"https:\/\/www.ull.es\/portal\/noticias\/author\/gaprsa\/"}]}},"primary_category":{"id":345,"name":"Destacado","slug":"destacado","link":"https:\/\/www.ull.es\/portal\/noticias\/category\/destacado\/"},"featured_image_thumbnail_url":"https:\/\/www.ull.es\/portal\/noticias\/wp-content\/uploads\/sites\/13\/2019\/12\/Demola-Tfe-19-04-300x200.jpg","_links":{"self":[{"href":"https:\/\/www.ull.es\/portal\/noticias\/wp-json\/wp\/v2\/posts\/48277"}],"collection":[{"href":"https:\/\/www.ull.es\/portal\/noticias\/wp-json\/wp\/v2\/posts"}],"about":[{"href":"https:\/\/www.ull.es\/portal\/noticias\/wp-json\/wp\/v2\/types\/post"}],"author":[{"embeddable":true,"href":"https:\/\/www.ull.es\/portal\/noticias\/wp-json\/wp\/v2\/users\/23"}],"replies":[{"embeddable":true,"href":"https:\/\/www.ull.es\/portal\/noticias\/wp-json\/wp\/v2\/comments?post=48277"}],"version-history":[{"count":5,"href":"https:\/\/www.ull.es\/portal\/noticias\/wp-json\/wp\/v2\/posts\/48277\/revisions"}],"predecessor-version":[{"id":48293,"href":"https:\/\/www.ull.es\/portal\/noticias\/wp-json\/wp\/v2\/posts\/48277\/revisions\/48293"}],"wp:featuredmedia":[{"embeddable":true,"href":"https:\/\/www.ull.es\/portal\/noticias\/wp-json\/wp\/v2\/media\/48279"}],"wp:attachment":[{"href":"https:\/\/www.ull.es\/portal\/noticias\/wp-json\/wp\/v2\/media?parent=48277"}],"wp:term":[{"taxonomy":"category","embeddable":true,"href":"https:\/\/www.ull.es\/portal\/noticias\/wp-json\/wp\/v2\/categories?post=48277"},{"taxonomy":"post_tag","embeddable":true,"href":"https:\/\/www.ull.es\/portal\/noticias\/wp-json\/wp\/v2\/tags?post=48277"}],"curies":[{"name":"wp","href":"https:\/\/api.w.org\/{rel}","templated":true}]}}