{"id":48353,"date":"2019-12-20T09:22:03","date_gmt":"2019-12-20T09:22:03","guid":{"rendered":"https:\/\/www.ull.es\/portal\/noticias\/?p=48353"},"modified":"2020-07-13T12:47:43","modified_gmt":"2020-07-13T12:47:43","slug":"la-universidad-de-la-laguna-difunde-los-fallos-de-sus-premios-culturales","status":"publish","type":"post","link":"https:\/\/www.ull.es\/portal\/noticias\/2019\/la-universidad-de-la-laguna-difunde-los-fallos-de-sus-premios-culturales\/","title":{"rendered":"La Universidad de La Laguna difunde los fallos de sus premios culturales"},"content":{"rendered":"<p><a href=\"https:\/\/www.ull.es\/portal\/noticias\/wp-content\/uploads\/sites\/13\/2019\/06\/premios-culturales.jpg\" target=\"_blank\" rel=\"noopener\"><img decoding=\"async\" loading=\"lazy\" class=\"alignleft size-medium wp-image-44691\" src=\"https:\/\/www.ull.es\/portal\/noticias\/wp-content\/uploads\/sites\/13\/2019\/06\/premios-culturales-300x169.jpg\" alt=\"Premios Culturales\" width=\"300\" height=\"169\" srcset=\"https:\/\/www.ull.es\/portal\/noticias\/wp-content\/uploads\/sites\/13\/2019\/06\/premios-culturales-300x169.jpg 300w, https:\/\/www.ull.es\/portal\/noticias\/wp-content\/uploads\/sites\/13\/2019\/06\/premios-culturales-768x432.jpg 768w, https:\/\/www.ull.es\/portal\/noticias\/wp-content\/uploads\/sites\/13\/2019\/06\/premios-culturales-375x211.jpg 375w, https:\/\/www.ull.es\/portal\/noticias\/wp-content\/uploads\/sites\/13\/2019\/06\/premios-culturales-750x422.jpg 750w, https:\/\/www.ull.es\/portal\/noticias\/wp-content\/uploads\/sites\/13\/2019\/06\/premios-culturales.jpg 800w\" sizes=\"(max-width: 300px) 100vw, 300px\" \/><\/a>El Vicerrectorado de Cultura, Participaci\u00f3n Social y Campus de Ofra y La Palma de la Universidad de La Laguna ha dado a conocer recientemente los fallos de los jurados de sus premios culturales correspondientes a 2019. Los galardones consisten en cuant\u00edas econ\u00f3micas variables pero, sobre todo, en la difusi\u00f3n de las obras ganadoras mediante la publicaci\u00f3n de los libros y cat\u00e1logos correspondientes y, en los casos que sea preceptivo, la organizaci\u00f3n de exposiciones y muestras, que se programar\u00e1n a lo largo del pr\u00f3ximo a\u00f1o.<\/p>\n<p>La novedad de este a\u00f1o es que se ha convocado por primera vez el <strong>Premio Nacional de Escultura M\u00aa Bel\u00e9n Morales<\/strong>, cuyo primer galard\u00f3n ha sido para la obra \u201cLas manos muertas II\u201d, de Francisco Hern\u00e1ndez D\u00edaz. Tambi\u00e9n se han concedido menciones especiales a \u201cRompiendo el silencio\u201d, de Beatriz Amador Est\u00e9vez, y \u201cLa soledad de un hombre\u201d, de Leonardo Rodr\u00edguez Izquierdo, y se han seleccionado otras obras para formar parte de la exposici\u00f3n y el cat\u00e1logo correspondientes, cuyos autores han sido Candelaria Su\u00e1rez Arteaga, Francisco de Borja Afonso, Carmen Gloria Mart\u00edn, Juan Antonio \u00c1lvarez Rodr\u00edguez, Luis Guardia, Cecilia Meier y Alejandro Bonnet, Francisco Armas Padr\u00f3n y Silvia Quevedo Garc\u00eda.<\/p>\n<p>El jurado del <strong>XXIII Premio Nacional de Pintura Enrique Lite<\/strong> decidi\u00f3 otorgar el primer premio a \u201cFatiguitas de manu\u00e9 y demi-r\u00e9ponse a como sobrellevar el polvo del camino\u201d, de Antonio Rodr\u00edguez Gil; el segundo a \u201cQue vivan las luchas\u201d, de Luis Miguel Mart\u00edn S\u00e1nchez; y el tercero a \u201cSin t\u00edtulo I\u201d, de Irene Morales Almeda. Adem\u00e1s, aport\u00f3 una selecci\u00f3n de otras quince piezas presentadas a concurso que formar\u00e1n parte del cat\u00e1logo y de la exposici\u00f3n.<\/p>\n<p>El vencedor del <strong>XXII Premio Internacional Julio Cort\u00e1zar de Relato Breve<\/strong> fue Diego Marcelo Balmaceda con el relato titulado \u00abSol de noche\u00bb. Adem\u00e1s, se entregaron distintos acc\u00e9sits a Mar\u00eda Mayte Garc\u00eda D\u00edaz por su obra \u00abEl se\u00f1or Anselmo\u00bb; a Juan Manuel Sainz Pe\u00f1a, autor de \u00abUn disparo\u00bb; Marta Teresa Pino Larrio por \u00abLux Tenebras\u00bb; Ana Hern\u00e1ndez Cordob\u00e9s por \u00abEl rugido de la marea\u00bb; Antonio Jes\u00fas Nu\u00f1ez Azuaga por \u00abLa esclavina ensangrentada\u00bb; e Irene Reyes Noguerol por \u00abNotas en la mesa\u00bb.<\/p>\n<p>En el <strong>XXII Premio Internacional de Teatro de Autor Domingo P\u00e9rez Minik<\/strong> se acord\u00f3 premiar la obra \u201cEl fondo del barranco\u201d, de Miguel \u00c1ngel Ortega Mach\u00edn, mientras que en el caso del <strong>XXI Premio Internacional de Poes\u00eda Luis Feria <\/strong>el jurado opt\u00f3 por declararlo desierto.<\/p>\n<p>El ganador del <strong>XXIV Certamen Internacional de Guiones Cinematogr\u00e1ficos de Cortometrajes<\/strong> ha sido \u201cSi lo s\u00e9 no vengo\u201d, de Jordi Oliver Ib\u00e1\u00f1ez, mientras que en el <strong>XVII Premio Internacional de Cortometrajes<\/strong> gan\u00f3 el Primer Premio \u201cSupine\u201d, de Nicole Goode, y el Premio al Mejor Cortometraje Canario \u201cMi profesora de salsa\u201d, de Rafael Navarro Mi\u00f1\u00f3n. Tambi\u00e9n se otorgaron menciones especiales: a la mejor direcci\u00f3n, a Leonardo P\u00e9rez Garc\u00eda por \u201cNacer\u201d; a mejor interpretaci\u00f3n, a Sof\u00eda M. Privitera, por su papel en \u201cLas otras camas\u201d; al mejor corto de animaci\u00f3n, y a \u201cMadrid-Atocha\u201d, de Jorge Dayas.<\/p>\n<p>En el <strong>XXIV Premio Internacional de Fotograf\u00eda Rafael Ramos Garc\u00eda<\/strong>, el trabajo ganador en la modalidad de serie fue \u201cViaje al Este\u201d, de Jos\u00e9 Mar\u00eda Rubio Calonge, mientras que el de la modalidad individual fue \u201cTarde en el lago\u201d, de Jos\u00e9 Luis Seijas. Al igual que en otros cert\u00e1menes, el jurado seleccion\u00f3 varias obras destacadas para formar parte de la exposici\u00f3n y el cat\u00e1logo: en la modalidad de series, fueron elegidos obras de Santiago Atienza Ferro, Xavier Ferrer Chust, Eduardo Carmona Ballester, Antonio P\u00e9rez Gil, Emilio Mu\u00f1oz Blanco, Jos\u00e9 Beut Duato, Jos\u00e9 Luis Garc\u00eda Alonso y Anna Uribe Ais; mientras que, en la modalidad individual, fueron Jos\u00e9 Luis M\u00e9ndez Fern\u00e1ndez, Santi Viladrich Pujol y Jos\u00e9 Ram\u00f3n Moreno Fern\u00e1ndez.<\/p>\n<p>En el <strong>IV Premio de Relato Breve Amadou Ndoye para alumnado universitario y profesorado de lengua espa\u00f1ola en \u00c1frica<\/strong>, En el IV Premio de Relato Breve Amadou Ndoye para alumnado universitario y<br \/>\nprofesorado de lengua espa\u00f1ola en \u00c1frica, en la Modadidad A (Profesorado) el Primer Premio qued\u00f3 desierto, se otorg\u00f3 con una menci\u00f3n especial a \u201cEmigrar, si o si\u201d, de Mame Mor Diouf (Senegal). En la Modalidad B (Alumnado), el ganador fue el relato titulado \u201cNoche oscura\u201d, de Juliana Mbengono Ela Avomo (Guinea Ecuatorial) y tambi\u00e9n hubo una menci\u00f3n para \u201cMiradas\u201d, de Juana Esperanza Ndong Nsang (Guinea Ecuatorial).<\/p>\n<p>Finalmente, en el <strong>XVI Concurso Universitario de Relato Breve D\u00eda del Libro<\/strong> el trabajo ganador fue \u201cPalabras para quitar el aliento\u201d, de Seyma Espinel Hern\u00e1ndez, alumna del Grado de Estudios Ingleses. Tambi\u00e9n fueron seleccionados para su publicaci\u00f3n \u201cExtracto de una conversaci\u00f3n que fue mantenida nunca\u201d, de Eva Sol\u00e1; \u201cLa espera\u201d, de Gabriel Castro Delgado; y \u201cEl vag\u00f3n dorado\u201d de Yanira Vera Hern\u00e1ndez.<\/p>\n","protected":false},"excerpt":{"rendered":"<p>El Vicerrectorado de Cultura, Participaci\u00f3n Social y Campus de Ofra y La Palma de la Universidad de La Laguna ha&#8230;<\/p>\n","protected":false},"author":21,"featured_media":44691,"comment_status":"closed","ping_status":"closed","sticky":false,"template":"","format":"image","meta":{"inline_featured_image":false,"footnotes":""},"categories":[344,345,2765],"tags":[825,927,6218,1297,2106,2151,2452],"acf":[],"yoast_head":"<!-- This site is optimized with the Yoast SEO plugin v21.3 - https:\/\/yoast.com\/wordpress\/plugins\/seo\/ -->\n<title>La ULL difunde los fallos de sus premios culturales<\/title>\n<meta name=\"description\" content=\"El Vicerrectorado de Cultura, Participaci\u00f3n Social y Campus de Ofra y La Palma ha dado a conocer los fallos de sus premios culturales de 2019.\" \/>\n<meta name=\"robots\" content=\"index, follow, max-snippet:-1, max-image-preview:large, max-video-preview:-1\" \/>\n<link rel=\"canonical\" href=\"https:\/\/www.ull.es\/portal\/noticias\/2019\/la-universidad-de-la-laguna-difunde-los-fallos-de-sus-premios-culturales\/\" \/>\n<meta property=\"og:locale\" content=\"es_ES\" \/>\n<meta property=\"og:type\" content=\"article\" \/>\n<meta property=\"og:title\" content=\"La ULL difunde los fallos de sus premios culturales\" \/>\n<meta property=\"og:description\" content=\"El Vicerrectorado de Cultura, Participaci\u00f3n Social y Campus de Ofra y La Palma ha dado a conocer los fallos de sus premios culturales de 2019.\" \/>\n<meta property=\"og:url\" content=\"https:\/\/www.ull.es\/portal\/noticias\/2019\/la-universidad-de-la-laguna-difunde-los-fallos-de-sus-premios-culturales\/\" \/>\n<meta property=\"og:site_name\" content=\"ULL - Noticias\" \/>\n<meta property=\"article:publisher\" content=\"https:\/\/www.facebook.com\/universidaddelalaguna\/\" \/>\n<meta property=\"article:published_time\" content=\"2019-12-20T09:22:03+00:00\" \/>\n<meta property=\"article:modified_time\" content=\"2020-07-13T12:47:43+00:00\" \/>\n<meta property=\"og:image\" content=\"https:\/\/www.ull.es\/portal\/noticias\/wp-content\/uploads\/sites\/13\/2019\/06\/premios-culturales.jpg\" \/>\n\t<meta property=\"og:image:width\" content=\"800\" \/>\n\t<meta property=\"og:image:height\" content=\"450\" \/>\n\t<meta property=\"og:image:type\" content=\"image\/jpeg\" \/>\n<meta name=\"author\" content=\"prensa2\" \/>\n<meta name=\"twitter:card\" content=\"summary_large_image\" \/>\n<meta name=\"twitter:creator\" content=\"@CanalULL\" \/>\n<meta name=\"twitter:site\" content=\"@CanalULL\" \/>\n<meta name=\"twitter:label1\" content=\"Escrito por\" \/>\n\t<meta name=\"twitter:data1\" content=\"prensa2\" \/>\n\t<meta name=\"twitter:label2\" content=\"Tiempo de lectura\" \/>\n\t<meta name=\"twitter:data2\" content=\"4 minutos\" \/>\n<script type=\"application\/ld+json\" class=\"yoast-schema-graph\">{\"@context\":\"https:\/\/schema.org\",\"@graph\":[{\"@type\":\"WebPage\",\"@id\":\"https:\/\/www.ull.es\/portal\/noticias\/2019\/la-universidad-de-la-laguna-difunde-los-fallos-de-sus-premios-culturales\/\",\"url\":\"https:\/\/www.ull.es\/portal\/noticias\/2019\/la-universidad-de-la-laguna-difunde-los-fallos-de-sus-premios-culturales\/\",\"name\":\"La ULL difunde los fallos de sus premios culturales\",\"isPartOf\":{\"@id\":\"https:\/\/www.ull.es\/portal\/noticias\/#website\"},\"datePublished\":\"2019-12-20T09:22:03+00:00\",\"dateModified\":\"2020-07-13T12:47:43+00:00\",\"author\":{\"@id\":\"https:\/\/www.ull.es\/portal\/noticias\/#\/schema\/person\/c3b2aa857797592927a03740d6664376\"},\"description\":\"El Vicerrectorado de Cultura, Participaci\u00f3n Social y Campus de Ofra y La Palma ha dado a conocer los fallos de sus premios culturales de 2019.\",\"breadcrumb\":{\"@id\":\"https:\/\/www.ull.es\/portal\/noticias\/2019\/la-universidad-de-la-laguna-difunde-los-fallos-de-sus-premios-culturales\/#breadcrumb\"},\"inLanguage\":\"es\",\"potentialAction\":[{\"@type\":\"ReadAction\",\"target\":[\"https:\/\/www.ull.es\/portal\/noticias\/2019\/la-universidad-de-la-laguna-difunde-los-fallos-de-sus-premios-culturales\/\"]}]},{\"@type\":\"BreadcrumbList\",\"@id\":\"https:\/\/www.ull.es\/portal\/noticias\/2019\/la-universidad-de-la-laguna-difunde-los-fallos-de-sus-premios-culturales\/#breadcrumb\",\"itemListElement\":[{\"@type\":\"ListItem\",\"position\":1,\"name\":\"Portada\",\"item\":\"https:\/\/www.ull.es\/portal\/noticias\/\"},{\"@type\":\"ListItem\",\"position\":2,\"name\":\"La Universidad de La Laguna difunde los fallos de sus premios culturales\"}]},{\"@type\":\"WebSite\",\"@id\":\"https:\/\/www.ull.es\/portal\/noticias\/#website\",\"url\":\"https:\/\/www.ull.es\/portal\/noticias\/\",\"name\":\"ULL - Noticias\",\"description\":\"\",\"potentialAction\":[{\"@type\":\"SearchAction\",\"target\":{\"@type\":\"EntryPoint\",\"urlTemplate\":\"https:\/\/www.ull.es\/portal\/noticias\/?s={search_term_string}\"},\"query-input\":\"required name=search_term_string\"}],\"inLanguage\":\"es\"},{\"@type\":\"Person\",\"@id\":\"https:\/\/www.ull.es\/portal\/noticias\/#\/schema\/person\/c3b2aa857797592927a03740d6664376\",\"name\":\"prensa2\",\"image\":{\"@type\":\"ImageObject\",\"inLanguage\":\"es\",\"@id\":\"https:\/\/www.ull.es\/portal\/noticias\/#\/schema\/person\/image\/\",\"url\":\"https:\/\/secure.gravatar.com\/avatar\/b58f310a5de5feb33d1e026d2493f23c?s=96&d=mm&r=g\",\"contentUrl\":\"https:\/\/secure.gravatar.com\/avatar\/b58f310a5de5feb33d1e026d2493f23c?s=96&d=mm&r=g\",\"caption\":\"prensa2\"},\"url\":\"https:\/\/www.ull.es\/portal\/noticias\/author\/prensa2\/\"}]}<\/script>\n<!-- \/ Yoast SEO plugin. -->","yoast_head_json":{"title":"La ULL difunde los fallos de sus premios culturales","description":"El Vicerrectorado de Cultura, Participaci\u00f3n Social y Campus de Ofra y La Palma ha dado a conocer los fallos de sus premios culturales de 2019.","robots":{"index":"index","follow":"follow","max-snippet":"max-snippet:-1","max-image-preview":"max-image-preview:large","max-video-preview":"max-video-preview:-1"},"canonical":"https:\/\/www.ull.es\/portal\/noticias\/2019\/la-universidad-de-la-laguna-difunde-los-fallos-de-sus-premios-culturales\/","og_locale":"es_ES","og_type":"article","og_title":"La ULL difunde los fallos de sus premios culturales","og_description":"El Vicerrectorado de Cultura, Participaci\u00f3n Social y Campus de Ofra y La Palma ha dado a conocer los fallos de sus premios culturales de 2019.","og_url":"https:\/\/www.ull.es\/portal\/noticias\/2019\/la-universidad-de-la-laguna-difunde-los-fallos-de-sus-premios-culturales\/","og_site_name":"ULL - Noticias","article_publisher":"https:\/\/www.facebook.com\/universidaddelalaguna\/","article_published_time":"2019-12-20T09:22:03+00:00","article_modified_time":"2020-07-13T12:47:43+00:00","og_image":[{"width":800,"height":450,"url":"https:\/\/www.ull.es\/portal\/noticias\/wp-content\/uploads\/sites\/13\/2019\/06\/premios-culturales.jpg","type":"image\/jpeg"}],"author":"prensa2","twitter_card":"summary_large_image","twitter_creator":"@CanalULL","twitter_site":"@CanalULL","twitter_misc":{"Escrito por":"prensa2","Tiempo de lectura":"4 minutos"},"schema":{"@context":"https:\/\/schema.org","@graph":[{"@type":"WebPage","@id":"https:\/\/www.ull.es\/portal\/noticias\/2019\/la-universidad-de-la-laguna-difunde-los-fallos-de-sus-premios-culturales\/","url":"https:\/\/www.ull.es\/portal\/noticias\/2019\/la-universidad-de-la-laguna-difunde-los-fallos-de-sus-premios-culturales\/","name":"La ULL difunde los fallos de sus premios culturales","isPartOf":{"@id":"https:\/\/www.ull.es\/portal\/noticias\/#website"},"datePublished":"2019-12-20T09:22:03+00:00","dateModified":"2020-07-13T12:47:43+00:00","author":{"@id":"https:\/\/www.ull.es\/portal\/noticias\/#\/schema\/person\/c3b2aa857797592927a03740d6664376"},"description":"El Vicerrectorado de Cultura, Participaci\u00f3n Social y Campus de Ofra y La Palma ha dado a conocer los fallos de sus premios culturales de 2019.","breadcrumb":{"@id":"https:\/\/www.ull.es\/portal\/noticias\/2019\/la-universidad-de-la-laguna-difunde-los-fallos-de-sus-premios-culturales\/#breadcrumb"},"inLanguage":"es","potentialAction":[{"@type":"ReadAction","target":["https:\/\/www.ull.es\/portal\/noticias\/2019\/la-universidad-de-la-laguna-difunde-los-fallos-de-sus-premios-culturales\/"]}]},{"@type":"BreadcrumbList","@id":"https:\/\/www.ull.es\/portal\/noticias\/2019\/la-universidad-de-la-laguna-difunde-los-fallos-de-sus-premios-culturales\/#breadcrumb","itemListElement":[{"@type":"ListItem","position":1,"name":"Portada","item":"https:\/\/www.ull.es\/portal\/noticias\/"},{"@type":"ListItem","position":2,"name":"La Universidad de La Laguna difunde los fallos de sus premios culturales"}]},{"@type":"WebSite","@id":"https:\/\/www.ull.es\/portal\/noticias\/#website","url":"https:\/\/www.ull.es\/portal\/noticias\/","name":"ULL - Noticias","description":"","potentialAction":[{"@type":"SearchAction","target":{"@type":"EntryPoint","urlTemplate":"https:\/\/www.ull.es\/portal\/noticias\/?s={search_term_string}"},"query-input":"required name=search_term_string"}],"inLanguage":"es"},{"@type":"Person","@id":"https:\/\/www.ull.es\/portal\/noticias\/#\/schema\/person\/c3b2aa857797592927a03740d6664376","name":"prensa2","image":{"@type":"ImageObject","inLanguage":"es","@id":"https:\/\/www.ull.es\/portal\/noticias\/#\/schema\/person\/image\/","url":"https:\/\/secure.gravatar.com\/avatar\/b58f310a5de5feb33d1e026d2493f23c?s=96&d=mm&r=g","contentUrl":"https:\/\/secure.gravatar.com\/avatar\/b58f310a5de5feb33d1e026d2493f23c?s=96&d=mm&r=g","caption":"prensa2"},"url":"https:\/\/www.ull.es\/portal\/noticias\/author\/prensa2\/"}]}},"primary_category":{"id":344,"name":"Cultura","slug":"cultura","link":"https:\/\/www.ull.es\/portal\/noticias\/category\/cultura\/"},"featured_image_thumbnail_url":"https:\/\/www.ull.es\/portal\/noticias\/wp-content\/uploads\/sites\/13\/2019\/06\/premios-culturales-300x169.jpg","_links":{"self":[{"href":"https:\/\/www.ull.es\/portal\/noticias\/wp-json\/wp\/v2\/posts\/48353"}],"collection":[{"href":"https:\/\/www.ull.es\/portal\/noticias\/wp-json\/wp\/v2\/posts"}],"about":[{"href":"https:\/\/www.ull.es\/portal\/noticias\/wp-json\/wp\/v2\/types\/post"}],"author":[{"embeddable":true,"href":"https:\/\/www.ull.es\/portal\/noticias\/wp-json\/wp\/v2\/users\/21"}],"replies":[{"embeddable":true,"href":"https:\/\/www.ull.es\/portal\/noticias\/wp-json\/wp\/v2\/comments?post=48353"}],"version-history":[{"count":3,"href":"https:\/\/www.ull.es\/portal\/noticias\/wp-json\/wp\/v2\/posts\/48353\/revisions"}],"predecessor-version":[{"id":51198,"href":"https:\/\/www.ull.es\/portal\/noticias\/wp-json\/wp\/v2\/posts\/48353\/revisions\/51198"}],"wp:featuredmedia":[{"embeddable":true,"href":"https:\/\/www.ull.es\/portal\/noticias\/wp-json\/wp\/v2\/media\/44691"}],"wp:attachment":[{"href":"https:\/\/www.ull.es\/portal\/noticias\/wp-json\/wp\/v2\/media?parent=48353"}],"wp:term":[{"taxonomy":"category","embeddable":true,"href":"https:\/\/www.ull.es\/portal\/noticias\/wp-json\/wp\/v2\/categories?post=48353"},{"taxonomy":"post_tag","embeddable":true,"href":"https:\/\/www.ull.es\/portal\/noticias\/wp-json\/wp\/v2\/tags?post=48353"}],"curies":[{"name":"wp","href":"https:\/\/api.w.org\/{rel}","templated":true}]}}