{"id":48464,"date":"2020-01-09T14:51:11","date_gmt":"2020-01-09T14:51:11","guid":{"rendered":"https:\/\/www.ull.es\/portal\/noticias\/?p=48464"},"modified":"2020-01-09T14:51:11","modified_gmt":"2020-01-09T14:51:11","slug":"susana-abdala-decana-farmacia","status":"publish","type":"post","link":"https:\/\/www.ull.es\/portal\/noticias\/2020\/susana-abdala-decana-farmacia\/","title":{"rendered":"Susana Abdal\u00e1 repite mandato como decana de la Facultad de Farmacia de la ULL"},"content":{"rendered":"<p>El equipo decanal de la Facultad de Farmacia de la Universidad de La Laguna ha tomado posesi\u00f3n hoy, jueves 9 de enero, en un sencillo acto celebrado en el Rectorado. Tras los comicios acaecidos en el centro, repiten en sus cargos la decana, Susana Abdal\u00e1-Kuri, y el vicedecano de Calidad Institucional, Alexis Manuel Oliva Mart\u00edn.<\/p>\n<p>Durante la ceremonia, la rectora Rosa Aguilar destac\u00f3 la importancia de que el decanato de la facultad fuera ocupado por una mujer, pues ello ayuda a lograr los objetivos de igualdad en la instituci\u00f3n y visibiliza la presencia femenina en puestos de relevancia. Tambi\u00e9n resalt\u00f3 la pujanza de una facultad que posee un alumnado muy vocacional y que a partir del pr\u00f3ximo curso deber\u00e1 enfrentarse al reto de poner en marcha un nuevo t\u00edtulo de grado, en Nutrici\u00f3n Humana y Diet\u00e9tica.<\/p>\n<p>Precisamente ese nuevo t\u00edtulo es uno de los objetivos que se ha marcado la nueva decana en este mandato. Se\u00f1al\u00f3 que se ir\u00e1 implantando gradualmente, de tal modo que en el a\u00f1o acad\u00e9mico 2020-21 se ofertar\u00e1n las 60 primeras plazas para el primer curso. Se trata de una titulaci\u00f3n con muchas expectativas laborales, pues existe una alta demanda de especialistas en nutrici\u00f3n no solo en los despachos farmac\u00e9uticos, sino en comedores de instituciones educativas, en gimnasios, o incluso como profesionales independientes.<\/p>\n<p>Abdal\u00e1-Kuri tambi\u00e9n puso \u00e9nfasis en mejorar la calidad de la docencia para lograr una formaci\u00f3n de profesionales farmac\u00e9uticos capaces de asesorar en el uso racional del medicamento y lograr la denominada adherencia terap\u00e9utica: esto es, realizar el seguimiento personalizado de cada caso para asegurar que al tratamiento pautado se sigue correctamente.<\/p>\n<p>Otra cuesti\u00f3n que ocupar\u00e1 al nuevo equipo decanal ser\u00e1 renovar el grado en Farmacia ante la Agencia Nacional de Evaluaci\u00f3n de la Calidad y Acreditaci\u00f3n (ANECA), para lo cual se introducir\u00e1n algunas modificaciones en el plan de estudios vigente.<\/p>\n","protected":false},"excerpt":{"rendered":"<p>El equipo decanal de la Facultad de Farmacia de la Universidad de La Laguna ha tomado posesi\u00f3n hoy, jueves 9&#8230;<\/p>\n","protected":false},"author":21,"featured_media":48467,"comment_status":"closed","ping_status":"closed","sticky":false,"template":"","format":"standard","meta":{"inline_featured_image":false,"footnotes":""},"categories":[345,4739,348,2765],"tags":[4714,6226,2497],"acf":[],"yoast_head":"<!-- This site is optimized with the Yoast SEO plugin v21.3 - https:\/\/yoast.com\/wordpress\/plugins\/seo\/ -->\n<title>Susana Abdal\u00e1 repite como decana de la Facultad de Farmacia de la ULL<\/title>\n<meta name=\"description\" content=\"Tras las elecciones pertinentes, repiten en sus cargos la decana Susana Abdal\u00e1-Kuri y el vicedecano de Calidad Institucional, Alexis Manuel Oliva Mart\u00edn.\" \/>\n<meta name=\"robots\" content=\"index, follow, max-snippet:-1, max-image-preview:large, max-video-preview:-1\" \/>\n<link rel=\"canonical\" href=\"https:\/\/www.ull.es\/portal\/noticias\/2020\/susana-abdala-decana-farmacia\/\" \/>\n<meta property=\"og:locale\" content=\"es_ES\" \/>\n<meta property=\"og:type\" content=\"article\" \/>\n<meta property=\"og:title\" content=\"Susana Abdal\u00e1 repite como decana de la Facultad de Farmacia de la ULL\" \/>\n<meta property=\"og:description\" content=\"Tras las elecciones pertinentes, repiten en sus cargos la decana Susana Abdal\u00e1-Kuri y el vicedecano de Calidad Institucional, Alexis Manuel Oliva Mart\u00edn.\" \/>\n<meta property=\"og:url\" content=\"https:\/\/www.ull.es\/portal\/noticias\/2020\/susana-abdala-decana-farmacia\/\" \/>\n<meta property=\"og:site_name\" content=\"ULL - Noticias\" \/>\n<meta property=\"article:publisher\" content=\"https:\/\/www.facebook.com\/universidaddelalaguna\/\" \/>\n<meta property=\"article:published_time\" content=\"2020-01-09T14:51:11+00:00\" \/>\n<meta property=\"og:image\" content=\"https:\/\/www.ull.es\/portal\/noticias\/wp-content\/uploads\/sites\/13\/2020\/01\/Foto-posesi\u00f3n-decana-Farmacia-3.jpg\" \/>\n\t<meta property=\"og:image:width\" content=\"1200\" \/>\n\t<meta property=\"og:image:height\" content=\"800\" \/>\n\t<meta property=\"og:image:type\" content=\"image\/jpeg\" \/>\n<meta name=\"author\" content=\"prensa2\" \/>\n<meta name=\"twitter:card\" content=\"summary_large_image\" \/>\n<meta name=\"twitter:creator\" content=\"@CanalULL\" \/>\n<meta name=\"twitter:site\" content=\"@CanalULL\" \/>\n<meta name=\"twitter:label1\" content=\"Escrito por\" \/>\n\t<meta name=\"twitter:data1\" content=\"prensa2\" \/>\n\t<meta name=\"twitter:label2\" content=\"Tiempo de lectura\" \/>\n\t<meta name=\"twitter:data2\" content=\"2 minutos\" \/>\n<script type=\"application\/ld+json\" class=\"yoast-schema-graph\">{\"@context\":\"https:\/\/schema.org\",\"@graph\":[{\"@type\":\"WebPage\",\"@id\":\"https:\/\/www.ull.es\/portal\/noticias\/2020\/susana-abdala-decana-farmacia\/\",\"url\":\"https:\/\/www.ull.es\/portal\/noticias\/2020\/susana-abdala-decana-farmacia\/\",\"name\":\"Susana Abdal\u00e1 repite como decana de la Facultad de Farmacia de la ULL\",\"isPartOf\":{\"@id\":\"https:\/\/www.ull.es\/portal\/noticias\/#website\"},\"datePublished\":\"2020-01-09T14:51:11+00:00\",\"dateModified\":\"2020-01-09T14:51:11+00:00\",\"author\":{\"@id\":\"https:\/\/www.ull.es\/portal\/noticias\/#\/schema\/person\/c3b2aa857797592927a03740d6664376\"},\"description\":\"Tras las elecciones pertinentes, repiten en sus cargos la decana Susana Abdal\u00e1-Kuri y el vicedecano de Calidad Institucional, Alexis Manuel Oliva Mart\u00edn.\",\"breadcrumb\":{\"@id\":\"https:\/\/www.ull.es\/portal\/noticias\/2020\/susana-abdala-decana-farmacia\/#breadcrumb\"},\"inLanguage\":\"es\",\"potentialAction\":[{\"@type\":\"ReadAction\",\"target\":[\"https:\/\/www.ull.es\/portal\/noticias\/2020\/susana-abdala-decana-farmacia\/\"]}]},{\"@type\":\"BreadcrumbList\",\"@id\":\"https:\/\/www.ull.es\/portal\/noticias\/2020\/susana-abdala-decana-farmacia\/#breadcrumb\",\"itemListElement\":[{\"@type\":\"ListItem\",\"position\":1,\"name\":\"Portada\",\"item\":\"https:\/\/www.ull.es\/portal\/noticias\/\"},{\"@type\":\"ListItem\",\"position\":2,\"name\":\"Susana Abdal\u00e1 repite mandato como decana de la Facultad de Farmacia de la ULL\"}]},{\"@type\":\"WebSite\",\"@id\":\"https:\/\/www.ull.es\/portal\/noticias\/#website\",\"url\":\"https:\/\/www.ull.es\/portal\/noticias\/\",\"name\":\"ULL - Noticias\",\"description\":\"\",\"potentialAction\":[{\"@type\":\"SearchAction\",\"target\":{\"@type\":\"EntryPoint\",\"urlTemplate\":\"https:\/\/www.ull.es\/portal\/noticias\/?s={search_term_string}\"},\"query-input\":\"required name=search_term_string\"}],\"inLanguage\":\"es\"},{\"@type\":\"Person\",\"@id\":\"https:\/\/www.ull.es\/portal\/noticias\/#\/schema\/person\/c3b2aa857797592927a03740d6664376\",\"name\":\"prensa2\",\"image\":{\"@type\":\"ImageObject\",\"inLanguage\":\"es\",\"@id\":\"https:\/\/www.ull.es\/portal\/noticias\/#\/schema\/person\/image\/\",\"url\":\"https:\/\/secure.gravatar.com\/avatar\/b58f310a5de5feb33d1e026d2493f23c?s=96&d=mm&r=g\",\"contentUrl\":\"https:\/\/secure.gravatar.com\/avatar\/b58f310a5de5feb33d1e026d2493f23c?s=96&d=mm&r=g\",\"caption\":\"prensa2\"},\"url\":\"https:\/\/www.ull.es\/portal\/noticias\/author\/prensa2\/\"}]}<\/script>\n<!-- \/ Yoast SEO plugin. -->","yoast_head_json":{"title":"Susana Abdal\u00e1 repite como decana de la Facultad de Farmacia de la ULL","description":"Tras las elecciones pertinentes, repiten en sus cargos la decana Susana Abdal\u00e1-Kuri y el vicedecano de Calidad Institucional, Alexis Manuel Oliva Mart\u00edn.","robots":{"index":"index","follow":"follow","max-snippet":"max-snippet:-1","max-image-preview":"max-image-preview:large","max-video-preview":"max-video-preview:-1"},"canonical":"https:\/\/www.ull.es\/portal\/noticias\/2020\/susana-abdala-decana-farmacia\/","og_locale":"es_ES","og_type":"article","og_title":"Susana Abdal\u00e1 repite como decana de la Facultad de Farmacia de la ULL","og_description":"Tras las elecciones pertinentes, repiten en sus cargos la decana Susana Abdal\u00e1-Kuri y el vicedecano de Calidad Institucional, Alexis Manuel Oliva Mart\u00edn.","og_url":"https:\/\/www.ull.es\/portal\/noticias\/2020\/susana-abdala-decana-farmacia\/","og_site_name":"ULL - Noticias","article_publisher":"https:\/\/www.facebook.com\/universidaddelalaguna\/","article_published_time":"2020-01-09T14:51:11+00:00","og_image":[{"width":1200,"height":800,"url":"https:\/\/www.ull.es\/portal\/noticias\/wp-content\/uploads\/sites\/13\/2020\/01\/Foto-posesi\u00f3n-decana-Farmacia-3.jpg","type":"image\/jpeg"}],"author":"prensa2","twitter_card":"summary_large_image","twitter_creator":"@CanalULL","twitter_site":"@CanalULL","twitter_misc":{"Escrito por":"prensa2","Tiempo de lectura":"2 minutos"},"schema":{"@context":"https:\/\/schema.org","@graph":[{"@type":"WebPage","@id":"https:\/\/www.ull.es\/portal\/noticias\/2020\/susana-abdala-decana-farmacia\/","url":"https:\/\/www.ull.es\/portal\/noticias\/2020\/susana-abdala-decana-farmacia\/","name":"Susana Abdal\u00e1 repite como decana de la Facultad de Farmacia de la ULL","isPartOf":{"@id":"https:\/\/www.ull.es\/portal\/noticias\/#website"},"datePublished":"2020-01-09T14:51:11+00:00","dateModified":"2020-01-09T14:51:11+00:00","author":{"@id":"https:\/\/www.ull.es\/portal\/noticias\/#\/schema\/person\/c3b2aa857797592927a03740d6664376"},"description":"Tras las elecciones pertinentes, repiten en sus cargos la decana Susana Abdal\u00e1-Kuri y el vicedecano de Calidad Institucional, Alexis Manuel Oliva Mart\u00edn.","breadcrumb":{"@id":"https:\/\/www.ull.es\/portal\/noticias\/2020\/susana-abdala-decana-farmacia\/#breadcrumb"},"inLanguage":"es","potentialAction":[{"@type":"ReadAction","target":["https:\/\/www.ull.es\/portal\/noticias\/2020\/susana-abdala-decana-farmacia\/"]}]},{"@type":"BreadcrumbList","@id":"https:\/\/www.ull.es\/portal\/noticias\/2020\/susana-abdala-decana-farmacia\/#breadcrumb","itemListElement":[{"@type":"ListItem","position":1,"name":"Portada","item":"https:\/\/www.ull.es\/portal\/noticias\/"},{"@type":"ListItem","position":2,"name":"Susana Abdal\u00e1 repite mandato como decana de la Facultad de Farmacia de la ULL"}]},{"@type":"WebSite","@id":"https:\/\/www.ull.es\/portal\/noticias\/#website","url":"https:\/\/www.ull.es\/portal\/noticias\/","name":"ULL - Noticias","description":"","potentialAction":[{"@type":"SearchAction","target":{"@type":"EntryPoint","urlTemplate":"https:\/\/www.ull.es\/portal\/noticias\/?s={search_term_string}"},"query-input":"required name=search_term_string"}],"inLanguage":"es"},{"@type":"Person","@id":"https:\/\/www.ull.es\/portal\/noticias\/#\/schema\/person\/c3b2aa857797592927a03740d6664376","name":"prensa2","image":{"@type":"ImageObject","inLanguage":"es","@id":"https:\/\/www.ull.es\/portal\/noticias\/#\/schema\/person\/image\/","url":"https:\/\/secure.gravatar.com\/avatar\/b58f310a5de5feb33d1e026d2493f23c?s=96&d=mm&r=g","contentUrl":"https:\/\/secure.gravatar.com\/avatar\/b58f310a5de5feb33d1e026d2493f23c?s=96&d=mm&r=g","caption":"prensa2"},"url":"https:\/\/www.ull.es\/portal\/noticias\/author\/prensa2\/"}]}},"primary_category":{"id":348,"name":"Instituci\u00f3n","slug":"institucion","link":"https:\/\/www.ull.es\/portal\/noticias\/category\/institucion\/"},"featured_image_thumbnail_url":"https:\/\/www.ull.es\/portal\/noticias\/wp-content\/uploads\/sites\/13\/2020\/01\/Foto-posesi\u00f3n-decana-Farmacia-3-300x200.jpg","_links":{"self":[{"href":"https:\/\/www.ull.es\/portal\/noticias\/wp-json\/wp\/v2\/posts\/48464"}],"collection":[{"href":"https:\/\/www.ull.es\/portal\/noticias\/wp-json\/wp\/v2\/posts"}],"about":[{"href":"https:\/\/www.ull.es\/portal\/noticias\/wp-json\/wp\/v2\/types\/post"}],"author":[{"embeddable":true,"href":"https:\/\/www.ull.es\/portal\/noticias\/wp-json\/wp\/v2\/users\/21"}],"replies":[{"embeddable":true,"href":"https:\/\/www.ull.es\/portal\/noticias\/wp-json\/wp\/v2\/comments?post=48464"}],"version-history":[{"count":1,"href":"https:\/\/www.ull.es\/portal\/noticias\/wp-json\/wp\/v2\/posts\/48464\/revisions"}],"predecessor-version":[{"id":48468,"href":"https:\/\/www.ull.es\/portal\/noticias\/wp-json\/wp\/v2\/posts\/48464\/revisions\/48468"}],"wp:featuredmedia":[{"embeddable":true,"href":"https:\/\/www.ull.es\/portal\/noticias\/wp-json\/wp\/v2\/media\/48467"}],"wp:attachment":[{"href":"https:\/\/www.ull.es\/portal\/noticias\/wp-json\/wp\/v2\/media?parent=48464"}],"wp:term":[{"taxonomy":"category","embeddable":true,"href":"https:\/\/www.ull.es\/portal\/noticias\/wp-json\/wp\/v2\/categories?post=48464"},{"taxonomy":"post_tag","embeddable":true,"href":"https:\/\/www.ull.es\/portal\/noticias\/wp-json\/wp\/v2\/tags?post=48464"}],"curies":[{"name":"wp","href":"https:\/\/api.w.org\/{rel}","templated":true}]}}