{"id":48543,"date":"2020-01-14T13:25:55","date_gmt":"2020-01-14T13:25:55","guid":{"rendered":"https:\/\/www.ull.es\/portal\/noticias\/?p=48543"},"modified":"2020-01-15T08:44:28","modified_gmt":"2020-01-15T08:44:28","slug":"arrancan-las-jornadas-de-puertas-abiertas-de-la-ull-con-la-presencia-de-estudiantes-del-norte-de-la-isla","status":"publish","type":"post","link":"https:\/\/www.ull.es\/portal\/noticias\/2020\/arrancan-las-jornadas-de-puertas-abiertas-de-la-ull-con-la-presencia-de-estudiantes-del-norte-de-la-isla\/","title":{"rendered":"Arrancan las Jornadas de Puertas Abiertas de la ULL con la presencia de estudiantes del norte de la isla"},"content":{"rendered":"\r\n<p><iframe loading=\"lazy\" title=\"Jornadas de Puertas Abiertas ULL 2020\" width=\"750\" height=\"422\" src=\"https:\/\/www.youtube.com\/embed\/ZAQuG7MD-lQ?feature=oembed\" frameborder=\"0\" allow=\"accelerometer; autoplay; encrypted-media; gyroscope; picture-in-picture\" allowfullscreen><\/iframe><\/p>\r\n<p>El Aulario General del campus de Guajara se ha llenado de j\u00f3venes estudiantes desde por primera hora de la ma\u00f1ana de hoy, 14 de enero. Se trata de los alumnos y alumnas que, procedentes de decenas de centros educativos del norte de Tenerife, se acercaban por primera vez a la Universidad de La Laguna.<\/p>\r\n\r\n\r\n\r\n<p class=\"has-text-align-center\"><strong><a href=\"https:\/\/drive.google.com\/drive\/folders\/1aR-d7N8k2uMupSJLVBa_4CF0IAy6rlDS?usp=sharing\" target=\"_blank\" rel=\"noopener\">Galer\u00eda de im\u00e1genes<\/a><\/strong><\/p>\r\n\r\n\r\n\r\n<p>Su destino era las Jornadas de Puertas Abiertas, organizadas cada a\u00f1o por el Servicio de Informaci\u00f3n y Orientaci\u00f3n del centro acad\u00e9mico. Esta cita congregar\u00e1 desde hoy y hasta final de la semana a m\u00e1s de 9.000 estudiantes de Bachillerato y Formaci\u00f3n Superior de toda Canarias, quienes tendr\u00e1n as\u00ed la posibilidad de obtener informaci\u00f3n directa acerca de sus estudios de preferencia y, de esa manera, decidir sobre su futuro profesional.<\/p>\r\n\r\n\r\n\r\n<p>La rectora del centro acad\u00e9mico, Rosa Aguilar, se acerc\u00f3 tambi\u00e9n a primera hora a dar la bienvenida a los estudiantes en alguna de las 44 charlas que se ofrecer\u00e1n diariamente estos cuatro d\u00edas, y en las que participan m\u00e1s de 150 profesores de la instituci\u00f3n universitaria, para ofrecer al futuro estudiante de la Universidad de La Laguna informaci\u00f3n precisa sobre la titulaci\u00f3n en cuesti\u00f3n, perfiles de ingreso, contenidos, evaluaciones y salidas profesionales.<\/p>\r\n\r\n\r\n\r\n<p>El Servicio de Informaci\u00f3n y Orientaci\u00f3n ha dispuesto una mesa informativa en la entrada del aulario, donde se puede recoger informaci\u00f3n t\u00e9cnica sobre las jornadas y hacerse con la gu\u00eda para familias del nuevo alumnado, un documento que describe c\u00f3mo son los estudios superiores, qu\u00e9 se espera de los futuros estudiantes, qu\u00e9 recursos y servicios tiene la universidad a su disposici\u00f3n y c\u00f3mo aprovechar el tiempo libre en actividades l\u00fadicas, deportivas y culturales.<\/p>\r\n\r\n\r\n\r\n<p>Precisamente para este colectivo, las familias, las Jornadas de Puertas Abiertas ofrece dentro de su vasto programa una acci\u00f3n espec\u00edfica: el encuentro con padres y madres de los futuros estudiantes, una cita que tendr\u00e1 lugar este jueves 16 a las 18.30 horas en el Aula Magna del campus de Guajara, y donde se suelen congregar cerca de 300 progenitores.<\/p>\r\n\r\n\r\n\r\n<p>El viernes se celebrar\u00e1 la visita a dos colegios mayores, para que los estudiantes de las islas conozcan los centros de alojamiento de la Universidad de La Laguna y los servicios de los que disponen.<\/p>\r\n","protected":false},"excerpt":{"rendered":"<p>El Aulario General del campus de Guajara se ha llenado de j\u00f3venes estudiantes desde por primera hora de la ma\u00f1ana&#8230;<\/p>\n","protected":false},"author":65,"featured_media":48544,"comment_status":"closed","ping_status":"closed","sticky":false,"template":"","format":"video","meta":{"inline_featured_image":false,"footnotes":""},"categories":[345,348,2765],"tags":[689,1610,6229,2382],"acf":[],"yoast_head":"<!-- This site is optimized with the Yoast SEO plugin v21.3 - https:\/\/yoast.com\/wordpress\/plugins\/seo\/ -->\n<title>Arrancan las Jornadas de Puertas Abiertas de la ULL con la presencia de estudiantes del norte de la isla - ULL - Noticias<\/title>\n<meta name=\"robots\" content=\"index, follow, max-snippet:-1, max-image-preview:large, max-video-preview:-1\" \/>\n<link rel=\"canonical\" href=\"https:\/\/www.ull.es\/portal\/noticias\/2020\/arrancan-las-jornadas-de-puertas-abiertas-de-la-ull-con-la-presencia-de-estudiantes-del-norte-de-la-isla\/\" \/>\n<meta property=\"og:locale\" content=\"es_ES\" \/>\n<meta property=\"og:type\" content=\"article\" \/>\n<meta property=\"og:title\" content=\"Arrancan las Jornadas de Puertas Abiertas de la ULL con la presencia de estudiantes del norte de la isla - ULL - Noticias\" \/>\n<meta property=\"og:description\" content=\"El Aulario General del campus de Guajara se ha llenado de j\u00f3venes estudiantes desde por primera hora de la ma\u00f1ana...\" \/>\n<meta property=\"og:url\" content=\"https:\/\/www.ull.es\/portal\/noticias\/2020\/arrancan-las-jornadas-de-puertas-abiertas-de-la-ull-con-la-presencia-de-estudiantes-del-norte-de-la-isla\/\" \/>\n<meta property=\"og:site_name\" content=\"ULL - Noticias\" \/>\n<meta property=\"article:publisher\" content=\"https:\/\/www.facebook.com\/universidaddelalaguna\/\" \/>\n<meta property=\"article:published_time\" content=\"2020-01-14T13:25:55+00:00\" \/>\n<meta property=\"article:modified_time\" content=\"2020-01-15T08:44:28+00:00\" \/>\n<meta property=\"og:image\" content=\"https:\/\/www.ull.es\/portal\/noticias\/wp-content\/uploads\/sites\/13\/2020\/01\/Puertas-abiertas-20-12.jpg\" \/>\n\t<meta property=\"og:image:width\" content=\"1024\" \/>\n\t<meta property=\"og:image:height\" content=\"683\" \/>\n\t<meta property=\"og:image:type\" content=\"image\/jpeg\" \/>\n<meta name=\"author\" content=\"gcom4\" \/>\n<meta name=\"twitter:card\" content=\"summary_large_image\" \/>\n<meta name=\"twitter:creator\" content=\"@CanalULL\" \/>\n<meta name=\"twitter:site\" content=\"@CanalULL\" \/>\n<meta name=\"twitter:label1\" content=\"Escrito por\" \/>\n\t<meta name=\"twitter:data1\" content=\"gcom4\" \/>\n\t<meta name=\"twitter:label2\" content=\"Tiempo de lectura\" \/>\n\t<meta name=\"twitter:data2\" content=\"2 minutos\" \/>\n<script type=\"application\/ld+json\" class=\"yoast-schema-graph\">{\"@context\":\"https:\/\/schema.org\",\"@graph\":[{\"@type\":\"WebPage\",\"@id\":\"https:\/\/www.ull.es\/portal\/noticias\/2020\/arrancan-las-jornadas-de-puertas-abiertas-de-la-ull-con-la-presencia-de-estudiantes-del-norte-de-la-isla\/\",\"url\":\"https:\/\/www.ull.es\/portal\/noticias\/2020\/arrancan-las-jornadas-de-puertas-abiertas-de-la-ull-con-la-presencia-de-estudiantes-del-norte-de-la-isla\/\",\"name\":\"Arrancan las Jornadas de Puertas Abiertas de la ULL con la presencia de estudiantes del norte de la isla - ULL - Noticias\",\"isPartOf\":{\"@id\":\"https:\/\/www.ull.es\/portal\/noticias\/#website\"},\"datePublished\":\"2020-01-14T13:25:55+00:00\",\"dateModified\":\"2020-01-15T08:44:28+00:00\",\"author\":{\"@id\":\"https:\/\/www.ull.es\/portal\/noticias\/#\/schema\/person\/9924518fb1ad37d4428e7b5d6f311773\"},\"breadcrumb\":{\"@id\":\"https:\/\/www.ull.es\/portal\/noticias\/2020\/arrancan-las-jornadas-de-puertas-abiertas-de-la-ull-con-la-presencia-de-estudiantes-del-norte-de-la-isla\/#breadcrumb\"},\"inLanguage\":\"es\",\"potentialAction\":[{\"@type\":\"ReadAction\",\"target\":[\"https:\/\/www.ull.es\/portal\/noticias\/2020\/arrancan-las-jornadas-de-puertas-abiertas-de-la-ull-con-la-presencia-de-estudiantes-del-norte-de-la-isla\/\"]}]},{\"@type\":\"BreadcrumbList\",\"@id\":\"https:\/\/www.ull.es\/portal\/noticias\/2020\/arrancan-las-jornadas-de-puertas-abiertas-de-la-ull-con-la-presencia-de-estudiantes-del-norte-de-la-isla\/#breadcrumb\",\"itemListElement\":[{\"@type\":\"ListItem\",\"position\":1,\"name\":\"Portada\",\"item\":\"https:\/\/www.ull.es\/portal\/noticias\/\"},{\"@type\":\"ListItem\",\"position\":2,\"name\":\"Arrancan las Jornadas de Puertas Abiertas de la ULL con la presencia de estudiantes del norte de la isla\"}]},{\"@type\":\"WebSite\",\"@id\":\"https:\/\/www.ull.es\/portal\/noticias\/#website\",\"url\":\"https:\/\/www.ull.es\/portal\/noticias\/\",\"name\":\"ULL - Noticias\",\"description\":\"\",\"potentialAction\":[{\"@type\":\"SearchAction\",\"target\":{\"@type\":\"EntryPoint\",\"urlTemplate\":\"https:\/\/www.ull.es\/portal\/noticias\/?s={search_term_string}\"},\"query-input\":\"required name=search_term_string\"}],\"inLanguage\":\"es\"},{\"@type\":\"Person\",\"@id\":\"https:\/\/www.ull.es\/portal\/noticias\/#\/schema\/person\/9924518fb1ad37d4428e7b5d6f311773\",\"name\":\"gcom4\",\"image\":{\"@type\":\"ImageObject\",\"inLanguage\":\"es\",\"@id\":\"https:\/\/www.ull.es\/portal\/noticias\/#\/schema\/person\/image\/\",\"url\":\"https:\/\/secure.gravatar.com\/avatar\/a5d1f5573f10617ccfcc209aaf6aa7fb?s=96&d=mm&r=g\",\"contentUrl\":\"https:\/\/secure.gravatar.com\/avatar\/a5d1f5573f10617ccfcc209aaf6aa7fb?s=96&d=mm&r=g\",\"caption\":\"gcom4\"},\"url\":\"https:\/\/www.ull.es\/portal\/noticias\/author\/gcom4\/\"}]}<\/script>\n<!-- \/ Yoast SEO plugin. -->","yoast_head_json":{"title":"Arrancan las Jornadas de Puertas Abiertas de la ULL con la presencia de estudiantes del norte de la isla - ULL - Noticias","robots":{"index":"index","follow":"follow","max-snippet":"max-snippet:-1","max-image-preview":"max-image-preview:large","max-video-preview":"max-video-preview:-1"},"canonical":"https:\/\/www.ull.es\/portal\/noticias\/2020\/arrancan-las-jornadas-de-puertas-abiertas-de-la-ull-con-la-presencia-de-estudiantes-del-norte-de-la-isla\/","og_locale":"es_ES","og_type":"article","og_title":"Arrancan las Jornadas de Puertas Abiertas de la ULL con la presencia de estudiantes del norte de la isla - ULL - Noticias","og_description":"El Aulario General del campus de Guajara se ha llenado de j\u00f3venes estudiantes desde por primera hora de la ma\u00f1ana...","og_url":"https:\/\/www.ull.es\/portal\/noticias\/2020\/arrancan-las-jornadas-de-puertas-abiertas-de-la-ull-con-la-presencia-de-estudiantes-del-norte-de-la-isla\/","og_site_name":"ULL - Noticias","article_publisher":"https:\/\/www.facebook.com\/universidaddelalaguna\/","article_published_time":"2020-01-14T13:25:55+00:00","article_modified_time":"2020-01-15T08:44:28+00:00","og_image":[{"width":1024,"height":683,"url":"https:\/\/www.ull.es\/portal\/noticias\/wp-content\/uploads\/sites\/13\/2020\/01\/Puertas-abiertas-20-12.jpg","type":"image\/jpeg"}],"author":"gcom4","twitter_card":"summary_large_image","twitter_creator":"@CanalULL","twitter_site":"@CanalULL","twitter_misc":{"Escrito por":"gcom4","Tiempo de lectura":"2 minutos"},"schema":{"@context":"https:\/\/schema.org","@graph":[{"@type":"WebPage","@id":"https:\/\/www.ull.es\/portal\/noticias\/2020\/arrancan-las-jornadas-de-puertas-abiertas-de-la-ull-con-la-presencia-de-estudiantes-del-norte-de-la-isla\/","url":"https:\/\/www.ull.es\/portal\/noticias\/2020\/arrancan-las-jornadas-de-puertas-abiertas-de-la-ull-con-la-presencia-de-estudiantes-del-norte-de-la-isla\/","name":"Arrancan las Jornadas de Puertas Abiertas de la ULL con la presencia de estudiantes del norte de la isla - ULL - Noticias","isPartOf":{"@id":"https:\/\/www.ull.es\/portal\/noticias\/#website"},"datePublished":"2020-01-14T13:25:55+00:00","dateModified":"2020-01-15T08:44:28+00:00","author":{"@id":"https:\/\/www.ull.es\/portal\/noticias\/#\/schema\/person\/9924518fb1ad37d4428e7b5d6f311773"},"breadcrumb":{"@id":"https:\/\/www.ull.es\/portal\/noticias\/2020\/arrancan-las-jornadas-de-puertas-abiertas-de-la-ull-con-la-presencia-de-estudiantes-del-norte-de-la-isla\/#breadcrumb"},"inLanguage":"es","potentialAction":[{"@type":"ReadAction","target":["https:\/\/www.ull.es\/portal\/noticias\/2020\/arrancan-las-jornadas-de-puertas-abiertas-de-la-ull-con-la-presencia-de-estudiantes-del-norte-de-la-isla\/"]}]},{"@type":"BreadcrumbList","@id":"https:\/\/www.ull.es\/portal\/noticias\/2020\/arrancan-las-jornadas-de-puertas-abiertas-de-la-ull-con-la-presencia-de-estudiantes-del-norte-de-la-isla\/#breadcrumb","itemListElement":[{"@type":"ListItem","position":1,"name":"Portada","item":"https:\/\/www.ull.es\/portal\/noticias\/"},{"@type":"ListItem","position":2,"name":"Arrancan las Jornadas de Puertas Abiertas de la ULL con la presencia de estudiantes del norte de la isla"}]},{"@type":"WebSite","@id":"https:\/\/www.ull.es\/portal\/noticias\/#website","url":"https:\/\/www.ull.es\/portal\/noticias\/","name":"ULL - Noticias","description":"","potentialAction":[{"@type":"SearchAction","target":{"@type":"EntryPoint","urlTemplate":"https:\/\/www.ull.es\/portal\/noticias\/?s={search_term_string}"},"query-input":"required name=search_term_string"}],"inLanguage":"es"},{"@type":"Person","@id":"https:\/\/www.ull.es\/portal\/noticias\/#\/schema\/person\/9924518fb1ad37d4428e7b5d6f311773","name":"gcom4","image":{"@type":"ImageObject","inLanguage":"es","@id":"https:\/\/www.ull.es\/portal\/noticias\/#\/schema\/person\/image\/","url":"https:\/\/secure.gravatar.com\/avatar\/a5d1f5573f10617ccfcc209aaf6aa7fb?s=96&d=mm&r=g","contentUrl":"https:\/\/secure.gravatar.com\/avatar\/a5d1f5573f10617ccfcc209aaf6aa7fb?s=96&d=mm&r=g","caption":"gcom4"},"url":"https:\/\/www.ull.es\/portal\/noticias\/author\/gcom4\/"}]}},"primary_category":{"id":348,"name":"Instituci\u00f3n","slug":"institucion","link":"https:\/\/www.ull.es\/portal\/noticias\/category\/institucion\/"},"featured_image_thumbnail_url":"https:\/\/www.ull.es\/portal\/noticias\/wp-content\/uploads\/sites\/13\/2020\/01\/Puertas-abiertas-20-12-300x200.jpg","_links":{"self":[{"href":"https:\/\/www.ull.es\/portal\/noticias\/wp-json\/wp\/v2\/posts\/48543"}],"collection":[{"href":"https:\/\/www.ull.es\/portal\/noticias\/wp-json\/wp\/v2\/posts"}],"about":[{"href":"https:\/\/www.ull.es\/portal\/noticias\/wp-json\/wp\/v2\/types\/post"}],"author":[{"embeddable":true,"href":"https:\/\/www.ull.es\/portal\/noticias\/wp-json\/wp\/v2\/users\/65"}],"replies":[{"embeddable":true,"href":"https:\/\/www.ull.es\/portal\/noticias\/wp-json\/wp\/v2\/comments?post=48543"}],"version-history":[{"count":3,"href":"https:\/\/www.ull.es\/portal\/noticias\/wp-json\/wp\/v2\/posts\/48543\/revisions"}],"predecessor-version":[{"id":48555,"href":"https:\/\/www.ull.es\/portal\/noticias\/wp-json\/wp\/v2\/posts\/48543\/revisions\/48555"}],"wp:featuredmedia":[{"embeddable":true,"href":"https:\/\/www.ull.es\/portal\/noticias\/wp-json\/wp\/v2\/media\/48544"}],"wp:attachment":[{"href":"https:\/\/www.ull.es\/portal\/noticias\/wp-json\/wp\/v2\/media?parent=48543"}],"wp:term":[{"taxonomy":"category","embeddable":true,"href":"https:\/\/www.ull.es\/portal\/noticias\/wp-json\/wp\/v2\/categories?post=48543"},{"taxonomy":"post_tag","embeddable":true,"href":"https:\/\/www.ull.es\/portal\/noticias\/wp-json\/wp\/v2\/tags?post=48543"}],"curies":[{"name":"wp","href":"https:\/\/api.w.org\/{rel}","templated":true}]}}