{"id":48689,"date":"2020-01-23T10:04:29","date_gmt":"2020-01-23T10:04:29","guid":{"rendered":"https:\/\/www.ull.es\/portal\/noticias\/?p=48689"},"modified":"2020-01-23T10:04:29","modified_gmt":"2020-01-23T10:04:29","slug":"la-ull-continua-con-sus-jornadas-de-sensibilizacion-del-proyecto-ecoareas-mardetodos","status":"publish","type":"post","link":"https:\/\/www.ull.es\/portal\/noticias\/2020\/la-ull-continua-con-sus-jornadas-de-sensibilizacion-del-proyecto-ecoareas-mardetodos\/","title":{"rendered":"La ULL contin\u00faa con sus jornadas de sensibilizaci\u00f3n del proyecto \u2018Eco\u00e1reas-Mardetodos\u2019"},"content":{"rendered":"<p>Esta semana ha tenido lugar un encuentro de consenso y sensibilizaci\u00f3n entre investigadores del proyecto \u2018Eco\u00e1reas-Mardetodos\u2019, representantes del Ayuntamiento de La Laguna y vecinos de Punta del Hidalgo. La jornada transcurri\u00f3 en el Vicerrectorado de Investigaci\u00f3n y Transferencia de la Universidad de La Laguna.<\/p>\n<p>El principal objetivo de las jornadas fue visibilizar el proceso de trabajo desarrollado con los diferentes agentes involucrados en la puesta en marcha de una eco\u00e1rea piloto de Punta del Hidalgo, contando con representantes de las administraciones y con la sociedad civil. Esta propuesta se enmarca en la puesta en marcha de la \u2018Red Canaria de Eco\u00e1reas\u2019, que cuenta con diferentes iniciativas piloto en las ocho islas.<\/p>\n<p><img decoding=\"async\" loading=\"lazy\" class=\"alignleft size-medium wp-image-48692\" src=\"https:\/\/www.ull.es\/portal\/noticias\/wp-content\/uploads\/sites\/13\/2020\/01\/ecoareas-punta-del-hidalgo2-300x200.jpg\" alt=\"\" width=\"300\" height=\"200\" srcset=\"https:\/\/www.ull.es\/portal\/noticias\/wp-content\/uploads\/sites\/13\/2020\/01\/ecoareas-punta-del-hidalgo2-300x200.jpg 300w, https:\/\/www.ull.es\/portal\/noticias\/wp-content\/uploads\/sites\/13\/2020\/01\/ecoareas-punta-del-hidalgo2-1024x683.jpg 1024w, https:\/\/www.ull.es\/portal\/noticias\/wp-content\/uploads\/sites\/13\/2020\/01\/ecoareas-punta-del-hidalgo2-768x512.jpg 768w, https:\/\/www.ull.es\/portal\/noticias\/wp-content\/uploads\/sites\/13\/2020\/01\/ecoareas-punta-del-hidalgo2-375x250.jpg 375w, https:\/\/www.ull.es\/portal\/noticias\/wp-content\/uploads\/sites\/13\/2020\/01\/ecoareas-punta-del-hidalgo2-750x500.jpg 750w, https:\/\/www.ull.es\/portal\/noticias\/wp-content\/uploads\/sites\/13\/2020\/01\/ecoareas-punta-del-hidalgo2-1140x760.jpg 1140w, https:\/\/www.ull.es\/portal\/noticias\/wp-content\/uploads\/sites\/13\/2020\/01\/ecoareas-punta-del-hidalgo2.jpg 1200w\" sizes=\"(max-width: 300px) 100vw, 300px\" \/>Durante la jornada se explicaron brevemente los resultados del trabajo desarrollado en la Punta del Hidalgo y, sobre todo, se adoptaron los compromisos necesarios para continuar trabajando en la implementaci\u00f3n de la eco\u00e1raea, en el contexto de su foro.<\/p>\n<p>El foro de participaci\u00f3n de la eco\u00e1rea de Punta del Hidalgo se constituy\u00f3 el pasado 24 de octubre, con representaci\u00f3n de sus vecinos, investigadores de la universidad y administradores locales, aspirando a servir de nexo o punto de encuentro de cara a futuras intervenciones en esta zona de la costa del municipio lagunero.<\/p>\n<p>El acto de esta semana estuvo presentado por Sergio Moreno, investigador de la Universidad de La Laguna, e integrantes del consejo cient\u00edfico del proyecto como \u00c1ngel Lobo, Pablo Rodr\u00edguez, Marta Sans\u00f3n y Raquel de la Cruz Modino. Al encuentro acudieron vecinos de la Punta del Hidalgo y el concejal delegado en el \u00e1mbito del \u00c1rea de Servicios Municipales y Medio Ambiente de La Laguna, Jos\u00e9 Luis Hern\u00e1ndez Hern\u00e1ndez, junto a Ernesto Pereda de Pablo, vicerrector de Investigaci\u00f3n y Transferencia del centro acad\u00e9mico universitario.<\/p>\n<p>&nbsp;<\/p>\n<p>&nbsp;<\/p>\n","protected":false},"excerpt":{"rendered":"<p>Esta semana ha tenido lugar un encuentro de consenso y sensibilizaci\u00f3n entre investigadores del proyecto \u2018Eco\u00e1reas-Mardetodos\u2019, representantes del Ayuntamiento de&#8230;<\/p>\n","protected":false},"author":23,"featured_media":48691,"comment_status":"closed","ping_status":"closed","sticky":false,"template":"","format":"standard","meta":{"inline_featured_image":false,"footnotes":""},"categories":[345,350,2765],"tags":[6266,6265,6144],"acf":[],"yoast_head":"<!-- This site is optimized with the Yoast SEO plugin v21.3 - https:\/\/yoast.com\/wordpress\/plugins\/seo\/ -->\n<title>La ULL contin\u00faa con sus jornadas de sensibilizaci\u00f3n del proyecto \u2018Eco\u00e1reas-Mardetodos\u2019 - ULL - Noticias<\/title>\n<meta name=\"robots\" content=\"index, follow, max-snippet:-1, max-image-preview:large, max-video-preview:-1\" \/>\n<link rel=\"canonical\" href=\"https:\/\/www.ull.es\/portal\/noticias\/2020\/la-ull-continua-con-sus-jornadas-de-sensibilizacion-del-proyecto-ecoareas-mardetodos\/\" \/>\n<meta property=\"og:locale\" content=\"es_ES\" \/>\n<meta property=\"og:type\" content=\"article\" \/>\n<meta property=\"og:title\" content=\"La ULL contin\u00faa con sus jornadas de sensibilizaci\u00f3n del proyecto \u2018Eco\u00e1reas-Mardetodos\u2019 - ULL - Noticias\" \/>\n<meta property=\"og:description\" content=\"Esta semana ha tenido lugar un encuentro de consenso y sensibilizaci\u00f3n entre investigadores del proyecto \u2018Eco\u00e1reas-Mardetodos\u2019, representantes del Ayuntamiento de...\" \/>\n<meta property=\"og:url\" content=\"https:\/\/www.ull.es\/portal\/noticias\/2020\/la-ull-continua-con-sus-jornadas-de-sensibilizacion-del-proyecto-ecoareas-mardetodos\/\" \/>\n<meta property=\"og:site_name\" content=\"ULL - Noticias\" \/>\n<meta property=\"article:publisher\" content=\"https:\/\/www.facebook.com\/universidaddelalaguna\/\" \/>\n<meta property=\"article:published_time\" content=\"2020-01-23T10:04:29+00:00\" \/>\n<meta property=\"og:image\" content=\"https:\/\/www.ull.es\/portal\/noticias\/wp-content\/uploads\/sites\/13\/2020\/01\/ecoareas-punta-del-hidalgo1.jpg\" \/>\n\t<meta property=\"og:image:width\" content=\"1200\" \/>\n\t<meta property=\"og:image:height\" content=\"800\" \/>\n\t<meta property=\"og:image:type\" content=\"image\/jpeg\" \/>\n<meta name=\"author\" content=\"gaprsa\" \/>\n<meta name=\"twitter:card\" content=\"summary_large_image\" \/>\n<meta name=\"twitter:creator\" content=\"@CanalULL\" \/>\n<meta name=\"twitter:site\" content=\"@CanalULL\" \/>\n<meta name=\"twitter:label1\" content=\"Escrito por\" \/>\n\t<meta name=\"twitter:data1\" content=\"gaprsa\" \/>\n\t<meta name=\"twitter:label2\" content=\"Tiempo de lectura\" \/>\n\t<meta name=\"twitter:data2\" content=\"2 minutos\" \/>\n<script type=\"application\/ld+json\" class=\"yoast-schema-graph\">{\"@context\":\"https:\/\/schema.org\",\"@graph\":[{\"@type\":\"WebPage\",\"@id\":\"https:\/\/www.ull.es\/portal\/noticias\/2020\/la-ull-continua-con-sus-jornadas-de-sensibilizacion-del-proyecto-ecoareas-mardetodos\/\",\"url\":\"https:\/\/www.ull.es\/portal\/noticias\/2020\/la-ull-continua-con-sus-jornadas-de-sensibilizacion-del-proyecto-ecoareas-mardetodos\/\",\"name\":\"La ULL contin\u00faa con sus jornadas de sensibilizaci\u00f3n del proyecto \u2018Eco\u00e1reas-Mardetodos\u2019 - ULL - Noticias\",\"isPartOf\":{\"@id\":\"https:\/\/www.ull.es\/portal\/noticias\/#website\"},\"datePublished\":\"2020-01-23T10:04:29+00:00\",\"dateModified\":\"2020-01-23T10:04:29+00:00\",\"author\":{\"@id\":\"https:\/\/www.ull.es\/portal\/noticias\/#\/schema\/person\/b2b1a89d43ffa609e591f7df8ef3e817\"},\"breadcrumb\":{\"@id\":\"https:\/\/www.ull.es\/portal\/noticias\/2020\/la-ull-continua-con-sus-jornadas-de-sensibilizacion-del-proyecto-ecoareas-mardetodos\/#breadcrumb\"},\"inLanguage\":\"es\",\"potentialAction\":[{\"@type\":\"ReadAction\",\"target\":[\"https:\/\/www.ull.es\/portal\/noticias\/2020\/la-ull-continua-con-sus-jornadas-de-sensibilizacion-del-proyecto-ecoareas-mardetodos\/\"]}]},{\"@type\":\"BreadcrumbList\",\"@id\":\"https:\/\/www.ull.es\/portal\/noticias\/2020\/la-ull-continua-con-sus-jornadas-de-sensibilizacion-del-proyecto-ecoareas-mardetodos\/#breadcrumb\",\"itemListElement\":[{\"@type\":\"ListItem\",\"position\":1,\"name\":\"Portada\",\"item\":\"https:\/\/www.ull.es\/portal\/noticias\/\"},{\"@type\":\"ListItem\",\"position\":2,\"name\":\"La ULL contin\u00faa con sus jornadas de sensibilizaci\u00f3n del proyecto \u2018Eco\u00e1reas-Mardetodos\u2019\"}]},{\"@type\":\"WebSite\",\"@id\":\"https:\/\/www.ull.es\/portal\/noticias\/#website\",\"url\":\"https:\/\/www.ull.es\/portal\/noticias\/\",\"name\":\"ULL - Noticias\",\"description\":\"\",\"potentialAction\":[{\"@type\":\"SearchAction\",\"target\":{\"@type\":\"EntryPoint\",\"urlTemplate\":\"https:\/\/www.ull.es\/portal\/noticias\/?s={search_term_string}\"},\"query-input\":\"required name=search_term_string\"}],\"inLanguage\":\"es\"},{\"@type\":\"Person\",\"@id\":\"https:\/\/www.ull.es\/portal\/noticias\/#\/schema\/person\/b2b1a89d43ffa609e591f7df8ef3e817\",\"name\":\"gaprsa\",\"image\":{\"@type\":\"ImageObject\",\"inLanguage\":\"es\",\"@id\":\"https:\/\/www.ull.es\/portal\/noticias\/#\/schema\/person\/image\/\",\"url\":\"https:\/\/secure.gravatar.com\/avatar\/443820550921091458b4823867723b3d?s=96&d=mm&r=g\",\"contentUrl\":\"https:\/\/secure.gravatar.com\/avatar\/443820550921091458b4823867723b3d?s=96&d=mm&r=g\",\"caption\":\"gaprsa\"},\"url\":\"https:\/\/www.ull.es\/portal\/noticias\/author\/gaprsa\/\"}]}<\/script>\n<!-- \/ Yoast SEO plugin. -->","yoast_head_json":{"title":"La ULL contin\u00faa con sus jornadas de sensibilizaci\u00f3n del proyecto \u2018Eco\u00e1reas-Mardetodos\u2019 - ULL - Noticias","robots":{"index":"index","follow":"follow","max-snippet":"max-snippet:-1","max-image-preview":"max-image-preview:large","max-video-preview":"max-video-preview:-1"},"canonical":"https:\/\/www.ull.es\/portal\/noticias\/2020\/la-ull-continua-con-sus-jornadas-de-sensibilizacion-del-proyecto-ecoareas-mardetodos\/","og_locale":"es_ES","og_type":"article","og_title":"La ULL contin\u00faa con sus jornadas de sensibilizaci\u00f3n del proyecto \u2018Eco\u00e1reas-Mardetodos\u2019 - ULL - Noticias","og_description":"Esta semana ha tenido lugar un encuentro de consenso y sensibilizaci\u00f3n entre investigadores del proyecto \u2018Eco\u00e1reas-Mardetodos\u2019, representantes del Ayuntamiento de...","og_url":"https:\/\/www.ull.es\/portal\/noticias\/2020\/la-ull-continua-con-sus-jornadas-de-sensibilizacion-del-proyecto-ecoareas-mardetodos\/","og_site_name":"ULL - Noticias","article_publisher":"https:\/\/www.facebook.com\/universidaddelalaguna\/","article_published_time":"2020-01-23T10:04:29+00:00","og_image":[{"width":1200,"height":800,"url":"https:\/\/www.ull.es\/portal\/noticias\/wp-content\/uploads\/sites\/13\/2020\/01\/ecoareas-punta-del-hidalgo1.jpg","type":"image\/jpeg"}],"author":"gaprsa","twitter_card":"summary_large_image","twitter_creator":"@CanalULL","twitter_site":"@CanalULL","twitter_misc":{"Escrito por":"gaprsa","Tiempo de lectura":"2 minutos"},"schema":{"@context":"https:\/\/schema.org","@graph":[{"@type":"WebPage","@id":"https:\/\/www.ull.es\/portal\/noticias\/2020\/la-ull-continua-con-sus-jornadas-de-sensibilizacion-del-proyecto-ecoareas-mardetodos\/","url":"https:\/\/www.ull.es\/portal\/noticias\/2020\/la-ull-continua-con-sus-jornadas-de-sensibilizacion-del-proyecto-ecoareas-mardetodos\/","name":"La ULL contin\u00faa con sus jornadas de sensibilizaci\u00f3n del proyecto \u2018Eco\u00e1reas-Mardetodos\u2019 - ULL - Noticias","isPartOf":{"@id":"https:\/\/www.ull.es\/portal\/noticias\/#website"},"datePublished":"2020-01-23T10:04:29+00:00","dateModified":"2020-01-23T10:04:29+00:00","author":{"@id":"https:\/\/www.ull.es\/portal\/noticias\/#\/schema\/person\/b2b1a89d43ffa609e591f7df8ef3e817"},"breadcrumb":{"@id":"https:\/\/www.ull.es\/portal\/noticias\/2020\/la-ull-continua-con-sus-jornadas-de-sensibilizacion-del-proyecto-ecoareas-mardetodos\/#breadcrumb"},"inLanguage":"es","potentialAction":[{"@type":"ReadAction","target":["https:\/\/www.ull.es\/portal\/noticias\/2020\/la-ull-continua-con-sus-jornadas-de-sensibilizacion-del-proyecto-ecoareas-mardetodos\/"]}]},{"@type":"BreadcrumbList","@id":"https:\/\/www.ull.es\/portal\/noticias\/2020\/la-ull-continua-con-sus-jornadas-de-sensibilizacion-del-proyecto-ecoareas-mardetodos\/#breadcrumb","itemListElement":[{"@type":"ListItem","position":1,"name":"Portada","item":"https:\/\/www.ull.es\/portal\/noticias\/"},{"@type":"ListItem","position":2,"name":"La ULL contin\u00faa con sus jornadas de sensibilizaci\u00f3n del proyecto \u2018Eco\u00e1reas-Mardetodos\u2019"}]},{"@type":"WebSite","@id":"https:\/\/www.ull.es\/portal\/noticias\/#website","url":"https:\/\/www.ull.es\/portal\/noticias\/","name":"ULL - Noticias","description":"","potentialAction":[{"@type":"SearchAction","target":{"@type":"EntryPoint","urlTemplate":"https:\/\/www.ull.es\/portal\/noticias\/?s={search_term_string}"},"query-input":"required name=search_term_string"}],"inLanguage":"es"},{"@type":"Person","@id":"https:\/\/www.ull.es\/portal\/noticias\/#\/schema\/person\/b2b1a89d43ffa609e591f7df8ef3e817","name":"gaprsa","image":{"@type":"ImageObject","inLanguage":"es","@id":"https:\/\/www.ull.es\/portal\/noticias\/#\/schema\/person\/image\/","url":"https:\/\/secure.gravatar.com\/avatar\/443820550921091458b4823867723b3d?s=96&d=mm&r=g","contentUrl":"https:\/\/secure.gravatar.com\/avatar\/443820550921091458b4823867723b3d?s=96&d=mm&r=g","caption":"gaprsa"},"url":"https:\/\/www.ull.es\/portal\/noticias\/author\/gaprsa\/"}]}},"primary_category":{"id":345,"name":"Destacado","slug":"destacado","link":"https:\/\/www.ull.es\/portal\/noticias\/category\/destacado\/"},"featured_image_thumbnail_url":"https:\/\/www.ull.es\/portal\/noticias\/wp-content\/uploads\/sites\/13\/2020\/01\/ecoareas-punta-del-hidalgo1-300x200.jpg","_links":{"self":[{"href":"https:\/\/www.ull.es\/portal\/noticias\/wp-json\/wp\/v2\/posts\/48689"}],"collection":[{"href":"https:\/\/www.ull.es\/portal\/noticias\/wp-json\/wp\/v2\/posts"}],"about":[{"href":"https:\/\/www.ull.es\/portal\/noticias\/wp-json\/wp\/v2\/types\/post"}],"author":[{"embeddable":true,"href":"https:\/\/www.ull.es\/portal\/noticias\/wp-json\/wp\/v2\/users\/23"}],"replies":[{"embeddable":true,"href":"https:\/\/www.ull.es\/portal\/noticias\/wp-json\/wp\/v2\/comments?post=48689"}],"version-history":[{"count":2,"href":"https:\/\/www.ull.es\/portal\/noticias\/wp-json\/wp\/v2\/posts\/48689\/revisions"}],"predecessor-version":[{"id":48693,"href":"https:\/\/www.ull.es\/portal\/noticias\/wp-json\/wp\/v2\/posts\/48689\/revisions\/48693"}],"wp:featuredmedia":[{"embeddable":true,"href":"https:\/\/www.ull.es\/portal\/noticias\/wp-json\/wp\/v2\/media\/48691"}],"wp:attachment":[{"href":"https:\/\/www.ull.es\/portal\/noticias\/wp-json\/wp\/v2\/media?parent=48689"}],"wp:term":[{"taxonomy":"category","embeddable":true,"href":"https:\/\/www.ull.es\/portal\/noticias\/wp-json\/wp\/v2\/categories?post=48689"},{"taxonomy":"post_tag","embeddable":true,"href":"https:\/\/www.ull.es\/portal\/noticias\/wp-json\/wp\/v2\/tags?post=48689"}],"curies":[{"name":"wp","href":"https:\/\/api.w.org\/{rel}","templated":true}]}}