{"id":48731,"date":"2020-01-27T14:27:01","date_gmt":"2020-01-27T14:27:01","guid":{"rendered":"https:\/\/www.ull.es\/portal\/noticias\/?p=48731"},"modified":"2020-01-28T08:50:52","modified_gmt":"2020-01-28T08:50:52","slug":"presentacion-proyecto-ageo","status":"publish","type":"post","link":"https:\/\/www.ull.es\/portal\/noticias\/2020\/presentacion-proyecto-ageo\/","title":{"rendered":"La Delegaci\u00f3n del Gobierno en Canarias acoge la presentaci\u00f3n del Proyecto AGEO de gesti\u00f3n y prevenci\u00f3n de riesgos geol\u00f3gicos"},"content":{"rendered":"<p>El delegado del Gobierno en Canarias, Juan Salvador Le\u00f3n, ha inaugurado hoy, lunes 27 de enero, la jornada de presentaci\u00f3n y difusi\u00f3n de las actividades del proyecto europeo Plataforma para la Gesti\u00f3n de Riesgos en el \u00c1rea Atl\u00e1ntica (AGEO por sus siglas en ingl\u00e9s), financiado por el programa INTERREG y el Fondo de Desarrollo para el \u00c1rea Atl\u00e1ntica de la Uni\u00f3n Europea.<\/p>\n<p>Este proyecto promueve la participaci\u00f3n ciudadana en la prevenci\u00f3n y gesti\u00f3n de riesgos, principalmente geol\u00f3gicos, en el \u00e1rea Atl\u00e1ntica europea y en \u00e9l participan el Instituto Geol\u00f3gico y Minero de Espa\u00f1a (IGME), la Universidad de La Laguna (ULL) y La Palma Research Centre (LPRC) junto a otras instituciones de Portugal, Francia, Irlanda y Reino Unido.<\/p>\n<p>AGEO pretende lanzar varios observatorios ciudadanos piloto para poner de relieve c\u00f3mo la implicaci\u00f3n ciudadana en la prevenci\u00f3n de riesgos puede fortalecer los sistemas de gesti\u00f3n regionales y nacionales, y el resultado de esta iniciativa ser\u00e1 utilizado para formular recomendaciones de cara a la creaci\u00f3n de futuros observatorios permanentes como respuesta al amplio rango de peligros en el Atl\u00e1ntico europeo.<\/p>\n<p><strong>Un observatorio ciudadano en Gran Canaria, Tenerife y El Hierro<\/strong><\/p>\n<p>Gran Canaria, Tenerife y El Hierro han sido elegidos como lugares en las Islas Canarias para la instituci\u00f3n de un observatorio ciudadano de riesgos de desprendimiento, con la idea de llegar a las comunidades locales y conseguir que participen activamente en la preparaci\u00f3n y vigilancia de este tipo de riesgos, en un Archipi\u00e9lago con una actividad y unas caracter\u00edsticas geol\u00f3gicas muy particulares.<\/p>\n<p>\u201cQue el IGME haya elegido a Canarias, y en concreto a las islas de Gran canaria, Tenerife y el Hierro, como lugares piloto de observatorio ciudadano de riesgos de desprendimiento, es una magn\u00edfica noticia\u201d, afirma el delegado del Gobierno.\u201cSe trata de espacios insulares donde se compagina, por un lado, la identidad atl\u00e1ntica, y por otro, una de las caracter\u00edsticas desconocidas por la mayor\u00eda de la poblaci\u00f3n: Espa\u00f1a, es uno de los pa\u00edses con mayor geodiversidad y con un patrimonio geol\u00f3gico de los m\u00e1s importantes del mundo\u201d, a\u00f1ade.<\/p>\n<p>En la jornada de presentaci\u00f3n en la Delegaci\u00f3n del Gobierno en Canarias intervienen Ariadna Ortega, en representaci\u00f3n de La Palma Research Centre, as\u00ed como Juan Carlos Santamarta, de la Universidad de La Laguna, quienes se centran en los detalles del trabajo presente y futuro del Proyecto AGEO. El Instituto Geol\u00f3gico y Minero de Espa\u00f1a, organismo aut\u00f3nomo de investigaci\u00f3n adscrito al Ministerio de Ciencia e Innovaci\u00f3n, est\u00e1 representado por Isabel Montoya e In\u00e9s Galindo, quienes ilustran el trabajo del Programa Copernicus y su Servicio de Gesti\u00f3n de Emergencias (EMS) y del observatorio ciudadano de desprendimientos en Canarias.<\/p>\n<p>(Nota cedida por la Delegaci\u00f3n del Gobierno en Canarias)<\/p>\n","protected":false},"excerpt":{"rendered":"<p>El delegado del Gobierno en Canarias, Juan Salvador Le\u00f3n, ha inaugurado hoy, lunes 27 de enero, la jornada de presentaci\u00f3n&#8230;<\/p>\n","protected":false},"author":21,"featured_media":48733,"comment_status":"closed","ping_status":"closed","sticky":false,"template":"","format":"standard","meta":{"inline_featured_image":false,"footnotes":""},"categories":[345,350,2765],"tags":[5858,6276],"acf":[],"yoast_head":"<!-- This site is optimized with the Yoast SEO plugin v21.3 - https:\/\/yoast.com\/wordpress\/plugins\/seo\/ -->\n<title>Presentado el Proyecto AGEO sobre prevenci\u00f3n de riesgos geol\u00f3gicos<\/title>\n<meta name=\"description\" content=\"Participan la ULL, el Instituto Geol\u00f3gico y Minero de Espa\u00f1a y La Palma Research Centre junto a instituciones de Portugal, Francia, Irlanda y Reino Unido.\" \/>\n<meta name=\"robots\" content=\"index, follow, max-snippet:-1, max-image-preview:large, max-video-preview:-1\" \/>\n<link rel=\"canonical\" href=\"https:\/\/www.ull.es\/portal\/noticias\/2020\/presentacion-proyecto-ageo\/\" \/>\n<meta property=\"og:locale\" content=\"es_ES\" \/>\n<meta property=\"og:type\" content=\"article\" \/>\n<meta property=\"og:title\" content=\"Presentado el Proyecto AGEO sobre prevenci\u00f3n de riesgos geol\u00f3gicos\" \/>\n<meta property=\"og:description\" content=\"Participan la ULL, el Instituto Geol\u00f3gico y Minero de Espa\u00f1a y La Palma Research Centre junto a instituciones de Portugal, Francia, Irlanda y Reino Unido.\" \/>\n<meta property=\"og:url\" content=\"https:\/\/www.ull.es\/portal\/noticias\/2020\/presentacion-proyecto-ageo\/\" \/>\n<meta property=\"og:site_name\" content=\"ULL - Noticias\" \/>\n<meta property=\"article:publisher\" content=\"https:\/\/www.facebook.com\/universidaddelalaguna\/\" \/>\n<meta property=\"article:published_time\" content=\"2020-01-27T14:27:01+00:00\" \/>\n<meta property=\"article:modified_time\" content=\"2020-01-28T08:50:52+00:00\" \/>\n<meta property=\"og:image\" content=\"https:\/\/www.ull.es\/portal\/noticias\/wp-content\/uploads\/sites\/13\/2020\/01\/proyecto-ageo.jpg\" \/>\n\t<meta property=\"og:image:width\" content=\"1200\" \/>\n\t<meta property=\"og:image:height\" content=\"800\" \/>\n\t<meta property=\"og:image:type\" content=\"image\/jpeg\" \/>\n<meta name=\"author\" content=\"prensa2\" \/>\n<meta name=\"twitter:card\" content=\"summary_large_image\" \/>\n<meta name=\"twitter:creator\" content=\"@CanalULL\" \/>\n<meta name=\"twitter:site\" content=\"@CanalULL\" \/>\n<meta name=\"twitter:label1\" content=\"Escrito por\" \/>\n\t<meta name=\"twitter:data1\" content=\"prensa2\" \/>\n\t<meta name=\"twitter:label2\" content=\"Tiempo de lectura\" \/>\n\t<meta name=\"twitter:data2\" content=\"2 minutos\" \/>\n<script type=\"application\/ld+json\" class=\"yoast-schema-graph\">{\"@context\":\"https:\/\/schema.org\",\"@graph\":[{\"@type\":\"WebPage\",\"@id\":\"https:\/\/www.ull.es\/portal\/noticias\/2020\/presentacion-proyecto-ageo\/\",\"url\":\"https:\/\/www.ull.es\/portal\/noticias\/2020\/presentacion-proyecto-ageo\/\",\"name\":\"Presentado el Proyecto AGEO sobre prevenci\u00f3n de riesgos geol\u00f3gicos\",\"isPartOf\":{\"@id\":\"https:\/\/www.ull.es\/portal\/noticias\/#website\"},\"datePublished\":\"2020-01-27T14:27:01+00:00\",\"dateModified\":\"2020-01-28T08:50:52+00:00\",\"author\":{\"@id\":\"https:\/\/www.ull.es\/portal\/noticias\/#\/schema\/person\/c3b2aa857797592927a03740d6664376\"},\"description\":\"Participan la ULL, el Instituto Geol\u00f3gico y Minero de Espa\u00f1a y La Palma Research Centre junto a instituciones de Portugal, Francia, Irlanda y Reino Unido.\",\"breadcrumb\":{\"@id\":\"https:\/\/www.ull.es\/portal\/noticias\/2020\/presentacion-proyecto-ageo\/#breadcrumb\"},\"inLanguage\":\"es\",\"potentialAction\":[{\"@type\":\"ReadAction\",\"target\":[\"https:\/\/www.ull.es\/portal\/noticias\/2020\/presentacion-proyecto-ageo\/\"]}]},{\"@type\":\"BreadcrumbList\",\"@id\":\"https:\/\/www.ull.es\/portal\/noticias\/2020\/presentacion-proyecto-ageo\/#breadcrumb\",\"itemListElement\":[{\"@type\":\"ListItem\",\"position\":1,\"name\":\"Portada\",\"item\":\"https:\/\/www.ull.es\/portal\/noticias\/\"},{\"@type\":\"ListItem\",\"position\":2,\"name\":\"La Delegaci\u00f3n del Gobierno en Canarias acoge la presentaci\u00f3n del Proyecto AGEO de gesti\u00f3n y prevenci\u00f3n de riesgos geol\u00f3gicos\"}]},{\"@type\":\"WebSite\",\"@id\":\"https:\/\/www.ull.es\/portal\/noticias\/#website\",\"url\":\"https:\/\/www.ull.es\/portal\/noticias\/\",\"name\":\"ULL - Noticias\",\"description\":\"\",\"potentialAction\":[{\"@type\":\"SearchAction\",\"target\":{\"@type\":\"EntryPoint\",\"urlTemplate\":\"https:\/\/www.ull.es\/portal\/noticias\/?s={search_term_string}\"},\"query-input\":\"required name=search_term_string\"}],\"inLanguage\":\"es\"},{\"@type\":\"Person\",\"@id\":\"https:\/\/www.ull.es\/portal\/noticias\/#\/schema\/person\/c3b2aa857797592927a03740d6664376\",\"name\":\"prensa2\",\"image\":{\"@type\":\"ImageObject\",\"inLanguage\":\"es\",\"@id\":\"https:\/\/www.ull.es\/portal\/noticias\/#\/schema\/person\/image\/\",\"url\":\"https:\/\/secure.gravatar.com\/avatar\/b58f310a5de5feb33d1e026d2493f23c?s=96&d=mm&r=g\",\"contentUrl\":\"https:\/\/secure.gravatar.com\/avatar\/b58f310a5de5feb33d1e026d2493f23c?s=96&d=mm&r=g\",\"caption\":\"prensa2\"},\"url\":\"https:\/\/www.ull.es\/portal\/noticias\/author\/prensa2\/\"}]}<\/script>\n<!-- \/ Yoast SEO plugin. -->","yoast_head_json":{"title":"Presentado el Proyecto AGEO sobre prevenci\u00f3n de riesgos geol\u00f3gicos","description":"Participan la ULL, el Instituto Geol\u00f3gico y Minero de Espa\u00f1a y La Palma Research Centre junto a instituciones de Portugal, Francia, Irlanda y Reino Unido.","robots":{"index":"index","follow":"follow","max-snippet":"max-snippet:-1","max-image-preview":"max-image-preview:large","max-video-preview":"max-video-preview:-1"},"canonical":"https:\/\/www.ull.es\/portal\/noticias\/2020\/presentacion-proyecto-ageo\/","og_locale":"es_ES","og_type":"article","og_title":"Presentado el Proyecto AGEO sobre prevenci\u00f3n de riesgos geol\u00f3gicos","og_description":"Participan la ULL, el Instituto Geol\u00f3gico y Minero de Espa\u00f1a y La Palma Research Centre junto a instituciones de Portugal, Francia, Irlanda y Reino Unido.","og_url":"https:\/\/www.ull.es\/portal\/noticias\/2020\/presentacion-proyecto-ageo\/","og_site_name":"ULL - Noticias","article_publisher":"https:\/\/www.facebook.com\/universidaddelalaguna\/","article_published_time":"2020-01-27T14:27:01+00:00","article_modified_time":"2020-01-28T08:50:52+00:00","og_image":[{"width":1200,"height":800,"url":"https:\/\/www.ull.es\/portal\/noticias\/wp-content\/uploads\/sites\/13\/2020\/01\/proyecto-ageo.jpg","type":"image\/jpeg"}],"author":"prensa2","twitter_card":"summary_large_image","twitter_creator":"@CanalULL","twitter_site":"@CanalULL","twitter_misc":{"Escrito por":"prensa2","Tiempo de lectura":"2 minutos"},"schema":{"@context":"https:\/\/schema.org","@graph":[{"@type":"WebPage","@id":"https:\/\/www.ull.es\/portal\/noticias\/2020\/presentacion-proyecto-ageo\/","url":"https:\/\/www.ull.es\/portal\/noticias\/2020\/presentacion-proyecto-ageo\/","name":"Presentado el Proyecto AGEO sobre prevenci\u00f3n de riesgos geol\u00f3gicos","isPartOf":{"@id":"https:\/\/www.ull.es\/portal\/noticias\/#website"},"datePublished":"2020-01-27T14:27:01+00:00","dateModified":"2020-01-28T08:50:52+00:00","author":{"@id":"https:\/\/www.ull.es\/portal\/noticias\/#\/schema\/person\/c3b2aa857797592927a03740d6664376"},"description":"Participan la ULL, el Instituto Geol\u00f3gico y Minero de Espa\u00f1a y La Palma Research Centre junto a instituciones de Portugal, Francia, Irlanda y Reino Unido.","breadcrumb":{"@id":"https:\/\/www.ull.es\/portal\/noticias\/2020\/presentacion-proyecto-ageo\/#breadcrumb"},"inLanguage":"es","potentialAction":[{"@type":"ReadAction","target":["https:\/\/www.ull.es\/portal\/noticias\/2020\/presentacion-proyecto-ageo\/"]}]},{"@type":"BreadcrumbList","@id":"https:\/\/www.ull.es\/portal\/noticias\/2020\/presentacion-proyecto-ageo\/#breadcrumb","itemListElement":[{"@type":"ListItem","position":1,"name":"Portada","item":"https:\/\/www.ull.es\/portal\/noticias\/"},{"@type":"ListItem","position":2,"name":"La Delegaci\u00f3n del Gobierno en Canarias acoge la presentaci\u00f3n del Proyecto AGEO de gesti\u00f3n y prevenci\u00f3n de riesgos geol\u00f3gicos"}]},{"@type":"WebSite","@id":"https:\/\/www.ull.es\/portal\/noticias\/#website","url":"https:\/\/www.ull.es\/portal\/noticias\/","name":"ULL - Noticias","description":"","potentialAction":[{"@type":"SearchAction","target":{"@type":"EntryPoint","urlTemplate":"https:\/\/www.ull.es\/portal\/noticias\/?s={search_term_string}"},"query-input":"required name=search_term_string"}],"inLanguage":"es"},{"@type":"Person","@id":"https:\/\/www.ull.es\/portal\/noticias\/#\/schema\/person\/c3b2aa857797592927a03740d6664376","name":"prensa2","image":{"@type":"ImageObject","inLanguage":"es","@id":"https:\/\/www.ull.es\/portal\/noticias\/#\/schema\/person\/image\/","url":"https:\/\/secure.gravatar.com\/avatar\/b58f310a5de5feb33d1e026d2493f23c?s=96&d=mm&r=g","contentUrl":"https:\/\/secure.gravatar.com\/avatar\/b58f310a5de5feb33d1e026d2493f23c?s=96&d=mm&r=g","caption":"prensa2"},"url":"https:\/\/www.ull.es\/portal\/noticias\/author\/prensa2\/"}]}},"primary_category":{"id":350,"name":"Investigaci\u00f3n","slug":"investigacion","link":"https:\/\/www.ull.es\/portal\/noticias\/category\/investigacion\/"},"featured_image_thumbnail_url":"https:\/\/www.ull.es\/portal\/noticias\/wp-content\/uploads\/sites\/13\/2020\/01\/proyecto-ageo-300x200.jpg","_links":{"self":[{"href":"https:\/\/www.ull.es\/portal\/noticias\/wp-json\/wp\/v2\/posts\/48731"}],"collection":[{"href":"https:\/\/www.ull.es\/portal\/noticias\/wp-json\/wp\/v2\/posts"}],"about":[{"href":"https:\/\/www.ull.es\/portal\/noticias\/wp-json\/wp\/v2\/types\/post"}],"author":[{"embeddable":true,"href":"https:\/\/www.ull.es\/portal\/noticias\/wp-json\/wp\/v2\/users\/21"}],"replies":[{"embeddable":true,"href":"https:\/\/www.ull.es\/portal\/noticias\/wp-json\/wp\/v2\/comments?post=48731"}],"version-history":[{"count":2,"href":"https:\/\/www.ull.es\/portal\/noticias\/wp-json\/wp\/v2\/posts\/48731\/revisions"}],"predecessor-version":[{"id":48743,"href":"https:\/\/www.ull.es\/portal\/noticias\/wp-json\/wp\/v2\/posts\/48731\/revisions\/48743"}],"wp:featuredmedia":[{"embeddable":true,"href":"https:\/\/www.ull.es\/portal\/noticias\/wp-json\/wp\/v2\/media\/48733"}],"wp:attachment":[{"href":"https:\/\/www.ull.es\/portal\/noticias\/wp-json\/wp\/v2\/media?parent=48731"}],"wp:term":[{"taxonomy":"category","embeddable":true,"href":"https:\/\/www.ull.es\/portal\/noticias\/wp-json\/wp\/v2\/categories?post=48731"},{"taxonomy":"post_tag","embeddable":true,"href":"https:\/\/www.ull.es\/portal\/noticias\/wp-json\/wp\/v2\/tags?post=48731"}],"curies":[{"name":"wp","href":"https:\/\/api.w.org\/{rel}","templated":true}]}}