{"id":48900,"date":"2020-02-05T15:30:40","date_gmt":"2020-02-05T15:30:40","guid":{"rendered":"https:\/\/www.ull.es\/portal\/noticias\/?p=48900"},"modified":"2020-02-05T15:30:40","modified_gmt":"2020-02-05T15:30:40","slug":"aula-cine-ciclo-scorsese-de-niro","status":"publish","type":"post","link":"https:\/\/www.ull.es\/portal\/noticias\/2020\/aula-cine-ciclo-scorsese-de-niro\/","title":{"rendered":"El Aula de Cine de la ULL dedica un ciclo a la relaci\u00f3n entre Martin Scorsese y Robert de Niro"},"content":{"rendered":"<p><a href=\"https:\/\/www.ull.es\/portal\/noticias\/wp-content\/uploads\/sites\/13\/2020\/02\/ciclo-cine-scorsese-de-niro.jpg\" target=\"_blank\" rel=\"noopener noreferrer\" target=\"_blank\" rel=\"noopener\"><img decoding=\"async\" loading=\"lazy\" class=\"alignleft wp-image-48902 size-medium\" src=\"https:\/\/www.ull.es\/portal\/noticias\/wp-content\/uploads\/sites\/13\/2020\/02\/ciclo-cine-scorsese-de-niro-209x300.jpg\" alt=\"Scorsese\" width=\"209\" height=\"300\" srcset=\"https:\/\/www.ull.es\/portal\/noticias\/wp-content\/uploads\/sites\/13\/2020\/02\/ciclo-cine-scorsese-de-niro-209x300.jpg 209w, https:\/\/www.ull.es\/portal\/noticias\/wp-content\/uploads\/sites\/13\/2020\/02\/ciclo-cine-scorsese-de-niro-712x1024.jpg 712w, https:\/\/www.ull.es\/portal\/noticias\/wp-content\/uploads\/sites\/13\/2020\/02\/ciclo-cine-scorsese-de-niro-768x1105.jpg 768w, https:\/\/www.ull.es\/portal\/noticias\/wp-content\/uploads\/sites\/13\/2020\/02\/ciclo-cine-scorsese-de-niro-375x540.jpg 375w, https:\/\/www.ull.es\/portal\/noticias\/wp-content\/uploads\/sites\/13\/2020\/02\/ciclo-cine-scorsese-de-niro-750x1079.jpg 750w, https:\/\/www.ull.es\/portal\/noticias\/wp-content\/uploads\/sites\/13\/2020\/02\/ciclo-cine-scorsese-de-niro.jpg 834w\" sizes=\"(max-width: 209px) 100vw, 209px\" \/><\/a>El Aula de Cine de la Universidad de La Laguna dedica durante todo el mes de febrero un ciclo a la relaci\u00f3n entre el director Martin Scorsese y el actor Robert de Niro, con las pel\u00edculas \u201cToro Salvaje\u201d (mi\u00e9rcoles 5), \u201cTaxi Driver\u201d (viernes 7), \u201cNew York, New York\u201d (mi\u00e9rcoles 12), \u201cMalas Calles\u201d (mi\u00e9rcoles 19), y \u201cEl Rey de la Comedia\u201d (mi\u00e9rcoles 26). Todas las proyecciones se desarrollar\u00e1n a las 19:00 en los Multicines Tenerife y ser\u00e1n en versi\u00f3n original subtitulada y entrada gratuita, salvo \u201cTaxi Driver\u201d, que tendr\u00e1 un precio de 4,95 al ser un evento compartido con la iniciativa Charlas de Cine y su horario, a las 20:30, tambi\u00e9n difiere del resto.<\/p>\n<p>Cada pel\u00edcula ir\u00e1 acompa\u00f1ada por una presentaci\u00f3n y un debate posterior. As\u00ed, \u201cToro Salvaje\u201d ser\u00e1 presentada el mi\u00e9rcoles 5 por Ram\u00f3n A. Gonz\u00e1lez Trujillo, codirector del Aula de Cine de la Universidad de La Laguna, quien tambi\u00e9n moderar\u00e1 el debate que mantendr\u00e1n Fernando de Iturrate C\u00e1rdenes, profesor de comunicaci\u00f3n audiovisual de la ULL; Manuel Garc\u00eda de Mesa, director del Aula de Cine del Colegio de Abogados de S\/C de Tenerife; y Juan Tom\u00e1s Rodr\u00edguez Tejera, presidente de la Federaci\u00f3n Canaria de Boxeo y \u00e1rbitro internacional de boxeo.<\/p>\n<p>El viernes 7, \u201cTaxi Driver\u201d ser\u00e1 presentada por Manuel Garc\u00eda de Mesa y en el debate participar\u00e1n Fernando de Iturrate C\u00e1rdenes; Fabi\u00e1n Or\u00e1n Llerena, profesor de Filolog\u00eda Inglesa de a ULL; Carmen Izquierdo Montoro, periodista y presentadora; y el propio Garc\u00eda de Mesa.<\/p>\n<p>\u201cNew York, New York\u201d, el 12 de febrero, ser\u00e1 presentada por el cr\u00edtico de cine y director del programa de radio \u201cD\u00edas de Radio Noches de Cine\u201d Manuel D\u00edaz Noda, quien tambi\u00e9n participar\u00e1 en el coloquio, junto a Rosendo Jes\u00fas Gonz\u00e1lez Texeira, historiador del arte e investigador cinematogr\u00e1fico; e Isabel Castells, profesora de literatura espa\u00f1ola de la Universidad de La Laguna.<\/p>\n<p>La pel\u00edcula del mi\u00e9rcoles 19, \u201cMalas Calles\u201d, ser\u00e1 presentada por Manuel Garc\u00eda de Mesa y el coloquio posterior contar\u00e1 con la presencia de Benjam\u00edn Reyes, periodista del diario El D\u00eda y director del Festival Docurock de Tenerife; Alfredo Moreno, escritor y guionista; e Isabel Coll, directora de cine.<\/p>\n<p>Cerrar\u00e1 el ciclo, el mi\u00e9rcoles 26, \u201cEl Rey de la Comedia\u201d, presentada por el qu\u00edmico, subtitulador y editor digital Juan Antonio Ribas P\u00e9rez, quien tambi\u00e9n participar\u00e1 en el coloquio junto a Fabi\u00e1n Or\u00e1n Llerena y a un humorista cuya presencia a\u00fan est\u00e1 por confirmar.<\/p>\n","protected":false},"excerpt":{"rendered":"<p>El Aula de Cine de la Universidad de La Laguna dedica durante todo el mes de febrero un ciclo a&#8230;<\/p>\n","protected":false},"author":21,"featured_media":48901,"comment_status":"closed","ping_status":"closed","sticky":false,"template":"","format":"image","meta":{"inline_featured_image":false,"footnotes":""},"categories":[344,345,2765],"tags":[586,4437,825,6305,1935,6306],"acf":[],"yoast_head":"<!-- This site is optimized with the Yoast SEO plugin v21.3 - https:\/\/yoast.com\/wordpress\/plugins\/seo\/ -->\n<title>El Aula de Cine de la ULL dedica un ciclo a la relaci\u00f3n Scorsese-de Niro<\/title>\n<meta name=\"description\" content=\"Ser\u00e1n proyectadas en los Multicines Tenerife las pel\u00edculas \u201cToro Salvaje&quot;, \u201cTaxi Driver\u201d, \u201cNew York, New York\u201d, \u201cMalas Calles\u201d y \u201cEl Rey de la Comedia\u201d.\" \/>\n<meta name=\"robots\" content=\"index, follow, max-snippet:-1, max-image-preview:large, max-video-preview:-1\" \/>\n<link rel=\"canonical\" href=\"https:\/\/www.ull.es\/portal\/noticias\/2020\/aula-cine-ciclo-scorsese-de-niro\/\" \/>\n<meta property=\"og:locale\" content=\"es_ES\" \/>\n<meta property=\"og:type\" content=\"article\" \/>\n<meta property=\"og:title\" content=\"El Aula de Cine de la ULL dedica un ciclo a la relaci\u00f3n Scorsese-de Niro\" \/>\n<meta property=\"og:description\" content=\"Ser\u00e1n proyectadas en los Multicines Tenerife las pel\u00edculas \u201cToro Salvaje&quot;, \u201cTaxi Driver\u201d, \u201cNew York, New York\u201d, \u201cMalas Calles\u201d y \u201cEl Rey de la Comedia\u201d.\" \/>\n<meta property=\"og:url\" content=\"https:\/\/www.ull.es\/portal\/noticias\/2020\/aula-cine-ciclo-scorsese-de-niro\/\" \/>\n<meta property=\"og:site_name\" content=\"ULL - Noticias\" \/>\n<meta property=\"article:publisher\" content=\"https:\/\/www.facebook.com\/universidaddelalaguna\/\" \/>\n<meta property=\"article:published_time\" content=\"2020-02-05T15:30:40+00:00\" \/>\n<meta property=\"og:image\" content=\"https:\/\/www.ull.es\/portal\/noticias\/wp-content\/uploads\/sites\/13\/2020\/02\/ciclo-cine-scorsese-de-niro-p.jpg\" \/>\n\t<meta property=\"og:image:width\" content=\"816\" \/>\n\t<meta property=\"og:image:height\" content=\"536\" \/>\n\t<meta property=\"og:image:type\" content=\"image\/jpeg\" \/>\n<meta name=\"author\" content=\"prensa2\" \/>\n<meta name=\"twitter:card\" content=\"summary_large_image\" \/>\n<meta name=\"twitter:creator\" content=\"@CanalULL\" \/>\n<meta name=\"twitter:site\" content=\"@CanalULL\" \/>\n<meta name=\"twitter:label1\" content=\"Escrito por\" \/>\n\t<meta name=\"twitter:data1\" content=\"prensa2\" \/>\n\t<meta name=\"twitter:label2\" content=\"Tiempo de lectura\" \/>\n\t<meta name=\"twitter:data2\" content=\"2 minutos\" \/>\n<script type=\"application\/ld+json\" class=\"yoast-schema-graph\">{\"@context\":\"https:\/\/schema.org\",\"@graph\":[{\"@type\":\"WebPage\",\"@id\":\"https:\/\/www.ull.es\/portal\/noticias\/2020\/aula-cine-ciclo-scorsese-de-niro\/\",\"url\":\"https:\/\/www.ull.es\/portal\/noticias\/2020\/aula-cine-ciclo-scorsese-de-niro\/\",\"name\":\"El Aula de Cine de la ULL dedica un ciclo a la relaci\u00f3n Scorsese-de Niro\",\"isPartOf\":{\"@id\":\"https:\/\/www.ull.es\/portal\/noticias\/#website\"},\"datePublished\":\"2020-02-05T15:30:40+00:00\",\"dateModified\":\"2020-02-05T15:30:40+00:00\",\"author\":{\"@id\":\"https:\/\/www.ull.es\/portal\/noticias\/#\/schema\/person\/c3b2aa857797592927a03740d6664376\"},\"description\":\"Ser\u00e1n proyectadas en los Multicines Tenerife las pel\u00edculas \u201cToro Salvaje\\\", \u201cTaxi Driver\u201d, \u201cNew York, New York\u201d, \u201cMalas Calles\u201d y \u201cEl Rey de la Comedia\u201d.\",\"breadcrumb\":{\"@id\":\"https:\/\/www.ull.es\/portal\/noticias\/2020\/aula-cine-ciclo-scorsese-de-niro\/#breadcrumb\"},\"inLanguage\":\"es\",\"potentialAction\":[{\"@type\":\"ReadAction\",\"target\":[\"https:\/\/www.ull.es\/portal\/noticias\/2020\/aula-cine-ciclo-scorsese-de-niro\/\"]}]},{\"@type\":\"BreadcrumbList\",\"@id\":\"https:\/\/www.ull.es\/portal\/noticias\/2020\/aula-cine-ciclo-scorsese-de-niro\/#breadcrumb\",\"itemListElement\":[{\"@type\":\"ListItem\",\"position\":1,\"name\":\"Portada\",\"item\":\"https:\/\/www.ull.es\/portal\/noticias\/\"},{\"@type\":\"ListItem\",\"position\":2,\"name\":\"El Aula de Cine de la ULL dedica un ciclo a la relaci\u00f3n entre Martin Scorsese y Robert de Niro\"}]},{\"@type\":\"WebSite\",\"@id\":\"https:\/\/www.ull.es\/portal\/noticias\/#website\",\"url\":\"https:\/\/www.ull.es\/portal\/noticias\/\",\"name\":\"ULL - Noticias\",\"description\":\"\",\"potentialAction\":[{\"@type\":\"SearchAction\",\"target\":{\"@type\":\"EntryPoint\",\"urlTemplate\":\"https:\/\/www.ull.es\/portal\/noticias\/?s={search_term_string}\"},\"query-input\":\"required name=search_term_string\"}],\"inLanguage\":\"es\"},{\"@type\":\"Person\",\"@id\":\"https:\/\/www.ull.es\/portal\/noticias\/#\/schema\/person\/c3b2aa857797592927a03740d6664376\",\"name\":\"prensa2\",\"image\":{\"@type\":\"ImageObject\",\"inLanguage\":\"es\",\"@id\":\"https:\/\/www.ull.es\/portal\/noticias\/#\/schema\/person\/image\/\",\"url\":\"https:\/\/secure.gravatar.com\/avatar\/b58f310a5de5feb33d1e026d2493f23c?s=96&d=mm&r=g\",\"contentUrl\":\"https:\/\/secure.gravatar.com\/avatar\/b58f310a5de5feb33d1e026d2493f23c?s=96&d=mm&r=g\",\"caption\":\"prensa2\"},\"url\":\"https:\/\/www.ull.es\/portal\/noticias\/author\/prensa2\/\"}]}<\/script>\n<!-- \/ Yoast SEO plugin. -->","yoast_head_json":{"title":"El Aula de Cine de la ULL dedica un ciclo a la relaci\u00f3n Scorsese-de Niro","description":"Ser\u00e1n proyectadas en los Multicines Tenerife las pel\u00edculas \u201cToro Salvaje\", \u201cTaxi Driver\u201d, \u201cNew York, New York\u201d, \u201cMalas Calles\u201d y \u201cEl Rey de la Comedia\u201d.","robots":{"index":"index","follow":"follow","max-snippet":"max-snippet:-1","max-image-preview":"max-image-preview:large","max-video-preview":"max-video-preview:-1"},"canonical":"https:\/\/www.ull.es\/portal\/noticias\/2020\/aula-cine-ciclo-scorsese-de-niro\/","og_locale":"es_ES","og_type":"article","og_title":"El Aula de Cine de la ULL dedica un ciclo a la relaci\u00f3n Scorsese-de Niro","og_description":"Ser\u00e1n proyectadas en los Multicines Tenerife las pel\u00edculas \u201cToro Salvaje\", \u201cTaxi Driver\u201d, \u201cNew York, New York\u201d, \u201cMalas Calles\u201d y \u201cEl Rey de la Comedia\u201d.","og_url":"https:\/\/www.ull.es\/portal\/noticias\/2020\/aula-cine-ciclo-scorsese-de-niro\/","og_site_name":"ULL - Noticias","article_publisher":"https:\/\/www.facebook.com\/universidaddelalaguna\/","article_published_time":"2020-02-05T15:30:40+00:00","og_image":[{"width":816,"height":536,"url":"https:\/\/www.ull.es\/portal\/noticias\/wp-content\/uploads\/sites\/13\/2020\/02\/ciclo-cine-scorsese-de-niro-p.jpg","type":"image\/jpeg"}],"author":"prensa2","twitter_card":"summary_large_image","twitter_creator":"@CanalULL","twitter_site":"@CanalULL","twitter_misc":{"Escrito por":"prensa2","Tiempo de lectura":"2 minutos"},"schema":{"@context":"https:\/\/schema.org","@graph":[{"@type":"WebPage","@id":"https:\/\/www.ull.es\/portal\/noticias\/2020\/aula-cine-ciclo-scorsese-de-niro\/","url":"https:\/\/www.ull.es\/portal\/noticias\/2020\/aula-cine-ciclo-scorsese-de-niro\/","name":"El Aula de Cine de la ULL dedica un ciclo a la relaci\u00f3n Scorsese-de Niro","isPartOf":{"@id":"https:\/\/www.ull.es\/portal\/noticias\/#website"},"datePublished":"2020-02-05T15:30:40+00:00","dateModified":"2020-02-05T15:30:40+00:00","author":{"@id":"https:\/\/www.ull.es\/portal\/noticias\/#\/schema\/person\/c3b2aa857797592927a03740d6664376"},"description":"Ser\u00e1n proyectadas en los Multicines Tenerife las pel\u00edculas \u201cToro Salvaje\", \u201cTaxi Driver\u201d, \u201cNew York, New York\u201d, \u201cMalas Calles\u201d y \u201cEl Rey de la Comedia\u201d.","breadcrumb":{"@id":"https:\/\/www.ull.es\/portal\/noticias\/2020\/aula-cine-ciclo-scorsese-de-niro\/#breadcrumb"},"inLanguage":"es","potentialAction":[{"@type":"ReadAction","target":["https:\/\/www.ull.es\/portal\/noticias\/2020\/aula-cine-ciclo-scorsese-de-niro\/"]}]},{"@type":"BreadcrumbList","@id":"https:\/\/www.ull.es\/portal\/noticias\/2020\/aula-cine-ciclo-scorsese-de-niro\/#breadcrumb","itemListElement":[{"@type":"ListItem","position":1,"name":"Portada","item":"https:\/\/www.ull.es\/portal\/noticias\/"},{"@type":"ListItem","position":2,"name":"El Aula de Cine de la ULL dedica un ciclo a la relaci\u00f3n entre Martin Scorsese y Robert de Niro"}]},{"@type":"WebSite","@id":"https:\/\/www.ull.es\/portal\/noticias\/#website","url":"https:\/\/www.ull.es\/portal\/noticias\/","name":"ULL - Noticias","description":"","potentialAction":[{"@type":"SearchAction","target":{"@type":"EntryPoint","urlTemplate":"https:\/\/www.ull.es\/portal\/noticias\/?s={search_term_string}"},"query-input":"required name=search_term_string"}],"inLanguage":"es"},{"@type":"Person","@id":"https:\/\/www.ull.es\/portal\/noticias\/#\/schema\/person\/c3b2aa857797592927a03740d6664376","name":"prensa2","image":{"@type":"ImageObject","inLanguage":"es","@id":"https:\/\/www.ull.es\/portal\/noticias\/#\/schema\/person\/image\/","url":"https:\/\/secure.gravatar.com\/avatar\/b58f310a5de5feb33d1e026d2493f23c?s=96&d=mm&r=g","contentUrl":"https:\/\/secure.gravatar.com\/avatar\/b58f310a5de5feb33d1e026d2493f23c?s=96&d=mm&r=g","caption":"prensa2"},"url":"https:\/\/www.ull.es\/portal\/noticias\/author\/prensa2\/"}]}},"primary_category":{"id":344,"name":"Cultura","slug":"cultura","link":"https:\/\/www.ull.es\/portal\/noticias\/category\/cultura\/"},"featured_image_thumbnail_url":"https:\/\/www.ull.es\/portal\/noticias\/wp-content\/uploads\/sites\/13\/2020\/02\/ciclo-cine-scorsese-de-niro-p-300x197.jpg","_links":{"self":[{"href":"https:\/\/www.ull.es\/portal\/noticias\/wp-json\/wp\/v2\/posts\/48900"}],"collection":[{"href":"https:\/\/www.ull.es\/portal\/noticias\/wp-json\/wp\/v2\/posts"}],"about":[{"href":"https:\/\/www.ull.es\/portal\/noticias\/wp-json\/wp\/v2\/types\/post"}],"author":[{"embeddable":true,"href":"https:\/\/www.ull.es\/portal\/noticias\/wp-json\/wp\/v2\/users\/21"}],"replies":[{"embeddable":true,"href":"https:\/\/www.ull.es\/portal\/noticias\/wp-json\/wp\/v2\/comments?post=48900"}],"version-history":[{"count":1,"href":"https:\/\/www.ull.es\/portal\/noticias\/wp-json\/wp\/v2\/posts\/48900\/revisions"}],"predecessor-version":[{"id":48903,"href":"https:\/\/www.ull.es\/portal\/noticias\/wp-json\/wp\/v2\/posts\/48900\/revisions\/48903"}],"wp:featuredmedia":[{"embeddable":true,"href":"https:\/\/www.ull.es\/portal\/noticias\/wp-json\/wp\/v2\/media\/48901"}],"wp:attachment":[{"href":"https:\/\/www.ull.es\/portal\/noticias\/wp-json\/wp\/v2\/media?parent=48900"}],"wp:term":[{"taxonomy":"category","embeddable":true,"href":"https:\/\/www.ull.es\/portal\/noticias\/wp-json\/wp\/v2\/categories?post=48900"},{"taxonomy":"post_tag","embeddable":true,"href":"https:\/\/www.ull.es\/portal\/noticias\/wp-json\/wp\/v2\/tags?post=48900"}],"curies":[{"name":"wp","href":"https:\/\/api.w.org\/{rel}","templated":true}]}}