{"id":48947,"date":"2020-02-07T17:54:39","date_gmt":"2020-02-07T17:54:39","guid":{"rendered":"https:\/\/www.ull.es\/portal\/noticias\/?p=48947"},"modified":"2020-02-10T09:22:26","modified_gmt":"2020-02-10T09:22:26","slug":"la-ull-recibe-por-primera-vez-a-los-estudiantes-erasmus-mundus-extracomunitarios","status":"publish","type":"post","link":"https:\/\/www.ull.es\/portal\/noticias\/2020\/la-ull-recibe-por-primera-vez-a-los-estudiantes-erasmus-mundus-extracomunitarios\/","title":{"rendered":"La ULL recibe por primera vez a los estudiantes Erasmus Mundus extracomunitarios"},"content":{"rendered":"<p>Durante la tarde de hoy, 7 de febrero, se ha celebrado la bienvenida oficial de los 70 estudiantes del intercambio Erasmus+ y Erasmus Mundus que realizar\u00e1n una estancia en la Universidad de La Laguna en su segundo cuatrimestre. El acto estuvo protagonizado por los alumnos provenientes de distintos pa\u00edses, y presidido por Lidia Cabrera, vicerrectora de Proyecci\u00f3n, Internacionalizaci\u00f3n y Cooperaci\u00f3n. Tambi\u00e9n estuvieron all\u00ed los directores del Secretariado de Movilidad Comunitaria y Extracomunitaria.<\/p>\n<p style=\"text-align: center;\"><a href=\"https:\/\/drive.google.com\/drive\/folders\/1aFQBBKRAwqsdj4gsNyGHeEuAX_Xo--sZ?usp=sharing\" target=\"_blank\" rel=\"noopener\"><strong>Galer\u00eda de im\u00e1genes<\/strong><\/a><\/p>\n<p>De manera resaltable se destac\u00f3 la bienvenida, por primera vez, a los estudiantes del programa extracomunitario \u201cErasmus Mundus\u201d, que ha permitido que estudiantes de Cabo Verde y Senegal vengan a realizar el intercambio a la Universidad de La Laguna. El programa se gestiona a trav\u00e9s de la Uni\u00f3n Europea, aunque sean pa\u00edses externos a ella, por criterios de priorizaci\u00f3n y de cooperaci\u00f3n interuniversitaria, y hasta este curso s\u00f3lo hab\u00eda funcionado entre el profesorado.<\/p>\n<p><img decoding=\"async\" loading=\"lazy\" class=\"alignleft size-medium wp-image-48951\" src=\"https:\/\/www.ull.es\/portal\/noticias\/wp-content\/uploads\/sites\/13\/2020\/02\/Erasmus-feb20-mesa-300x200.jpg\" alt=\"\" width=\"300\" height=\"200\" srcset=\"https:\/\/www.ull.es\/portal\/noticias\/wp-content\/uploads\/sites\/13\/2020\/02\/Erasmus-feb20-mesa-300x200.jpg 300w, https:\/\/www.ull.es\/portal\/noticias\/wp-content\/uploads\/sites\/13\/2020\/02\/Erasmus-feb20-mesa-768x512.jpg 768w, https:\/\/www.ull.es\/portal\/noticias\/wp-content\/uploads\/sites\/13\/2020\/02\/Erasmus-feb20-mesa-375x250.jpg 375w, https:\/\/www.ull.es\/portal\/noticias\/wp-content\/uploads\/sites\/13\/2020\/02\/Erasmus-feb20-mesa-750x500.jpg 750w, https:\/\/www.ull.es\/portal\/noticias\/wp-content\/uploads\/sites\/13\/2020\/02\/Erasmus-feb20-mesa.jpg 1024w\" sizes=\"(max-width: 300px) 100vw, 300px\" \/>La jornada discurri\u00f3 con normalidad y comenz\u00f3 sobre las 17 horas con la habitual foto de familia. Para continuar con el programa se realiz\u00f3 una presentaci\u00f3n de la Universidad de La Laguna y de los servicios que ofrece, sobre todo de los que tienen especial inter\u00e9s para los estudiantes internacionales, como el Servicio de Idiomas o el de Deportes. Cabrera quiso felicitarlos con su discurso \u201cpor la valent\u00eda que hab\u00edan demostrado al atreverse a dejar la comodidad de sus casas para venir a otro pa\u00eds con otras costumbres y lengua\u201d.<\/p>\n<p>Adem\u00e1s, el programa Erasmus+ cumple tres d\u00e9cadas en funcionamiento. Desde la instituci\u00f3n se se\u00f1al\u00f3 la importancia de estos v\u00ednculos que permiten a un territorio remoto como es Canarias, conectar con otros campus y estudiantes universitarios. El director de Movilidad y Relaciones Comunitarias, Norteam\u00e9rica y Asia e Internacionalizaci\u00f3n en casa, Ignacio Muros, quiso destacar la importancia de estos j\u00f3venes que \u201cson los que tomar\u00e1n el relevo de la construcci\u00f3n de Europa en estos momentos de incertidumbre en los que en muchos sitios se pone en duda la continuidad del proyecto europeo\u201d.<\/p>\n<p>Es la segunda jornada de bienvenida que la instituci\u00f3n docente lleva a cabo este curso acad\u00e9mico, ya que <img decoding=\"async\" loading=\"lazy\" class=\"alignright size-medium wp-image-48952\" src=\"https:\/\/www.ull.es\/portal\/noticias\/wp-content\/uploads\/sites\/13\/2020\/02\/Erasmus-feb20-sala-300x200.jpg\" alt=\"\" width=\"300\" height=\"200\" srcset=\"https:\/\/www.ull.es\/portal\/noticias\/wp-content\/uploads\/sites\/13\/2020\/02\/Erasmus-feb20-sala-300x200.jpg 300w, https:\/\/www.ull.es\/portal\/noticias\/wp-content\/uploads\/sites\/13\/2020\/02\/Erasmus-feb20-sala-768x512.jpg 768w, https:\/\/www.ull.es\/portal\/noticias\/wp-content\/uploads\/sites\/13\/2020\/02\/Erasmus-feb20-sala-375x250.jpg 375w, https:\/\/www.ull.es\/portal\/noticias\/wp-content\/uploads\/sites\/13\/2020\/02\/Erasmus-feb20-sala-750x500.jpg 750w, https:\/\/www.ull.es\/portal\/noticias\/wp-content\/uploads\/sites\/13\/2020\/02\/Erasmus-feb20-sala.jpg 1024w\" sizes=\"(max-width: 300px) 100vw, 300px\" \/>en octubre tuvo lugar la primera, en la cual se recib\u00eda a un total de 285 alumnos, de los cuales 196 ven\u00edan a cursar el primer cuatrimestre, y 89 el curso completo. Sumando los 70 estudiantes que se recibieron hoy en el acto, la Universidad de La Laguna ha recibido a 355 estudiantes que se han beneficiado de estos programas de intercambio.<\/p>\n<p>Alemania e Italia encabezan la lista de los pa\u00edses de procedencia europea de los estudiantes, aunque se registran otras nacionalidades como Austria, Bulgaria, Dinamarca, Eslovaquia, Eslovenia, Francia, Finlandia, Grecia e Irlanda, aparte de la presencia de los estudiantes caboverdianos y senegaleses. Los estudios que cursar\u00e1n son principalmente los relativos a Bellas Artes, Biolog\u00eda, Ciencias Ambientales, Periodismo, Derecho, Econom\u00eda y Educaci\u00f3n.<\/p>\n","protected":false},"excerpt":{"rendered":"<p>Durante la tarde de hoy, 7 de febrero, se ha celebrado la bienvenida oficial de los 70 estudiantes del intercambio&#8230;<\/p>\n","protected":false},"author":23,"featured_media":48950,"comment_status":"closed","ping_status":"closed","sticky":false,"template":"","format":"standard","meta":{"inline_featured_image":false,"footnotes":""},"categories":[345,349,2765],"tags":[668,6310,6309,2370],"acf":[],"yoast_head":"<!-- This site is optimized with the Yoast SEO plugin v21.3 - https:\/\/yoast.com\/wordpress\/plugins\/seo\/ -->\n<title>La ULL recibe por primera vez a los estudiantes Erasmus Mundus extracomunitarios - ULL - Noticias<\/title>\n<meta name=\"robots\" content=\"index, follow, max-snippet:-1, max-image-preview:large, max-video-preview:-1\" \/>\n<link rel=\"canonical\" href=\"https:\/\/www.ull.es\/portal\/noticias\/2020\/la-ull-recibe-por-primera-vez-a-los-estudiantes-erasmus-mundus-extracomunitarios\/\" \/>\n<meta property=\"og:locale\" content=\"es_ES\" \/>\n<meta property=\"og:type\" content=\"article\" \/>\n<meta property=\"og:title\" content=\"La ULL recibe por primera vez a los estudiantes Erasmus Mundus extracomunitarios - ULL - Noticias\" \/>\n<meta property=\"og:description\" content=\"Durante la tarde de hoy, 7 de febrero, se ha celebrado la bienvenida oficial de los 70 estudiantes del intercambio...\" \/>\n<meta property=\"og:url\" content=\"https:\/\/www.ull.es\/portal\/noticias\/2020\/la-ull-recibe-por-primera-vez-a-los-estudiantes-erasmus-mundus-extracomunitarios\/\" \/>\n<meta property=\"og:site_name\" content=\"ULL - Noticias\" \/>\n<meta property=\"article:publisher\" content=\"https:\/\/www.facebook.com\/universidaddelalaguna\/\" \/>\n<meta property=\"article:published_time\" content=\"2020-02-07T17:54:39+00:00\" \/>\n<meta property=\"article:modified_time\" content=\"2020-02-10T09:22:26+00:00\" \/>\n<meta property=\"og:image\" content=\"https:\/\/www.ull.es\/portal\/noticias\/wp-content\/uploads\/sites\/13\/2020\/02\/Erasmus-feb20-grupo.jpg\" \/>\n\t<meta property=\"og:image:width\" content=\"1024\" \/>\n\t<meta property=\"og:image:height\" content=\"573\" \/>\n\t<meta property=\"og:image:type\" content=\"image\/jpeg\" \/>\n<meta name=\"author\" content=\"gaprsa\" \/>\n<meta name=\"twitter:card\" content=\"summary_large_image\" \/>\n<meta name=\"twitter:creator\" content=\"@CanalULL\" \/>\n<meta name=\"twitter:site\" content=\"@CanalULL\" \/>\n<meta name=\"twitter:label1\" content=\"Escrito por\" \/>\n\t<meta name=\"twitter:data1\" content=\"gaprsa\" \/>\n\t<meta name=\"twitter:label2\" content=\"Tiempo de lectura\" \/>\n\t<meta name=\"twitter:data2\" content=\"2 minutos\" \/>\n<script type=\"application\/ld+json\" class=\"yoast-schema-graph\">{\"@context\":\"https:\/\/schema.org\",\"@graph\":[{\"@type\":\"WebPage\",\"@id\":\"https:\/\/www.ull.es\/portal\/noticias\/2020\/la-ull-recibe-por-primera-vez-a-los-estudiantes-erasmus-mundus-extracomunitarios\/\",\"url\":\"https:\/\/www.ull.es\/portal\/noticias\/2020\/la-ull-recibe-por-primera-vez-a-los-estudiantes-erasmus-mundus-extracomunitarios\/\",\"name\":\"La ULL recibe por primera vez a los estudiantes Erasmus Mundus extracomunitarios - ULL - Noticias\",\"isPartOf\":{\"@id\":\"https:\/\/www.ull.es\/portal\/noticias\/#website\"},\"datePublished\":\"2020-02-07T17:54:39+00:00\",\"dateModified\":\"2020-02-10T09:22:26+00:00\",\"author\":{\"@id\":\"https:\/\/www.ull.es\/portal\/noticias\/#\/schema\/person\/b2b1a89d43ffa609e591f7df8ef3e817\"},\"breadcrumb\":{\"@id\":\"https:\/\/www.ull.es\/portal\/noticias\/2020\/la-ull-recibe-por-primera-vez-a-los-estudiantes-erasmus-mundus-extracomunitarios\/#breadcrumb\"},\"inLanguage\":\"es\",\"potentialAction\":[{\"@type\":\"ReadAction\",\"target\":[\"https:\/\/www.ull.es\/portal\/noticias\/2020\/la-ull-recibe-por-primera-vez-a-los-estudiantes-erasmus-mundus-extracomunitarios\/\"]}]},{\"@type\":\"BreadcrumbList\",\"@id\":\"https:\/\/www.ull.es\/portal\/noticias\/2020\/la-ull-recibe-por-primera-vez-a-los-estudiantes-erasmus-mundus-extracomunitarios\/#breadcrumb\",\"itemListElement\":[{\"@type\":\"ListItem\",\"position\":1,\"name\":\"Portada\",\"item\":\"https:\/\/www.ull.es\/portal\/noticias\/\"},{\"@type\":\"ListItem\",\"position\":2,\"name\":\"La ULL recibe por primera vez a los estudiantes Erasmus Mundus extracomunitarios\"}]},{\"@type\":\"WebSite\",\"@id\":\"https:\/\/www.ull.es\/portal\/noticias\/#website\",\"url\":\"https:\/\/www.ull.es\/portal\/noticias\/\",\"name\":\"ULL - Noticias\",\"description\":\"\",\"potentialAction\":[{\"@type\":\"SearchAction\",\"target\":{\"@type\":\"EntryPoint\",\"urlTemplate\":\"https:\/\/www.ull.es\/portal\/noticias\/?s={search_term_string}\"},\"query-input\":\"required name=search_term_string\"}],\"inLanguage\":\"es\"},{\"@type\":\"Person\",\"@id\":\"https:\/\/www.ull.es\/portal\/noticias\/#\/schema\/person\/b2b1a89d43ffa609e591f7df8ef3e817\",\"name\":\"gaprsa\",\"image\":{\"@type\":\"ImageObject\",\"inLanguage\":\"es\",\"@id\":\"https:\/\/www.ull.es\/portal\/noticias\/#\/schema\/person\/image\/\",\"url\":\"https:\/\/secure.gravatar.com\/avatar\/443820550921091458b4823867723b3d?s=96&d=mm&r=g\",\"contentUrl\":\"https:\/\/secure.gravatar.com\/avatar\/443820550921091458b4823867723b3d?s=96&d=mm&r=g\",\"caption\":\"gaprsa\"},\"url\":\"https:\/\/www.ull.es\/portal\/noticias\/author\/gaprsa\/\"}]}<\/script>\n<!-- \/ Yoast SEO plugin. -->","yoast_head_json":{"title":"La ULL recibe por primera vez a los estudiantes Erasmus Mundus extracomunitarios - ULL - Noticias","robots":{"index":"index","follow":"follow","max-snippet":"max-snippet:-1","max-image-preview":"max-image-preview:large","max-video-preview":"max-video-preview:-1"},"canonical":"https:\/\/www.ull.es\/portal\/noticias\/2020\/la-ull-recibe-por-primera-vez-a-los-estudiantes-erasmus-mundus-extracomunitarios\/","og_locale":"es_ES","og_type":"article","og_title":"La ULL recibe por primera vez a los estudiantes Erasmus Mundus extracomunitarios - ULL - Noticias","og_description":"Durante la tarde de hoy, 7 de febrero, se ha celebrado la bienvenida oficial de los 70 estudiantes del intercambio...","og_url":"https:\/\/www.ull.es\/portal\/noticias\/2020\/la-ull-recibe-por-primera-vez-a-los-estudiantes-erasmus-mundus-extracomunitarios\/","og_site_name":"ULL - Noticias","article_publisher":"https:\/\/www.facebook.com\/universidaddelalaguna\/","article_published_time":"2020-02-07T17:54:39+00:00","article_modified_time":"2020-02-10T09:22:26+00:00","og_image":[{"width":1024,"height":573,"url":"https:\/\/www.ull.es\/portal\/noticias\/wp-content\/uploads\/sites\/13\/2020\/02\/Erasmus-feb20-grupo.jpg","type":"image\/jpeg"}],"author":"gaprsa","twitter_card":"summary_large_image","twitter_creator":"@CanalULL","twitter_site":"@CanalULL","twitter_misc":{"Escrito por":"gaprsa","Tiempo de lectura":"2 minutos"},"schema":{"@context":"https:\/\/schema.org","@graph":[{"@type":"WebPage","@id":"https:\/\/www.ull.es\/portal\/noticias\/2020\/la-ull-recibe-por-primera-vez-a-los-estudiantes-erasmus-mundus-extracomunitarios\/","url":"https:\/\/www.ull.es\/portal\/noticias\/2020\/la-ull-recibe-por-primera-vez-a-los-estudiantes-erasmus-mundus-extracomunitarios\/","name":"La ULL recibe por primera vez a los estudiantes Erasmus Mundus extracomunitarios - ULL - Noticias","isPartOf":{"@id":"https:\/\/www.ull.es\/portal\/noticias\/#website"},"datePublished":"2020-02-07T17:54:39+00:00","dateModified":"2020-02-10T09:22:26+00:00","author":{"@id":"https:\/\/www.ull.es\/portal\/noticias\/#\/schema\/person\/b2b1a89d43ffa609e591f7df8ef3e817"},"breadcrumb":{"@id":"https:\/\/www.ull.es\/portal\/noticias\/2020\/la-ull-recibe-por-primera-vez-a-los-estudiantes-erasmus-mundus-extracomunitarios\/#breadcrumb"},"inLanguage":"es","potentialAction":[{"@type":"ReadAction","target":["https:\/\/www.ull.es\/portal\/noticias\/2020\/la-ull-recibe-por-primera-vez-a-los-estudiantes-erasmus-mundus-extracomunitarios\/"]}]},{"@type":"BreadcrumbList","@id":"https:\/\/www.ull.es\/portal\/noticias\/2020\/la-ull-recibe-por-primera-vez-a-los-estudiantes-erasmus-mundus-extracomunitarios\/#breadcrumb","itemListElement":[{"@type":"ListItem","position":1,"name":"Portada","item":"https:\/\/www.ull.es\/portal\/noticias\/"},{"@type":"ListItem","position":2,"name":"La ULL recibe por primera vez a los estudiantes Erasmus Mundus extracomunitarios"}]},{"@type":"WebSite","@id":"https:\/\/www.ull.es\/portal\/noticias\/#website","url":"https:\/\/www.ull.es\/portal\/noticias\/","name":"ULL - Noticias","description":"","potentialAction":[{"@type":"SearchAction","target":{"@type":"EntryPoint","urlTemplate":"https:\/\/www.ull.es\/portal\/noticias\/?s={search_term_string}"},"query-input":"required name=search_term_string"}],"inLanguage":"es"},{"@type":"Person","@id":"https:\/\/www.ull.es\/portal\/noticias\/#\/schema\/person\/b2b1a89d43ffa609e591f7df8ef3e817","name":"gaprsa","image":{"@type":"ImageObject","inLanguage":"es","@id":"https:\/\/www.ull.es\/portal\/noticias\/#\/schema\/person\/image\/","url":"https:\/\/secure.gravatar.com\/avatar\/443820550921091458b4823867723b3d?s=96&d=mm&r=g","contentUrl":"https:\/\/secure.gravatar.com\/avatar\/443820550921091458b4823867723b3d?s=96&d=mm&r=g","caption":"gaprsa"},"url":"https:\/\/www.ull.es\/portal\/noticias\/author\/gaprsa\/"}]}},"primary_category":{"id":345,"name":"Destacado","slug":"destacado","link":"https:\/\/www.ull.es\/portal\/noticias\/category\/destacado\/"},"featured_image_thumbnail_url":"https:\/\/www.ull.es\/portal\/noticias\/wp-content\/uploads\/sites\/13\/2020\/02\/Erasmus-feb20-grupo-300x168.jpg","_links":{"self":[{"href":"https:\/\/www.ull.es\/portal\/noticias\/wp-json\/wp\/v2\/posts\/48947"}],"collection":[{"href":"https:\/\/www.ull.es\/portal\/noticias\/wp-json\/wp\/v2\/posts"}],"about":[{"href":"https:\/\/www.ull.es\/portal\/noticias\/wp-json\/wp\/v2\/types\/post"}],"author":[{"embeddable":true,"href":"https:\/\/www.ull.es\/portal\/noticias\/wp-json\/wp\/v2\/users\/23"}],"replies":[{"embeddable":true,"href":"https:\/\/www.ull.es\/portal\/noticias\/wp-json\/wp\/v2\/comments?post=48947"}],"version-history":[{"count":4,"href":"https:\/\/www.ull.es\/portal\/noticias\/wp-json\/wp\/v2\/posts\/48947\/revisions"}],"predecessor-version":[{"id":48956,"href":"https:\/\/www.ull.es\/portal\/noticias\/wp-json\/wp\/v2\/posts\/48947\/revisions\/48956"}],"wp:featuredmedia":[{"embeddable":true,"href":"https:\/\/www.ull.es\/portal\/noticias\/wp-json\/wp\/v2\/media\/48950"}],"wp:attachment":[{"href":"https:\/\/www.ull.es\/portal\/noticias\/wp-json\/wp\/v2\/media?parent=48947"}],"wp:term":[{"taxonomy":"category","embeddable":true,"href":"https:\/\/www.ull.es\/portal\/noticias\/wp-json\/wp\/v2\/categories?post=48947"},{"taxonomy":"post_tag","embeddable":true,"href":"https:\/\/www.ull.es\/portal\/noticias\/wp-json\/wp\/v2\/tags?post=48947"}],"curies":[{"name":"wp","href":"https:\/\/api.w.org\/{rel}","templated":true}]}}