{"id":49070,"date":"2020-02-14T15:15:33","date_gmt":"2020-02-14T15:15:33","guid":{"rendered":"https:\/\/www.ull.es\/portal\/noticias\/?p=49070"},"modified":"2020-02-14T15:24:21","modified_gmt":"2020-02-14T15:24:21","slug":"la-universidad-de-la-laguna-recibe-al-alumnado-del-programa-peritia-et-doctrina-de-la-ulpgc","status":"publish","type":"post","link":"https:\/\/www.ull.es\/portal\/noticias\/2020\/la-universidad-de-la-laguna-recibe-al-alumnado-del-programa-peritia-et-doctrina-de-la-ulpgc\/","title":{"rendered":"La Universidad de La Laguna recibe al alumnado del programa Peritia et Doctrina de la ULPGC"},"content":{"rendered":"<p>El Edificio Central de la Universidad de La Laguna ha sido hoy 14 de febrero la sede de la visita institucional del alumnado del programa Peritia et Doctrina de la Universidad de Las Palmas de Gran Canaria, dedicado a las personas mayores. Sus hom\u00f3logos tinerfe\u00f1os los han invitado para compartir un d\u00eda de actividades conjuntas, encuentro que ha servido adem\u00e1s para conocer los espacios m\u00e1s emblem\u00e1ticos de este centro acad\u00e9mico.<\/p>\n<p style=\"text-align: center\"><a href=\"https:\/\/drive.google.com\/drive\/folders\/1Xx5qHZDBROYR9Cq6qhbd8n6Qhm93njrx?usp=sharing\" target=\"_blank\" rel=\"noopener\"><strong>Galer\u00eda gr\u00e1fica<\/strong><\/a><\/p>\n<p>As\u00ed, el nutrido grupo ha visitado en primer lugar el Paraninfo de la instituci\u00f3n, donde fueron informados de su historia y de su m\u00e1s reciente reapertura. Luego, de la mano del catedr\u00e1tico em\u00e9rito de Bot\u00e1nica, Wolfredo Wildpret, visitaron los jardines del patio central y se acercaron a algunas de las especies aut\u00f3ctonas que all\u00ed se alojan. Finalmente, en el Aula Magna de ese mismo inmueble, fueron recibidos por la rectora del centro universitario, Rosa Aguilar, y por el alcalde accidental, Rubens Ascanio.<\/p>\n<p>La rectora les dijo que entre las dos universidades p\u00fablicas canarias existe \u201cuna enorme sinton\u00eda\u201d y que se ha generado un \u201cclima de colaboraci\u00f3n permanente\u201d. Aguilar agreg\u00f3 que las dos instituciones comparten la creencia en el valor social de las universidades p\u00fablicas. \u201cNuestros fines principales se resumen en uno: servir de manera incondicional a la sociedad a trav\u00e9s de nuestras diferentes actividades, como la docencia y la investigaci\u00f3n, y eso es lo que nos diferencia de otras iniciativas privadas\u201d.<\/p>\n<p>Un ejemplo de este compromiso con la sociedad, a\u00f1adi\u00f3, son los llamados programas para mayores que tambi\u00e9n forman parte de la instituci\u00f3n y que, en el caso de La Laguna, tiene una trayectoria de m\u00e1s de dos d\u00e9cadas. El programa de la ULL ha experimentado algunas modificaciones y, en la actualidad, est\u00e1 estructurado en tres diplomas especializados: uno en Arte y Creatividad, otro en Cultura Cient\u00edfica y tecnol\u00f3gica y un tercero en Humanidades y Ciencias Sociales.<\/p>\n<p>\u201cLa universidad debe estar en todas las etapas de la vida y tambi\u00e9n debe llegar a la mayor cantidad de personas. Gracias a programas como estos nos acercamos a un colectivo que, afortunadamente, tiene cada vez mayor importancia en la sociedad: las persas mayores. La idea de envejecimiento activo ha supuesto una aut\u00e9ntica revoluci\u00f3n social, y la reivindicaci\u00f3n de personas que pese a haber vivido ya una buena parte de su vida, tienen todav\u00eda mucho que hacer, que aprender y tambi\u00e9n que ense\u00f1arnos a los dem\u00e1s\u201d, sostuvo la rectora.<\/p>\n<p>Este programa, por tanto, supone una alternativa de ocio basado en el aprendizaje, y tambi\u00e9n una oportunidad para acercar la universidad a personas que en su d\u00eda no pudieron acceder a los estudios superiores, agreg\u00f3. \u201cPero por encima de todo, se trata de una manera de ampliar la mente, pero tambi\u00e9n la red de contactos. Estos programas propician que personas de diferentes perfiles se conozcan y compartan una experiencia de aprendizaje com\u00fan, y esas relaciones muchas veces se convierten en amistad\u201d.<\/p>\n","protected":false},"excerpt":{"rendered":"<p>El Edificio Central de la Universidad de La Laguna ha sido hoy 14 de febrero la sede de la visita&#8230;<\/p>\n","protected":false},"author":23,"featured_media":49072,"comment_status":"closed","ping_status":"closed","sticky":false,"template":"","format":"standard","meta":{"inline_featured_image":false,"footnotes":""},"categories":[345,348,2765],"tags":[6328,2538],"acf":[],"yoast_head":"<!-- This site is optimized with the Yoast SEO plugin v21.3 - https:\/\/yoast.com\/wordpress\/plugins\/seo\/ -->\n<title>La Universidad de La Laguna recibe al alumnado del programa Peritia et Doctrina de la ULPGC - ULL - Noticias<\/title>\n<meta name=\"robots\" content=\"index, follow, max-snippet:-1, max-image-preview:large, max-video-preview:-1\" \/>\n<link rel=\"canonical\" href=\"https:\/\/www.ull.es\/portal\/noticias\/2020\/la-universidad-de-la-laguna-recibe-al-alumnado-del-programa-peritia-et-doctrina-de-la-ulpgc\/\" \/>\n<meta property=\"og:locale\" content=\"es_ES\" \/>\n<meta property=\"og:type\" content=\"article\" \/>\n<meta property=\"og:title\" content=\"La Universidad de La Laguna recibe al alumnado del programa Peritia et Doctrina de la ULPGC - ULL - Noticias\" \/>\n<meta property=\"og:description\" content=\"El Edificio Central de la Universidad de La Laguna ha sido hoy 14 de febrero la sede de la visita...\" \/>\n<meta property=\"og:url\" content=\"https:\/\/www.ull.es\/portal\/noticias\/2020\/la-universidad-de-la-laguna-recibe-al-alumnado-del-programa-peritia-et-doctrina-de-la-ulpgc\/\" \/>\n<meta property=\"og:site_name\" content=\"ULL - Noticias\" \/>\n<meta property=\"article:publisher\" content=\"https:\/\/www.facebook.com\/universidaddelalaguna\/\" \/>\n<meta property=\"article:published_time\" content=\"2020-02-14T15:15:33+00:00\" \/>\n<meta property=\"article:modified_time\" content=\"2020-02-14T15:24:21+00:00\" \/>\n<meta property=\"og:image\" content=\"https:\/\/www.ull.es\/portal\/noticias\/wp-content\/uploads\/sites\/13\/2020\/02\/Programa-Mayores-ULPGC.jpg\" \/>\n\t<meta property=\"og:image:width\" content=\"1024\" \/>\n\t<meta property=\"og:image:height\" content=\"683\" \/>\n\t<meta property=\"og:image:type\" content=\"image\/jpeg\" \/>\n<meta name=\"author\" content=\"gaprsa\" \/>\n<meta name=\"twitter:card\" content=\"summary_large_image\" \/>\n<meta name=\"twitter:creator\" content=\"@CanalULL\" \/>\n<meta name=\"twitter:site\" content=\"@CanalULL\" \/>\n<meta name=\"twitter:label1\" content=\"Escrito por\" \/>\n\t<meta name=\"twitter:data1\" content=\"gaprsa\" \/>\n\t<meta name=\"twitter:label2\" content=\"Tiempo de lectura\" \/>\n\t<meta name=\"twitter:data2\" content=\"3 minutos\" \/>\n<script type=\"application\/ld+json\" class=\"yoast-schema-graph\">{\"@context\":\"https:\/\/schema.org\",\"@graph\":[{\"@type\":\"WebPage\",\"@id\":\"https:\/\/www.ull.es\/portal\/noticias\/2020\/la-universidad-de-la-laguna-recibe-al-alumnado-del-programa-peritia-et-doctrina-de-la-ulpgc\/\",\"url\":\"https:\/\/www.ull.es\/portal\/noticias\/2020\/la-universidad-de-la-laguna-recibe-al-alumnado-del-programa-peritia-et-doctrina-de-la-ulpgc\/\",\"name\":\"La Universidad de La Laguna recibe al alumnado del programa Peritia et Doctrina de la ULPGC - ULL - Noticias\",\"isPartOf\":{\"@id\":\"https:\/\/www.ull.es\/portal\/noticias\/#website\"},\"datePublished\":\"2020-02-14T15:15:33+00:00\",\"dateModified\":\"2020-02-14T15:24:21+00:00\",\"author\":{\"@id\":\"https:\/\/www.ull.es\/portal\/noticias\/#\/schema\/person\/b2b1a89d43ffa609e591f7df8ef3e817\"},\"breadcrumb\":{\"@id\":\"https:\/\/www.ull.es\/portal\/noticias\/2020\/la-universidad-de-la-laguna-recibe-al-alumnado-del-programa-peritia-et-doctrina-de-la-ulpgc\/#breadcrumb\"},\"inLanguage\":\"es\",\"potentialAction\":[{\"@type\":\"ReadAction\",\"target\":[\"https:\/\/www.ull.es\/portal\/noticias\/2020\/la-universidad-de-la-laguna-recibe-al-alumnado-del-programa-peritia-et-doctrina-de-la-ulpgc\/\"]}]},{\"@type\":\"BreadcrumbList\",\"@id\":\"https:\/\/www.ull.es\/portal\/noticias\/2020\/la-universidad-de-la-laguna-recibe-al-alumnado-del-programa-peritia-et-doctrina-de-la-ulpgc\/#breadcrumb\",\"itemListElement\":[{\"@type\":\"ListItem\",\"position\":1,\"name\":\"Portada\",\"item\":\"https:\/\/www.ull.es\/portal\/noticias\/\"},{\"@type\":\"ListItem\",\"position\":2,\"name\":\"La Universidad de La Laguna recibe al alumnado del programa Peritia et Doctrina de la ULPGC\"}]},{\"@type\":\"WebSite\",\"@id\":\"https:\/\/www.ull.es\/portal\/noticias\/#website\",\"url\":\"https:\/\/www.ull.es\/portal\/noticias\/\",\"name\":\"ULL - Noticias\",\"description\":\"\",\"potentialAction\":[{\"@type\":\"SearchAction\",\"target\":{\"@type\":\"EntryPoint\",\"urlTemplate\":\"https:\/\/www.ull.es\/portal\/noticias\/?s={search_term_string}\"},\"query-input\":\"required name=search_term_string\"}],\"inLanguage\":\"es\"},{\"@type\":\"Person\",\"@id\":\"https:\/\/www.ull.es\/portal\/noticias\/#\/schema\/person\/b2b1a89d43ffa609e591f7df8ef3e817\",\"name\":\"gaprsa\",\"image\":{\"@type\":\"ImageObject\",\"inLanguage\":\"es\",\"@id\":\"https:\/\/www.ull.es\/portal\/noticias\/#\/schema\/person\/image\/\",\"url\":\"https:\/\/secure.gravatar.com\/avatar\/443820550921091458b4823867723b3d?s=96&d=mm&r=g\",\"contentUrl\":\"https:\/\/secure.gravatar.com\/avatar\/443820550921091458b4823867723b3d?s=96&d=mm&r=g\",\"caption\":\"gaprsa\"},\"url\":\"https:\/\/www.ull.es\/portal\/noticias\/author\/gaprsa\/\"}]}<\/script>\n<!-- \/ Yoast SEO plugin. -->","yoast_head_json":{"title":"La Universidad de La Laguna recibe al alumnado del programa Peritia et Doctrina de la ULPGC - ULL - Noticias","robots":{"index":"index","follow":"follow","max-snippet":"max-snippet:-1","max-image-preview":"max-image-preview:large","max-video-preview":"max-video-preview:-1"},"canonical":"https:\/\/www.ull.es\/portal\/noticias\/2020\/la-universidad-de-la-laguna-recibe-al-alumnado-del-programa-peritia-et-doctrina-de-la-ulpgc\/","og_locale":"es_ES","og_type":"article","og_title":"La Universidad de La Laguna recibe al alumnado del programa Peritia et Doctrina de la ULPGC - ULL - Noticias","og_description":"El Edificio Central de la Universidad de La Laguna ha sido hoy 14 de febrero la sede de la visita...","og_url":"https:\/\/www.ull.es\/portal\/noticias\/2020\/la-universidad-de-la-laguna-recibe-al-alumnado-del-programa-peritia-et-doctrina-de-la-ulpgc\/","og_site_name":"ULL - Noticias","article_publisher":"https:\/\/www.facebook.com\/universidaddelalaguna\/","article_published_time":"2020-02-14T15:15:33+00:00","article_modified_time":"2020-02-14T15:24:21+00:00","og_image":[{"width":1024,"height":683,"url":"https:\/\/www.ull.es\/portal\/noticias\/wp-content\/uploads\/sites\/13\/2020\/02\/Programa-Mayores-ULPGC.jpg","type":"image\/jpeg"}],"author":"gaprsa","twitter_card":"summary_large_image","twitter_creator":"@CanalULL","twitter_site":"@CanalULL","twitter_misc":{"Escrito por":"gaprsa","Tiempo de lectura":"3 minutos"},"schema":{"@context":"https:\/\/schema.org","@graph":[{"@type":"WebPage","@id":"https:\/\/www.ull.es\/portal\/noticias\/2020\/la-universidad-de-la-laguna-recibe-al-alumnado-del-programa-peritia-et-doctrina-de-la-ulpgc\/","url":"https:\/\/www.ull.es\/portal\/noticias\/2020\/la-universidad-de-la-laguna-recibe-al-alumnado-del-programa-peritia-et-doctrina-de-la-ulpgc\/","name":"La Universidad de La Laguna recibe al alumnado del programa Peritia et Doctrina de la ULPGC - ULL - Noticias","isPartOf":{"@id":"https:\/\/www.ull.es\/portal\/noticias\/#website"},"datePublished":"2020-02-14T15:15:33+00:00","dateModified":"2020-02-14T15:24:21+00:00","author":{"@id":"https:\/\/www.ull.es\/portal\/noticias\/#\/schema\/person\/b2b1a89d43ffa609e591f7df8ef3e817"},"breadcrumb":{"@id":"https:\/\/www.ull.es\/portal\/noticias\/2020\/la-universidad-de-la-laguna-recibe-al-alumnado-del-programa-peritia-et-doctrina-de-la-ulpgc\/#breadcrumb"},"inLanguage":"es","potentialAction":[{"@type":"ReadAction","target":["https:\/\/www.ull.es\/portal\/noticias\/2020\/la-universidad-de-la-laguna-recibe-al-alumnado-del-programa-peritia-et-doctrina-de-la-ulpgc\/"]}]},{"@type":"BreadcrumbList","@id":"https:\/\/www.ull.es\/portal\/noticias\/2020\/la-universidad-de-la-laguna-recibe-al-alumnado-del-programa-peritia-et-doctrina-de-la-ulpgc\/#breadcrumb","itemListElement":[{"@type":"ListItem","position":1,"name":"Portada","item":"https:\/\/www.ull.es\/portal\/noticias\/"},{"@type":"ListItem","position":2,"name":"La Universidad de La Laguna recibe al alumnado del programa Peritia et Doctrina de la ULPGC"}]},{"@type":"WebSite","@id":"https:\/\/www.ull.es\/portal\/noticias\/#website","url":"https:\/\/www.ull.es\/portal\/noticias\/","name":"ULL - Noticias","description":"","potentialAction":[{"@type":"SearchAction","target":{"@type":"EntryPoint","urlTemplate":"https:\/\/www.ull.es\/portal\/noticias\/?s={search_term_string}"},"query-input":"required name=search_term_string"}],"inLanguage":"es"},{"@type":"Person","@id":"https:\/\/www.ull.es\/portal\/noticias\/#\/schema\/person\/b2b1a89d43ffa609e591f7df8ef3e817","name":"gaprsa","image":{"@type":"ImageObject","inLanguage":"es","@id":"https:\/\/www.ull.es\/portal\/noticias\/#\/schema\/person\/image\/","url":"https:\/\/secure.gravatar.com\/avatar\/443820550921091458b4823867723b3d?s=96&d=mm&r=g","contentUrl":"https:\/\/secure.gravatar.com\/avatar\/443820550921091458b4823867723b3d?s=96&d=mm&r=g","caption":"gaprsa"},"url":"https:\/\/www.ull.es\/portal\/noticias\/author\/gaprsa\/"}]}},"primary_category":{"id":345,"name":"Destacado","slug":"destacado","link":"https:\/\/www.ull.es\/portal\/noticias\/category\/destacado\/"},"featured_image_thumbnail_url":"https:\/\/www.ull.es\/portal\/noticias\/wp-content\/uploads\/sites\/13\/2020\/02\/Programa-Mayores-ULPGC-300x200.jpg","_links":{"self":[{"href":"https:\/\/www.ull.es\/portal\/noticias\/wp-json\/wp\/v2\/posts\/49070"}],"collection":[{"href":"https:\/\/www.ull.es\/portal\/noticias\/wp-json\/wp\/v2\/posts"}],"about":[{"href":"https:\/\/www.ull.es\/portal\/noticias\/wp-json\/wp\/v2\/types\/post"}],"author":[{"embeddable":true,"href":"https:\/\/www.ull.es\/portal\/noticias\/wp-json\/wp\/v2\/users\/23"}],"replies":[{"embeddable":true,"href":"https:\/\/www.ull.es\/portal\/noticias\/wp-json\/wp\/v2\/comments?post=49070"}],"version-history":[{"count":2,"href":"https:\/\/www.ull.es\/portal\/noticias\/wp-json\/wp\/v2\/posts\/49070\/revisions"}],"predecessor-version":[{"id":49074,"href":"https:\/\/www.ull.es\/portal\/noticias\/wp-json\/wp\/v2\/posts\/49070\/revisions\/49074"}],"wp:featuredmedia":[{"embeddable":true,"href":"https:\/\/www.ull.es\/portal\/noticias\/wp-json\/wp\/v2\/media\/49072"}],"wp:attachment":[{"href":"https:\/\/www.ull.es\/portal\/noticias\/wp-json\/wp\/v2\/media?parent=49070"}],"wp:term":[{"taxonomy":"category","embeddable":true,"href":"https:\/\/www.ull.es\/portal\/noticias\/wp-json\/wp\/v2\/categories?post=49070"},{"taxonomy":"post_tag","embeddable":true,"href":"https:\/\/www.ull.es\/portal\/noticias\/wp-json\/wp\/v2\/tags?post=49070"}],"curies":[{"name":"wp","href":"https:\/\/api.w.org\/{rel}","templated":true}]}}