{"id":49087,"date":"2020-02-17T10:30:23","date_gmt":"2020-02-17T10:30:23","guid":{"rendered":"https:\/\/www.ull.es\/portal\/noticias\/?p=49087"},"modified":"2022-06-13T12:46:37","modified_gmt":"2022-06-13T12:46:37","slug":"continuan-jornadas-ingenia-ull","status":"publish","type":"post","link":"https:\/\/www.ull.es\/portal\/noticias\/2020\/continuan-jornadas-ingenia-ull\/","title":{"rendered":"Contin\u00faan las jornadas del Programa INGENIA en la Universidad de La Laguna"},"content":{"rendered":"<p>La Universidad de La Laguna celebr\u00f3 el viernes, 14 de febrero, una jornada de trabajo titulada \u2018<em>Agentes de apoyo en el ecosistema; retos para los objetivos de desarrollo sostenible\u2019,<\/em> que forma parte de las actividades incluidas en el Programa INGENIA para la mejora de la sostenibilidad de Canarias a trav\u00e9s del fomento y adquisici\u00f3n de herramientas valiosas para comprender y abordar los Objetivos de Desarrollo Sostenible (ODS). A esta sesi\u00f3n, celebrada en el Edificio Central de la Universidad, acudieron cerca de 90 estudiantes tanto universitarios como de Bachillerato.<\/p>\n<p>El objetivo de la jornada fue crear un espacio de encuentro entre facilitadores de aprendizaje del programa <a href=\"https:\/\/www.ull.es\/portal\/ingenia\/\" target=\"_blank\" rel=\"noopener\">INGENIA<\/a>, estudiantes y entidades de car\u00e1cter social cuyas iniciativas est\u00e1n generando impacto positivo en el \u00e1mbito canario.<\/p>\n<p>La importancia de esta jornada es poner de manifiesto la relevancia que tienen los agentes de apoyo para las personas que inician su andadura en le emprendimiento social, as\u00ed como la educaci\u00f3n en valores y el fomento de la innovaci\u00f3n social.<\/p>\n<p>Carlos Efr\u00e9n Mora, director de Secretariado de Soporte Estudiantil y Empleabilidad de la Universidad de La Laguna y co-creador del programa INGENIA, fue el encargado de inaugurar la sesi\u00f3n. Tambi\u00e9n estuvo presente In\u00e9s Ru\u00edz, directora de la C\u00e1tedra Fundaci\u00f3n DISA de J\u00f3venes Emprendedores de la Universidad de La Laguna.<\/p>\n<p>Entre las empresas presentes durante la sesi\u00f3n de trabajo cabe destacar a Trampol\u00edn Solidario, Fundaci\u00f3n Canarias Recicla, Arca de Babel, Proyecto \u2018A trav\u00e9s de la Lana\u2019, Amoraditas, Eco Fest, Asociaci\u00f3n Precious Plastic, Asociaci\u00f3n Kil\u00f3metros verdes y la \u2018Asociaci\u00f3n Transici\u00f3n Oc\u00e9ano.<\/p>\n<p>(Nota y foto cedidas por la FGULL)<\/p>\n","protected":false},"excerpt":{"rendered":"<p>La Universidad de La Laguna celebr\u00f3 el viernes, 14 de febrero, una jornada de trabajo titulada \u2018Agentes de apoyo en&#8230;<\/p>\n","protected":false},"author":21,"featured_media":49088,"comment_status":"closed","ping_status":"closed","sticky":false,"template":"","format":"standard","meta":{"inline_featured_image":false,"footnotes":""},"categories":[5232,345,8720,348,2765],"tags":[1493,4149,4150],"acf":[],"yoast_head":"<!-- This site is optimized with the Yoast SEO plugin v21.3 - https:\/\/yoast.com\/wordpress\/plugins\/seo\/ -->\n<title>Contin\u00faan las jornadas del Programa INGENIA en la ULL<\/title>\n<meta name=\"description\" content=\"La jornada \u2018Agentes de apoyo en el ecosistema; retos para los objetivos de desarrollo sostenible\u2019, forma parte de este programa por la sostenibilidad local.\" \/>\n<meta name=\"robots\" content=\"index, follow, max-snippet:-1, max-image-preview:large, max-video-preview:-1\" \/>\n<link rel=\"canonical\" href=\"https:\/\/www.ull.es\/portal\/noticias\/2020\/continuan-jornadas-ingenia-ull\/\" \/>\n<meta property=\"og:locale\" content=\"es_ES\" \/>\n<meta property=\"og:type\" content=\"article\" \/>\n<meta property=\"og:title\" content=\"Contin\u00faan las jornadas del Programa INGENIA en la ULL\" \/>\n<meta property=\"og:description\" content=\"La jornada \u2018Agentes de apoyo en el ecosistema; retos para los objetivos de desarrollo sostenible\u2019, forma parte de este programa por la sostenibilidad local.\" \/>\n<meta property=\"og:url\" content=\"https:\/\/www.ull.es\/portal\/noticias\/2020\/continuan-jornadas-ingenia-ull\/\" \/>\n<meta property=\"og:site_name\" content=\"ULL - Noticias\" \/>\n<meta property=\"article:publisher\" content=\"https:\/\/www.facebook.com\/universidaddelalaguna\/\" \/>\n<meta property=\"article:published_time\" content=\"2020-02-17T10:30:23+00:00\" \/>\n<meta property=\"article:modified_time\" content=\"2022-06-13T12:46:37+00:00\" \/>\n<meta property=\"og:image\" content=\"https:\/\/www.ull.es\/portal\/noticias\/wp-content\/uploads\/sites\/13\/2020\/02\/INGENIA-empresas-06-WEB.jpg\" \/>\n\t<meta property=\"og:image:width\" content=\"1200\" \/>\n\t<meta property=\"og:image:height\" content=\"800\" \/>\n\t<meta property=\"og:image:type\" content=\"image\/jpeg\" \/>\n<meta name=\"author\" content=\"prensa2\" \/>\n<meta name=\"twitter:card\" content=\"summary_large_image\" \/>\n<meta name=\"twitter:creator\" content=\"@CanalULL\" \/>\n<meta name=\"twitter:site\" content=\"@CanalULL\" \/>\n<meta name=\"twitter:label1\" content=\"Escrito por\" \/>\n\t<meta name=\"twitter:data1\" content=\"prensa2\" \/>\n\t<meta name=\"twitter:label2\" content=\"Tiempo de lectura\" \/>\n\t<meta name=\"twitter:data2\" content=\"1 minuto\" \/>\n<script type=\"application\/ld+json\" class=\"yoast-schema-graph\">{\"@context\":\"https:\/\/schema.org\",\"@graph\":[{\"@type\":\"WebPage\",\"@id\":\"https:\/\/www.ull.es\/portal\/noticias\/2020\/continuan-jornadas-ingenia-ull\/\",\"url\":\"https:\/\/www.ull.es\/portal\/noticias\/2020\/continuan-jornadas-ingenia-ull\/\",\"name\":\"Contin\u00faan las jornadas del Programa INGENIA en la ULL\",\"isPartOf\":{\"@id\":\"https:\/\/www.ull.es\/portal\/noticias\/#website\"},\"datePublished\":\"2020-02-17T10:30:23+00:00\",\"dateModified\":\"2022-06-13T12:46:37+00:00\",\"author\":{\"@id\":\"https:\/\/www.ull.es\/portal\/noticias\/#\/schema\/person\/c3b2aa857797592927a03740d6664376\"},\"description\":\"La jornada \u2018Agentes de apoyo en el ecosistema; retos para los objetivos de desarrollo sostenible\u2019, forma parte de este programa por la sostenibilidad local.\",\"breadcrumb\":{\"@id\":\"https:\/\/www.ull.es\/portal\/noticias\/2020\/continuan-jornadas-ingenia-ull\/#breadcrumb\"},\"inLanguage\":\"es\",\"potentialAction\":[{\"@type\":\"ReadAction\",\"target\":[\"https:\/\/www.ull.es\/portal\/noticias\/2020\/continuan-jornadas-ingenia-ull\/\"]}]},{\"@type\":\"BreadcrumbList\",\"@id\":\"https:\/\/www.ull.es\/portal\/noticias\/2020\/continuan-jornadas-ingenia-ull\/#breadcrumb\",\"itemListElement\":[{\"@type\":\"ListItem\",\"position\":1,\"name\":\"Portada\",\"item\":\"https:\/\/www.ull.es\/portal\/noticias\/\"},{\"@type\":\"ListItem\",\"position\":2,\"name\":\"Contin\u00faan las jornadas del Programa INGENIA en la Universidad de La Laguna\"}]},{\"@type\":\"WebSite\",\"@id\":\"https:\/\/www.ull.es\/portal\/noticias\/#website\",\"url\":\"https:\/\/www.ull.es\/portal\/noticias\/\",\"name\":\"ULL - Noticias\",\"description\":\"\",\"potentialAction\":[{\"@type\":\"SearchAction\",\"target\":{\"@type\":\"EntryPoint\",\"urlTemplate\":\"https:\/\/www.ull.es\/portal\/noticias\/?s={search_term_string}\"},\"query-input\":\"required name=search_term_string\"}],\"inLanguage\":\"es\"},{\"@type\":\"Person\",\"@id\":\"https:\/\/www.ull.es\/portal\/noticias\/#\/schema\/person\/c3b2aa857797592927a03740d6664376\",\"name\":\"prensa2\",\"image\":{\"@type\":\"ImageObject\",\"inLanguage\":\"es\",\"@id\":\"https:\/\/www.ull.es\/portal\/noticias\/#\/schema\/person\/image\/\",\"url\":\"https:\/\/secure.gravatar.com\/avatar\/b58f310a5de5feb33d1e026d2493f23c?s=96&d=mm&r=g\",\"contentUrl\":\"https:\/\/secure.gravatar.com\/avatar\/b58f310a5de5feb33d1e026d2493f23c?s=96&d=mm&r=g\",\"caption\":\"prensa2\"},\"url\":\"https:\/\/www.ull.es\/portal\/noticias\/author\/prensa2\/\"}]}<\/script>\n<!-- \/ Yoast SEO plugin. -->","yoast_head_json":{"title":"Contin\u00faan las jornadas del Programa INGENIA en la ULL","description":"La jornada \u2018Agentes de apoyo en el ecosistema; retos para los objetivos de desarrollo sostenible\u2019, forma parte de este programa por la sostenibilidad local.","robots":{"index":"index","follow":"follow","max-snippet":"max-snippet:-1","max-image-preview":"max-image-preview:large","max-video-preview":"max-video-preview:-1"},"canonical":"https:\/\/www.ull.es\/portal\/noticias\/2020\/continuan-jornadas-ingenia-ull\/","og_locale":"es_ES","og_type":"article","og_title":"Contin\u00faan las jornadas del Programa INGENIA en la ULL","og_description":"La jornada \u2018Agentes de apoyo en el ecosistema; retos para los objetivos de desarrollo sostenible\u2019, forma parte de este programa por la sostenibilidad local.","og_url":"https:\/\/www.ull.es\/portal\/noticias\/2020\/continuan-jornadas-ingenia-ull\/","og_site_name":"ULL - Noticias","article_publisher":"https:\/\/www.facebook.com\/universidaddelalaguna\/","article_published_time":"2020-02-17T10:30:23+00:00","article_modified_time":"2022-06-13T12:46:37+00:00","og_image":[{"width":1200,"height":800,"url":"https:\/\/www.ull.es\/portal\/noticias\/wp-content\/uploads\/sites\/13\/2020\/02\/INGENIA-empresas-06-WEB.jpg","type":"image\/jpeg"}],"author":"prensa2","twitter_card":"summary_large_image","twitter_creator":"@CanalULL","twitter_site":"@CanalULL","twitter_misc":{"Escrito por":"prensa2","Tiempo de lectura":"1 minuto"},"schema":{"@context":"https:\/\/schema.org","@graph":[{"@type":"WebPage","@id":"https:\/\/www.ull.es\/portal\/noticias\/2020\/continuan-jornadas-ingenia-ull\/","url":"https:\/\/www.ull.es\/portal\/noticias\/2020\/continuan-jornadas-ingenia-ull\/","name":"Contin\u00faan las jornadas del Programa INGENIA en la ULL","isPartOf":{"@id":"https:\/\/www.ull.es\/portal\/noticias\/#website"},"datePublished":"2020-02-17T10:30:23+00:00","dateModified":"2022-06-13T12:46:37+00:00","author":{"@id":"https:\/\/www.ull.es\/portal\/noticias\/#\/schema\/person\/c3b2aa857797592927a03740d6664376"},"description":"La jornada \u2018Agentes de apoyo en el ecosistema; retos para los objetivos de desarrollo sostenible\u2019, forma parte de este programa por la sostenibilidad local.","breadcrumb":{"@id":"https:\/\/www.ull.es\/portal\/noticias\/2020\/continuan-jornadas-ingenia-ull\/#breadcrumb"},"inLanguage":"es","potentialAction":[{"@type":"ReadAction","target":["https:\/\/www.ull.es\/portal\/noticias\/2020\/continuan-jornadas-ingenia-ull\/"]}]},{"@type":"BreadcrumbList","@id":"https:\/\/www.ull.es\/portal\/noticias\/2020\/continuan-jornadas-ingenia-ull\/#breadcrumb","itemListElement":[{"@type":"ListItem","position":1,"name":"Portada","item":"https:\/\/www.ull.es\/portal\/noticias\/"},{"@type":"ListItem","position":2,"name":"Contin\u00faan las jornadas del Programa INGENIA en la Universidad de La Laguna"}]},{"@type":"WebSite","@id":"https:\/\/www.ull.es\/portal\/noticias\/#website","url":"https:\/\/www.ull.es\/portal\/noticias\/","name":"ULL - Noticias","description":"","potentialAction":[{"@type":"SearchAction","target":{"@type":"EntryPoint","urlTemplate":"https:\/\/www.ull.es\/portal\/noticias\/?s={search_term_string}"},"query-input":"required name=search_term_string"}],"inLanguage":"es"},{"@type":"Person","@id":"https:\/\/www.ull.es\/portal\/noticias\/#\/schema\/person\/c3b2aa857797592927a03740d6664376","name":"prensa2","image":{"@type":"ImageObject","inLanguage":"es","@id":"https:\/\/www.ull.es\/portal\/noticias\/#\/schema\/person\/image\/","url":"https:\/\/secure.gravatar.com\/avatar\/b58f310a5de5feb33d1e026d2493f23c?s=96&d=mm&r=g","contentUrl":"https:\/\/secure.gravatar.com\/avatar\/b58f310a5de5feb33d1e026d2493f23c?s=96&d=mm&r=g","caption":"prensa2"},"url":"https:\/\/www.ull.es\/portal\/noticias\/author\/prensa2\/"}]}},"primary_category":{"id":2765,"name":"Portada ULL","slug":"portada-ull","link":"https:\/\/www.ull.es\/portal\/noticias\/category\/portada-ull\/"},"featured_image_thumbnail_url":"https:\/\/www.ull.es\/portal\/noticias\/wp-content\/uploads\/sites\/13\/2020\/02\/INGENIA-empresas-06-WEB-300x200.jpg","_links":{"self":[{"href":"https:\/\/www.ull.es\/portal\/noticias\/wp-json\/wp\/v2\/posts\/49087"}],"collection":[{"href":"https:\/\/www.ull.es\/portal\/noticias\/wp-json\/wp\/v2\/posts"}],"about":[{"href":"https:\/\/www.ull.es\/portal\/noticias\/wp-json\/wp\/v2\/types\/post"}],"author":[{"embeddable":true,"href":"https:\/\/www.ull.es\/portal\/noticias\/wp-json\/wp\/v2\/users\/21"}],"replies":[{"embeddable":true,"href":"https:\/\/www.ull.es\/portal\/noticias\/wp-json\/wp\/v2\/comments?post=49087"}],"version-history":[{"count":1,"href":"https:\/\/www.ull.es\/portal\/noticias\/wp-json\/wp\/v2\/posts\/49087\/revisions"}],"predecessor-version":[{"id":49089,"href":"https:\/\/www.ull.es\/portal\/noticias\/wp-json\/wp\/v2\/posts\/49087\/revisions\/49089"}],"wp:featuredmedia":[{"embeddable":true,"href":"https:\/\/www.ull.es\/portal\/noticias\/wp-json\/wp\/v2\/media\/49088"}],"wp:attachment":[{"href":"https:\/\/www.ull.es\/portal\/noticias\/wp-json\/wp\/v2\/media?parent=49087"}],"wp:term":[{"taxonomy":"category","embeddable":true,"href":"https:\/\/www.ull.es\/portal\/noticias\/wp-json\/wp\/v2\/categories?post=49087"},{"taxonomy":"post_tag","embeddable":true,"href":"https:\/\/www.ull.es\/portal\/noticias\/wp-json\/wp\/v2\/tags?post=49087"}],"curies":[{"name":"wp","href":"https:\/\/api.w.org\/{rel}","templated":true}]}}