{"id":49443,"date":"2020-03-06T14:32:20","date_gmt":"2020-03-06T14:32:20","guid":{"rendered":"https:\/\/www.ull.es\/portal\/noticias\/?p=49443"},"modified":"2020-03-11T10:17:06","modified_gmt":"2020-03-11T10:17:06","slug":"el-instituto-de-estudios-de-las-mujeres-de-la-ull-reconoce-la-excelencia-de-cuatro-investigadoras","status":"publish","type":"post","link":"https:\/\/www.ull.es\/portal\/noticias\/2020\/el-instituto-de-estudios-de-las-mujeres-de-la-ull-reconoce-la-excelencia-de-cuatro-investigadoras\/","title":{"rendered":"El Instituto de Estudios de las Mujeres de la ULL reconoce la excelencia de cuatro investigadoras"},"content":{"rendered":"<p>El Instituto Universitario de Estudios de las Mujeres de la Universidad de La Laguna ha entregado hoy 6 de marzo sus premios anuales a cuatro investigadoras del centro acad\u00e9mico. Estos galardones, que ya suman su quinta edici\u00f3n, pretenden visibilizar y dar reconocimiento p\u00fablico a la s\u00f3lida trayectoria de profesoras de la instituci\u00f3n docente, coincidiendo con la efem\u00e9ride del D\u00eda Internacional de la Mujer.<\/p>\n<p style=\"text-align: center;\"><a href=\"https:\/\/drive.google.com\/drive\/folders\/1p2jJI1QApniYv5aMl-Y314DbZnAZoNhQ?usp=sharing\" target=\"_blank\" rel=\"noopener\"><strong>Galer\u00eda de im\u00e1genes<\/strong><\/a><\/p>\n<p>La sesi\u00f3n se celebr\u00f3 en el Aula Tom\u00e1s y Valiente de la Facultad de Derecho, atestada de estudiantes y profesorado. En el acto se ley\u00f3 el <a href=\"https:\/\/drive.google.com\/file\/d\/17-CfS4ZJOmdKKQ1j5atpubLHz3nKv6Tt\/view?usp=sharing\" target=\"_blank\" rel=\"noopener\">Manifiesto de las Unidades de Igualdad de las universidades espa\u00f1olas<\/a>, en este caso a manos de \u00c1ngela Torbay, su responsable en la Universidad de La Laguna. El texto se\u00f1ala que la igualdad legal todav\u00eda no ha logrado atajar la sumisi\u00f3n de muchas mujeres ante una sociedad machista, de tal manera que desde edades cada vez m\u00e1s j\u00f3venes muchas f\u00e9minas se cuestionan su cuerpo y aspecto f\u00edsico atentando incluso contra su propia salud. Tambi\u00e9n se abunda en la obligaci\u00f3n de las universidades de reparar la historia del conocimiento, siempre contada por hombres, por lo que es necesario revertir esa situaci\u00f3n y aportar el saber femenino.<\/p>\n<p>La rectora, por su parte, ley\u00f3 una <a href=\"https:\/\/drive.google.com\/file\/d\/1Hl-5Hv3wkEqHoIaupkRa_bkLzQ0IeH6u\/view?usp=sharing\" target=\"_blank\" rel=\"noopener\">Declaraci\u00f3n Institucional de la Universidad de La Laguna contra la Violencia de G\u00e9nero<\/a>, centrada en el compromiso de impulsar los estudios de g\u00e9nero en todos los \u00e1mbitos, as\u00ed como el desarrollo de actividades que den voz a los retos de la igualdad, al tiempo que emprender las acciones que hagan falta contra la violencia hacia las mujeres.<\/p>\n<p><strong>Premios<\/strong><\/p>\n<p><img decoding=\"async\" loading=\"lazy\" class=\"alignleft size-medium wp-image-49453\" src=\"https:\/\/www.ull.es\/portal\/noticias\/wp-content\/uploads\/sites\/13\/2020\/03\/Dia-Int-de-la-Mujer-05-300x200.jpg\" alt=\"\" width=\"300\" height=\"200\" srcset=\"https:\/\/www.ull.es\/portal\/noticias\/wp-content\/uploads\/sites\/13\/2020\/03\/Dia-Int-de-la-Mujer-05-300x200.jpg 300w, https:\/\/www.ull.es\/portal\/noticias\/wp-content\/uploads\/sites\/13\/2020\/03\/Dia-Int-de-la-Mujer-05-768x512.jpg 768w, https:\/\/www.ull.es\/portal\/noticias\/wp-content\/uploads\/sites\/13\/2020\/03\/Dia-Int-de-la-Mujer-05-375x250.jpg 375w, https:\/\/www.ull.es\/portal\/noticias\/wp-content\/uploads\/sites\/13\/2020\/03\/Dia-Int-de-la-Mujer-05-750x500.jpg 750w, https:\/\/www.ull.es\/portal\/noticias\/wp-content\/uploads\/sites\/13\/2020\/03\/Dia-Int-de-la-Mujer-05.jpg 1024w\" sizes=\"(max-width: 300px) 100vw, 300px\" \/>La primera de las premiadas fue Sally Burguess, profesora contratada doctora de Filolog\u00eda Inglesa desde 1985. Es licenciada en Letras por la Universidad de Melbourne y en Filolog\u00eda Inglesa por Alicante, para luego doctorarse en Reading, en el Reino Unido. La agasajada, con m\u00e1s de treinta a\u00f1os de docencia, ha impartido clases en distintas titulaciones de grado y posgrado y es un referente internacional dado que es autora de diez manuales de ense\u00f1anza del ingl\u00e9s, abordando el estudio de la lengua desde una perspectiva multidisciplinar, y en especial los estudios de la lengua inglesa para fines espec\u00edficos, especialmente en el marco acad\u00e9mico. Propuesta por el Instituto de Ling\u00fc\u00edstica Andr\u00e9s Bello, ha recibido apoyo de otras instituciones tanto de la propia universidad como internacionales.<\/p>\n<p>Burgess se\u00f1al\u00f3 que la ling\u00fc\u00edstica aplicada les obliga a ser multidisciplinares. \u201cRecibir este premio ha ampliado mis horizontes a\u00fan m\u00e1s\u201d, apunt\u00f3, puesto que se ha interesado por los estudios del resto de premiadas, elementos que ha incorporado a su docencia y a su investigaci\u00f3n.<\/p>\n<p><img decoding=\"async\" loading=\"lazy\" class=\"alignright size-medium wp-image-49455\" src=\"https:\/\/www.ull.es\/portal\/noticias\/wp-content\/uploads\/sites\/13\/2020\/03\/Dia-Int-de-la-Mujer-09-300x200.jpg\" alt=\"\" width=\"300\" height=\"200\" srcset=\"https:\/\/www.ull.es\/portal\/noticias\/wp-content\/uploads\/sites\/13\/2020\/03\/Dia-Int-de-la-Mujer-09-300x200.jpg 300w, https:\/\/www.ull.es\/portal\/noticias\/wp-content\/uploads\/sites\/13\/2020\/03\/Dia-Int-de-la-Mujer-09-768x512.jpg 768w, https:\/\/www.ull.es\/portal\/noticias\/wp-content\/uploads\/sites\/13\/2020\/03\/Dia-Int-de-la-Mujer-09-375x250.jpg 375w, https:\/\/www.ull.es\/portal\/noticias\/wp-content\/uploads\/sites\/13\/2020\/03\/Dia-Int-de-la-Mujer-09-750x500.jpg 750w, https:\/\/www.ull.es\/portal\/noticias\/wp-content\/uploads\/sites\/13\/2020\/03\/Dia-Int-de-la-Mujer-09.jpg 1024w\" sizes=\"(max-width: 300px) 100vw, 300px\" \/>La siguiente en recoger la distinci\u00f3n universitaria fue Dulce Gonz\u00e1lez Doreste, catedr\u00e1tica de Filolog\u00eda Francesa. De ella se destac\u00f3 su defensa de la igualdad y su papel activo en contra de la violencia hacia las mujeres, as\u00ed como su disponibilidad para asumir diferentes puestos de responsabilidad, como ha sido, por ejemplo, la direcci\u00f3n del Instituto de Estudios Medievales y Renacentistas, quien la ha propuesto para este galard\u00f3n. La investigadora en literatura medieval francesa es ahora directora de la Agencia Canaria de la Calidad Universitaria y Evaluaci\u00f3n Educativa del Gobierno de Canarias.<\/p>\n<p>Gonz\u00e1lez Doreste dijo sentirse muy sorprendida por la concesi\u00f3n del galard\u00f3n, que agradeci\u00f3 y que consider\u00f3 como un honor. De hecho, record\u00f3 que estuvo en los inicios de la gesti\u00f3n de estos premios y aprovech\u00f3 hacer balance de la n\u00f3mina de premiadas en ediciones anteriores. \u201cEstos galardones siguen siendo absolutamente necesarios\u201d, dijo.<\/p>\n<p><img decoding=\"async\" loading=\"lazy\" class=\"alignleft size-medium wp-image-49456\" src=\"https:\/\/www.ull.es\/portal\/noticias\/wp-content\/uploads\/sites\/13\/2020\/03\/Dia-Int-de-la-Mujer-11-300x200.jpg\" alt=\"\" width=\"300\" height=\"200\" srcset=\"https:\/\/www.ull.es\/portal\/noticias\/wp-content\/uploads\/sites\/13\/2020\/03\/Dia-Int-de-la-Mujer-11-300x200.jpg 300w, https:\/\/www.ull.es\/portal\/noticias\/wp-content\/uploads\/sites\/13\/2020\/03\/Dia-Int-de-la-Mujer-11-768x512.jpg 768w, https:\/\/www.ull.es\/portal\/noticias\/wp-content\/uploads\/sites\/13\/2020\/03\/Dia-Int-de-la-Mujer-11-375x250.jpg 375w, https:\/\/www.ull.es\/portal\/noticias\/wp-content\/uploads\/sites\/13\/2020\/03\/Dia-Int-de-la-Mujer-11-750x500.jpg 750w, https:\/\/www.ull.es\/portal\/noticias\/wp-content\/uploads\/sites\/13\/2020\/03\/Dia-Int-de-la-Mujer-11.jpg 1024w\" sizes=\"(max-width: 300px) 100vw, 300px\" \/>La tercera premiada fue Carina Gonz\u00e1lez Gonz\u00e1lez, catedr\u00e1tica de Arquitectura y Tecnolog\u00eda de los Computadores. Estudi\u00f3 Ingenier\u00eda Inform\u00e1tica en Argentina, compatibilizando sus estudios con diversos trabajos. En la Universidad de La Laguna se doctor\u00f3 y luego, muy recientemente, se ha alzado con la c\u00e1tedra en su \u00e1rea de conocimiento.<\/p>\n<p>Propuesta por el Instituto de Desarrollo Regional, la premiada coment\u00f3 que el acceso a la educaci\u00f3n es una de sus grandes preocupaciones, como tambi\u00e9n la educaci\u00f3n en igualdad. Gonz\u00e1lez dijo haber superado el techo de cristal y que herramientas como estos premios ayudan a visibilizar a la mujer en todos sus \u00e1mbitos. \u201cEn lo que va de a\u00f1o hay ya catorce vidas que se han quedado sin voz, algunas de las cuales ni siquiera denunciaron\u201d. Tuvo palabras de agradecimiento para sus alumnos y alumnas, que le dan significado a algo tan abstracto como es la tecnolog\u00eda, apunt\u00f3.<\/p>\n<p><img decoding=\"async\" loading=\"lazy\" class=\"alignright size-medium wp-image-49458\" src=\"https:\/\/www.ull.es\/portal\/noticias\/wp-content\/uploads\/sites\/13\/2020\/03\/Dia-Int-de-la-Mujer-14-300x200.jpg\" alt=\"\" width=\"300\" height=\"200\" srcset=\"https:\/\/www.ull.es\/portal\/noticias\/wp-content\/uploads\/sites\/13\/2020\/03\/Dia-Int-de-la-Mujer-14-300x200.jpg 300w, https:\/\/www.ull.es\/portal\/noticias\/wp-content\/uploads\/sites\/13\/2020\/03\/Dia-Int-de-la-Mujer-14-768x512.jpg 768w, https:\/\/www.ull.es\/portal\/noticias\/wp-content\/uploads\/sites\/13\/2020\/03\/Dia-Int-de-la-Mujer-14-375x250.jpg 375w, https:\/\/www.ull.es\/portal\/noticias\/wp-content\/uploads\/sites\/13\/2020\/03\/Dia-Int-de-la-Mujer-14-750x500.jpg 750w, https:\/\/www.ull.es\/portal\/noticias\/wp-content\/uploads\/sites\/13\/2020\/03\/Dia-Int-de-la-Mujer-14.jpg 1024w\" sizes=\"(max-width: 300px) 100vw, 300px\" \/>Finalmente, el instituto, dirigido por la catedr\u00e1tica Margarita Ramos, otorg\u00f3 una distinci\u00f3n honor\u00edfica a M\u00aa Asunci\u00f3n As\u00edn Cabrera, profesora de Derecho Internacional Privado ya jubilada, y experta en diversos \u00e1mbitos como el derecho de familia, protecci\u00f3n de la mujer migrante, protecci\u00f3n del menor, regiones ultraperif\u00e9ricas o inmigraci\u00f3n y extranjer\u00eda. Comenz\u00f3 su trayectoria acad\u00e9mica en 1979 y finaliz\u00f3 en 2016, sin que en ning\u00fan momento su producci\u00f3n cient\u00edfica haya mermado, se\u00f1al\u00f3 su proponente y, de hecho, muchos de sus libros siguen siendo citados constantemente. Directora del Centro de Documentaci\u00f3n Europea hasta su jubilaci\u00f3n, estuvo de profesora invitada en Lausanne o en el Instituto Max Planch de Hamburgo, entre otros destinos.<\/p>\n<p>As\u00edn agradeci\u00f3 la concesi\u00f3n del premio y el papel relevante que est\u00e1 llevando a cabo la Unidad de Igualdad de G\u00e9nero en pro de una organizaci\u00f3n m\u00e1s justa y equilibrada entre hombres y mujeres.<\/p>\n","protected":false},"excerpt":{"rendered":"<p>El Instituto Universitario de Estudios de las Mujeres de la Universidad de La Laguna ha entregado hoy 6 de marzo&#8230;<\/p>\n","protected":false},"author":23,"featured_media":49446,"comment_status":"closed","ping_status":"closed","sticky":false,"template":"","format":"standard","meta":{"inline_featured_image":false,"footnotes":""},"categories":[3785,345,350,2765],"tags":[709,1071,2911,6392,6391],"acf":[],"yoast_head":"<!-- This site is optimized with the Yoast SEO plugin v21.3 - https:\/\/yoast.com\/wordpress\/plugins\/seo\/ -->\n<title>El Instituto de Estudios de las Mujeres de la ULL reconoce la excelencia de cuatro investigadoras - ULL - Noticias<\/title>\n<meta name=\"robots\" content=\"index, follow, max-snippet:-1, max-image-preview:large, max-video-preview:-1\" \/>\n<link rel=\"canonical\" href=\"https:\/\/www.ull.es\/portal\/noticias\/2020\/el-instituto-de-estudios-de-las-mujeres-de-la-ull-reconoce-la-excelencia-de-cuatro-investigadoras\/\" \/>\n<meta property=\"og:locale\" content=\"es_ES\" \/>\n<meta property=\"og:type\" content=\"article\" \/>\n<meta property=\"og:title\" content=\"El Instituto de Estudios de las Mujeres de la ULL reconoce la excelencia de cuatro investigadoras - ULL - Noticias\" \/>\n<meta property=\"og:description\" content=\"El Instituto Universitario de Estudios de las Mujeres de la Universidad de La Laguna ha entregado hoy 6 de marzo...\" \/>\n<meta property=\"og:url\" content=\"https:\/\/www.ull.es\/portal\/noticias\/2020\/el-instituto-de-estudios-de-las-mujeres-de-la-ull-reconoce-la-excelencia-de-cuatro-investigadoras\/\" \/>\n<meta property=\"og:site_name\" content=\"ULL - Noticias\" \/>\n<meta property=\"article:publisher\" content=\"https:\/\/www.facebook.com\/universidaddelalaguna\/\" \/>\n<meta property=\"article:published_time\" content=\"2020-03-06T14:32:20+00:00\" \/>\n<meta property=\"article:modified_time\" content=\"2020-03-11T10:17:06+00:00\" \/>\n<meta property=\"og:image\" content=\"https:\/\/www.ull.es\/portal\/noticias\/wp-content\/uploads\/sites\/13\/2020\/03\/Dia-Int-de-la-Mujer-01.jpg\" \/>\n\t<meta property=\"og:image:width\" content=\"1024\" \/>\n\t<meta property=\"og:image:height\" content=\"683\" \/>\n\t<meta property=\"og:image:type\" content=\"image\/jpeg\" \/>\n<meta name=\"author\" content=\"gaprsa\" \/>\n<meta name=\"twitter:card\" content=\"summary_large_image\" \/>\n<meta name=\"twitter:creator\" content=\"@CanalULL\" \/>\n<meta name=\"twitter:site\" content=\"@CanalULL\" \/>\n<meta name=\"twitter:label1\" content=\"Escrito por\" \/>\n\t<meta name=\"twitter:data1\" content=\"gaprsa\" \/>\n\t<meta name=\"twitter:label2\" content=\"Tiempo de lectura\" \/>\n\t<meta name=\"twitter:data2\" content=\"5 minutos\" \/>\n<script type=\"application\/ld+json\" class=\"yoast-schema-graph\">{\"@context\":\"https:\/\/schema.org\",\"@graph\":[{\"@type\":\"WebPage\",\"@id\":\"https:\/\/www.ull.es\/portal\/noticias\/2020\/el-instituto-de-estudios-de-las-mujeres-de-la-ull-reconoce-la-excelencia-de-cuatro-investigadoras\/\",\"url\":\"https:\/\/www.ull.es\/portal\/noticias\/2020\/el-instituto-de-estudios-de-las-mujeres-de-la-ull-reconoce-la-excelencia-de-cuatro-investigadoras\/\",\"name\":\"El Instituto de Estudios de las Mujeres de la ULL reconoce la excelencia de cuatro investigadoras - ULL - Noticias\",\"isPartOf\":{\"@id\":\"https:\/\/www.ull.es\/portal\/noticias\/#website\"},\"datePublished\":\"2020-03-06T14:32:20+00:00\",\"dateModified\":\"2020-03-11T10:17:06+00:00\",\"author\":{\"@id\":\"https:\/\/www.ull.es\/portal\/noticias\/#\/schema\/person\/b2b1a89d43ffa609e591f7df8ef3e817\"},\"breadcrumb\":{\"@id\":\"https:\/\/www.ull.es\/portal\/noticias\/2020\/el-instituto-de-estudios-de-las-mujeres-de-la-ull-reconoce-la-excelencia-de-cuatro-investigadoras\/#breadcrumb\"},\"inLanguage\":\"es\",\"potentialAction\":[{\"@type\":\"ReadAction\",\"target\":[\"https:\/\/www.ull.es\/portal\/noticias\/2020\/el-instituto-de-estudios-de-las-mujeres-de-la-ull-reconoce-la-excelencia-de-cuatro-investigadoras\/\"]}]},{\"@type\":\"BreadcrumbList\",\"@id\":\"https:\/\/www.ull.es\/portal\/noticias\/2020\/el-instituto-de-estudios-de-las-mujeres-de-la-ull-reconoce-la-excelencia-de-cuatro-investigadoras\/#breadcrumb\",\"itemListElement\":[{\"@type\":\"ListItem\",\"position\":1,\"name\":\"Portada\",\"item\":\"https:\/\/www.ull.es\/portal\/noticias\/\"},{\"@type\":\"ListItem\",\"position\":2,\"name\":\"El Instituto de Estudios de las Mujeres de la ULL reconoce la excelencia de cuatro investigadoras\"}]},{\"@type\":\"WebSite\",\"@id\":\"https:\/\/www.ull.es\/portal\/noticias\/#website\",\"url\":\"https:\/\/www.ull.es\/portal\/noticias\/\",\"name\":\"ULL - Noticias\",\"description\":\"\",\"potentialAction\":[{\"@type\":\"SearchAction\",\"target\":{\"@type\":\"EntryPoint\",\"urlTemplate\":\"https:\/\/www.ull.es\/portal\/noticias\/?s={search_term_string}\"},\"query-input\":\"required name=search_term_string\"}],\"inLanguage\":\"es\"},{\"@type\":\"Person\",\"@id\":\"https:\/\/www.ull.es\/portal\/noticias\/#\/schema\/person\/b2b1a89d43ffa609e591f7df8ef3e817\",\"name\":\"gaprsa\",\"image\":{\"@type\":\"ImageObject\",\"inLanguage\":\"es\",\"@id\":\"https:\/\/www.ull.es\/portal\/noticias\/#\/schema\/person\/image\/\",\"url\":\"https:\/\/secure.gravatar.com\/avatar\/443820550921091458b4823867723b3d?s=96&d=mm&r=g\",\"contentUrl\":\"https:\/\/secure.gravatar.com\/avatar\/443820550921091458b4823867723b3d?s=96&d=mm&r=g\",\"caption\":\"gaprsa\"},\"url\":\"https:\/\/www.ull.es\/portal\/noticias\/author\/gaprsa\/\"}]}<\/script>\n<!-- \/ Yoast SEO plugin. -->","yoast_head_json":{"title":"El Instituto de Estudios de las Mujeres de la ULL reconoce la excelencia de cuatro investigadoras - ULL - Noticias","robots":{"index":"index","follow":"follow","max-snippet":"max-snippet:-1","max-image-preview":"max-image-preview:large","max-video-preview":"max-video-preview:-1"},"canonical":"https:\/\/www.ull.es\/portal\/noticias\/2020\/el-instituto-de-estudios-de-las-mujeres-de-la-ull-reconoce-la-excelencia-de-cuatro-investigadoras\/","og_locale":"es_ES","og_type":"article","og_title":"El Instituto de Estudios de las Mujeres de la ULL reconoce la excelencia de cuatro investigadoras - ULL - Noticias","og_description":"El Instituto Universitario de Estudios de las Mujeres de la Universidad de La Laguna ha entregado hoy 6 de marzo...","og_url":"https:\/\/www.ull.es\/portal\/noticias\/2020\/el-instituto-de-estudios-de-las-mujeres-de-la-ull-reconoce-la-excelencia-de-cuatro-investigadoras\/","og_site_name":"ULL - Noticias","article_publisher":"https:\/\/www.facebook.com\/universidaddelalaguna\/","article_published_time":"2020-03-06T14:32:20+00:00","article_modified_time":"2020-03-11T10:17:06+00:00","og_image":[{"width":1024,"height":683,"url":"https:\/\/www.ull.es\/portal\/noticias\/wp-content\/uploads\/sites\/13\/2020\/03\/Dia-Int-de-la-Mujer-01.jpg","type":"image\/jpeg"}],"author":"gaprsa","twitter_card":"summary_large_image","twitter_creator":"@CanalULL","twitter_site":"@CanalULL","twitter_misc":{"Escrito por":"gaprsa","Tiempo de lectura":"5 minutos"},"schema":{"@context":"https:\/\/schema.org","@graph":[{"@type":"WebPage","@id":"https:\/\/www.ull.es\/portal\/noticias\/2020\/el-instituto-de-estudios-de-las-mujeres-de-la-ull-reconoce-la-excelencia-de-cuatro-investigadoras\/","url":"https:\/\/www.ull.es\/portal\/noticias\/2020\/el-instituto-de-estudios-de-las-mujeres-de-la-ull-reconoce-la-excelencia-de-cuatro-investigadoras\/","name":"El Instituto de Estudios de las Mujeres de la ULL reconoce la excelencia de cuatro investigadoras - ULL - Noticias","isPartOf":{"@id":"https:\/\/www.ull.es\/portal\/noticias\/#website"},"datePublished":"2020-03-06T14:32:20+00:00","dateModified":"2020-03-11T10:17:06+00:00","author":{"@id":"https:\/\/www.ull.es\/portal\/noticias\/#\/schema\/person\/b2b1a89d43ffa609e591f7df8ef3e817"},"breadcrumb":{"@id":"https:\/\/www.ull.es\/portal\/noticias\/2020\/el-instituto-de-estudios-de-las-mujeres-de-la-ull-reconoce-la-excelencia-de-cuatro-investigadoras\/#breadcrumb"},"inLanguage":"es","potentialAction":[{"@type":"ReadAction","target":["https:\/\/www.ull.es\/portal\/noticias\/2020\/el-instituto-de-estudios-de-las-mujeres-de-la-ull-reconoce-la-excelencia-de-cuatro-investigadoras\/"]}]},{"@type":"BreadcrumbList","@id":"https:\/\/www.ull.es\/portal\/noticias\/2020\/el-instituto-de-estudios-de-las-mujeres-de-la-ull-reconoce-la-excelencia-de-cuatro-investigadoras\/#breadcrumb","itemListElement":[{"@type":"ListItem","position":1,"name":"Portada","item":"https:\/\/www.ull.es\/portal\/noticias\/"},{"@type":"ListItem","position":2,"name":"El Instituto de Estudios de las Mujeres de la ULL reconoce la excelencia de cuatro investigadoras"}]},{"@type":"WebSite","@id":"https:\/\/www.ull.es\/portal\/noticias\/#website","url":"https:\/\/www.ull.es\/portal\/noticias\/","name":"ULL - Noticias","description":"","potentialAction":[{"@type":"SearchAction","target":{"@type":"EntryPoint","urlTemplate":"https:\/\/www.ull.es\/portal\/noticias\/?s={search_term_string}"},"query-input":"required name=search_term_string"}],"inLanguage":"es"},{"@type":"Person","@id":"https:\/\/www.ull.es\/portal\/noticias\/#\/schema\/person\/b2b1a89d43ffa609e591f7df8ef3e817","name":"gaprsa","image":{"@type":"ImageObject","inLanguage":"es","@id":"https:\/\/www.ull.es\/portal\/noticias\/#\/schema\/person\/image\/","url":"https:\/\/secure.gravatar.com\/avatar\/443820550921091458b4823867723b3d?s=96&d=mm&r=g","contentUrl":"https:\/\/secure.gravatar.com\/avatar\/443820550921091458b4823867723b3d?s=96&d=mm&r=g","caption":"gaprsa"},"url":"https:\/\/www.ull.es\/portal\/noticias\/author\/gaprsa\/"}]}},"primary_category":{"id":345,"name":"Destacado","slug":"destacado","link":"https:\/\/www.ull.es\/portal\/noticias\/category\/destacado\/"},"featured_image_thumbnail_url":"https:\/\/www.ull.es\/portal\/noticias\/wp-content\/uploads\/sites\/13\/2020\/03\/Dia-Int-de-la-Mujer-01-300x200.jpg","_links":{"self":[{"href":"https:\/\/www.ull.es\/portal\/noticias\/wp-json\/wp\/v2\/posts\/49443"}],"collection":[{"href":"https:\/\/www.ull.es\/portal\/noticias\/wp-json\/wp\/v2\/posts"}],"about":[{"href":"https:\/\/www.ull.es\/portal\/noticias\/wp-json\/wp\/v2\/types\/post"}],"author":[{"embeddable":true,"href":"https:\/\/www.ull.es\/portal\/noticias\/wp-json\/wp\/v2\/users\/23"}],"replies":[{"embeddable":true,"href":"https:\/\/www.ull.es\/portal\/noticias\/wp-json\/wp\/v2\/comments?post=49443"}],"version-history":[{"count":8,"href":"https:\/\/www.ull.es\/portal\/noticias\/wp-json\/wp\/v2\/posts\/49443\/revisions"}],"predecessor-version":[{"id":49524,"href":"https:\/\/www.ull.es\/portal\/noticias\/wp-json\/wp\/v2\/posts\/49443\/revisions\/49524"}],"wp:featuredmedia":[{"embeddable":true,"href":"https:\/\/www.ull.es\/portal\/noticias\/wp-json\/wp\/v2\/media\/49446"}],"wp:attachment":[{"href":"https:\/\/www.ull.es\/portal\/noticias\/wp-json\/wp\/v2\/media?parent=49443"}],"wp:term":[{"taxonomy":"category","embeddable":true,"href":"https:\/\/www.ull.es\/portal\/noticias\/wp-json\/wp\/v2\/categories?post=49443"},{"taxonomy":"post_tag","embeddable":true,"href":"https:\/\/www.ull.es\/portal\/noticias\/wp-json\/wp\/v2\/tags?post=49443"}],"curies":[{"name":"wp","href":"https:\/\/api.w.org\/{rel}","templated":true}]}}