{"id":49571,"date":"2020-03-12T14:47:32","date_gmt":"2020-03-12T14:47:32","guid":{"rendered":"https:\/\/www.ull.es\/portal\/noticias\/?p=49571"},"modified":"2020-03-12T15:34:19","modified_gmt":"2020-03-12T15:34:19","slug":"ull-traslada-docencia-plataforma-virtual","status":"publish","type":"post","link":"https:\/\/www.ull.es\/portal\/noticias\/2020\/ull-traslada-docencia-plataforma-virtual\/","title":{"rendered":"La Universidad de La Laguna traslada su actividad docente presencial a la plataforma virtual a partir ma\u00f1ana"},"content":{"rendered":"<p>Por orden de la Consejer\u00eda de Educaci\u00f3n, Universidades, Cultura y Deportes del Gobierno de Canarias, a partir de ma\u00f1ana, viernes 13 incluido, la Universidad de La Laguna traslada sus actividades docentes presenciales al Campus Virtual, puesto que el ejecutivo regional suspende toda la actividad del sistema educativo en la isla de Tenerife.<\/p>\n<p>Las clases presenciales se retomar\u00e1n el lunes 13 de abril. Esta medida, por tanto, se aplicar\u00e1 durante tres semanas lectivas, porque la cuarta corresponder\u00eda a las vacaciones de Semana Santa. Se trata de un ejercicio de responsabilidad social que pretende contribuir a la contenci\u00f3n de la expansi\u00f3n del contagio del COVID-19 en Canarias.<\/p>\n<p>En cuanto a la gesti\u00f3n administrativa, la Universidad de La Laguna mantendr\u00e1 su actividad, estableciendo turnos rotatorios para que el personal de los servicios no coincida en su totalidad y, por tanto, el riesgo de contagio sea menor. Desde la Gerencia se dar\u00e1n las instrucciones oportunas a su personal, supliendo cuando sea posible la actividad presencial con teletrabajo.<\/p>\n<p>Tambi\u00e9n se suspende la realizaci\u00f3n de cursos, seminarios y dem\u00e1s reuniones de car\u00e1cter docente, as\u00ed como aquellos congresos, talleres, actividades culturales, deportivas y de otra \u00edndole que estuvieran programadas para estas fechas.<\/p>\n<p>La Universidad de La Laguna ha estado prepar\u00e1ndose desde hace d\u00edas ante la posibilidad de que esta eventualidad se produjera y fuera necesario articular medias tecnol\u00f3gicas para facilitar el aumento del teletrabajo y de la docencia virtual.<\/p>\n<p>Todas las nuevas medidas que puedan adoptarse, as\u00ed como la actualizaci\u00f3n de las informaciones sobre esta situaci\u00f3n, ser\u00e1n comunicada por el centro a trav\u00e9s de sus canales oficiales, especialmente en la<a href=\"https:\/\/www.ull.es\/coronavirus\/\" target=\"_blank\" rel=\"noopener noreferrer\" target=\"_blank\" rel=\"noopener\"> secci\u00f3n espec\u00edfica sobre esta crisis<\/a> ubicado en la portada de la web institucional.<\/p>\n<p>Esta medida se lleva a cabo de forma coordinada con la Universidad de Las Palmas de Gran Canaria. Ambas instituciones p\u00fablicas han considerado que se trata de la actuaci\u00f3n m\u00e1s responsable, habida cuenta de que entre las dos suman, aproximadamente, 50.000 usuarios, entre alumnado, profesorado y personal de administraci\u00f3n y servicios y que, con esta medida, se busca evitar concentraciones de personas y desplazamientos innecesarios.<\/p>\n<p>Las instituciones educativas p\u00fablicas canarias apelan a la responsabilidad de las personas afectadas por esta suspensi\u00f3n de las actividades para que, entre todas, y siguiendo las indicaciones de las autoridades sanitarias, se contribuya a frenar la expansi\u00f3n de este coronavirus.<\/p>\n","protected":false},"excerpt":{"rendered":"<p>Por orden de la Consejer\u00eda de Educaci\u00f3n, Universidades, Cultura y Deportes del Gobierno de Canarias, a partir de ma\u00f1ana, viernes&#8230;<\/p>\n","protected":false},"author":21,"featured_media":35858,"comment_status":"closed","ping_status":"closed","sticky":false,"template":"","format":"standard","meta":{"inline_featured_image":false,"footnotes":""},"categories":[345,348,2765],"tags":[6382,6402],"acf":[],"yoast_head":"<!-- This site is optimized with the Yoast SEO plugin v21.3 - https:\/\/yoast.com\/wordpress\/plugins\/seo\/ -->\n<title>La ULL traslada su actividad docente presencial a la plataforma virtual<\/title>\n<meta name=\"description\" content=\"La medida se activa el lunes 16 de marzo hasta el 13 de abril y afecta a la docencia; la gesti\u00f3n administrativa se mantendr\u00e1 en turnos rotatorios.\" \/>\n<meta name=\"robots\" content=\"index, follow, max-snippet:-1, max-image-preview:large, max-video-preview:-1\" \/>\n<link rel=\"canonical\" href=\"https:\/\/www.ull.es\/portal\/noticias\/2020\/ull-traslada-docencia-plataforma-virtual\/\" \/>\n<meta property=\"og:locale\" content=\"es_ES\" \/>\n<meta property=\"og:type\" content=\"article\" \/>\n<meta property=\"og:title\" content=\"La ULL traslada su actividad docente presencial a la plataforma virtual\" \/>\n<meta property=\"og:description\" content=\"La medida se activa el lunes 16 de marzo hasta el 13 de abril y afecta a la docencia; la gesti\u00f3n administrativa se mantendr\u00e1 en turnos rotatorios.\" \/>\n<meta property=\"og:url\" content=\"https:\/\/www.ull.es\/portal\/noticias\/2020\/ull-traslada-docencia-plataforma-virtual\/\" \/>\n<meta property=\"og:site_name\" content=\"ULL - Noticias\" \/>\n<meta property=\"article:publisher\" content=\"https:\/\/www.facebook.com\/universidaddelalaguna\/\" \/>\n<meta property=\"article:published_time\" content=\"2020-03-12T14:47:32+00:00\" \/>\n<meta property=\"article:modified_time\" content=\"2020-03-12T15:34:19+00:00\" \/>\n<meta property=\"og:image\" content=\"https:\/\/www.ull.es\/portal\/noticias\/wp-content\/uploads\/sites\/13\/2018\/03\/rectorado-ull.jpg\" \/>\n\t<meta property=\"og:image:width\" content=\"1200\" \/>\n\t<meta property=\"og:image:height\" content=\"800\" \/>\n\t<meta property=\"og:image:type\" content=\"image\/jpeg\" \/>\n<meta name=\"author\" content=\"prensa2\" \/>\n<meta name=\"twitter:card\" content=\"summary_large_image\" \/>\n<meta name=\"twitter:creator\" content=\"@CanalULL\" \/>\n<meta name=\"twitter:site\" content=\"@CanalULL\" \/>\n<meta name=\"twitter:label1\" content=\"Escrito por\" \/>\n\t<meta name=\"twitter:data1\" content=\"prensa2\" \/>\n\t<meta name=\"twitter:label2\" content=\"Tiempo de lectura\" \/>\n\t<meta name=\"twitter:data2\" content=\"2 minutos\" \/>\n<script type=\"application\/ld+json\" class=\"yoast-schema-graph\">{\"@context\":\"https:\/\/schema.org\",\"@graph\":[{\"@type\":\"WebPage\",\"@id\":\"https:\/\/www.ull.es\/portal\/noticias\/2020\/ull-traslada-docencia-plataforma-virtual\/\",\"url\":\"https:\/\/www.ull.es\/portal\/noticias\/2020\/ull-traslada-docencia-plataforma-virtual\/\",\"name\":\"La ULL traslada su actividad docente presencial a la plataforma virtual\",\"isPartOf\":{\"@id\":\"https:\/\/www.ull.es\/portal\/noticias\/#website\"},\"datePublished\":\"2020-03-12T14:47:32+00:00\",\"dateModified\":\"2020-03-12T15:34:19+00:00\",\"author\":{\"@id\":\"https:\/\/www.ull.es\/portal\/noticias\/#\/schema\/person\/c3b2aa857797592927a03740d6664376\"},\"description\":\"La medida se activa el lunes 16 de marzo hasta el 13 de abril y afecta a la docencia; la gesti\u00f3n administrativa se mantendr\u00e1 en turnos rotatorios.\",\"breadcrumb\":{\"@id\":\"https:\/\/www.ull.es\/portal\/noticias\/2020\/ull-traslada-docencia-plataforma-virtual\/#breadcrumb\"},\"inLanguage\":\"es\",\"potentialAction\":[{\"@type\":\"ReadAction\",\"target\":[\"https:\/\/www.ull.es\/portal\/noticias\/2020\/ull-traslada-docencia-plataforma-virtual\/\"]}]},{\"@type\":\"BreadcrumbList\",\"@id\":\"https:\/\/www.ull.es\/portal\/noticias\/2020\/ull-traslada-docencia-plataforma-virtual\/#breadcrumb\",\"itemListElement\":[{\"@type\":\"ListItem\",\"position\":1,\"name\":\"Portada\",\"item\":\"https:\/\/www.ull.es\/portal\/noticias\/\"},{\"@type\":\"ListItem\",\"position\":2,\"name\":\"La Universidad de La Laguna traslada su actividad docente presencial a la plataforma virtual a partir ma\u00f1ana\"}]},{\"@type\":\"WebSite\",\"@id\":\"https:\/\/www.ull.es\/portal\/noticias\/#website\",\"url\":\"https:\/\/www.ull.es\/portal\/noticias\/\",\"name\":\"ULL - Noticias\",\"description\":\"\",\"potentialAction\":[{\"@type\":\"SearchAction\",\"target\":{\"@type\":\"EntryPoint\",\"urlTemplate\":\"https:\/\/www.ull.es\/portal\/noticias\/?s={search_term_string}\"},\"query-input\":\"required name=search_term_string\"}],\"inLanguage\":\"es\"},{\"@type\":\"Person\",\"@id\":\"https:\/\/www.ull.es\/portal\/noticias\/#\/schema\/person\/c3b2aa857797592927a03740d6664376\",\"name\":\"prensa2\",\"image\":{\"@type\":\"ImageObject\",\"inLanguage\":\"es\",\"@id\":\"https:\/\/www.ull.es\/portal\/noticias\/#\/schema\/person\/image\/\",\"url\":\"https:\/\/secure.gravatar.com\/avatar\/b58f310a5de5feb33d1e026d2493f23c?s=96&d=mm&r=g\",\"contentUrl\":\"https:\/\/secure.gravatar.com\/avatar\/b58f310a5de5feb33d1e026d2493f23c?s=96&d=mm&r=g\",\"caption\":\"prensa2\"},\"url\":\"https:\/\/www.ull.es\/portal\/noticias\/author\/prensa2\/\"}]}<\/script>\n<!-- \/ Yoast SEO plugin. -->","yoast_head_json":{"title":"La ULL traslada su actividad docente presencial a la plataforma virtual","description":"La medida se activa el lunes 16 de marzo hasta el 13 de abril y afecta a la docencia; la gesti\u00f3n administrativa se mantendr\u00e1 en turnos rotatorios.","robots":{"index":"index","follow":"follow","max-snippet":"max-snippet:-1","max-image-preview":"max-image-preview:large","max-video-preview":"max-video-preview:-1"},"canonical":"https:\/\/www.ull.es\/portal\/noticias\/2020\/ull-traslada-docencia-plataforma-virtual\/","og_locale":"es_ES","og_type":"article","og_title":"La ULL traslada su actividad docente presencial a la plataforma virtual","og_description":"La medida se activa el lunes 16 de marzo hasta el 13 de abril y afecta a la docencia; la gesti\u00f3n administrativa se mantendr\u00e1 en turnos rotatorios.","og_url":"https:\/\/www.ull.es\/portal\/noticias\/2020\/ull-traslada-docencia-plataforma-virtual\/","og_site_name":"ULL - Noticias","article_publisher":"https:\/\/www.facebook.com\/universidaddelalaguna\/","article_published_time":"2020-03-12T14:47:32+00:00","article_modified_time":"2020-03-12T15:34:19+00:00","og_image":[{"width":1200,"height":800,"url":"https:\/\/www.ull.es\/portal\/noticias\/wp-content\/uploads\/sites\/13\/2018\/03\/rectorado-ull.jpg","type":"image\/jpeg"}],"author":"prensa2","twitter_card":"summary_large_image","twitter_creator":"@CanalULL","twitter_site":"@CanalULL","twitter_misc":{"Escrito por":"prensa2","Tiempo de lectura":"2 minutos"},"schema":{"@context":"https:\/\/schema.org","@graph":[{"@type":"WebPage","@id":"https:\/\/www.ull.es\/portal\/noticias\/2020\/ull-traslada-docencia-plataforma-virtual\/","url":"https:\/\/www.ull.es\/portal\/noticias\/2020\/ull-traslada-docencia-plataforma-virtual\/","name":"La ULL traslada su actividad docente presencial a la plataforma virtual","isPartOf":{"@id":"https:\/\/www.ull.es\/portal\/noticias\/#website"},"datePublished":"2020-03-12T14:47:32+00:00","dateModified":"2020-03-12T15:34:19+00:00","author":{"@id":"https:\/\/www.ull.es\/portal\/noticias\/#\/schema\/person\/c3b2aa857797592927a03740d6664376"},"description":"La medida se activa el lunes 16 de marzo hasta el 13 de abril y afecta a la docencia; la gesti\u00f3n administrativa se mantendr\u00e1 en turnos rotatorios.","breadcrumb":{"@id":"https:\/\/www.ull.es\/portal\/noticias\/2020\/ull-traslada-docencia-plataforma-virtual\/#breadcrumb"},"inLanguage":"es","potentialAction":[{"@type":"ReadAction","target":["https:\/\/www.ull.es\/portal\/noticias\/2020\/ull-traslada-docencia-plataforma-virtual\/"]}]},{"@type":"BreadcrumbList","@id":"https:\/\/www.ull.es\/portal\/noticias\/2020\/ull-traslada-docencia-plataforma-virtual\/#breadcrumb","itemListElement":[{"@type":"ListItem","position":1,"name":"Portada","item":"https:\/\/www.ull.es\/portal\/noticias\/"},{"@type":"ListItem","position":2,"name":"La Universidad de La Laguna traslada su actividad docente presencial a la plataforma virtual a partir ma\u00f1ana"}]},{"@type":"WebSite","@id":"https:\/\/www.ull.es\/portal\/noticias\/#website","url":"https:\/\/www.ull.es\/portal\/noticias\/","name":"ULL - Noticias","description":"","potentialAction":[{"@type":"SearchAction","target":{"@type":"EntryPoint","urlTemplate":"https:\/\/www.ull.es\/portal\/noticias\/?s={search_term_string}"},"query-input":"required name=search_term_string"}],"inLanguage":"es"},{"@type":"Person","@id":"https:\/\/www.ull.es\/portal\/noticias\/#\/schema\/person\/c3b2aa857797592927a03740d6664376","name":"prensa2","image":{"@type":"ImageObject","inLanguage":"es","@id":"https:\/\/www.ull.es\/portal\/noticias\/#\/schema\/person\/image\/","url":"https:\/\/secure.gravatar.com\/avatar\/b58f310a5de5feb33d1e026d2493f23c?s=96&d=mm&r=g","contentUrl":"https:\/\/secure.gravatar.com\/avatar\/b58f310a5de5feb33d1e026d2493f23c?s=96&d=mm&r=g","caption":"prensa2"},"url":"https:\/\/www.ull.es\/portal\/noticias\/author\/prensa2\/"}]}},"primary_category":{"id":348,"name":"Instituci\u00f3n","slug":"institucion","link":"https:\/\/www.ull.es\/portal\/noticias\/category\/institucion\/"},"featured_image_thumbnail_url":"https:\/\/www.ull.es\/portal\/noticias\/wp-content\/uploads\/sites\/13\/2018\/03\/rectorado-ull-300x200.jpg","_links":{"self":[{"href":"https:\/\/www.ull.es\/portal\/noticias\/wp-json\/wp\/v2\/posts\/49571"}],"collection":[{"href":"https:\/\/www.ull.es\/portal\/noticias\/wp-json\/wp\/v2\/posts"}],"about":[{"href":"https:\/\/www.ull.es\/portal\/noticias\/wp-json\/wp\/v2\/types\/post"}],"author":[{"embeddable":true,"href":"https:\/\/www.ull.es\/portal\/noticias\/wp-json\/wp\/v2\/users\/21"}],"replies":[{"embeddable":true,"href":"https:\/\/www.ull.es\/portal\/noticias\/wp-json\/wp\/v2\/comments?post=49571"}],"version-history":[{"count":4,"href":"https:\/\/www.ull.es\/portal\/noticias\/wp-json\/wp\/v2\/posts\/49571\/revisions"}],"predecessor-version":[{"id":49577,"href":"https:\/\/www.ull.es\/portal\/noticias\/wp-json\/wp\/v2\/posts\/49571\/revisions\/49577"}],"wp:featuredmedia":[{"embeddable":true,"href":"https:\/\/www.ull.es\/portal\/noticias\/wp-json\/wp\/v2\/media\/35858"}],"wp:attachment":[{"href":"https:\/\/www.ull.es\/portal\/noticias\/wp-json\/wp\/v2\/media?parent=49571"}],"wp:term":[{"taxonomy":"category","embeddable":true,"href":"https:\/\/www.ull.es\/portal\/noticias\/wp-json\/wp\/v2\/categories?post=49571"},{"taxonomy":"post_tag","embeddable":true,"href":"https:\/\/www.ull.es\/portal\/noticias\/wp-json\/wp\/v2\/tags?post=49571"}],"curies":[{"name":"wp","href":"https:\/\/api.w.org\/{rel}","templated":true}]}}