{"id":49648,"date":"2020-03-18T09:47:09","date_gmt":"2020-03-18T09:47:09","guid":{"rendered":"https:\/\/www.ull.es\/portal\/noticias\/?p=49648"},"modified":"2020-03-18T09:47:16","modified_gmt":"2020-03-18T09:47:16","slug":"comunicado-universidades-publicas-canarias-relacion-con-convocatoria-ebau","status":"publish","type":"post","link":"https:\/\/www.ull.es\/portal\/noticias\/2020\/comunicado-universidades-publicas-canarias-relacion-con-convocatoria-ebau\/","title":{"rendered":"Comunicado de las universidades p\u00fablicas canarias en relaci\u00f3n con la convocatoria de EBAU"},"content":{"rendered":"<p>Las universidades p\u00fablicas de Canarias, Universidad de La Laguna y Universidad de Las Palmas de Gran Canaria, quieren trasladar a estudiantes y familias,&nbsp;centros y profesores, un mensaje de responsabilidad y&nbsp;confianza en estos momentos extraordinarios.<\/p>\n<p>En&nbsp;coordinaci\u00f3n&nbsp;con la administraci\u00f3n educativa de la Comunidad Aut\u00f3noma y la del Estado, las universidades p\u00fablicas garantizan que la prueba de Evaluaci\u00f3n del Bachillerato para Acceso a la Universidad (EBAU)&nbsp;se realizar\u00e1 en&nbsp;condiciones de seguridad acad\u00e9mica y de igualdad de oportunidades.<\/p>\n<p>Los Ministerios de Educaci\u00f3n y Formaci\u00f3n Profesional y de Universidades, en coordinaci\u00f3n con los representantes de las Comunidades Aut\u00f3nomas, ya han asegurado, en relaci\u00f3n con las pruebas de EBAU, que van a trabajar de forma coordinada en beneficio de todo el alumnado. En ese sentido, se ha determinado&nbsp;que s\u00ed se realizar\u00e1 la EBAU, as\u00ed como&nbsp;que tendr\u00e1 un aplazamiento, para lo cual se trabaja para que las comunidades aut\u00f3nomas estudien las posibles fechas. Adem\u00e1s, el calendario de matr\u00edcula universitaria se adaptar\u00e1 al de dicha prueba. Por tanto, existe un acuerdo total sobre la necesidad de mantener el examen. Las administraciones implicadas coinciden en la conveniencia de modificar el calendario previsto, tanto ordinario como extraordinario.<\/p>\n<p>Esta decisi\u00f3n ha sido adoptada en una reuni\u00f3n conjunta el martes 17 de marzo, v\u00eda telem\u00e1tica, de la Comisi\u00f3n Delegada de la Conferencia General de Pol\u00edtica Universitaria y la Comisi\u00f3n General de la Conferencia de Educaci\u00f3n. Un encuentro en el que han participado todas las Comunidades Aut\u00f3nomas, la CRUE \u2013Conferencia de Rectores de Universidades Espa\u00f1olas-, el Ministerio de Educaci\u00f3n y Formaci\u00f3n Profesional, y el Ministerio de Universidades.<\/p>\n<p>Los Ministerios de Educaci\u00f3n y Formaci\u00f3n Profesional y de Universidades se han comprometido a organizar un grupo de trabajo, en el menor tiempo posible, para analizar todas las propuestas. El objetivo final es buscar alternativas para que los estudiantes que se tengan que enfrentar a la EBAU este a\u00f1o no se vean perjudicados por la situaci\u00f3n de estado de alarma.<\/p>\n<p>Asimismo, las universidades p\u00fablicas de Canarias contin\u00faan trabajando para asegurar la normalidad de los procesos de admisi\u00f3n y matr\u00edcula en el pr\u00f3ximo&nbsp;curso.<\/p>\n<p>Cualquier decisi\u00f3n que se adopte en estos temas ser\u00e1 comunicada a los interesados por las v\u00edas oficiales de las universidades.<\/p>\n<p>Confiamos en volver a la normalidad lo antes posible y mantenemos los canales oficiales abiertos para cualquier consulta.<\/p>\n<p>Firmado por los Vicerrectorados con competencias en Estudiantes de la ULL y la ULPGC.<\/p>\n","protected":false},"excerpt":{"rendered":"<p>Las universidades p\u00fablicas de Canarias, Universidad de La Laguna y Universidad de Las Palmas de Gran Canaria, quieren trasladar a&#8230;<\/p>\n","protected":false},"author":67,"featured_media":49649,"comment_status":"closed","ping_status":"closed","sticky":false,"template":"","format":"standard","meta":{"inline_featured_image":false,"footnotes":""},"categories":[345,348,2765],"tags":[2879],"acf":[],"yoast_head":"<!-- This site is optimized with the Yoast SEO plugin v21.3 - https:\/\/yoast.com\/wordpress\/plugins\/seo\/ -->\n<title>Comunicado de las universidades p\u00fablicas canarias en relaci\u00f3n con la convocatoria de EBAU - ULL - Noticias<\/title>\n<meta name=\"description\" content=\"Las universidades p\u00fablicas de Canarias, Universidad de La Laguna y Universidad de Las Palmas de Gran Canaria, quieren trasladar a estudiantes y familias,\u00a0centros y profesores, un mensaje de responsabilidad y\u00a0confianza en estos momentos extraordinarios.\" \/>\n<meta name=\"robots\" content=\"index, follow, max-snippet:-1, max-image-preview:large, max-video-preview:-1\" \/>\n<link rel=\"canonical\" href=\"https:\/\/www.ull.es\/portal\/noticias\/2020\/comunicado-universidades-publicas-canarias-relacion-con-convocatoria-ebau\/\" \/>\n<meta property=\"og:locale\" content=\"es_ES\" \/>\n<meta property=\"og:type\" content=\"article\" \/>\n<meta property=\"og:title\" content=\"Comunicado de las universidades p\u00fablicas canarias en relaci\u00f3n con la convocatoria de EBAU - ULL - Noticias\" \/>\n<meta property=\"og:description\" content=\"Las universidades p\u00fablicas de Canarias, Universidad de La Laguna y Universidad de Las Palmas de Gran Canaria, quieren trasladar a estudiantes y familias,\u00a0centros y profesores, un mensaje de responsabilidad y\u00a0confianza en estos momentos extraordinarios.\" \/>\n<meta property=\"og:url\" content=\"https:\/\/www.ull.es\/portal\/noticias\/2020\/comunicado-universidades-publicas-canarias-relacion-con-convocatoria-ebau\/\" \/>\n<meta property=\"og:site_name\" content=\"ULL - Noticias\" \/>\n<meta property=\"article:publisher\" content=\"https:\/\/www.facebook.com\/universidaddelalaguna\/\" \/>\n<meta property=\"article:published_time\" content=\"2020-03-18T09:47:09+00:00\" \/>\n<meta property=\"article:modified_time\" content=\"2020-03-18T09:47:16+00:00\" \/>\n<meta property=\"og:image\" content=\"https:\/\/www.ull.es\/portal\/noticias\/wp-content\/uploads\/sites\/13\/2020\/03\/ebau-noticia.jpg\" \/>\n\t<meta property=\"og:image:width\" content=\"1200\" \/>\n\t<meta property=\"og:image:height\" content=\"800\" \/>\n\t<meta property=\"og:image:type\" content=\"image\/jpeg\" \/>\n<meta name=\"author\" content=\"gcom5\" \/>\n<meta name=\"twitter:card\" content=\"summary_large_image\" \/>\n<meta name=\"twitter:creator\" content=\"@CanalULL\" \/>\n<meta name=\"twitter:site\" content=\"@CanalULL\" \/>\n<meta name=\"twitter:label1\" content=\"Escrito por\" \/>\n\t<meta name=\"twitter:data1\" content=\"gcom5\" \/>\n\t<meta name=\"twitter:label2\" content=\"Tiempo de lectura\" \/>\n\t<meta name=\"twitter:data2\" content=\"2 minutos\" \/>\n<script type=\"application\/ld+json\" class=\"yoast-schema-graph\">{\"@context\":\"https:\/\/schema.org\",\"@graph\":[{\"@type\":\"WebPage\",\"@id\":\"https:\/\/www.ull.es\/portal\/noticias\/2020\/comunicado-universidades-publicas-canarias-relacion-con-convocatoria-ebau\/\",\"url\":\"https:\/\/www.ull.es\/portal\/noticias\/2020\/comunicado-universidades-publicas-canarias-relacion-con-convocatoria-ebau\/\",\"name\":\"Comunicado de las universidades p\u00fablicas canarias en relaci\u00f3n con la convocatoria de EBAU - ULL - Noticias\",\"isPartOf\":{\"@id\":\"https:\/\/www.ull.es\/portal\/noticias\/#website\"},\"datePublished\":\"2020-03-18T09:47:09+00:00\",\"dateModified\":\"2020-03-18T09:47:16+00:00\",\"author\":{\"@id\":\"https:\/\/www.ull.es\/portal\/noticias\/#\/schema\/person\/8027c6c4687adc2c90dc1532715d34df\"},\"description\":\"Las universidades p\u00fablicas de Canarias, Universidad de La Laguna y Universidad de Las Palmas de Gran Canaria, quieren trasladar a estudiantes y familias,\u00a0centros y profesores, un mensaje de responsabilidad y\u00a0confianza en estos momentos extraordinarios.\",\"breadcrumb\":{\"@id\":\"https:\/\/www.ull.es\/portal\/noticias\/2020\/comunicado-universidades-publicas-canarias-relacion-con-convocatoria-ebau\/#breadcrumb\"},\"inLanguage\":\"es\",\"potentialAction\":[{\"@type\":\"ReadAction\",\"target\":[\"https:\/\/www.ull.es\/portal\/noticias\/2020\/comunicado-universidades-publicas-canarias-relacion-con-convocatoria-ebau\/\"]}]},{\"@type\":\"BreadcrumbList\",\"@id\":\"https:\/\/www.ull.es\/portal\/noticias\/2020\/comunicado-universidades-publicas-canarias-relacion-con-convocatoria-ebau\/#breadcrumb\",\"itemListElement\":[{\"@type\":\"ListItem\",\"position\":1,\"name\":\"Portada\",\"item\":\"https:\/\/www.ull.es\/portal\/noticias\/\"},{\"@type\":\"ListItem\",\"position\":2,\"name\":\"Comunicado de las universidades p\u00fablicas canarias en relaci\u00f3n con la convocatoria de EBAU\"}]},{\"@type\":\"WebSite\",\"@id\":\"https:\/\/www.ull.es\/portal\/noticias\/#website\",\"url\":\"https:\/\/www.ull.es\/portal\/noticias\/\",\"name\":\"ULL - Noticias\",\"description\":\"\",\"potentialAction\":[{\"@type\":\"SearchAction\",\"target\":{\"@type\":\"EntryPoint\",\"urlTemplate\":\"https:\/\/www.ull.es\/portal\/noticias\/?s={search_term_string}\"},\"query-input\":\"required name=search_term_string\"}],\"inLanguage\":\"es\"},{\"@type\":\"Person\",\"@id\":\"https:\/\/www.ull.es\/portal\/noticias\/#\/schema\/person\/8027c6c4687adc2c90dc1532715d34df\",\"name\":\"gcom5\",\"image\":{\"@type\":\"ImageObject\",\"inLanguage\":\"es\",\"@id\":\"https:\/\/www.ull.es\/portal\/noticias\/#\/schema\/person\/image\/\",\"url\":\"https:\/\/secure.gravatar.com\/avatar\/8b3777f8048001fa57b88338ce5605b9?s=96&d=mm&r=g\",\"contentUrl\":\"https:\/\/secure.gravatar.com\/avatar\/8b3777f8048001fa57b88338ce5605b9?s=96&d=mm&r=g\",\"caption\":\"gcom5\"},\"url\":\"https:\/\/www.ull.es\/portal\/noticias\/author\/gcom5\/\"}]}<\/script>\n<!-- \/ Yoast SEO plugin. -->","yoast_head_json":{"title":"Comunicado de las universidades p\u00fablicas canarias en relaci\u00f3n con la convocatoria de EBAU - ULL - Noticias","description":"Las universidades p\u00fablicas de Canarias, Universidad de La Laguna y Universidad de Las Palmas de Gran Canaria, quieren trasladar a estudiantes y familias,\u00a0centros y profesores, un mensaje de responsabilidad y\u00a0confianza en estos momentos extraordinarios.","robots":{"index":"index","follow":"follow","max-snippet":"max-snippet:-1","max-image-preview":"max-image-preview:large","max-video-preview":"max-video-preview:-1"},"canonical":"https:\/\/www.ull.es\/portal\/noticias\/2020\/comunicado-universidades-publicas-canarias-relacion-con-convocatoria-ebau\/","og_locale":"es_ES","og_type":"article","og_title":"Comunicado de las universidades p\u00fablicas canarias en relaci\u00f3n con la convocatoria de EBAU - ULL - Noticias","og_description":"Las universidades p\u00fablicas de Canarias, Universidad de La Laguna y Universidad de Las Palmas de Gran Canaria, quieren trasladar a estudiantes y familias,\u00a0centros y profesores, un mensaje de responsabilidad y\u00a0confianza en estos momentos extraordinarios.","og_url":"https:\/\/www.ull.es\/portal\/noticias\/2020\/comunicado-universidades-publicas-canarias-relacion-con-convocatoria-ebau\/","og_site_name":"ULL - Noticias","article_publisher":"https:\/\/www.facebook.com\/universidaddelalaguna\/","article_published_time":"2020-03-18T09:47:09+00:00","article_modified_time":"2020-03-18T09:47:16+00:00","og_image":[{"width":1200,"height":800,"url":"https:\/\/www.ull.es\/portal\/noticias\/wp-content\/uploads\/sites\/13\/2020\/03\/ebau-noticia.jpg","type":"image\/jpeg"}],"author":"gcom5","twitter_card":"summary_large_image","twitter_creator":"@CanalULL","twitter_site":"@CanalULL","twitter_misc":{"Escrito por":"gcom5","Tiempo de lectura":"2 minutos"},"schema":{"@context":"https:\/\/schema.org","@graph":[{"@type":"WebPage","@id":"https:\/\/www.ull.es\/portal\/noticias\/2020\/comunicado-universidades-publicas-canarias-relacion-con-convocatoria-ebau\/","url":"https:\/\/www.ull.es\/portal\/noticias\/2020\/comunicado-universidades-publicas-canarias-relacion-con-convocatoria-ebau\/","name":"Comunicado de las universidades p\u00fablicas canarias en relaci\u00f3n con la convocatoria de EBAU - ULL - Noticias","isPartOf":{"@id":"https:\/\/www.ull.es\/portal\/noticias\/#website"},"datePublished":"2020-03-18T09:47:09+00:00","dateModified":"2020-03-18T09:47:16+00:00","author":{"@id":"https:\/\/www.ull.es\/portal\/noticias\/#\/schema\/person\/8027c6c4687adc2c90dc1532715d34df"},"description":"Las universidades p\u00fablicas de Canarias, Universidad de La Laguna y Universidad de Las Palmas de Gran Canaria, quieren trasladar a estudiantes y familias,\u00a0centros y profesores, un mensaje de responsabilidad y\u00a0confianza en estos momentos extraordinarios.","breadcrumb":{"@id":"https:\/\/www.ull.es\/portal\/noticias\/2020\/comunicado-universidades-publicas-canarias-relacion-con-convocatoria-ebau\/#breadcrumb"},"inLanguage":"es","potentialAction":[{"@type":"ReadAction","target":["https:\/\/www.ull.es\/portal\/noticias\/2020\/comunicado-universidades-publicas-canarias-relacion-con-convocatoria-ebau\/"]}]},{"@type":"BreadcrumbList","@id":"https:\/\/www.ull.es\/portal\/noticias\/2020\/comunicado-universidades-publicas-canarias-relacion-con-convocatoria-ebau\/#breadcrumb","itemListElement":[{"@type":"ListItem","position":1,"name":"Portada","item":"https:\/\/www.ull.es\/portal\/noticias\/"},{"@type":"ListItem","position":2,"name":"Comunicado de las universidades p\u00fablicas canarias en relaci\u00f3n con la convocatoria de EBAU"}]},{"@type":"WebSite","@id":"https:\/\/www.ull.es\/portal\/noticias\/#website","url":"https:\/\/www.ull.es\/portal\/noticias\/","name":"ULL - Noticias","description":"","potentialAction":[{"@type":"SearchAction","target":{"@type":"EntryPoint","urlTemplate":"https:\/\/www.ull.es\/portal\/noticias\/?s={search_term_string}"},"query-input":"required name=search_term_string"}],"inLanguage":"es"},{"@type":"Person","@id":"https:\/\/www.ull.es\/portal\/noticias\/#\/schema\/person\/8027c6c4687adc2c90dc1532715d34df","name":"gcom5","image":{"@type":"ImageObject","inLanguage":"es","@id":"https:\/\/www.ull.es\/portal\/noticias\/#\/schema\/person\/image\/","url":"https:\/\/secure.gravatar.com\/avatar\/8b3777f8048001fa57b88338ce5605b9?s=96&d=mm&r=g","contentUrl":"https:\/\/secure.gravatar.com\/avatar\/8b3777f8048001fa57b88338ce5605b9?s=96&d=mm&r=g","caption":"gcom5"},"url":"https:\/\/www.ull.es\/portal\/noticias\/author\/gcom5\/"}]}},"primary_category":{"id":2765,"name":"Portada ULL","slug":"portada-ull","link":"https:\/\/www.ull.es\/portal\/noticias\/category\/portada-ull\/"},"featured_image_thumbnail_url":"https:\/\/www.ull.es\/portal\/noticias\/wp-content\/uploads\/sites\/13\/2020\/03\/ebau-noticia-300x200.jpg","_links":{"self":[{"href":"https:\/\/www.ull.es\/portal\/noticias\/wp-json\/wp\/v2\/posts\/49648"}],"collection":[{"href":"https:\/\/www.ull.es\/portal\/noticias\/wp-json\/wp\/v2\/posts"}],"about":[{"href":"https:\/\/www.ull.es\/portal\/noticias\/wp-json\/wp\/v2\/types\/post"}],"author":[{"embeddable":true,"href":"https:\/\/www.ull.es\/portal\/noticias\/wp-json\/wp\/v2\/users\/67"}],"replies":[{"embeddable":true,"href":"https:\/\/www.ull.es\/portal\/noticias\/wp-json\/wp\/v2\/comments?post=49648"}],"version-history":[{"count":2,"href":"https:\/\/www.ull.es\/portal\/noticias\/wp-json\/wp\/v2\/posts\/49648\/revisions"}],"predecessor-version":[{"id":49651,"href":"https:\/\/www.ull.es\/portal\/noticias\/wp-json\/wp\/v2\/posts\/49648\/revisions\/49651"}],"wp:featuredmedia":[{"embeddable":true,"href":"https:\/\/www.ull.es\/portal\/noticias\/wp-json\/wp\/v2\/media\/49649"}],"wp:attachment":[{"href":"https:\/\/www.ull.es\/portal\/noticias\/wp-json\/wp\/v2\/media?parent=49648"}],"wp:term":[{"taxonomy":"category","embeddable":true,"href":"https:\/\/www.ull.es\/portal\/noticias\/wp-json\/wp\/v2\/categories?post=49648"},{"taxonomy":"post_tag","embeddable":true,"href":"https:\/\/www.ull.es\/portal\/noticias\/wp-json\/wp\/v2\/tags?post=49648"}],"curies":[{"name":"wp","href":"https:\/\/api.w.org\/{rel}","templated":true}]}}