{"id":49709,"date":"2020-03-25T17:39:14","date_gmt":"2020-03-25T17:39:14","guid":{"rendered":"https:\/\/www.ull.es\/portal\/noticias\/?p=49709"},"modified":"2020-03-25T18:17:59","modified_gmt":"2020-03-25T18:17:59","slug":"el-ministerio-de-educacion-y-formacion-profesional-y-el-de-universidades-acuerdan-cambios-en-el-calendario-y-en-las-pruebas-de-la-ebau","status":"publish","type":"post","link":"https:\/\/www.ull.es\/portal\/noticias\/2020\/el-ministerio-de-educacion-y-formacion-profesional-y-el-de-universidades-acuerdan-cambios-en-el-calendario-y-en-las-pruebas-de-la-ebau\/","title":{"rendered":"El Ministerio de Educaci\u00f3n y Formaci\u00f3n Profesional y el de Universidades acuerdan cambios en el calendario y en las pruebas de la EBAU"},"content":{"rendered":"<p>El Ministerio de Educaci\u00f3n y Formaci\u00f3n Profesional (MEFP) y el Ministerio de Universidades han acordado hoy, 25 de marzo, junto con las comunidades aut\u00f3nomas, que la prueba de Evaluaci\u00f3n de Bachillerato para el Acceso a la Universidad (EBAU) se celebre entre el 22 de junio y el 10 de julio en convocatoria ordinaria y antes del 10 de septiembre en convocatoria extraordinaria.<\/p>\n<p>As\u00ed se ha decidido en la Conferencia Sectorial de Educaci\u00f3n celebrada por videoconferencia y presidida por la ministra de Educaci\u00f3n y FP, Isabel Cela\u00e1, y en la que han participado el secretario de Estado de Educaci\u00f3n, Alejandro Tiana; la secretaria general de Formaci\u00f3n Profesional, Clara Sanz, el subsecretario del MEFP, Fernando Gurrea, adem\u00e1s de los consejeros de Educaci\u00f3n de las<br \/>\nautonom\u00edas.<\/p>\n<p>\u201cEl Ministerio de Educaci\u00f3n y Formaci\u00f3n Profesional est\u00e1 trabajando denodadamente en esta crisis con un \u00fanico objetivo: que ning\u00fan alumno, que ninguna alumna pierda el curso por esta situaci\u00f3n provocada por el Covid-19\u201d, ha asegurado la ministra Isabel Cela\u00e1. Tanto el Ministerio de Educaci\u00f3n y FP como el de Universidades y las Comunidades Aut\u00f3nomas son conscientes de la dificultad que est\u00e1 suponiendo para el profesorado que imparte clase en 2\u00ba de Bachillerato y, en especial, para los estudiantes de este curso, la suspensi\u00f3n de las clases presenciales a causa de la epidemia por infecci\u00f3n de coronavirus, Covid-19.<\/p>\n<p>Por ello, para asegurar que el acceso a la Universidad se produce en t\u00e9rminos de equidad y justicia, se ha acordado adem\u00e1s modificar el modelo y el contenido de las pruebas con el objetivo de que el alumnado no se vea perjudicado por no haber trabajado en clase alg\u00fan bloque o bloques de contenido de alguna de las materias. Aunque las fechas propuestas para la realizaci\u00f3n de la EBAU depender\u00e1n de la evoluci\u00f3n de la pandemia, se ha establecido que las calificaciones se publiquen antes del 17 de julio para la convocatoria ordinaria y antes del 18 de septiembre en el caso de la extraordinaria. La asignaci\u00f3n definitiva de plazas no se podr\u00e1 realizar antes del 25 de septiembre.<\/p>\n<p><strong>Cancelaci\u00f3n de pruebas de evaluaci\u00f3n diagn\u00f3stica<\/strong><\/p>\n<p>El Ministerio de Educaci\u00f3n y Formaci\u00f3n Profesional ha propuesto tambi\u00e9n a las CCAA que se cancelen las pruebas de evaluaci\u00f3n diagn\u00f3stica que establece la LOMCE, ley actualmente en vigor, para 3\u00ba y 6\u00ba de Primaria y 4\u00ba de la ESO. En cuanto a los alumnos que est\u00e1n realizando este curso en el extranjero, el MEFP establecer\u00e1 sistemas espec\u00edficos para homologar sus estudios, dado que la mayor\u00eda del alumnado est\u00e1 continuando las clases en la modalidad online.<\/p>\n<p>La Conferencia de Educaci\u00f3n ha aprobado tambi\u00e9n las medidas acordadas ayer en la Comisi\u00f3n de FP. Fundamentalmente, flexibilizar las pr\u00e1cticas en el centro de trabajo para superar el curso, ampliando el periodo establecido en el calendario escolar. Esta medida extraordinaria deber\u00e1 coordinarse con las fechas de celebraci\u00f3n de la EBAU para permitir que todos los estudiantes que as\u00ed lo deseen puedan presentarse a la prueba de acceso a la Universidad.<\/p>\n<p>(Nota cedida).<\/p>\n","protected":false},"excerpt":{"rendered":"<p>El Ministerio de Educaci\u00f3n y Formaci\u00f3n Profesional (MEFP) y el Ministerio de Universidades han acordado hoy, 25 de marzo, junto&#8230;<\/p>\n","protected":false},"author":23,"featured_media":45520,"comment_status":"closed","ping_status":"closed","sticky":false,"template":"","format":"standard","meta":{"inline_featured_image":false,"footnotes":""},"categories":[343,345,348,2765],"tags":[],"acf":[],"yoast_head":"<!-- This site is optimized with the Yoast SEO plugin v21.3 - https:\/\/yoast.com\/wordpress\/plugins\/seo\/ -->\n<title>El Ministerio de Educaci\u00f3n y Formaci\u00f3n Profesional y el de Universidades acuerdan cambios en el calendario y en las pruebas de la EBAU - ULL - Noticias<\/title>\n<meta name=\"robots\" content=\"index, follow, max-snippet:-1, max-image-preview:large, max-video-preview:-1\" \/>\n<link rel=\"canonical\" href=\"https:\/\/www.ull.es\/portal\/noticias\/2020\/el-ministerio-de-educacion-y-formacion-profesional-y-el-de-universidades-acuerdan-cambios-en-el-calendario-y-en-las-pruebas-de-la-ebau\/\" \/>\n<meta property=\"og:locale\" content=\"es_ES\" \/>\n<meta property=\"og:type\" content=\"article\" \/>\n<meta property=\"og:title\" content=\"El Ministerio de Educaci\u00f3n y Formaci\u00f3n Profesional y el de Universidades acuerdan cambios en el calendario y en las pruebas de la EBAU - ULL - Noticias\" \/>\n<meta property=\"og:description\" content=\"El Ministerio de Educaci\u00f3n y Formaci\u00f3n Profesional (MEFP) y el Ministerio de Universidades han acordado hoy, 25 de marzo, junto...\" \/>\n<meta property=\"og:url\" content=\"https:\/\/www.ull.es\/portal\/noticias\/2020\/el-ministerio-de-educacion-y-formacion-profesional-y-el-de-universidades-acuerdan-cambios-en-el-calendario-y-en-las-pruebas-de-la-ebau\/\" \/>\n<meta property=\"og:site_name\" content=\"ULL - Noticias\" \/>\n<meta property=\"article:publisher\" content=\"https:\/\/www.facebook.com\/universidaddelalaguna\/\" \/>\n<meta property=\"article:published_time\" content=\"2020-03-25T17:39:14+00:00\" \/>\n<meta property=\"article:modified_time\" content=\"2020-03-25T18:17:59+00:00\" \/>\n<meta property=\"og:image\" content=\"https:\/\/www.ull.es\/portal\/noticias\/wp-content\/uploads\/sites\/13\/2019\/07\/EBAU-ULL-40.jpg\" \/>\n\t<meta property=\"og:image:width\" content=\"1600\" \/>\n\t<meta property=\"og:image:height\" content=\"1067\" \/>\n\t<meta property=\"og:image:type\" content=\"image\/jpeg\" \/>\n<meta name=\"author\" content=\"gaprsa\" \/>\n<meta name=\"twitter:card\" content=\"summary_large_image\" \/>\n<meta name=\"twitter:creator\" content=\"@CanalULL\" \/>\n<meta name=\"twitter:site\" content=\"@CanalULL\" \/>\n<meta name=\"twitter:label1\" content=\"Escrito por\" \/>\n\t<meta name=\"twitter:data1\" content=\"gaprsa\" \/>\n\t<meta name=\"twitter:label2\" content=\"Tiempo de lectura\" \/>\n\t<meta name=\"twitter:data2\" content=\"3 minutos\" \/>\n<script type=\"application\/ld+json\" class=\"yoast-schema-graph\">{\"@context\":\"https:\/\/schema.org\",\"@graph\":[{\"@type\":\"WebPage\",\"@id\":\"https:\/\/www.ull.es\/portal\/noticias\/2020\/el-ministerio-de-educacion-y-formacion-profesional-y-el-de-universidades-acuerdan-cambios-en-el-calendario-y-en-las-pruebas-de-la-ebau\/\",\"url\":\"https:\/\/www.ull.es\/portal\/noticias\/2020\/el-ministerio-de-educacion-y-formacion-profesional-y-el-de-universidades-acuerdan-cambios-en-el-calendario-y-en-las-pruebas-de-la-ebau\/\",\"name\":\"El Ministerio de Educaci\u00f3n y Formaci\u00f3n Profesional y el de Universidades acuerdan cambios en el calendario y en las pruebas de la EBAU - ULL - Noticias\",\"isPartOf\":{\"@id\":\"https:\/\/www.ull.es\/portal\/noticias\/#website\"},\"datePublished\":\"2020-03-25T17:39:14+00:00\",\"dateModified\":\"2020-03-25T18:17:59+00:00\",\"author\":{\"@id\":\"https:\/\/www.ull.es\/portal\/noticias\/#\/schema\/person\/b2b1a89d43ffa609e591f7df8ef3e817\"},\"breadcrumb\":{\"@id\":\"https:\/\/www.ull.es\/portal\/noticias\/2020\/el-ministerio-de-educacion-y-formacion-profesional-y-el-de-universidades-acuerdan-cambios-en-el-calendario-y-en-las-pruebas-de-la-ebau\/#breadcrumb\"},\"inLanguage\":\"es\",\"potentialAction\":[{\"@type\":\"ReadAction\",\"target\":[\"https:\/\/www.ull.es\/portal\/noticias\/2020\/el-ministerio-de-educacion-y-formacion-profesional-y-el-de-universidades-acuerdan-cambios-en-el-calendario-y-en-las-pruebas-de-la-ebau\/\"]}]},{\"@type\":\"BreadcrumbList\",\"@id\":\"https:\/\/www.ull.es\/portal\/noticias\/2020\/el-ministerio-de-educacion-y-formacion-profesional-y-el-de-universidades-acuerdan-cambios-en-el-calendario-y-en-las-pruebas-de-la-ebau\/#breadcrumb\",\"itemListElement\":[{\"@type\":\"ListItem\",\"position\":1,\"name\":\"Portada\",\"item\":\"https:\/\/www.ull.es\/portal\/noticias\/\"},{\"@type\":\"ListItem\",\"position\":2,\"name\":\"El Ministerio de Educaci\u00f3n y Formaci\u00f3n Profesional y el de Universidades acuerdan cambios en el calendario y en las pruebas de la EBAU\"}]},{\"@type\":\"WebSite\",\"@id\":\"https:\/\/www.ull.es\/portal\/noticias\/#website\",\"url\":\"https:\/\/www.ull.es\/portal\/noticias\/\",\"name\":\"ULL - Noticias\",\"description\":\"\",\"potentialAction\":[{\"@type\":\"SearchAction\",\"target\":{\"@type\":\"EntryPoint\",\"urlTemplate\":\"https:\/\/www.ull.es\/portal\/noticias\/?s={search_term_string}\"},\"query-input\":\"required name=search_term_string\"}],\"inLanguage\":\"es\"},{\"@type\":\"Person\",\"@id\":\"https:\/\/www.ull.es\/portal\/noticias\/#\/schema\/person\/b2b1a89d43ffa609e591f7df8ef3e817\",\"name\":\"gaprsa\",\"image\":{\"@type\":\"ImageObject\",\"inLanguage\":\"es\",\"@id\":\"https:\/\/www.ull.es\/portal\/noticias\/#\/schema\/person\/image\/\",\"url\":\"https:\/\/secure.gravatar.com\/avatar\/443820550921091458b4823867723b3d?s=96&d=mm&r=g\",\"contentUrl\":\"https:\/\/secure.gravatar.com\/avatar\/443820550921091458b4823867723b3d?s=96&d=mm&r=g\",\"caption\":\"gaprsa\"},\"url\":\"https:\/\/www.ull.es\/portal\/noticias\/author\/gaprsa\/\"}]}<\/script>\n<!-- \/ Yoast SEO plugin. -->","yoast_head_json":{"title":"El Ministerio de Educaci\u00f3n y Formaci\u00f3n Profesional y el de Universidades acuerdan cambios en el calendario y en las pruebas de la EBAU - ULL - Noticias","robots":{"index":"index","follow":"follow","max-snippet":"max-snippet:-1","max-image-preview":"max-image-preview:large","max-video-preview":"max-video-preview:-1"},"canonical":"https:\/\/www.ull.es\/portal\/noticias\/2020\/el-ministerio-de-educacion-y-formacion-profesional-y-el-de-universidades-acuerdan-cambios-en-el-calendario-y-en-las-pruebas-de-la-ebau\/","og_locale":"es_ES","og_type":"article","og_title":"El Ministerio de Educaci\u00f3n y Formaci\u00f3n Profesional y el de Universidades acuerdan cambios en el calendario y en las pruebas de la EBAU - ULL - Noticias","og_description":"El Ministerio de Educaci\u00f3n y Formaci\u00f3n Profesional (MEFP) y el Ministerio de Universidades han acordado hoy, 25 de marzo, junto...","og_url":"https:\/\/www.ull.es\/portal\/noticias\/2020\/el-ministerio-de-educacion-y-formacion-profesional-y-el-de-universidades-acuerdan-cambios-en-el-calendario-y-en-las-pruebas-de-la-ebau\/","og_site_name":"ULL - Noticias","article_publisher":"https:\/\/www.facebook.com\/universidaddelalaguna\/","article_published_time":"2020-03-25T17:39:14+00:00","article_modified_time":"2020-03-25T18:17:59+00:00","og_image":[{"width":1600,"height":1067,"url":"https:\/\/www.ull.es\/portal\/noticias\/wp-content\/uploads\/sites\/13\/2019\/07\/EBAU-ULL-40.jpg","type":"image\/jpeg"}],"author":"gaprsa","twitter_card":"summary_large_image","twitter_creator":"@CanalULL","twitter_site":"@CanalULL","twitter_misc":{"Escrito por":"gaprsa","Tiempo de lectura":"3 minutos"},"schema":{"@context":"https:\/\/schema.org","@graph":[{"@type":"WebPage","@id":"https:\/\/www.ull.es\/portal\/noticias\/2020\/el-ministerio-de-educacion-y-formacion-profesional-y-el-de-universidades-acuerdan-cambios-en-el-calendario-y-en-las-pruebas-de-la-ebau\/","url":"https:\/\/www.ull.es\/portal\/noticias\/2020\/el-ministerio-de-educacion-y-formacion-profesional-y-el-de-universidades-acuerdan-cambios-en-el-calendario-y-en-las-pruebas-de-la-ebau\/","name":"El Ministerio de Educaci\u00f3n y Formaci\u00f3n Profesional y el de Universidades acuerdan cambios en el calendario y en las pruebas de la EBAU - ULL - Noticias","isPartOf":{"@id":"https:\/\/www.ull.es\/portal\/noticias\/#website"},"datePublished":"2020-03-25T17:39:14+00:00","dateModified":"2020-03-25T18:17:59+00:00","author":{"@id":"https:\/\/www.ull.es\/portal\/noticias\/#\/schema\/person\/b2b1a89d43ffa609e591f7df8ef3e817"},"breadcrumb":{"@id":"https:\/\/www.ull.es\/portal\/noticias\/2020\/el-ministerio-de-educacion-y-formacion-profesional-y-el-de-universidades-acuerdan-cambios-en-el-calendario-y-en-las-pruebas-de-la-ebau\/#breadcrumb"},"inLanguage":"es","potentialAction":[{"@type":"ReadAction","target":["https:\/\/www.ull.es\/portal\/noticias\/2020\/el-ministerio-de-educacion-y-formacion-profesional-y-el-de-universidades-acuerdan-cambios-en-el-calendario-y-en-las-pruebas-de-la-ebau\/"]}]},{"@type":"BreadcrumbList","@id":"https:\/\/www.ull.es\/portal\/noticias\/2020\/el-ministerio-de-educacion-y-formacion-profesional-y-el-de-universidades-acuerdan-cambios-en-el-calendario-y-en-las-pruebas-de-la-ebau\/#breadcrumb","itemListElement":[{"@type":"ListItem","position":1,"name":"Portada","item":"https:\/\/www.ull.es\/portal\/noticias\/"},{"@type":"ListItem","position":2,"name":"El Ministerio de Educaci\u00f3n y Formaci\u00f3n Profesional y el de Universidades acuerdan cambios en el calendario y en las pruebas de la EBAU"}]},{"@type":"WebSite","@id":"https:\/\/www.ull.es\/portal\/noticias\/#website","url":"https:\/\/www.ull.es\/portal\/noticias\/","name":"ULL - Noticias","description":"","potentialAction":[{"@type":"SearchAction","target":{"@type":"EntryPoint","urlTemplate":"https:\/\/www.ull.es\/portal\/noticias\/?s={search_term_string}"},"query-input":"required name=search_term_string"}],"inLanguage":"es"},{"@type":"Person","@id":"https:\/\/www.ull.es\/portal\/noticias\/#\/schema\/person\/b2b1a89d43ffa609e591f7df8ef3e817","name":"gaprsa","image":{"@type":"ImageObject","inLanguage":"es","@id":"https:\/\/www.ull.es\/portal\/noticias\/#\/schema\/person\/image\/","url":"https:\/\/secure.gravatar.com\/avatar\/443820550921091458b4823867723b3d?s=96&d=mm&r=g","contentUrl":"https:\/\/secure.gravatar.com\/avatar\/443820550921091458b4823867723b3d?s=96&d=mm&r=g","caption":"gaprsa"},"url":"https:\/\/www.ull.es\/portal\/noticias\/author\/gaprsa\/"}]}},"primary_category":{"id":343,"name":"Alumnado","slug":"alumnado","link":"https:\/\/www.ull.es\/portal\/noticias\/category\/alumnado\/"},"featured_image_thumbnail_url":"https:\/\/www.ull.es\/portal\/noticias\/wp-content\/uploads\/sites\/13\/2019\/07\/EBAU-ULL-40-300x200.jpg","_links":{"self":[{"href":"https:\/\/www.ull.es\/portal\/noticias\/wp-json\/wp\/v2\/posts\/49709"}],"collection":[{"href":"https:\/\/www.ull.es\/portal\/noticias\/wp-json\/wp\/v2\/posts"}],"about":[{"href":"https:\/\/www.ull.es\/portal\/noticias\/wp-json\/wp\/v2\/types\/post"}],"author":[{"embeddable":true,"href":"https:\/\/www.ull.es\/portal\/noticias\/wp-json\/wp\/v2\/users\/23"}],"replies":[{"embeddable":true,"href":"https:\/\/www.ull.es\/portal\/noticias\/wp-json\/wp\/v2\/comments?post=49709"}],"version-history":[{"count":3,"href":"https:\/\/www.ull.es\/portal\/noticias\/wp-json\/wp\/v2\/posts\/49709\/revisions"}],"predecessor-version":[{"id":49712,"href":"https:\/\/www.ull.es\/portal\/noticias\/wp-json\/wp\/v2\/posts\/49709\/revisions\/49712"}],"wp:featuredmedia":[{"embeddable":true,"href":"https:\/\/www.ull.es\/portal\/noticias\/wp-json\/wp\/v2\/media\/45520"}],"wp:attachment":[{"href":"https:\/\/www.ull.es\/portal\/noticias\/wp-json\/wp\/v2\/media?parent=49709"}],"wp:term":[{"taxonomy":"category","embeddable":true,"href":"https:\/\/www.ull.es\/portal\/noticias\/wp-json\/wp\/v2\/categories?post=49709"},{"taxonomy":"post_tag","embeddable":true,"href":"https:\/\/www.ull.es\/portal\/noticias\/wp-json\/wp\/v2\/tags?post=49709"}],"curies":[{"name":"wp","href":"https:\/\/api.w.org\/{rel}","templated":true}]}}