{"id":49911,"date":"2020-04-13T13:54:33","date_gmt":"2020-04-13T13:54:33","guid":{"rendered":"https:\/\/www.ull.es\/portal\/noticias\/?p=49911"},"modified":"2020-04-13T13:55:11","modified_gmt":"2020-04-13T13:55:11","slug":"aneca-aprueba-master-educacion-bilingue","status":"publish","type":"post","link":"https:\/\/www.ull.es\/portal\/noticias\/2020\/aneca-aprueba-master-educacion-bilingue\/","title":{"rendered":"La ANECA aprueba el M\u00e1ster en Educaci\u00f3n Biling\u00fce de las dos universidades p\u00fablicas canarias"},"content":{"rendered":"<p>La Agencia Nacional de Evaluaci\u00f3n de la Calidad y Acreditaci\u00f3n (ANECA) acaba de aprobar el m\u00e1ster oficial interuniversitario que las dos universidades p\u00fablicas canarias, la de La Laguna y la de Las Palmas de Gran Canaria, pondr\u00e1n en marcha para completar la formaci\u00f3n de sus egresados en educaci\u00f3n biling\u00fce en espa\u00f1ol e ingl\u00e9s.<span class=\"Apple-converted-space\">\u00a0<\/span><\/p>\n<p>Un grupo de expertos de la Universidad de La Laguna encabezado por los profesores Pl\u00e1cido Bazo Mart\u00ednez y Francisco D\u00e9niz comenzaron la impartici\u00f3n de este posgrado como como t\u00edtulo propio, el cual ahora pasa a ser un m\u00e1ster oficial e interuniversitario. Esa experiencia previa como t\u00edtulo propio ha servido para comprobar el dise\u00f1o de esta formaci\u00f3n que, si los plazos lo permiten, podr\u00eda comenzar a ofertarse a partir del pr\u00f3ximo curso 2020-21.<\/p>\n<p>Este m\u00e1ster tiene car\u00e1cter semipresencial y est\u00e1 destinado a maestros y maestras, licenciados y licenciadas y alumnado de grado que se vayan a dedicar a la ense\u00f1anza en centros biling\u00fces. Su duraci\u00f3n es de un curso escolar y tiene sesenta cr\u00e9ditos. Como requisito de entrada, requiere un nivel de ingl\u00e9s B2 certificado y, a su t\u00e9rmino, el alumnado que lo complete adquirir\u00e1 un nivel cercano al C1.<span class=\"Apple-converted-space\">\u00a0<\/span><\/p>\n<p>Las personas que lo cursen adquirir\u00e1n conocimientos de la did\u00e1ctica espec\u00edfica de las \u00e1reas de conocimiento y la capacidad para planificar la acci\u00f3n educativa siguiendo los planteamientos de la did\u00e1ctica de Aprendizaje Integrado de Contenidos y Lenguas Extranjeras (AICLE) en centros biling\u00fces, en dos itinerarios: uno para educaci\u00f3n Infantil y Primaria y otro para Secundaria y Bachillerato. Dese el punto de vista laboral, este m\u00e1ster permite la inserci\u00f3n en diferentes sectores relacionados con la ense\u00f1anza biling\u00fce.<\/p>\n","protected":false},"excerpt":{"rendered":"<p>La Agencia Nacional de Evaluaci\u00f3n de la Calidad y Acreditaci\u00f3n (ANECA) acaba de aprobar el m\u00e1ster oficial interuniversitario que las&#8230;<\/p>\n","protected":false},"author":21,"featured_media":49912,"comment_status":"closed","ping_status":"closed","sticky":false,"template":"","format":"standard","meta":{"inline_featured_image":false,"footnotes":""},"categories":[345,346,2765],"tags":[428,3735,4961,1859],"acf":[],"yoast_head":"<!-- This site is optimized with the Yoast SEO plugin v21.3 - https:\/\/yoast.com\/wordpress\/plugins\/seo\/ -->\n<title>ANECA aprueba el M\u00e1ster en Educaci\u00f3n Biling\u00fce de la ULL y la ULPGC<\/title>\n<meta name=\"description\" content=\"El m\u00e1ster comenz\u00f3 como t\u00edtulo propio y ahora pasa a ser un m\u00e1ster oficial, que espera poder impartirse a paritr del pr\u00f3ximo curso 2020-21.\" \/>\n<meta name=\"robots\" content=\"index, follow, max-snippet:-1, max-image-preview:large, max-video-preview:-1\" \/>\n<link rel=\"canonical\" href=\"https:\/\/www.ull.es\/portal\/noticias\/2020\/aneca-aprueba-master-educacion-bilingue\/\" \/>\n<meta property=\"og:locale\" content=\"es_ES\" \/>\n<meta property=\"og:type\" content=\"article\" \/>\n<meta property=\"og:title\" content=\"ANECA aprueba el M\u00e1ster en Educaci\u00f3n Biling\u00fce de la ULL y la ULPGC\" \/>\n<meta property=\"og:description\" content=\"El m\u00e1ster comenz\u00f3 como t\u00edtulo propio y ahora pasa a ser un m\u00e1ster oficial, que espera poder impartirse a paritr del pr\u00f3ximo curso 2020-21.\" \/>\n<meta property=\"og:url\" content=\"https:\/\/www.ull.es\/portal\/noticias\/2020\/aneca-aprueba-master-educacion-bilingue\/\" \/>\n<meta property=\"og:site_name\" content=\"ULL - Noticias\" \/>\n<meta property=\"article:publisher\" content=\"https:\/\/www.facebook.com\/universidaddelalaguna\/\" \/>\n<meta property=\"article:published_time\" content=\"2020-04-13T13:54:33+00:00\" \/>\n<meta property=\"article:modified_time\" content=\"2020-04-13T13:55:11+00:00\" \/>\n<meta property=\"og:image\" content=\"https:\/\/www.ull.es\/portal\/noticias\/wp-content\/uploads\/sites\/13\/2020\/04\/master-educacion-biling\u00fce.jpg\" \/>\n\t<meta property=\"og:image:width\" content=\"1200\" \/>\n\t<meta property=\"og:image:height\" content=\"800\" \/>\n\t<meta property=\"og:image:type\" content=\"image\/jpeg\" \/>\n<meta name=\"author\" content=\"prensa2\" \/>\n<meta name=\"twitter:card\" content=\"summary_large_image\" \/>\n<meta name=\"twitter:creator\" content=\"@CanalULL\" \/>\n<meta name=\"twitter:site\" content=\"@CanalULL\" \/>\n<meta name=\"twitter:label1\" content=\"Escrito por\" \/>\n\t<meta name=\"twitter:data1\" content=\"prensa2\" \/>\n\t<meta name=\"twitter:label2\" content=\"Tiempo de lectura\" \/>\n\t<meta name=\"twitter:data2\" content=\"2 minutos\" \/>\n<script type=\"application\/ld+json\" class=\"yoast-schema-graph\">{\"@context\":\"https:\/\/schema.org\",\"@graph\":[{\"@type\":\"WebPage\",\"@id\":\"https:\/\/www.ull.es\/portal\/noticias\/2020\/aneca-aprueba-master-educacion-bilingue\/\",\"url\":\"https:\/\/www.ull.es\/portal\/noticias\/2020\/aneca-aprueba-master-educacion-bilingue\/\",\"name\":\"ANECA aprueba el M\u00e1ster en Educaci\u00f3n Biling\u00fce de la ULL y la ULPGC\",\"isPartOf\":{\"@id\":\"https:\/\/www.ull.es\/portal\/noticias\/#website\"},\"datePublished\":\"2020-04-13T13:54:33+00:00\",\"dateModified\":\"2020-04-13T13:55:11+00:00\",\"author\":{\"@id\":\"https:\/\/www.ull.es\/portal\/noticias\/#\/schema\/person\/c3b2aa857797592927a03740d6664376\"},\"description\":\"El m\u00e1ster comenz\u00f3 como t\u00edtulo propio y ahora pasa a ser un m\u00e1ster oficial, que espera poder impartirse a paritr del pr\u00f3ximo curso 2020-21.\",\"breadcrumb\":{\"@id\":\"https:\/\/www.ull.es\/portal\/noticias\/2020\/aneca-aprueba-master-educacion-bilingue\/#breadcrumb\"},\"inLanguage\":\"es\",\"potentialAction\":[{\"@type\":\"ReadAction\",\"target\":[\"https:\/\/www.ull.es\/portal\/noticias\/2020\/aneca-aprueba-master-educacion-bilingue\/\"]}]},{\"@type\":\"BreadcrumbList\",\"@id\":\"https:\/\/www.ull.es\/portal\/noticias\/2020\/aneca-aprueba-master-educacion-bilingue\/#breadcrumb\",\"itemListElement\":[{\"@type\":\"ListItem\",\"position\":1,\"name\":\"Portada\",\"item\":\"https:\/\/www.ull.es\/portal\/noticias\/\"},{\"@type\":\"ListItem\",\"position\":2,\"name\":\"La ANECA aprueba el M\u00e1ster en Educaci\u00f3n Biling\u00fce de las dos universidades p\u00fablicas canarias\"}]},{\"@type\":\"WebSite\",\"@id\":\"https:\/\/www.ull.es\/portal\/noticias\/#website\",\"url\":\"https:\/\/www.ull.es\/portal\/noticias\/\",\"name\":\"ULL - Noticias\",\"description\":\"\",\"potentialAction\":[{\"@type\":\"SearchAction\",\"target\":{\"@type\":\"EntryPoint\",\"urlTemplate\":\"https:\/\/www.ull.es\/portal\/noticias\/?s={search_term_string}\"},\"query-input\":\"required name=search_term_string\"}],\"inLanguage\":\"es\"},{\"@type\":\"Person\",\"@id\":\"https:\/\/www.ull.es\/portal\/noticias\/#\/schema\/person\/c3b2aa857797592927a03740d6664376\",\"name\":\"prensa2\",\"image\":{\"@type\":\"ImageObject\",\"inLanguage\":\"es\",\"@id\":\"https:\/\/www.ull.es\/portal\/noticias\/#\/schema\/person\/image\/\",\"url\":\"https:\/\/secure.gravatar.com\/avatar\/b58f310a5de5feb33d1e026d2493f23c?s=96&d=mm&r=g\",\"contentUrl\":\"https:\/\/secure.gravatar.com\/avatar\/b58f310a5de5feb33d1e026d2493f23c?s=96&d=mm&r=g\",\"caption\":\"prensa2\"},\"url\":\"https:\/\/www.ull.es\/portal\/noticias\/author\/prensa2\/\"}]}<\/script>\n<!-- \/ Yoast SEO plugin. -->","yoast_head_json":{"title":"ANECA aprueba el M\u00e1ster en Educaci\u00f3n Biling\u00fce de la ULL y la ULPGC","description":"El m\u00e1ster comenz\u00f3 como t\u00edtulo propio y ahora pasa a ser un m\u00e1ster oficial, que espera poder impartirse a paritr del pr\u00f3ximo curso 2020-21.","robots":{"index":"index","follow":"follow","max-snippet":"max-snippet:-1","max-image-preview":"max-image-preview:large","max-video-preview":"max-video-preview:-1"},"canonical":"https:\/\/www.ull.es\/portal\/noticias\/2020\/aneca-aprueba-master-educacion-bilingue\/","og_locale":"es_ES","og_type":"article","og_title":"ANECA aprueba el M\u00e1ster en Educaci\u00f3n Biling\u00fce de la ULL y la ULPGC","og_description":"El m\u00e1ster comenz\u00f3 como t\u00edtulo propio y ahora pasa a ser un m\u00e1ster oficial, que espera poder impartirse a paritr del pr\u00f3ximo curso 2020-21.","og_url":"https:\/\/www.ull.es\/portal\/noticias\/2020\/aneca-aprueba-master-educacion-bilingue\/","og_site_name":"ULL - Noticias","article_publisher":"https:\/\/www.facebook.com\/universidaddelalaguna\/","article_published_time":"2020-04-13T13:54:33+00:00","article_modified_time":"2020-04-13T13:55:11+00:00","og_image":[{"width":1200,"height":800,"url":"https:\/\/www.ull.es\/portal\/noticias\/wp-content\/uploads\/sites\/13\/2020\/04\/master-educacion-biling\u00fce.jpg","type":"image\/jpeg"}],"author":"prensa2","twitter_card":"summary_large_image","twitter_creator":"@CanalULL","twitter_site":"@CanalULL","twitter_misc":{"Escrito por":"prensa2","Tiempo de lectura":"2 minutos"},"schema":{"@context":"https:\/\/schema.org","@graph":[{"@type":"WebPage","@id":"https:\/\/www.ull.es\/portal\/noticias\/2020\/aneca-aprueba-master-educacion-bilingue\/","url":"https:\/\/www.ull.es\/portal\/noticias\/2020\/aneca-aprueba-master-educacion-bilingue\/","name":"ANECA aprueba el M\u00e1ster en Educaci\u00f3n Biling\u00fce de la ULL y la ULPGC","isPartOf":{"@id":"https:\/\/www.ull.es\/portal\/noticias\/#website"},"datePublished":"2020-04-13T13:54:33+00:00","dateModified":"2020-04-13T13:55:11+00:00","author":{"@id":"https:\/\/www.ull.es\/portal\/noticias\/#\/schema\/person\/c3b2aa857797592927a03740d6664376"},"description":"El m\u00e1ster comenz\u00f3 como t\u00edtulo propio y ahora pasa a ser un m\u00e1ster oficial, que espera poder impartirse a paritr del pr\u00f3ximo curso 2020-21.","breadcrumb":{"@id":"https:\/\/www.ull.es\/portal\/noticias\/2020\/aneca-aprueba-master-educacion-bilingue\/#breadcrumb"},"inLanguage":"es","potentialAction":[{"@type":"ReadAction","target":["https:\/\/www.ull.es\/portal\/noticias\/2020\/aneca-aprueba-master-educacion-bilingue\/"]}]},{"@type":"BreadcrumbList","@id":"https:\/\/www.ull.es\/portal\/noticias\/2020\/aneca-aprueba-master-educacion-bilingue\/#breadcrumb","itemListElement":[{"@type":"ListItem","position":1,"name":"Portada","item":"https:\/\/www.ull.es\/portal\/noticias\/"},{"@type":"ListItem","position":2,"name":"La ANECA aprueba el M\u00e1ster en Educaci\u00f3n Biling\u00fce de las dos universidades p\u00fablicas canarias"}]},{"@type":"WebSite","@id":"https:\/\/www.ull.es\/portal\/noticias\/#website","url":"https:\/\/www.ull.es\/portal\/noticias\/","name":"ULL - Noticias","description":"","potentialAction":[{"@type":"SearchAction","target":{"@type":"EntryPoint","urlTemplate":"https:\/\/www.ull.es\/portal\/noticias\/?s={search_term_string}"},"query-input":"required name=search_term_string"}],"inLanguage":"es"},{"@type":"Person","@id":"https:\/\/www.ull.es\/portal\/noticias\/#\/schema\/person\/c3b2aa857797592927a03740d6664376","name":"prensa2","image":{"@type":"ImageObject","inLanguage":"es","@id":"https:\/\/www.ull.es\/portal\/noticias\/#\/schema\/person\/image\/","url":"https:\/\/secure.gravatar.com\/avatar\/b58f310a5de5feb33d1e026d2493f23c?s=96&d=mm&r=g","contentUrl":"https:\/\/secure.gravatar.com\/avatar\/b58f310a5de5feb33d1e026d2493f23c?s=96&d=mm&r=g","caption":"prensa2"},"url":"https:\/\/www.ull.es\/portal\/noticias\/author\/prensa2\/"}]}},"primary_category":{"id":346,"name":"Docencia","slug":"docencia","link":"https:\/\/www.ull.es\/portal\/noticias\/category\/docencia\/"},"featured_image_thumbnail_url":"https:\/\/www.ull.es\/portal\/noticias\/wp-content\/uploads\/sites\/13\/2020\/04\/master-educacion-biling\u00fce-300x200.jpg","_links":{"self":[{"href":"https:\/\/www.ull.es\/portal\/noticias\/wp-json\/wp\/v2\/posts\/49911"}],"collection":[{"href":"https:\/\/www.ull.es\/portal\/noticias\/wp-json\/wp\/v2\/posts"}],"about":[{"href":"https:\/\/www.ull.es\/portal\/noticias\/wp-json\/wp\/v2\/types\/post"}],"author":[{"embeddable":true,"href":"https:\/\/www.ull.es\/portal\/noticias\/wp-json\/wp\/v2\/users\/21"}],"replies":[{"embeddable":true,"href":"https:\/\/www.ull.es\/portal\/noticias\/wp-json\/wp\/v2\/comments?post=49911"}],"version-history":[{"count":1,"href":"https:\/\/www.ull.es\/portal\/noticias\/wp-json\/wp\/v2\/posts\/49911\/revisions"}],"predecessor-version":[{"id":49913,"href":"https:\/\/www.ull.es\/portal\/noticias\/wp-json\/wp\/v2\/posts\/49911\/revisions\/49913"}],"wp:featuredmedia":[{"embeddable":true,"href":"https:\/\/www.ull.es\/portal\/noticias\/wp-json\/wp\/v2\/media\/49912"}],"wp:attachment":[{"href":"https:\/\/www.ull.es\/portal\/noticias\/wp-json\/wp\/v2\/media?parent=49911"}],"wp:term":[{"taxonomy":"category","embeddable":true,"href":"https:\/\/www.ull.es\/portal\/noticias\/wp-json\/wp\/v2\/categories?post=49911"},{"taxonomy":"post_tag","embeddable":true,"href":"https:\/\/www.ull.es\/portal\/noticias\/wp-json\/wp\/v2\/tags?post=49911"}],"curies":[{"name":"wp","href":"https:\/\/api.w.org\/{rel}","templated":true}]}}