{"id":49996,"date":"2020-04-21T14:07:39","date_gmt":"2020-04-21T14:07:39","guid":{"rendered":"https:\/\/www.ull.es\/portal\/noticias\/?p=49996"},"modified":"2020-04-22T08:41:42","modified_gmt":"2020-04-22T08:41:42","slug":"la-ull-vuelve-a-editar-su-feria-del-talento-emprendedor","status":"publish","type":"post","link":"https:\/\/www.ull.es\/portal\/noticias\/2020\/la-ull-vuelve-a-editar-su-feria-del-talento-emprendedor\/","title":{"rendered":"La Universidad de La Laguna vuelve a editar su Feria del Talento Emprendedor"},"content":{"rendered":"<div>La <a href=\"https:\/\/www.ull.es\/catedras\/catedra-jovenes-emprendedores\/\" target=\"_blank\" rel=\"noopener noreferrer\" data-saferedirecturl=\"https:\/\/www.google.com\/url?q=https:\/\/www.ull.es\/catedras\/catedra-jovenes-emprendedores\/&amp;source=gmail&amp;ust=1587558222700000&amp;usg=AFQjCNGRTk43bk-4xih4beHVFjQ1VCRyow\" target=\"_blank\" rel=\"noopener\">C\u00e1tedra Fundaci\u00f3n DISA de J\u00f3venes Emprendedores de la ULL<\/a> est\u00e1 convencida de que las amenazas son oportunidades para aprender y reinventarnos. En este sentido han asumido el reto de organizar, en este curso acad\u00e9mico, la <a href=\"http:\/\/www.feriadeltalentoemprendedor.com\/\" target=\"_blank\" rel=\"noopener noreferrer\" data-saferedirecturl=\"https:\/\/www.google.com\/url?q=http:\/\/www.feriadeltalentoemprendedor.com\/&amp;source=gmail&amp;ust=1587558222700000&amp;usg=AFQjCNHHlMZzIjUXwGunObrqTg-icjCtVw\" target=\"_blank\" rel=\"noopener\">VIII Feria del Talento Emprendedor de la ULL<\/a> en formato online, que tendr\u00e1 lugar el viernes 22 de mayo, de 10:00 a 13:00 horas.<\/div>\n<div><\/div>\n<div>El alumnado podr\u00e1 asistir bajo dos modalidades. La primera es como promotores o promotoras.\u00a0 Bajo este concepto podr\u00e1 participar cualquier equipo de estudiantes de la Universidad de La Laguna que haya estado trabajando durante este curso acad\u00e9mico un proyecto de negocio. Para inscribirse deber\u00e1n cumplimentar el siguiente\u00a0<a href=\"https:\/\/docs.google.com\/forms\/d\/e\/1FAIpQLScPp7g7jkRaxIR4XZZ0pSlCT7W5kjpfUlkj-OIFAOySqKK2ww\/viewform\" target=\"_blank\" rel=\"noopener noreferrer\" data-saferedirecturl=\"https:\/\/www.google.com\/url?q=https:\/\/docs.google.com\/forms\/d\/e\/1FAIpQLScPp7g7jkRaxIR4XZZ0pSlCT7W5kjpfUlkj-OIFAOySqKK2ww\/viewform&amp;source=gmail&amp;ust=1587558222700000&amp;usg=AFQjCNE_WziEXgSvEEx5Ug5iluE-eErzaQ\" target=\"_blank\" rel=\"noopener\">formulario<\/a>\u00a0y enviarlo antes del\u00a0antes del 8 de mayo.La presentaci\u00f3n de proyectos a la Feria del Talento Emprendedor se certificar\u00e1 y\u00a0podr\u00e1 ser reconocible por 1 cr\u00e9dito ects.<\/div>\n<div><\/div>\n<div>La segunda modalidad es la de visitantes. En este caso podr\u00e1 participar cualquier persona, vinculada o no con la Universidad de La Laguna, que quiera visitar la Feria y conocer los proyectos que se presentan en ella. Para ello deber\u00e1 inscribirse a trav\u00e9s del siguiente <a href=\"https:\/\/www.ull.es\/portal\/agenda\/evento\/viii-feria-talento-emprendedor\/\" target=\"_blank\" rel=\"noopener noreferrer\" data-saferedirecturl=\"https:\/\/www.google.com\/url?q=https:\/\/www.ull.es\/portal\/agenda\/evento\/viii-feria-talento-emprendedor\/&amp;source=gmail&amp;ust=1587558222700000&amp;usg=AFQjCNE9EB9_-fl8trmC3H6r3at3zDfMqw\" target=\"_blank\" rel=\"noopener\">link.<\/a>\u00a0 Esta modalidad est\u00e1 incluida dentro de los Seminarios Interc\u00e1tedras y se certificar\u00e1 asistencia. Las actividades incluidas dentro de los Seminarios Interc\u00e1tedras, que han puesto en marcha las c\u00e1tedras de empresa vinculadas a la Facultad de Econom\u00eda, Empresa y Turismo, podr\u00e1 ser reconocible por un cr\u00e9dito ects si acumulan, al menos, 25 horas de actividades de las que aparecen en el siguiente\u00a0<a href=\"https:\/\/www.ull.es\/portal\/cursosextension\/cursos-de-catedras-institucionales-y-de-empresa\/seminarios-intercatedras-2019-2020\/\" target=\"_blank\" rel=\"noopener noreferrer\" data-saferedirecturl=\"https:\/\/www.google.com\/url?q=https:\/\/www.ull.es\/portal\/cursosextension\/cursos-de-catedras-institucionales-y-de-empresa\/seminarios-intercatedras-2019-2020\/&amp;source=gmail&amp;ust=1587558222700000&amp;usg=AFQjCNHW3cTjnBSzpF4AIdmAqJajMP0MGg\" target=\"_blank\" rel=\"noopener\">enlace web<\/a>.<\/div>\n<div><\/div>\n<div>Para resolver cualquier duda puedes contactar con la C\u00e1tedra Fundaci\u00f3n DISA de J\u00f3venes Emprendedores en la cuenta de correo electr\u00f3nico <a href=\"mailto:cjeull@ull.edu.es\" target=\"_blank\" rel=\"noopener noreferrer\" target=\"_blank\" rel=\"noopener\">cjeull@ull.edu.es<\/a><\/div>\n<div>\n<div><\/div>\n<\/div>\n","protected":false},"excerpt":{"rendered":"<p>La C\u00e1tedra Fundaci\u00f3n DISA de J\u00f3venes Emprendedores de la ULL est\u00e1 convencida de que las amenazas son oportunidades para aprender&#8230;<\/p>\n","protected":false},"author":23,"featured_media":49997,"comment_status":"closed","ping_status":"closed","sticky":false,"template":"","format":"standard","meta":{"inline_featured_image":false,"footnotes":""},"categories":[343,345,3906,348,5466,2765],"tags":[6454,6456],"acf":[],"yoast_head":"<!-- This site is optimized with the Yoast SEO plugin v21.3 - https:\/\/yoast.com\/wordpress\/plugins\/seo\/ -->\n<title>La Universidad de La Laguna vuelve a editar su Feria del Talento Emprendedor - ULL - Noticias<\/title>\n<meta name=\"robots\" content=\"index, follow, max-snippet:-1, max-image-preview:large, max-video-preview:-1\" \/>\n<link rel=\"canonical\" href=\"https:\/\/www.ull.es\/portal\/noticias\/2020\/la-ull-vuelve-a-editar-su-feria-del-talento-emprendedor\/\" \/>\n<meta property=\"og:locale\" content=\"es_ES\" \/>\n<meta property=\"og:type\" content=\"article\" \/>\n<meta property=\"og:title\" content=\"La Universidad de La Laguna vuelve a editar su Feria del Talento Emprendedor - ULL - Noticias\" \/>\n<meta property=\"og:description\" content=\"La C\u00e1tedra Fundaci\u00f3n DISA de J\u00f3venes Emprendedores de la ULL est\u00e1 convencida de que las amenazas son oportunidades para aprender...\" \/>\n<meta property=\"og:url\" content=\"https:\/\/www.ull.es\/portal\/noticias\/2020\/la-ull-vuelve-a-editar-su-feria-del-talento-emprendedor\/\" \/>\n<meta property=\"og:site_name\" content=\"ULL - Noticias\" \/>\n<meta property=\"article:publisher\" content=\"https:\/\/www.facebook.com\/universidaddelalaguna\/\" \/>\n<meta property=\"article:published_time\" content=\"2020-04-21T14:07:39+00:00\" \/>\n<meta property=\"article:modified_time\" content=\"2020-04-22T08:41:42+00:00\" \/>\n<meta property=\"og:image\" content=\"https:\/\/www.ull.es\/portal\/noticias\/wp-content\/uploads\/sites\/13\/2020\/04\/feria-foto.jpg\" \/>\n\t<meta property=\"og:image:width\" content=\"1200\" \/>\n\t<meta property=\"og:image:height\" content=\"800\" \/>\n\t<meta property=\"og:image:type\" content=\"image\/jpeg\" \/>\n<meta name=\"author\" content=\"gaprsa\" \/>\n<meta name=\"twitter:card\" content=\"summary_large_image\" \/>\n<meta name=\"twitter:creator\" content=\"@CanalULL\" \/>\n<meta name=\"twitter:site\" content=\"@CanalULL\" \/>\n<meta name=\"twitter:label1\" content=\"Escrito por\" \/>\n\t<meta name=\"twitter:data1\" content=\"gaprsa\" \/>\n\t<meta name=\"twitter:label2\" content=\"Tiempo de lectura\" \/>\n\t<meta name=\"twitter:data2\" content=\"1 minuto\" \/>\n<script type=\"application\/ld+json\" class=\"yoast-schema-graph\">{\"@context\":\"https:\/\/schema.org\",\"@graph\":[{\"@type\":\"WebPage\",\"@id\":\"https:\/\/www.ull.es\/portal\/noticias\/2020\/la-ull-vuelve-a-editar-su-feria-del-talento-emprendedor\/\",\"url\":\"https:\/\/www.ull.es\/portal\/noticias\/2020\/la-ull-vuelve-a-editar-su-feria-del-talento-emprendedor\/\",\"name\":\"La Universidad de La Laguna vuelve a editar su Feria del Talento Emprendedor - ULL - Noticias\",\"isPartOf\":{\"@id\":\"https:\/\/www.ull.es\/portal\/noticias\/#website\"},\"datePublished\":\"2020-04-21T14:07:39+00:00\",\"dateModified\":\"2020-04-22T08:41:42+00:00\",\"author\":{\"@id\":\"https:\/\/www.ull.es\/portal\/noticias\/#\/schema\/person\/b2b1a89d43ffa609e591f7df8ef3e817\"},\"breadcrumb\":{\"@id\":\"https:\/\/www.ull.es\/portal\/noticias\/2020\/la-ull-vuelve-a-editar-su-feria-del-talento-emprendedor\/#breadcrumb\"},\"inLanguage\":\"es\",\"potentialAction\":[{\"@type\":\"ReadAction\",\"target\":[\"https:\/\/www.ull.es\/portal\/noticias\/2020\/la-ull-vuelve-a-editar-su-feria-del-talento-emprendedor\/\"]}]},{\"@type\":\"BreadcrumbList\",\"@id\":\"https:\/\/www.ull.es\/portal\/noticias\/2020\/la-ull-vuelve-a-editar-su-feria-del-talento-emprendedor\/#breadcrumb\",\"itemListElement\":[{\"@type\":\"ListItem\",\"position\":1,\"name\":\"Portada\",\"item\":\"https:\/\/www.ull.es\/portal\/noticias\/\"},{\"@type\":\"ListItem\",\"position\":2,\"name\":\"La Universidad de La Laguna vuelve a editar su Feria del Talento Emprendedor\"}]},{\"@type\":\"WebSite\",\"@id\":\"https:\/\/www.ull.es\/portal\/noticias\/#website\",\"url\":\"https:\/\/www.ull.es\/portal\/noticias\/\",\"name\":\"ULL - Noticias\",\"description\":\"\",\"potentialAction\":[{\"@type\":\"SearchAction\",\"target\":{\"@type\":\"EntryPoint\",\"urlTemplate\":\"https:\/\/www.ull.es\/portal\/noticias\/?s={search_term_string}\"},\"query-input\":\"required name=search_term_string\"}],\"inLanguage\":\"es\"},{\"@type\":\"Person\",\"@id\":\"https:\/\/www.ull.es\/portal\/noticias\/#\/schema\/person\/b2b1a89d43ffa609e591f7df8ef3e817\",\"name\":\"gaprsa\",\"image\":{\"@type\":\"ImageObject\",\"inLanguage\":\"es\",\"@id\":\"https:\/\/www.ull.es\/portal\/noticias\/#\/schema\/person\/image\/\",\"url\":\"https:\/\/secure.gravatar.com\/avatar\/443820550921091458b4823867723b3d?s=96&d=mm&r=g\",\"contentUrl\":\"https:\/\/secure.gravatar.com\/avatar\/443820550921091458b4823867723b3d?s=96&d=mm&r=g\",\"caption\":\"gaprsa\"},\"url\":\"https:\/\/www.ull.es\/portal\/noticias\/author\/gaprsa\/\"}]}<\/script>\n<!-- \/ Yoast SEO plugin. -->","yoast_head_json":{"title":"La Universidad de La Laguna vuelve a editar su Feria del Talento Emprendedor - ULL - Noticias","robots":{"index":"index","follow":"follow","max-snippet":"max-snippet:-1","max-image-preview":"max-image-preview:large","max-video-preview":"max-video-preview:-1"},"canonical":"https:\/\/www.ull.es\/portal\/noticias\/2020\/la-ull-vuelve-a-editar-su-feria-del-talento-emprendedor\/","og_locale":"es_ES","og_type":"article","og_title":"La Universidad de La Laguna vuelve a editar su Feria del Talento Emprendedor - ULL - Noticias","og_description":"La C\u00e1tedra Fundaci\u00f3n DISA de J\u00f3venes Emprendedores de la ULL est\u00e1 convencida de que las amenazas son oportunidades para aprender...","og_url":"https:\/\/www.ull.es\/portal\/noticias\/2020\/la-ull-vuelve-a-editar-su-feria-del-talento-emprendedor\/","og_site_name":"ULL - Noticias","article_publisher":"https:\/\/www.facebook.com\/universidaddelalaguna\/","article_published_time":"2020-04-21T14:07:39+00:00","article_modified_time":"2020-04-22T08:41:42+00:00","og_image":[{"width":1200,"height":800,"url":"https:\/\/www.ull.es\/portal\/noticias\/wp-content\/uploads\/sites\/13\/2020\/04\/feria-foto.jpg","type":"image\/jpeg"}],"author":"gaprsa","twitter_card":"summary_large_image","twitter_creator":"@CanalULL","twitter_site":"@CanalULL","twitter_misc":{"Escrito por":"gaprsa","Tiempo de lectura":"1 minuto"},"schema":{"@context":"https:\/\/schema.org","@graph":[{"@type":"WebPage","@id":"https:\/\/www.ull.es\/portal\/noticias\/2020\/la-ull-vuelve-a-editar-su-feria-del-talento-emprendedor\/","url":"https:\/\/www.ull.es\/portal\/noticias\/2020\/la-ull-vuelve-a-editar-su-feria-del-talento-emprendedor\/","name":"La Universidad de La Laguna vuelve a editar su Feria del Talento Emprendedor - ULL - Noticias","isPartOf":{"@id":"https:\/\/www.ull.es\/portal\/noticias\/#website"},"datePublished":"2020-04-21T14:07:39+00:00","dateModified":"2020-04-22T08:41:42+00:00","author":{"@id":"https:\/\/www.ull.es\/portal\/noticias\/#\/schema\/person\/b2b1a89d43ffa609e591f7df8ef3e817"},"breadcrumb":{"@id":"https:\/\/www.ull.es\/portal\/noticias\/2020\/la-ull-vuelve-a-editar-su-feria-del-talento-emprendedor\/#breadcrumb"},"inLanguage":"es","potentialAction":[{"@type":"ReadAction","target":["https:\/\/www.ull.es\/portal\/noticias\/2020\/la-ull-vuelve-a-editar-su-feria-del-talento-emprendedor\/"]}]},{"@type":"BreadcrumbList","@id":"https:\/\/www.ull.es\/portal\/noticias\/2020\/la-ull-vuelve-a-editar-su-feria-del-talento-emprendedor\/#breadcrumb","itemListElement":[{"@type":"ListItem","position":1,"name":"Portada","item":"https:\/\/www.ull.es\/portal\/noticias\/"},{"@type":"ListItem","position":2,"name":"La Universidad de La Laguna vuelve a editar su Feria del Talento Emprendedor"}]},{"@type":"WebSite","@id":"https:\/\/www.ull.es\/portal\/noticias\/#website","url":"https:\/\/www.ull.es\/portal\/noticias\/","name":"ULL - Noticias","description":"","potentialAction":[{"@type":"SearchAction","target":{"@type":"EntryPoint","urlTemplate":"https:\/\/www.ull.es\/portal\/noticias\/?s={search_term_string}"},"query-input":"required name=search_term_string"}],"inLanguage":"es"},{"@type":"Person","@id":"https:\/\/www.ull.es\/portal\/noticias\/#\/schema\/person\/b2b1a89d43ffa609e591f7df8ef3e817","name":"gaprsa","image":{"@type":"ImageObject","inLanguage":"es","@id":"https:\/\/www.ull.es\/portal\/noticias\/#\/schema\/person\/image\/","url":"https:\/\/secure.gravatar.com\/avatar\/443820550921091458b4823867723b3d?s=96&d=mm&r=g","contentUrl":"https:\/\/secure.gravatar.com\/avatar\/443820550921091458b4823867723b3d?s=96&d=mm&r=g","caption":"gaprsa"},"url":"https:\/\/www.ull.es\/portal\/noticias\/author\/gaprsa\/"}]}},"primary_category":{"id":345,"name":"Destacado","slug":"destacado","link":"https:\/\/www.ull.es\/portal\/noticias\/category\/destacado\/"},"featured_image_thumbnail_url":"https:\/\/www.ull.es\/portal\/noticias\/wp-content\/uploads\/sites\/13\/2020\/04\/feria-foto-300x200.jpg","_links":{"self":[{"href":"https:\/\/www.ull.es\/portal\/noticias\/wp-json\/wp\/v2\/posts\/49996"}],"collection":[{"href":"https:\/\/www.ull.es\/portal\/noticias\/wp-json\/wp\/v2\/posts"}],"about":[{"href":"https:\/\/www.ull.es\/portal\/noticias\/wp-json\/wp\/v2\/types\/post"}],"author":[{"embeddable":true,"href":"https:\/\/www.ull.es\/portal\/noticias\/wp-json\/wp\/v2\/users\/23"}],"replies":[{"embeddable":true,"href":"https:\/\/www.ull.es\/portal\/noticias\/wp-json\/wp\/v2\/comments?post=49996"}],"version-history":[{"count":5,"href":"https:\/\/www.ull.es\/portal\/noticias\/wp-json\/wp\/v2\/posts\/49996\/revisions"}],"predecessor-version":[{"id":50004,"href":"https:\/\/www.ull.es\/portal\/noticias\/wp-json\/wp\/v2\/posts\/49996\/revisions\/50004"}],"wp:featuredmedia":[{"embeddable":true,"href":"https:\/\/www.ull.es\/portal\/noticias\/wp-json\/wp\/v2\/media\/49997"}],"wp:attachment":[{"href":"https:\/\/www.ull.es\/portal\/noticias\/wp-json\/wp\/v2\/media?parent=49996"}],"wp:term":[{"taxonomy":"category","embeddable":true,"href":"https:\/\/www.ull.es\/portal\/noticias\/wp-json\/wp\/v2\/categories?post=49996"},{"taxonomy":"post_tag","embeddable":true,"href":"https:\/\/www.ull.es\/portal\/noticias\/wp-json\/wp\/v2\/tags?post=49996"}],"curies":[{"name":"wp","href":"https:\/\/api.w.org\/{rel}","templated":true}]}}