{"id":50210,"date":"2020-05-08T09:56:58","date_gmt":"2020-05-08T09:56:58","guid":{"rendered":"https:\/\/www.ull.es\/portal\/noticias\/?p=50210"},"modified":"2020-05-08T09:56:58","modified_gmt":"2020-05-08T09:56:58","slug":"traslado-pam-25-45-junio","status":"publish","type":"post","link":"https:\/\/www.ull.es\/portal\/noticias\/2020\/traslado-pam-25-45-junio\/","title":{"rendered":"La Universidad de La Laguna traslada sus pruebas de acceso para mayores de 25 y 45 a\u00f1os a principios de junio"},"content":{"rendered":"<p class=\"p2\"><span class=\"s3\">Entre los diversos trastornos de calendario que ha tenido que afrontar la Universidad de La Laguna como consecuencia de la declaraci\u00f3n del estado de alarma por el COVID-19, se encuentra la suspensi\u00f3n provisional de la celebraci\u00f3n de las pruebas de acceso para personas mayores de 25 y de 45 a\u00f1os que han realizado el preceptivo curso preparatorio. Las fechas inicialmente previstas, los d\u00edas 18, 19 y 20 de marzo, tuvieron que ser canceladas y, finalmente, la instituci\u00f3n ha dispuesto nuevas fechas para su realizaci\u00f3n: los d\u00edas 9 y 10 de junio, en el caso de los mayores de 25, y solamente el d\u00eda 10 de junio para la primera fase de los de 45 a\u00f1os, ambas convocatorias en horario de tarde.<\/span><\/p>\n<p class=\"p2\"><span class=\"s3\">As\u00ed <\/span><a href=\"https:\/\/drive.google.com\/file\/d\/1p0ml4v-b53Icaqqmwy7ft9DOsD8OfISn\/view\" target=\"_blank\" rel=\"noopener noreferrer\" target=\"_blank\" rel=\"noopener\"><span class=\"s4\">lo dicta una resoluci\u00f3n<\/span><\/a><span class=\"s3\"> firmada por la vicerrectora de Estudiantes, Empleabilidad y Campus de Guajara, Lastenia Hern\u00e1ndez, en la cual tambi\u00e9n se establece el nuevo calendario de todas las fases de ambas modalidades de acceso, si bien aclarando que este nuevo cronograma est\u00e1, l\u00f3gicamente, supeditado a la evoluci\u00f3n de la crisis sanitaria y que en la Comunidad Aut\u00f3noma de Canarias se alcance la Fase II de la desescalada aprobada por el Gobierno de Espa\u00f1a. <\/span><\/p>\n<p class=\"p2\"><span class=\"s3\">Asimismo, <a href=\"https:\/\/www.ull.es\/admision-becas\/acceso-mayores\/acceso-mayores-25\/convocatoria-mayores-25\/\" target=\"_blank\" rel=\"noopener noreferrer\" target=\"_blank\" rel=\"noopener\">en la <\/a><\/span><span class=\"s4\">web informativa sobre estas pruebas<\/span><span class=\"s3\"> se aclara que, seg\u00fan su normativa, estas pruebas tienen que ser presenciales, por lo que se celebrar\u00e1n bajo las medidas oportunas para garantizar la seguridad y salud de quienes participen. En ese sentido, y para reducir la exposici\u00f3n lo m\u00ednimo necesario, la resoluci\u00f3n se\u00f1ala que la segunda fase de la prueba de acceso para mayores de 45 a\u00f1os, consistente en una entrevista a quienes superen la primera, se desarrollar\u00e1 de manera telem\u00e1tica.<\/span><\/p>\n<p class=\"p2\"><span class=\"s3\"><b>Calendarios<\/b><\/span><\/p>\n<p class=\"p2\"><span class=\"s3\">La prueba de acceso de mayores de 25 a\u00f1os tiene un proceso m\u00e1s corto en el tiempo: los ex\u00e1menes en s\u00ed se celebrar\u00e1n los d\u00edas 9 y 10 de junio, con una hora de comienzo de ambas sesiones fijada a las 14:45, y con el desarrollo de tres pruebas diferentes por d\u00eda. Las notas provisionales aparecer\u00e1n el d\u00eda 15 de junio y, tras tres d\u00edas de reclamaciones, el d\u00eda 19 ser\u00e1n publicadas las definitivas.<\/span><\/p>\n<p class=\"p2\"><span class=\"s3\">En el caso de la prueba para mayores de 45 a\u00f1os, la fase de examen se desarrollar\u00e1 el d\u00eda 9 de junio con similar horario, y el d\u00eda 15 ser\u00e1n publicadas las calificaciones provisionales de la primera fase. Tras el periodo de reclamaciones, el d\u00eda 19 se conocer\u00e1 qui\u00e9nes han pasado a la siguiente fase y, ese mismo d\u00eda, se fijar\u00e1n los turnos para las entrevistas, programadas los d\u00edas 22 y 23 de junio. Las notas provisionales de esta segunda fase ser\u00e1n publicadas el d\u00eda 24 de junio y, tras el plazo de reclamaciones, el 29 lo har\u00e1n las definitivas.<\/span><\/p>\n","protected":false},"excerpt":{"rendered":"<p>Entre los diversos trastornos de calendario que ha tenido que afrontar la Universidad de La Laguna como consecuencia de la&#8230;<\/p>\n","protected":false},"author":21,"featured_media":47094,"comment_status":"closed","ping_status":"closed","sticky":false,"template":"","format":"standard","meta":{"inline_featured_image":false,"footnotes":""},"categories":[345,346,2765],"tags":[370,6012,6013,2039,2040,2191],"acf":[],"yoast_head":"<!-- This site is optimized with the Yoast SEO plugin v21.3 - https:\/\/yoast.com\/wordpress\/plugins\/seo\/ -->\n<title>La ULL mueve sus pruebas de acceso de mayores de 25 y 45 a\u00f1os a junio<\/title>\n<meta name=\"description\" content=\"Se ha publicado el nuevo calendario de ambas pruebas de acceso para mayores tras haber tenido que trasladarse las fechas iniciales de marzo por el Covid-19.\" \/>\n<meta name=\"robots\" content=\"index, follow, max-snippet:-1, max-image-preview:large, max-video-preview:-1\" \/>\n<link rel=\"canonical\" href=\"https:\/\/www.ull.es\/portal\/noticias\/2020\/traslado-pam-25-45-junio\/\" \/>\n<meta property=\"og:locale\" content=\"es_ES\" \/>\n<meta property=\"og:type\" content=\"article\" \/>\n<meta property=\"og:title\" content=\"La ULL mueve sus pruebas de acceso de mayores de 25 y 45 a\u00f1os a junio\" \/>\n<meta property=\"og:description\" content=\"Se ha publicado el nuevo calendario de ambas pruebas de acceso para mayores tras haber tenido que trasladarse las fechas iniciales de marzo por el Covid-19.\" \/>\n<meta property=\"og:url\" content=\"https:\/\/www.ull.es\/portal\/noticias\/2020\/traslado-pam-25-45-junio\/\" \/>\n<meta property=\"og:site_name\" content=\"ULL - Noticias\" \/>\n<meta property=\"article:publisher\" content=\"https:\/\/www.facebook.com\/universidaddelalaguna\/\" \/>\n<meta property=\"article:published_time\" content=\"2020-05-08T09:56:58+00:00\" \/>\n<meta property=\"og:image\" content=\"https:\/\/www.ull.es\/portal\/noticias\/wp-content\/uploads\/sites\/13\/2019\/10\/Mayores-25-40-45-02.jpg\" \/>\n\t<meta property=\"og:image:width\" content=\"1024\" \/>\n\t<meta property=\"og:image:height\" content=\"683\" \/>\n\t<meta property=\"og:image:type\" content=\"image\/jpeg\" \/>\n<meta name=\"author\" content=\"prensa2\" \/>\n<meta name=\"twitter:card\" content=\"summary_large_image\" \/>\n<meta name=\"twitter:creator\" content=\"@CanalULL\" \/>\n<meta name=\"twitter:site\" content=\"@CanalULL\" \/>\n<meta name=\"twitter:label1\" content=\"Escrito por\" \/>\n\t<meta name=\"twitter:data1\" content=\"prensa2\" \/>\n\t<meta name=\"twitter:label2\" content=\"Tiempo de lectura\" \/>\n\t<meta name=\"twitter:data2\" content=\"2 minutos\" \/>\n<script type=\"application\/ld+json\" class=\"yoast-schema-graph\">{\"@context\":\"https:\/\/schema.org\",\"@graph\":[{\"@type\":\"WebPage\",\"@id\":\"https:\/\/www.ull.es\/portal\/noticias\/2020\/traslado-pam-25-45-junio\/\",\"url\":\"https:\/\/www.ull.es\/portal\/noticias\/2020\/traslado-pam-25-45-junio\/\",\"name\":\"La ULL mueve sus pruebas de acceso de mayores de 25 y 45 a\u00f1os a junio\",\"isPartOf\":{\"@id\":\"https:\/\/www.ull.es\/portal\/noticias\/#website\"},\"datePublished\":\"2020-05-08T09:56:58+00:00\",\"dateModified\":\"2020-05-08T09:56:58+00:00\",\"author\":{\"@id\":\"https:\/\/www.ull.es\/portal\/noticias\/#\/schema\/person\/c3b2aa857797592927a03740d6664376\"},\"description\":\"Se ha publicado el nuevo calendario de ambas pruebas de acceso para mayores tras haber tenido que trasladarse las fechas iniciales de marzo por el Covid-19.\",\"breadcrumb\":{\"@id\":\"https:\/\/www.ull.es\/portal\/noticias\/2020\/traslado-pam-25-45-junio\/#breadcrumb\"},\"inLanguage\":\"es\",\"potentialAction\":[{\"@type\":\"ReadAction\",\"target\":[\"https:\/\/www.ull.es\/portal\/noticias\/2020\/traslado-pam-25-45-junio\/\"]}]},{\"@type\":\"BreadcrumbList\",\"@id\":\"https:\/\/www.ull.es\/portal\/noticias\/2020\/traslado-pam-25-45-junio\/#breadcrumb\",\"itemListElement\":[{\"@type\":\"ListItem\",\"position\":1,\"name\":\"Portada\",\"item\":\"https:\/\/www.ull.es\/portal\/noticias\/\"},{\"@type\":\"ListItem\",\"position\":2,\"name\":\"La Universidad de La Laguna traslada sus pruebas de acceso para mayores de 25 y 45 a\u00f1os a principios de junio\"}]},{\"@type\":\"WebSite\",\"@id\":\"https:\/\/www.ull.es\/portal\/noticias\/#website\",\"url\":\"https:\/\/www.ull.es\/portal\/noticias\/\",\"name\":\"ULL - Noticias\",\"description\":\"\",\"potentialAction\":[{\"@type\":\"SearchAction\",\"target\":{\"@type\":\"EntryPoint\",\"urlTemplate\":\"https:\/\/www.ull.es\/portal\/noticias\/?s={search_term_string}\"},\"query-input\":\"required name=search_term_string\"}],\"inLanguage\":\"es\"},{\"@type\":\"Person\",\"@id\":\"https:\/\/www.ull.es\/portal\/noticias\/#\/schema\/person\/c3b2aa857797592927a03740d6664376\",\"name\":\"prensa2\",\"image\":{\"@type\":\"ImageObject\",\"inLanguage\":\"es\",\"@id\":\"https:\/\/www.ull.es\/portal\/noticias\/#\/schema\/person\/image\/\",\"url\":\"https:\/\/secure.gravatar.com\/avatar\/b58f310a5de5feb33d1e026d2493f23c?s=96&d=mm&r=g\",\"contentUrl\":\"https:\/\/secure.gravatar.com\/avatar\/b58f310a5de5feb33d1e026d2493f23c?s=96&d=mm&r=g\",\"caption\":\"prensa2\"},\"url\":\"https:\/\/www.ull.es\/portal\/noticias\/author\/prensa2\/\"}]}<\/script>\n<!-- \/ Yoast SEO plugin. -->","yoast_head_json":{"title":"La ULL mueve sus pruebas de acceso de mayores de 25 y 45 a\u00f1os a junio","description":"Se ha publicado el nuevo calendario de ambas pruebas de acceso para mayores tras haber tenido que trasladarse las fechas iniciales de marzo por el Covid-19.","robots":{"index":"index","follow":"follow","max-snippet":"max-snippet:-1","max-image-preview":"max-image-preview:large","max-video-preview":"max-video-preview:-1"},"canonical":"https:\/\/www.ull.es\/portal\/noticias\/2020\/traslado-pam-25-45-junio\/","og_locale":"es_ES","og_type":"article","og_title":"La ULL mueve sus pruebas de acceso de mayores de 25 y 45 a\u00f1os a junio","og_description":"Se ha publicado el nuevo calendario de ambas pruebas de acceso para mayores tras haber tenido que trasladarse las fechas iniciales de marzo por el Covid-19.","og_url":"https:\/\/www.ull.es\/portal\/noticias\/2020\/traslado-pam-25-45-junio\/","og_site_name":"ULL - Noticias","article_publisher":"https:\/\/www.facebook.com\/universidaddelalaguna\/","article_published_time":"2020-05-08T09:56:58+00:00","og_image":[{"width":1024,"height":683,"url":"https:\/\/www.ull.es\/portal\/noticias\/wp-content\/uploads\/sites\/13\/2019\/10\/Mayores-25-40-45-02.jpg","type":"image\/jpeg"}],"author":"prensa2","twitter_card":"summary_large_image","twitter_creator":"@CanalULL","twitter_site":"@CanalULL","twitter_misc":{"Escrito por":"prensa2","Tiempo de lectura":"2 minutos"},"schema":{"@context":"https:\/\/schema.org","@graph":[{"@type":"WebPage","@id":"https:\/\/www.ull.es\/portal\/noticias\/2020\/traslado-pam-25-45-junio\/","url":"https:\/\/www.ull.es\/portal\/noticias\/2020\/traslado-pam-25-45-junio\/","name":"La ULL mueve sus pruebas de acceso de mayores de 25 y 45 a\u00f1os a junio","isPartOf":{"@id":"https:\/\/www.ull.es\/portal\/noticias\/#website"},"datePublished":"2020-05-08T09:56:58+00:00","dateModified":"2020-05-08T09:56:58+00:00","author":{"@id":"https:\/\/www.ull.es\/portal\/noticias\/#\/schema\/person\/c3b2aa857797592927a03740d6664376"},"description":"Se ha publicado el nuevo calendario de ambas pruebas de acceso para mayores tras haber tenido que trasladarse las fechas iniciales de marzo por el Covid-19.","breadcrumb":{"@id":"https:\/\/www.ull.es\/portal\/noticias\/2020\/traslado-pam-25-45-junio\/#breadcrumb"},"inLanguage":"es","potentialAction":[{"@type":"ReadAction","target":["https:\/\/www.ull.es\/portal\/noticias\/2020\/traslado-pam-25-45-junio\/"]}]},{"@type":"BreadcrumbList","@id":"https:\/\/www.ull.es\/portal\/noticias\/2020\/traslado-pam-25-45-junio\/#breadcrumb","itemListElement":[{"@type":"ListItem","position":1,"name":"Portada","item":"https:\/\/www.ull.es\/portal\/noticias\/"},{"@type":"ListItem","position":2,"name":"La Universidad de La Laguna traslada sus pruebas de acceso para mayores de 25 y 45 a\u00f1os a principios de junio"}]},{"@type":"WebSite","@id":"https:\/\/www.ull.es\/portal\/noticias\/#website","url":"https:\/\/www.ull.es\/portal\/noticias\/","name":"ULL - Noticias","description":"","potentialAction":[{"@type":"SearchAction","target":{"@type":"EntryPoint","urlTemplate":"https:\/\/www.ull.es\/portal\/noticias\/?s={search_term_string}"},"query-input":"required name=search_term_string"}],"inLanguage":"es"},{"@type":"Person","@id":"https:\/\/www.ull.es\/portal\/noticias\/#\/schema\/person\/c3b2aa857797592927a03740d6664376","name":"prensa2","image":{"@type":"ImageObject","inLanguage":"es","@id":"https:\/\/www.ull.es\/portal\/noticias\/#\/schema\/person\/image\/","url":"https:\/\/secure.gravatar.com\/avatar\/b58f310a5de5feb33d1e026d2493f23c?s=96&d=mm&r=g","contentUrl":"https:\/\/secure.gravatar.com\/avatar\/b58f310a5de5feb33d1e026d2493f23c?s=96&d=mm&r=g","caption":"prensa2"},"url":"https:\/\/www.ull.es\/portal\/noticias\/author\/prensa2\/"}]}},"primary_category":{"id":346,"name":"Docencia","slug":"docencia","link":"https:\/\/www.ull.es\/portal\/noticias\/category\/docencia\/"},"featured_image_thumbnail_url":"https:\/\/www.ull.es\/portal\/noticias\/wp-content\/uploads\/sites\/13\/2019\/10\/Mayores-25-40-45-02-300x200.jpg","_links":{"self":[{"href":"https:\/\/www.ull.es\/portal\/noticias\/wp-json\/wp\/v2\/posts\/50210"}],"collection":[{"href":"https:\/\/www.ull.es\/portal\/noticias\/wp-json\/wp\/v2\/posts"}],"about":[{"href":"https:\/\/www.ull.es\/portal\/noticias\/wp-json\/wp\/v2\/types\/post"}],"author":[{"embeddable":true,"href":"https:\/\/www.ull.es\/portal\/noticias\/wp-json\/wp\/v2\/users\/21"}],"replies":[{"embeddable":true,"href":"https:\/\/www.ull.es\/portal\/noticias\/wp-json\/wp\/v2\/comments?post=50210"}],"version-history":[{"count":1,"href":"https:\/\/www.ull.es\/portal\/noticias\/wp-json\/wp\/v2\/posts\/50210\/revisions"}],"predecessor-version":[{"id":50211,"href":"https:\/\/www.ull.es\/portal\/noticias\/wp-json\/wp\/v2\/posts\/50210\/revisions\/50211"}],"wp:featuredmedia":[{"embeddable":true,"href":"https:\/\/www.ull.es\/portal\/noticias\/wp-json\/wp\/v2\/media\/47094"}],"wp:attachment":[{"href":"https:\/\/www.ull.es\/portal\/noticias\/wp-json\/wp\/v2\/media?parent=50210"}],"wp:term":[{"taxonomy":"category","embeddable":true,"href":"https:\/\/www.ull.es\/portal\/noticias\/wp-json\/wp\/v2\/categories?post=50210"},{"taxonomy":"post_tag","embeddable":true,"href":"https:\/\/www.ull.es\/portal\/noticias\/wp-json\/wp\/v2\/tags?post=50210"}],"curies":[{"name":"wp","href":"https:\/\/api.w.org\/{rel}","templated":true}]}}