{"id":50224,"date":"2020-05-12T09:57:38","date_gmt":"2020-05-12T09:57:38","guid":{"rendered":"https:\/\/www.ull.es\/portal\/noticias\/?p=50224"},"modified":"2020-05-12T12:27:05","modified_gmt":"2020-05-12T12:27:05","slug":"la-ull-celebra-un-seminario-con-el-escritor-peruano-ary-malaver","status":"publish","type":"post","link":"https:\/\/www.ull.es\/portal\/noticias\/2020\/la-ull-celebra-un-seminario-con-el-escritor-peruano-ary-malaver\/","title":{"rendered":"La ULL celebra un seminario con el escritor peruano Ary Malaver"},"content":{"rendered":"<p>La Universidad de La Laguna celebrar\u00e1 el seminario internacional \u2018Mired: Encuentro con Ary Malaver\u2019 el pr\u00f3ximo viernes 22 de mayo a trav\u00e9s de la plataforma online Google Meet, de 18 a 20 horas (hora canaria). Esta cita est\u00e1 codirigida por los docentes Dar\u00edo Hern\u00e1ndez (ULL) y Ana Calvo Revilla (Universidad CEU San Pablo), y en el que participar\u00e1 tambi\u00e9n Nieves Mar\u00eda Concepci\u00f3n Lorenzo, de La Laguna.<\/p>\n<p>En el seminario se desarrollar\u00e1n diferentes actividades: la conferencia de Ary Malaver titulada \u201cLa brevedad como po\u00e9tica: digresiones sobre las narraciones breves\u201d; la presentaci\u00f3n de <em>Incidentes<\/em>, colecci\u00f3n de cuentos y microrrelatos de Ary Malaver, llevada a cabo por Nieves Mar\u00eda Concepci\u00f3n Lorenzo; y una charla-coloquio final entre los asistentes y el autor invitado, que moderar\u00e1 Dar\u00edo Hern\u00e1ndez y Ana Calvo Revilla.<\/p>\n<p>Ary Malaver es doctor en Estudios Hisp\u00e1nicos y profesor asistente en la Universidad de North Georgia, en los Estados Unidos. Entre sus l\u00edneas de investigaci\u00f3n se incluyen el estudio de la narrativa breve contempor\u00e1nea en el mundo hisp\u00e1nico y de las relaciones entre minificci\u00f3n y cibercultura en Latinoam\u00e9rica y Espa\u00f1a. Entre sus \u00faltimas publicaciones se encuentra <em>La brevedad como po\u00e9tica <\/em>(Lima: Editorial Micr\u00f3polis, 2019), ensayo en el que postula distintas maneras de entender y abordar el discurso breve, incluyendo el de la minificci\u00f3n. Como creador, es autor de la colecci\u00f3n de relatos <em>Incidentes<\/em> (Granada: Valpara\u00edso Ediciones, 2019).<\/p>\n<p>Ana Calvo Revilla es docente e investigadora en el \u00c1rea de Teor\u00eda de la Literatura y Literatura Comparada en la Universidad CEU San Pablo, de Madrid. Es doctora en Filolog\u00eda Hisp\u00e1nica por la Universidad Aut\u00f3noma de Madrid y Licenciada en Filolog\u00eda Cl\u00e1sica por la Universidad de Valladolid. En la actualidad, coordina como Investigadora Principal (IP) el Proyecto I+D+I MIRED: \u201cMicrorrelato hipermedial espa\u00f1ol e hispanoamericano (2000-2020). Elaboraci\u00f3n de un repositorio sem\u00e1ntico y otros desaf\u00edos en la red\u201d. Es directora de <em>Microtextualidades. Revista Internacional de microrrelato y minificci\u00f3n<\/em>.<\/p>\n<p>Dar\u00edo Hern\u00e1ndez, hispanista, es docente e investigador del \u00c1rea de Teor\u00eda de la Literatura y Literatura Comparada de la Universidad de La Laguna y miembro del Grupo de Investigaci\u00f3n GIESA, as\u00ed como del Proyecto I+D+I MIRED. Es experto en historia y teor\u00eda de la minificci\u00f3n y del microrrelato. Entre sus \u00faltimas publicaciones destacan sus antolog\u00edas <em>Un cent\u00edmetro de seda.<\/em> <em>Antolog\u00eda del microrrelato espa\u00f1ol. Or\u00edgenes hist\u00f3ricos: Modernismo y Vanguardia<\/em> (Palencia: Menoscuarto Ediciones, 2016) o <em>Jos\u00e9 Moreno Villa: Microrrelatos<\/em> (M\u00e1laga: Ediciones Azimut, 2019). Es cofundador y coordinador del Simposio Canario de Minificci\u00f3n, de periodicidad bienal.<\/p>\n<p>Por su parte, Nieves M\u00aa Concepci\u00f3n Lorenzo es docente e investigadora del \u00c1rea de Literatura Espa\u00f1ola de la Universidad de La Laguna, especialista en literatura hispanoamericana. Entre sus l\u00edneas de investigaci\u00f3n destacan el estudio de la literatura venezolana y de la literatura atl\u00e1ntica. Ha sido investigadora en la Universidad Central de Venezuela y ha colaborado en proyectos de investigaci\u00f3n como \u201cAvances expresivos e identidad cultural en la narrativa de Cuba, Per\u00fa, Venezuela y R\u00edo de la Plata en las d\u00e9cadas del 60 y 70\u201d. Entre sus publicaciones cabe mencionar <em>Antonio L\u00f3pez Ortega. Narrativa <\/em>(Tenerife: Biblioteca Atl\u00e1ntica, 2015). Es coordinadora del Simposio Canario de Minificci\u00f3n.<\/p>\n<p>La inscripci\u00f3n es gratuita. Esta se realizar\u00e1 enviando e-mail a: <a href=\"blank\" target=\"_blank\" rel=\"noopener\">crevilla.ihum@ceu.es<\/a> (Dra. Ana Calvo Revilla) o <a href=\"blank\" target=\"_blank\" rel=\"noopener\">darher@ull.edu.es<\/a> (Dr. Dar\u00edo Hern\u00e1ndez). Es necesario indicar nombre completo y n\u00famero de DNI. Tambi\u00e9n se\u00f1alar si se solicita, con justificaci\u00f3n acad\u00e9mica, certificado de asistencia. El plazo de inscripci\u00f3n finaliza el martes 19 de mayo. Una vez cubierto el l\u00edmite m\u00e1ximo de plazas, se cerrar\u00e1 el procedimiento de inscripci\u00f3n.<\/p>\n<p>Este encuentro est\u00e1 organizado por el \u00c1rea de Teor\u00eda de la Literatura y Literatura Comparada de la Universidad de La Laguna, patrocinado por el Departamento de Filolog\u00eda Espa\u00f1ola del mismo centro acad\u00e9mico y vinculado al Proyecto \u201cMiRed (Microrrelato hipermedial espa\u00f1ol e hispanoamericano (2000-2020). Elaboraci\u00f3n de un repositorio sem\u00e1ntico y otros desaf\u00edos en la red\u201d (Ref.: RTI2018-094725-B-I00), dependiente del Ministerio de Ciencia, Innovaci\u00f3n y Universidades y el Fondo Europeo de Desarrollo (FEDER), dentro del marco del Plan Estatal de I+D+I Orientado a los Retos de la Sociedad.<\/p>\n","protected":false},"excerpt":{"rendered":"<p>La Universidad de La Laguna celebrar\u00e1 el seminario internacional \u2018Mired: Encuentro con Ary Malaver\u2019 el pr\u00f3ximo viernes 22 de mayo&#8230;<\/p>\n","protected":false},"author":23,"featured_media":50230,"comment_status":"closed","ping_status":"closed","sticky":false,"template":"","format":"standard","meta":{"inline_featured_image":false,"footnotes":""},"categories":[345,348,350,2765],"tags":[6483,6480,6482,6481],"acf":[],"yoast_head":"<!-- This site is optimized with the Yoast SEO plugin v21.3 - https:\/\/yoast.com\/wordpress\/plugins\/seo\/ -->\n<title>La ULL celebra un seminario con el escritor peruano Ary Malaver - ULL - Noticias<\/title>\n<meta name=\"robots\" content=\"index, follow, max-snippet:-1, max-image-preview:large, max-video-preview:-1\" \/>\n<link rel=\"canonical\" href=\"https:\/\/www.ull.es\/portal\/noticias\/2020\/la-ull-celebra-un-seminario-con-el-escritor-peruano-ary-malaver\/\" \/>\n<meta property=\"og:locale\" content=\"es_ES\" \/>\n<meta property=\"og:type\" content=\"article\" \/>\n<meta property=\"og:title\" content=\"La ULL celebra un seminario con el escritor peruano Ary Malaver - ULL - Noticias\" \/>\n<meta property=\"og:description\" content=\"La Universidad de La Laguna celebrar\u00e1 el seminario internacional \u2018Mired: Encuentro con Ary Malaver\u2019 el pr\u00f3ximo viernes 22 de mayo...\" \/>\n<meta property=\"og:url\" content=\"https:\/\/www.ull.es\/portal\/noticias\/2020\/la-ull-celebra-un-seminario-con-el-escritor-peruano-ary-malaver\/\" \/>\n<meta property=\"og:site_name\" content=\"ULL - Noticias\" \/>\n<meta property=\"article:publisher\" content=\"https:\/\/www.facebook.com\/universidaddelalaguna\/\" \/>\n<meta property=\"article:published_time\" content=\"2020-05-12T09:57:38+00:00\" \/>\n<meta property=\"article:modified_time\" content=\"2020-05-12T12:27:05+00:00\" \/>\n<meta property=\"og:image\" content=\"https:\/\/www.ull.es\/portal\/noticias\/wp-content\/uploads\/sites\/13\/2020\/05\/Presentaci\u00f3n-ULL.jpg\" \/>\n\t<meta property=\"og:image:width\" content=\"1501\" \/>\n\t<meta property=\"og:image:height\" content=\"1489\" \/>\n\t<meta property=\"og:image:type\" content=\"image\/jpeg\" \/>\n<meta name=\"author\" content=\"gaprsa\" \/>\n<meta name=\"twitter:card\" content=\"summary_large_image\" \/>\n<meta name=\"twitter:creator\" content=\"@CanalULL\" \/>\n<meta name=\"twitter:site\" content=\"@CanalULL\" \/>\n<meta name=\"twitter:label1\" content=\"Escrito por\" \/>\n\t<meta name=\"twitter:data1\" content=\"gaprsa\" \/>\n\t<meta name=\"twitter:label2\" content=\"Tiempo de lectura\" \/>\n\t<meta name=\"twitter:data2\" content=\"4 minutos\" \/>\n<script type=\"application\/ld+json\" class=\"yoast-schema-graph\">{\"@context\":\"https:\/\/schema.org\",\"@graph\":[{\"@type\":\"WebPage\",\"@id\":\"https:\/\/www.ull.es\/portal\/noticias\/2020\/la-ull-celebra-un-seminario-con-el-escritor-peruano-ary-malaver\/\",\"url\":\"https:\/\/www.ull.es\/portal\/noticias\/2020\/la-ull-celebra-un-seminario-con-el-escritor-peruano-ary-malaver\/\",\"name\":\"La ULL celebra un seminario con el escritor peruano Ary Malaver - ULL - Noticias\",\"isPartOf\":{\"@id\":\"https:\/\/www.ull.es\/portal\/noticias\/#website\"},\"datePublished\":\"2020-05-12T09:57:38+00:00\",\"dateModified\":\"2020-05-12T12:27:05+00:00\",\"author\":{\"@id\":\"https:\/\/www.ull.es\/portal\/noticias\/#\/schema\/person\/b2b1a89d43ffa609e591f7df8ef3e817\"},\"breadcrumb\":{\"@id\":\"https:\/\/www.ull.es\/portal\/noticias\/2020\/la-ull-celebra-un-seminario-con-el-escritor-peruano-ary-malaver\/#breadcrumb\"},\"inLanguage\":\"es\",\"potentialAction\":[{\"@type\":\"ReadAction\",\"target\":[\"https:\/\/www.ull.es\/portal\/noticias\/2020\/la-ull-celebra-un-seminario-con-el-escritor-peruano-ary-malaver\/\"]}]},{\"@type\":\"BreadcrumbList\",\"@id\":\"https:\/\/www.ull.es\/portal\/noticias\/2020\/la-ull-celebra-un-seminario-con-el-escritor-peruano-ary-malaver\/#breadcrumb\",\"itemListElement\":[{\"@type\":\"ListItem\",\"position\":1,\"name\":\"Portada\",\"item\":\"https:\/\/www.ull.es\/portal\/noticias\/\"},{\"@type\":\"ListItem\",\"position\":2,\"name\":\"La ULL celebra un seminario con el escritor peruano Ary Malaver\"}]},{\"@type\":\"WebSite\",\"@id\":\"https:\/\/www.ull.es\/portal\/noticias\/#website\",\"url\":\"https:\/\/www.ull.es\/portal\/noticias\/\",\"name\":\"ULL - Noticias\",\"description\":\"\",\"potentialAction\":[{\"@type\":\"SearchAction\",\"target\":{\"@type\":\"EntryPoint\",\"urlTemplate\":\"https:\/\/www.ull.es\/portal\/noticias\/?s={search_term_string}\"},\"query-input\":\"required name=search_term_string\"}],\"inLanguage\":\"es\"},{\"@type\":\"Person\",\"@id\":\"https:\/\/www.ull.es\/portal\/noticias\/#\/schema\/person\/b2b1a89d43ffa609e591f7df8ef3e817\",\"name\":\"gaprsa\",\"image\":{\"@type\":\"ImageObject\",\"inLanguage\":\"es\",\"@id\":\"https:\/\/www.ull.es\/portal\/noticias\/#\/schema\/person\/image\/\",\"url\":\"https:\/\/secure.gravatar.com\/avatar\/443820550921091458b4823867723b3d?s=96&d=mm&r=g\",\"contentUrl\":\"https:\/\/secure.gravatar.com\/avatar\/443820550921091458b4823867723b3d?s=96&d=mm&r=g\",\"caption\":\"gaprsa\"},\"url\":\"https:\/\/www.ull.es\/portal\/noticias\/author\/gaprsa\/\"}]}<\/script>\n<!-- \/ Yoast SEO plugin. -->","yoast_head_json":{"title":"La ULL celebra un seminario con el escritor peruano Ary Malaver - ULL - Noticias","robots":{"index":"index","follow":"follow","max-snippet":"max-snippet:-1","max-image-preview":"max-image-preview:large","max-video-preview":"max-video-preview:-1"},"canonical":"https:\/\/www.ull.es\/portal\/noticias\/2020\/la-ull-celebra-un-seminario-con-el-escritor-peruano-ary-malaver\/","og_locale":"es_ES","og_type":"article","og_title":"La ULL celebra un seminario con el escritor peruano Ary Malaver - ULL - Noticias","og_description":"La Universidad de La Laguna celebrar\u00e1 el seminario internacional \u2018Mired: Encuentro con Ary Malaver\u2019 el pr\u00f3ximo viernes 22 de mayo...","og_url":"https:\/\/www.ull.es\/portal\/noticias\/2020\/la-ull-celebra-un-seminario-con-el-escritor-peruano-ary-malaver\/","og_site_name":"ULL - Noticias","article_publisher":"https:\/\/www.facebook.com\/universidaddelalaguna\/","article_published_time":"2020-05-12T09:57:38+00:00","article_modified_time":"2020-05-12T12:27:05+00:00","og_image":[{"width":1501,"height":1489,"url":"https:\/\/www.ull.es\/portal\/noticias\/wp-content\/uploads\/sites\/13\/2020\/05\/Presentaci\u00f3n-ULL.jpg","type":"image\/jpeg"}],"author":"gaprsa","twitter_card":"summary_large_image","twitter_creator":"@CanalULL","twitter_site":"@CanalULL","twitter_misc":{"Escrito por":"gaprsa","Tiempo de lectura":"4 minutos"},"schema":{"@context":"https:\/\/schema.org","@graph":[{"@type":"WebPage","@id":"https:\/\/www.ull.es\/portal\/noticias\/2020\/la-ull-celebra-un-seminario-con-el-escritor-peruano-ary-malaver\/","url":"https:\/\/www.ull.es\/portal\/noticias\/2020\/la-ull-celebra-un-seminario-con-el-escritor-peruano-ary-malaver\/","name":"La ULL celebra un seminario con el escritor peruano Ary Malaver - ULL - Noticias","isPartOf":{"@id":"https:\/\/www.ull.es\/portal\/noticias\/#website"},"datePublished":"2020-05-12T09:57:38+00:00","dateModified":"2020-05-12T12:27:05+00:00","author":{"@id":"https:\/\/www.ull.es\/portal\/noticias\/#\/schema\/person\/b2b1a89d43ffa609e591f7df8ef3e817"},"breadcrumb":{"@id":"https:\/\/www.ull.es\/portal\/noticias\/2020\/la-ull-celebra-un-seminario-con-el-escritor-peruano-ary-malaver\/#breadcrumb"},"inLanguage":"es","potentialAction":[{"@type":"ReadAction","target":["https:\/\/www.ull.es\/portal\/noticias\/2020\/la-ull-celebra-un-seminario-con-el-escritor-peruano-ary-malaver\/"]}]},{"@type":"BreadcrumbList","@id":"https:\/\/www.ull.es\/portal\/noticias\/2020\/la-ull-celebra-un-seminario-con-el-escritor-peruano-ary-malaver\/#breadcrumb","itemListElement":[{"@type":"ListItem","position":1,"name":"Portada","item":"https:\/\/www.ull.es\/portal\/noticias\/"},{"@type":"ListItem","position":2,"name":"La ULL celebra un seminario con el escritor peruano Ary Malaver"}]},{"@type":"WebSite","@id":"https:\/\/www.ull.es\/portal\/noticias\/#website","url":"https:\/\/www.ull.es\/portal\/noticias\/","name":"ULL - Noticias","description":"","potentialAction":[{"@type":"SearchAction","target":{"@type":"EntryPoint","urlTemplate":"https:\/\/www.ull.es\/portal\/noticias\/?s={search_term_string}"},"query-input":"required name=search_term_string"}],"inLanguage":"es"},{"@type":"Person","@id":"https:\/\/www.ull.es\/portal\/noticias\/#\/schema\/person\/b2b1a89d43ffa609e591f7df8ef3e817","name":"gaprsa","image":{"@type":"ImageObject","inLanguage":"es","@id":"https:\/\/www.ull.es\/portal\/noticias\/#\/schema\/person\/image\/","url":"https:\/\/secure.gravatar.com\/avatar\/443820550921091458b4823867723b3d?s=96&d=mm&r=g","contentUrl":"https:\/\/secure.gravatar.com\/avatar\/443820550921091458b4823867723b3d?s=96&d=mm&r=g","caption":"gaprsa"},"url":"https:\/\/www.ull.es\/portal\/noticias\/author\/gaprsa\/"}]}},"primary_category":{"id":2765,"name":"Portada ULL","slug":"portada-ull","link":"https:\/\/www.ull.es\/portal\/noticias\/category\/portada-ull\/"},"featured_image_thumbnail_url":"https:\/\/www.ull.es\/portal\/noticias\/wp-content\/uploads\/sites\/13\/2020\/05\/Presentaci\u00f3n-ULL-300x298.jpg","_links":{"self":[{"href":"https:\/\/www.ull.es\/portal\/noticias\/wp-json\/wp\/v2\/posts\/50224"}],"collection":[{"href":"https:\/\/www.ull.es\/portal\/noticias\/wp-json\/wp\/v2\/posts"}],"about":[{"href":"https:\/\/www.ull.es\/portal\/noticias\/wp-json\/wp\/v2\/types\/post"}],"author":[{"embeddable":true,"href":"https:\/\/www.ull.es\/portal\/noticias\/wp-json\/wp\/v2\/users\/23"}],"replies":[{"embeddable":true,"href":"https:\/\/www.ull.es\/portal\/noticias\/wp-json\/wp\/v2\/comments?post=50224"}],"version-history":[{"count":2,"href":"https:\/\/www.ull.es\/portal\/noticias\/wp-json\/wp\/v2\/posts\/50224\/revisions"}],"predecessor-version":[{"id":50227,"href":"https:\/\/www.ull.es\/portal\/noticias\/wp-json\/wp\/v2\/posts\/50224\/revisions\/50227"}],"wp:featuredmedia":[{"embeddable":true,"href":"https:\/\/www.ull.es\/portal\/noticias\/wp-json\/wp\/v2\/media\/50230"}],"wp:attachment":[{"href":"https:\/\/www.ull.es\/portal\/noticias\/wp-json\/wp\/v2\/media?parent=50224"}],"wp:term":[{"taxonomy":"category","embeddable":true,"href":"https:\/\/www.ull.es\/portal\/noticias\/wp-json\/wp\/v2\/categories?post=50224"},{"taxonomy":"post_tag","embeddable":true,"href":"https:\/\/www.ull.es\/portal\/noticias\/wp-json\/wp\/v2\/tags?post=50224"}],"curies":[{"name":"wp","href":"https:\/\/api.w.org\/{rel}","templated":true}]}}