{"id":50319,"date":"2020-05-19T11:33:59","date_gmt":"2020-05-19T11:33:59","guid":{"rendered":"https:\/\/www.ull.es\/portal\/noticias\/?p=50319"},"modified":"2020-05-19T11:33:59","modified_gmt":"2020-05-19T11:33:59","slug":"la-universidad-de-la-laguna-publica-las-ayudas-asistenciales-a-su-personal","status":"publish","type":"post","link":"https:\/\/www.ull.es\/portal\/noticias\/2020\/la-universidad-de-la-laguna-publica-las-ayudas-asistenciales-a-su-personal\/","title":{"rendered":"La Universidad de La Laguna publica las ayudas asistenciales a su personal"},"content":{"rendered":"<p>La Universidad de La Laguna ha hecho p\u00fablica recientemente el conjunto de ayudas asistenciales que anualmente ofrece a su personal, con el objetivo de mejorar sus condiciones educativas, culturales y docentes. Este paquete de apoyo est\u00e1 dirigido tanto al profesorado como al personal de administraci\u00f3n y servicios.<\/p>\n<p>Estas prestaciones tienen vocaci\u00f3n de universalidad respecto del conjunto del personal, son de naturaleza compensatoria puesto que est\u00e1n destinadas a paliar situaciones que conllevan incremento de gasto y son de car\u00e1cter complementario, ya que no subvencionan necesidades cubiertas por los sistemas p\u00fablicos generales de protecci\u00f3n social.<\/p>\n<p>Las ayudas abarcan la cobertura econ\u00f3mica al personal de la Universidad de La Laguna sobre los gastos producidos por los conceptos de guarder\u00eda, estudios, natalidad y adopci\u00f3n, discapacidad, tratamientos de salud y tratamientos especiales.<\/p>\n<p>Podr\u00e1n participar en la convocatoria y acceder a las ayudas los trabajadores del centro acad\u00e9mico que se encuentren en servicio activo en la fecha de presentaci\u00f3n de las solicitudes, teniendo por beneficiarios tanto al personal como a su c\u00f3nyuge o pareja conviviente, y sus hijos e hijas menores de 26 a\u00f1os o que cumplan esa edad en 2020, salvo en las modalidades de ayuda que por su objeto establecen otros l\u00edmites.<\/p>\n<p>Las solicitudes habr\u00e1n de presentarse a trav\u00e9s de la <a href=\"https:\/\/sede.ull.es\/\" target=\"_blank\" rel=\"noopener\">sede electr\u00f3nica<\/a> de la Universidad de La Laguna. Para facturas con fecha desde 16 de noviembre de 2019 hasta 14 de mayo de 2020, el plazo de presentaci\u00f3n ser\u00e1 hasta el 14 de junio inclusive. En cambio, para facturas con fecha desde el 15 de mayo en adelante, el plazo ser\u00e1 desde el 15 de mayo hasta el 15 de noviembre, teniendo en cuenta que la factura no puede tener m\u00e1s de tres meses de antig\u00fcedad al realizar la solicitud.<\/p>\n<p>Todos los detalles, plazos y requisitos de la convocatoria, auspiciada por la Gerencia de la universidad y gestionada a trav\u00e9s del Negociado de Ayudas Asistenciales, pueden consultarse en este <a href=\"https:\/\/drive.google.com\/file\/d\/1oRm4NeMCS4fr6U7KAL_ESFuV3wd3LWMi\/view\" target=\"_blank\" rel=\"noopener\">enlace<\/a>.<\/p>\n","protected":false},"excerpt":{"rendered":"<p>La Universidad de La Laguna ha hecho p\u00fablica recientemente el conjunto de ayudas asistenciales que anualmente ofrece a su personal,&#8230;<\/p>\n","protected":false},"author":23,"featured_media":35858,"comment_status":"closed","ping_status":"closed","sticky":false,"template":"","format":"standard","meta":{"inline_featured_image":false,"footnotes":""},"categories":[345,348,2765],"tags":[2896,1362],"acf":[],"yoast_head":"<!-- This site is optimized with the Yoast SEO plugin v21.3 - https:\/\/yoast.com\/wordpress\/plugins\/seo\/ -->\n<title>La Universidad de La Laguna publica las ayudas asistenciales a su personal - ULL - Noticias<\/title>\n<meta name=\"robots\" content=\"index, follow, max-snippet:-1, max-image-preview:large, max-video-preview:-1\" \/>\n<link rel=\"canonical\" href=\"https:\/\/www.ull.es\/portal\/noticias\/2020\/la-universidad-de-la-laguna-publica-las-ayudas-asistenciales-a-su-personal\/\" \/>\n<meta property=\"og:locale\" content=\"es_ES\" \/>\n<meta property=\"og:type\" content=\"article\" \/>\n<meta property=\"og:title\" content=\"La Universidad de La Laguna publica las ayudas asistenciales a su personal - ULL - Noticias\" \/>\n<meta property=\"og:description\" content=\"La Universidad de La Laguna ha hecho p\u00fablica recientemente el conjunto de ayudas asistenciales que anualmente ofrece a su personal,...\" \/>\n<meta property=\"og:url\" content=\"https:\/\/www.ull.es\/portal\/noticias\/2020\/la-universidad-de-la-laguna-publica-las-ayudas-asistenciales-a-su-personal\/\" \/>\n<meta property=\"og:site_name\" content=\"ULL - Noticias\" \/>\n<meta property=\"article:publisher\" content=\"https:\/\/www.facebook.com\/universidaddelalaguna\/\" \/>\n<meta property=\"article:published_time\" content=\"2020-05-19T11:33:59+00:00\" \/>\n<meta property=\"og:image\" content=\"https:\/\/www.ull.es\/portal\/noticias\/wp-content\/uploads\/sites\/13\/2018\/03\/rectorado-ull.jpg\" \/>\n\t<meta property=\"og:image:width\" content=\"1200\" \/>\n\t<meta property=\"og:image:height\" content=\"800\" \/>\n\t<meta property=\"og:image:type\" content=\"image\/jpeg\" \/>\n<meta name=\"author\" content=\"gaprsa\" \/>\n<meta name=\"twitter:card\" content=\"summary_large_image\" \/>\n<meta name=\"twitter:creator\" content=\"@CanalULL\" \/>\n<meta name=\"twitter:site\" content=\"@CanalULL\" \/>\n<meta name=\"twitter:label1\" content=\"Escrito por\" \/>\n\t<meta name=\"twitter:data1\" content=\"gaprsa\" \/>\n\t<meta name=\"twitter:label2\" content=\"Tiempo de lectura\" \/>\n\t<meta name=\"twitter:data2\" content=\"2 minutos\" \/>\n<script type=\"application\/ld+json\" class=\"yoast-schema-graph\">{\"@context\":\"https:\/\/schema.org\",\"@graph\":[{\"@type\":\"WebPage\",\"@id\":\"https:\/\/www.ull.es\/portal\/noticias\/2020\/la-universidad-de-la-laguna-publica-las-ayudas-asistenciales-a-su-personal\/\",\"url\":\"https:\/\/www.ull.es\/portal\/noticias\/2020\/la-universidad-de-la-laguna-publica-las-ayudas-asistenciales-a-su-personal\/\",\"name\":\"La Universidad de La Laguna publica las ayudas asistenciales a su personal - ULL - Noticias\",\"isPartOf\":{\"@id\":\"https:\/\/www.ull.es\/portal\/noticias\/#website\"},\"datePublished\":\"2020-05-19T11:33:59+00:00\",\"dateModified\":\"2020-05-19T11:33:59+00:00\",\"author\":{\"@id\":\"https:\/\/www.ull.es\/portal\/noticias\/#\/schema\/person\/b2b1a89d43ffa609e591f7df8ef3e817\"},\"breadcrumb\":{\"@id\":\"https:\/\/www.ull.es\/portal\/noticias\/2020\/la-universidad-de-la-laguna-publica-las-ayudas-asistenciales-a-su-personal\/#breadcrumb\"},\"inLanguage\":\"es\",\"potentialAction\":[{\"@type\":\"ReadAction\",\"target\":[\"https:\/\/www.ull.es\/portal\/noticias\/2020\/la-universidad-de-la-laguna-publica-las-ayudas-asistenciales-a-su-personal\/\"]}]},{\"@type\":\"BreadcrumbList\",\"@id\":\"https:\/\/www.ull.es\/portal\/noticias\/2020\/la-universidad-de-la-laguna-publica-las-ayudas-asistenciales-a-su-personal\/#breadcrumb\",\"itemListElement\":[{\"@type\":\"ListItem\",\"position\":1,\"name\":\"Portada\",\"item\":\"https:\/\/www.ull.es\/portal\/noticias\/\"},{\"@type\":\"ListItem\",\"position\":2,\"name\":\"La Universidad de La Laguna publica las ayudas asistenciales a su personal\"}]},{\"@type\":\"WebSite\",\"@id\":\"https:\/\/www.ull.es\/portal\/noticias\/#website\",\"url\":\"https:\/\/www.ull.es\/portal\/noticias\/\",\"name\":\"ULL - Noticias\",\"description\":\"\",\"potentialAction\":[{\"@type\":\"SearchAction\",\"target\":{\"@type\":\"EntryPoint\",\"urlTemplate\":\"https:\/\/www.ull.es\/portal\/noticias\/?s={search_term_string}\"},\"query-input\":\"required name=search_term_string\"}],\"inLanguage\":\"es\"},{\"@type\":\"Person\",\"@id\":\"https:\/\/www.ull.es\/portal\/noticias\/#\/schema\/person\/b2b1a89d43ffa609e591f7df8ef3e817\",\"name\":\"gaprsa\",\"image\":{\"@type\":\"ImageObject\",\"inLanguage\":\"es\",\"@id\":\"https:\/\/www.ull.es\/portal\/noticias\/#\/schema\/person\/image\/\",\"url\":\"https:\/\/secure.gravatar.com\/avatar\/443820550921091458b4823867723b3d?s=96&d=mm&r=g\",\"contentUrl\":\"https:\/\/secure.gravatar.com\/avatar\/443820550921091458b4823867723b3d?s=96&d=mm&r=g\",\"caption\":\"gaprsa\"},\"url\":\"https:\/\/www.ull.es\/portal\/noticias\/author\/gaprsa\/\"}]}<\/script>\n<!-- \/ Yoast SEO plugin. -->","yoast_head_json":{"title":"La Universidad de La Laguna publica las ayudas asistenciales a su personal - ULL - Noticias","robots":{"index":"index","follow":"follow","max-snippet":"max-snippet:-1","max-image-preview":"max-image-preview:large","max-video-preview":"max-video-preview:-1"},"canonical":"https:\/\/www.ull.es\/portal\/noticias\/2020\/la-universidad-de-la-laguna-publica-las-ayudas-asistenciales-a-su-personal\/","og_locale":"es_ES","og_type":"article","og_title":"La Universidad de La Laguna publica las ayudas asistenciales a su personal - ULL - Noticias","og_description":"La Universidad de La Laguna ha hecho p\u00fablica recientemente el conjunto de ayudas asistenciales que anualmente ofrece a su personal,...","og_url":"https:\/\/www.ull.es\/portal\/noticias\/2020\/la-universidad-de-la-laguna-publica-las-ayudas-asistenciales-a-su-personal\/","og_site_name":"ULL - Noticias","article_publisher":"https:\/\/www.facebook.com\/universidaddelalaguna\/","article_published_time":"2020-05-19T11:33:59+00:00","og_image":[{"width":1200,"height":800,"url":"https:\/\/www.ull.es\/portal\/noticias\/wp-content\/uploads\/sites\/13\/2018\/03\/rectorado-ull.jpg","type":"image\/jpeg"}],"author":"gaprsa","twitter_card":"summary_large_image","twitter_creator":"@CanalULL","twitter_site":"@CanalULL","twitter_misc":{"Escrito por":"gaprsa","Tiempo de lectura":"2 minutos"},"schema":{"@context":"https:\/\/schema.org","@graph":[{"@type":"WebPage","@id":"https:\/\/www.ull.es\/portal\/noticias\/2020\/la-universidad-de-la-laguna-publica-las-ayudas-asistenciales-a-su-personal\/","url":"https:\/\/www.ull.es\/portal\/noticias\/2020\/la-universidad-de-la-laguna-publica-las-ayudas-asistenciales-a-su-personal\/","name":"La Universidad de La Laguna publica las ayudas asistenciales a su personal - ULL - Noticias","isPartOf":{"@id":"https:\/\/www.ull.es\/portal\/noticias\/#website"},"datePublished":"2020-05-19T11:33:59+00:00","dateModified":"2020-05-19T11:33:59+00:00","author":{"@id":"https:\/\/www.ull.es\/portal\/noticias\/#\/schema\/person\/b2b1a89d43ffa609e591f7df8ef3e817"},"breadcrumb":{"@id":"https:\/\/www.ull.es\/portal\/noticias\/2020\/la-universidad-de-la-laguna-publica-las-ayudas-asistenciales-a-su-personal\/#breadcrumb"},"inLanguage":"es","potentialAction":[{"@type":"ReadAction","target":["https:\/\/www.ull.es\/portal\/noticias\/2020\/la-universidad-de-la-laguna-publica-las-ayudas-asistenciales-a-su-personal\/"]}]},{"@type":"BreadcrumbList","@id":"https:\/\/www.ull.es\/portal\/noticias\/2020\/la-universidad-de-la-laguna-publica-las-ayudas-asistenciales-a-su-personal\/#breadcrumb","itemListElement":[{"@type":"ListItem","position":1,"name":"Portada","item":"https:\/\/www.ull.es\/portal\/noticias\/"},{"@type":"ListItem","position":2,"name":"La Universidad de La Laguna publica las ayudas asistenciales a su personal"}]},{"@type":"WebSite","@id":"https:\/\/www.ull.es\/portal\/noticias\/#website","url":"https:\/\/www.ull.es\/portal\/noticias\/","name":"ULL - Noticias","description":"","potentialAction":[{"@type":"SearchAction","target":{"@type":"EntryPoint","urlTemplate":"https:\/\/www.ull.es\/portal\/noticias\/?s={search_term_string}"},"query-input":"required name=search_term_string"}],"inLanguage":"es"},{"@type":"Person","@id":"https:\/\/www.ull.es\/portal\/noticias\/#\/schema\/person\/b2b1a89d43ffa609e591f7df8ef3e817","name":"gaprsa","image":{"@type":"ImageObject","inLanguage":"es","@id":"https:\/\/www.ull.es\/portal\/noticias\/#\/schema\/person\/image\/","url":"https:\/\/secure.gravatar.com\/avatar\/443820550921091458b4823867723b3d?s=96&d=mm&r=g","contentUrl":"https:\/\/secure.gravatar.com\/avatar\/443820550921091458b4823867723b3d?s=96&d=mm&r=g","caption":"gaprsa"},"url":"https:\/\/www.ull.es\/portal\/noticias\/author\/gaprsa\/"}]}},"primary_category":{"id":345,"name":"Destacado","slug":"destacado","link":"https:\/\/www.ull.es\/portal\/noticias\/category\/destacado\/"},"featured_image_thumbnail_url":"https:\/\/www.ull.es\/portal\/noticias\/wp-content\/uploads\/sites\/13\/2018\/03\/rectorado-ull-300x200.jpg","_links":{"self":[{"href":"https:\/\/www.ull.es\/portal\/noticias\/wp-json\/wp\/v2\/posts\/50319"}],"collection":[{"href":"https:\/\/www.ull.es\/portal\/noticias\/wp-json\/wp\/v2\/posts"}],"about":[{"href":"https:\/\/www.ull.es\/portal\/noticias\/wp-json\/wp\/v2\/types\/post"}],"author":[{"embeddable":true,"href":"https:\/\/www.ull.es\/portal\/noticias\/wp-json\/wp\/v2\/users\/23"}],"replies":[{"embeddable":true,"href":"https:\/\/www.ull.es\/portal\/noticias\/wp-json\/wp\/v2\/comments?post=50319"}],"version-history":[{"count":2,"href":"https:\/\/www.ull.es\/portal\/noticias\/wp-json\/wp\/v2\/posts\/50319\/revisions"}],"predecessor-version":[{"id":50321,"href":"https:\/\/www.ull.es\/portal\/noticias\/wp-json\/wp\/v2\/posts\/50319\/revisions\/50321"}],"wp:featuredmedia":[{"embeddable":true,"href":"https:\/\/www.ull.es\/portal\/noticias\/wp-json\/wp\/v2\/media\/35858"}],"wp:attachment":[{"href":"https:\/\/www.ull.es\/portal\/noticias\/wp-json\/wp\/v2\/media?parent=50319"}],"wp:term":[{"taxonomy":"category","embeddable":true,"href":"https:\/\/www.ull.es\/portal\/noticias\/wp-json\/wp\/v2\/categories?post=50319"},{"taxonomy":"post_tag","embeddable":true,"href":"https:\/\/www.ull.es\/portal\/noticias\/wp-json\/wp\/v2\/tags?post=50319"}],"curies":[{"name":"wp","href":"https:\/\/api.w.org\/{rel}","templated":true}]}}