{"id":50348,"date":"2020-05-21T11:19:31","date_gmt":"2020-05-21T11:19:31","guid":{"rendered":"https:\/\/www.ull.es\/portal\/noticias\/?p=50348"},"modified":"2020-05-21T11:19:31","modified_gmt":"2020-05-21T11:19:31","slug":"feria-talento-emprendedor-telematica","status":"publish","type":"post","link":"https:\/\/www.ull.es\/portal\/noticias\/2020\/feria-talento-emprendedor-telematica\/","title":{"rendered":"La octava Feria del Talento Emprendedor de la Universidad de La Laguna se celebra por primera vez en formato telem\u00e1tico"},"content":{"rendered":"<p class=\"p2\"><span class=\"s3\">La C\u00e1tedra Fundaci\u00f3n DISA de J\u00f3venes Emprendedores de la Universidad de La Laguna celebra cada a\u00f1o su Feria del Talento Emprendedor, en la cual se muestran varios proyectos de emprendimiento desarrollados por alumnado de la instituci\u00f3n, que son evaluados por varias empresas de diferentes sectores y por el propio p\u00fablico asistente, que podr\u00e1 votar los tres que considere mejores. La octava edici\u00f3n, correspondiente a 2020, se ha visto afectada, al igual que la pr\u00e1ctica totalidad de la actividad acad\u00e9mica, por el Covid-19, por lo que se celebrar\u00e1 ma\u00f1ana viernes, 22 de mayo, de manera telem\u00e1tica, a trav\u00e9s de la p\u00e1gina web <\/span><a href=\"http:\/\/www.feriadeltalentoemprendedor.com\" target=\"_blank\" rel=\"noopener noreferrer\" target=\"_blank\" rel=\"noopener\"><span class=\"s4\">www.feriadeltalentoemprendedor.com<\/span><\/a><span class=\"s3\">.<\/span><\/p>\n<p class=\"p2\"><span class=\"s3\">Como explica la directora de la c\u00e1tedra organizadora, In\u00e9s Ruiz, el objetivo de la feria no es tanto que el alumnado ponga en marcha proyectos de negocio de forma inmediata, puesto que quiz\u00e1s no tengan la madurez personal y profesional para asumir un reto de esta naturaleza, pero s\u00ed entrenarles para que sea una opci\u00f3n laboral futura. \u201cNuestra intenci\u00f3n, por lo tanto, es fomentar la competencia emprendedora como herramienta para generar los cambios sociales, medioambientales y econ\u00f3micos que tanta falta nos hacen en esta crisis que vivimos\u201d. Por ello, en esta edici\u00f3n se han enfatizado los proyectos relacionados con los Objetivos de Desarrollo Sostenible. <\/span><\/p>\n<p class=\"p2\"><span class=\"s3\">En total, la feria mostrar\u00e1 de manera virtual 32 propuestas emprendedoras de estudiantes de los grados en Turismo, Contabilidad y Finanzas, Administraci\u00f3n y Direcci\u00f3n de Empresas, Ingenier\u00eda Civil, Arquitectura T\u00e9cnica, Enfermer\u00eda y el Doctorado en Arte y Humanidades. A ellas se sumar\u00e1n otras tres propuestas de educaci\u00f3n preuniversitaria, dos de Bachillerato y una de Ciclo Formativo Superior, enmarcadas dentro del Proyecto Ingenia desarrollado desde la instituci\u00f3n acad\u00e9mica a trav\u00e9s de su Fundaci\u00f3n General y financiado por el Cabildo Insular de Tenerife.<\/span><\/p>\n<p class=\"p2\"><span class=\"s3\">Aprovechado el formato telem\u00e1tico de la feria, tambi\u00e9n hay una secci\u00f3n espec\u00edfica dedicada al Proyecto Id\u00e9alo, que recoge una muestra del trabajo que, financiado por Fundaci\u00f3n DISA y por el Ayuntamiento de Arona, potencia la competencia emprendedora. As\u00ed, se podr\u00e1n conocer 58 ideas, a trav\u00e9s de los videos realizados por estudiantes de un total de 12 centros de educaci\u00f3n de diferentes municipios de la isla de Tenerife.<\/span><\/p>\n","protected":false},"excerpt":{"rendered":"<p>La C\u00e1tedra Fundaci\u00f3n DISA de J\u00f3venes Emprendedores de la Universidad de La Laguna celebra cada a\u00f1o su Feria del Talento&#8230;<\/p>\n","protected":false},"author":21,"featured_media":50351,"comment_status":"closed","ping_status":"closed","sticky":false,"template":"","format":"standard","meta":{"inline_featured_image":false,"footnotes":""},"categories":[345,348,5466,2765],"tags":[2850,1127,1235,1239],"acf":[],"yoast_head":"<!-- This site is optimized with the Yoast SEO plugin v21.3 - https:\/\/yoast.com\/wordpress\/plugins\/seo\/ -->\n<title>La 8\u00aa Feria del Talento Emprendedor de la ULL se celebra telem\u00e1ticamente<\/title>\n<meta name=\"description\" content=\"El viernes 22 de mayo la web www.feriadeltalentoemprendedor.com acoger\u00e1 esta iniciativa organizada por la C\u00e1tedra Fundacion DISA de J\u00f3venes Emprendedores.\" \/>\n<meta name=\"robots\" content=\"index, follow, max-snippet:-1, max-image-preview:large, max-video-preview:-1\" \/>\n<link rel=\"canonical\" href=\"https:\/\/www.ull.es\/portal\/noticias\/2020\/feria-talento-emprendedor-telematica\/\" \/>\n<meta property=\"og:locale\" content=\"es_ES\" \/>\n<meta property=\"og:type\" content=\"article\" \/>\n<meta property=\"og:title\" content=\"La 8\u00aa Feria del Talento Emprendedor de la ULL se celebra telem\u00e1ticamente\" \/>\n<meta property=\"og:description\" content=\"El viernes 22 de mayo la web www.feriadeltalentoemprendedor.com acoger\u00e1 esta iniciativa organizada por la C\u00e1tedra Fundacion DISA de J\u00f3venes Emprendedores.\" \/>\n<meta property=\"og:url\" content=\"https:\/\/www.ull.es\/portal\/noticias\/2020\/feria-talento-emprendedor-telematica\/\" \/>\n<meta property=\"og:site_name\" content=\"ULL - Noticias\" \/>\n<meta property=\"article:publisher\" content=\"https:\/\/www.facebook.com\/universidaddelalaguna\/\" \/>\n<meta property=\"article:published_time\" content=\"2020-05-21T11:19:31+00:00\" \/>\n<meta property=\"og:image\" content=\"https:\/\/www.ull.es\/portal\/noticias\/wp-content\/uploads\/sites\/13\/2020\/05\/feria-talento-emprendedor.png\" \/>\n\t<meta property=\"og:image:width\" content=\"1200\" \/>\n\t<meta property=\"og:image:height\" content=\"791\" \/>\n\t<meta property=\"og:image:type\" content=\"image\/png\" \/>\n<meta name=\"author\" content=\"prensa2\" \/>\n<meta name=\"twitter:card\" content=\"summary_large_image\" \/>\n<meta name=\"twitter:creator\" content=\"@CanalULL\" \/>\n<meta name=\"twitter:site\" content=\"@CanalULL\" \/>\n<meta name=\"twitter:label1\" content=\"Escrito por\" \/>\n\t<meta name=\"twitter:data1\" content=\"prensa2\" \/>\n\t<meta name=\"twitter:label2\" content=\"Tiempo de lectura\" \/>\n\t<meta name=\"twitter:data2\" content=\"2 minutos\" \/>\n<script type=\"application\/ld+json\" class=\"yoast-schema-graph\">{\"@context\":\"https:\/\/schema.org\",\"@graph\":[{\"@type\":\"WebPage\",\"@id\":\"https:\/\/www.ull.es\/portal\/noticias\/2020\/feria-talento-emprendedor-telematica\/\",\"url\":\"https:\/\/www.ull.es\/portal\/noticias\/2020\/feria-talento-emprendedor-telematica\/\",\"name\":\"La 8\u00aa Feria del Talento Emprendedor de la ULL se celebra telem\u00e1ticamente\",\"isPartOf\":{\"@id\":\"https:\/\/www.ull.es\/portal\/noticias\/#website\"},\"datePublished\":\"2020-05-21T11:19:31+00:00\",\"dateModified\":\"2020-05-21T11:19:31+00:00\",\"author\":{\"@id\":\"https:\/\/www.ull.es\/portal\/noticias\/#\/schema\/person\/c3b2aa857797592927a03740d6664376\"},\"description\":\"El viernes 22 de mayo la web www.feriadeltalentoemprendedor.com acoger\u00e1 esta iniciativa organizada por la C\u00e1tedra Fundacion DISA de J\u00f3venes Emprendedores.\",\"breadcrumb\":{\"@id\":\"https:\/\/www.ull.es\/portal\/noticias\/2020\/feria-talento-emprendedor-telematica\/#breadcrumb\"},\"inLanguage\":\"es\",\"potentialAction\":[{\"@type\":\"ReadAction\",\"target\":[\"https:\/\/www.ull.es\/portal\/noticias\/2020\/feria-talento-emprendedor-telematica\/\"]}]},{\"@type\":\"BreadcrumbList\",\"@id\":\"https:\/\/www.ull.es\/portal\/noticias\/2020\/feria-talento-emprendedor-telematica\/#breadcrumb\",\"itemListElement\":[{\"@type\":\"ListItem\",\"position\":1,\"name\":\"Portada\",\"item\":\"https:\/\/www.ull.es\/portal\/noticias\/\"},{\"@type\":\"ListItem\",\"position\":2,\"name\":\"La octava Feria del Talento Emprendedor de la Universidad de La Laguna se celebra por primera vez en formato telem\u00e1tico\"}]},{\"@type\":\"WebSite\",\"@id\":\"https:\/\/www.ull.es\/portal\/noticias\/#website\",\"url\":\"https:\/\/www.ull.es\/portal\/noticias\/\",\"name\":\"ULL - Noticias\",\"description\":\"\",\"potentialAction\":[{\"@type\":\"SearchAction\",\"target\":{\"@type\":\"EntryPoint\",\"urlTemplate\":\"https:\/\/www.ull.es\/portal\/noticias\/?s={search_term_string}\"},\"query-input\":\"required name=search_term_string\"}],\"inLanguage\":\"es\"},{\"@type\":\"Person\",\"@id\":\"https:\/\/www.ull.es\/portal\/noticias\/#\/schema\/person\/c3b2aa857797592927a03740d6664376\",\"name\":\"prensa2\",\"image\":{\"@type\":\"ImageObject\",\"inLanguage\":\"es\",\"@id\":\"https:\/\/www.ull.es\/portal\/noticias\/#\/schema\/person\/image\/\",\"url\":\"https:\/\/secure.gravatar.com\/avatar\/b58f310a5de5feb33d1e026d2493f23c?s=96&d=mm&r=g\",\"contentUrl\":\"https:\/\/secure.gravatar.com\/avatar\/b58f310a5de5feb33d1e026d2493f23c?s=96&d=mm&r=g\",\"caption\":\"prensa2\"},\"url\":\"https:\/\/www.ull.es\/portal\/noticias\/author\/prensa2\/\"}]}<\/script>\n<!-- \/ Yoast SEO plugin. -->","yoast_head_json":{"title":"La 8\u00aa Feria del Talento Emprendedor de la ULL se celebra telem\u00e1ticamente","description":"El viernes 22 de mayo la web www.feriadeltalentoemprendedor.com acoger\u00e1 esta iniciativa organizada por la C\u00e1tedra Fundacion DISA de J\u00f3venes Emprendedores.","robots":{"index":"index","follow":"follow","max-snippet":"max-snippet:-1","max-image-preview":"max-image-preview:large","max-video-preview":"max-video-preview:-1"},"canonical":"https:\/\/www.ull.es\/portal\/noticias\/2020\/feria-talento-emprendedor-telematica\/","og_locale":"es_ES","og_type":"article","og_title":"La 8\u00aa Feria del Talento Emprendedor de la ULL se celebra telem\u00e1ticamente","og_description":"El viernes 22 de mayo la web www.feriadeltalentoemprendedor.com acoger\u00e1 esta iniciativa organizada por la C\u00e1tedra Fundacion DISA de J\u00f3venes Emprendedores.","og_url":"https:\/\/www.ull.es\/portal\/noticias\/2020\/feria-talento-emprendedor-telematica\/","og_site_name":"ULL - Noticias","article_publisher":"https:\/\/www.facebook.com\/universidaddelalaguna\/","article_published_time":"2020-05-21T11:19:31+00:00","og_image":[{"width":1200,"height":791,"url":"https:\/\/www.ull.es\/portal\/noticias\/wp-content\/uploads\/sites\/13\/2020\/05\/feria-talento-emprendedor.png","type":"image\/png"}],"author":"prensa2","twitter_card":"summary_large_image","twitter_creator":"@CanalULL","twitter_site":"@CanalULL","twitter_misc":{"Escrito por":"prensa2","Tiempo de lectura":"2 minutos"},"schema":{"@context":"https:\/\/schema.org","@graph":[{"@type":"WebPage","@id":"https:\/\/www.ull.es\/portal\/noticias\/2020\/feria-talento-emprendedor-telematica\/","url":"https:\/\/www.ull.es\/portal\/noticias\/2020\/feria-talento-emprendedor-telematica\/","name":"La 8\u00aa Feria del Talento Emprendedor de la ULL se celebra telem\u00e1ticamente","isPartOf":{"@id":"https:\/\/www.ull.es\/portal\/noticias\/#website"},"datePublished":"2020-05-21T11:19:31+00:00","dateModified":"2020-05-21T11:19:31+00:00","author":{"@id":"https:\/\/www.ull.es\/portal\/noticias\/#\/schema\/person\/c3b2aa857797592927a03740d6664376"},"description":"El viernes 22 de mayo la web www.feriadeltalentoemprendedor.com acoger\u00e1 esta iniciativa organizada por la C\u00e1tedra Fundacion DISA de J\u00f3venes Emprendedores.","breadcrumb":{"@id":"https:\/\/www.ull.es\/portal\/noticias\/2020\/feria-talento-emprendedor-telematica\/#breadcrumb"},"inLanguage":"es","potentialAction":[{"@type":"ReadAction","target":["https:\/\/www.ull.es\/portal\/noticias\/2020\/feria-talento-emprendedor-telematica\/"]}]},{"@type":"BreadcrumbList","@id":"https:\/\/www.ull.es\/portal\/noticias\/2020\/feria-talento-emprendedor-telematica\/#breadcrumb","itemListElement":[{"@type":"ListItem","position":1,"name":"Portada","item":"https:\/\/www.ull.es\/portal\/noticias\/"},{"@type":"ListItem","position":2,"name":"La octava Feria del Talento Emprendedor de la Universidad de La Laguna se celebra por primera vez en formato telem\u00e1tico"}]},{"@type":"WebSite","@id":"https:\/\/www.ull.es\/portal\/noticias\/#website","url":"https:\/\/www.ull.es\/portal\/noticias\/","name":"ULL - Noticias","description":"","potentialAction":[{"@type":"SearchAction","target":{"@type":"EntryPoint","urlTemplate":"https:\/\/www.ull.es\/portal\/noticias\/?s={search_term_string}"},"query-input":"required name=search_term_string"}],"inLanguage":"es"},{"@type":"Person","@id":"https:\/\/www.ull.es\/portal\/noticias\/#\/schema\/person\/c3b2aa857797592927a03740d6664376","name":"prensa2","image":{"@type":"ImageObject","inLanguage":"es","@id":"https:\/\/www.ull.es\/portal\/noticias\/#\/schema\/person\/image\/","url":"https:\/\/secure.gravatar.com\/avatar\/b58f310a5de5feb33d1e026d2493f23c?s=96&d=mm&r=g","contentUrl":"https:\/\/secure.gravatar.com\/avatar\/b58f310a5de5feb33d1e026d2493f23c?s=96&d=mm&r=g","caption":"prensa2"},"url":"https:\/\/www.ull.es\/portal\/noticias\/author\/prensa2\/"}]}},"primary_category":{"id":348,"name":"Instituci\u00f3n","slug":"institucion","link":"https:\/\/www.ull.es\/portal\/noticias\/category\/institucion\/"},"featured_image_thumbnail_url":"https:\/\/www.ull.es\/portal\/noticias\/wp-content\/uploads\/sites\/13\/2020\/05\/feria-talento-emprendedor-300x198.png","_links":{"self":[{"href":"https:\/\/www.ull.es\/portal\/noticias\/wp-json\/wp\/v2\/posts\/50348"}],"collection":[{"href":"https:\/\/www.ull.es\/portal\/noticias\/wp-json\/wp\/v2\/posts"}],"about":[{"href":"https:\/\/www.ull.es\/portal\/noticias\/wp-json\/wp\/v2\/types\/post"}],"author":[{"embeddable":true,"href":"https:\/\/www.ull.es\/portal\/noticias\/wp-json\/wp\/v2\/users\/21"}],"replies":[{"embeddable":true,"href":"https:\/\/www.ull.es\/portal\/noticias\/wp-json\/wp\/v2\/comments?post=50348"}],"version-history":[{"count":1,"href":"https:\/\/www.ull.es\/portal\/noticias\/wp-json\/wp\/v2\/posts\/50348\/revisions"}],"predecessor-version":[{"id":50352,"href":"https:\/\/www.ull.es\/portal\/noticias\/wp-json\/wp\/v2\/posts\/50348\/revisions\/50352"}],"wp:featuredmedia":[{"embeddable":true,"href":"https:\/\/www.ull.es\/portal\/noticias\/wp-json\/wp\/v2\/media\/50351"}],"wp:attachment":[{"href":"https:\/\/www.ull.es\/portal\/noticias\/wp-json\/wp\/v2\/media?parent=50348"}],"wp:term":[{"taxonomy":"category","embeddable":true,"href":"https:\/\/www.ull.es\/portal\/noticias\/wp-json\/wp\/v2\/categories?post=50348"},{"taxonomy":"post_tag","embeddable":true,"href":"https:\/\/www.ull.es\/portal\/noticias\/wp-json\/wp\/v2\/tags?post=50348"}],"curies":[{"name":"wp","href":"https:\/\/api.w.org\/{rel}","templated":true}]}}