{"id":50427,"date":"2020-05-26T12:52:42","date_gmt":"2020-05-26T12:52:42","guid":{"rendered":"https:\/\/www.ull.es\/portal\/noticias\/?p=50427"},"modified":"2020-05-26T13:26:50","modified_gmt":"2020-05-26T13:26:50","slug":"ayudas-especiales-dificultades-economicas","status":"publish","type":"post","link":"https:\/\/www.ull.es\/portal\/noticias\/2020\/ayudas-especiales-dificultades-economicas\/","title":{"rendered":"La Universidad de La Laguna convoca sus ayudas para alumnado con especiales dificultades econ\u00f3micas de 2020"},"content":{"rendered":"<p>La Universidad de La Laguna ha publicado hoy, martes 26 de mayo, en su p\u00e1gina web la <a href=\"https:\/\/www.ull.es\/portal\/convocatorias\/convocatoria\/convocatoria-ayudas-especiales-dificultades-economicas-2020\/\" target=\"_blank\" rel=\"noopener noreferrer\" target=\"_blank\" rel=\"noopener\"><span class=\"s4\">convocatoria de ayudas para el alumnado<\/span><\/a> de la instituci\u00f3n acad\u00e9mica con especiales dificultades econ\u00f3micas para el a\u00f1o 2020, para las cuales hay una dotaci\u00f3n total de 100.000 euros que se repartir\u00e1 en ayudas individuales por un importe equivalente al precio de los cr\u00e9ditos acad\u00e9micos matriculados, hasta un m\u00e1ximo de 1.500 euros. El plazo para presentarse est\u00e1 abierto hasta el proximo 10 de junio.<\/p>\n<p class=\"p3\"><span class=\"s3\">Estas ayudas, dependientes del Vicerrectorado de Estudiantes, Empleabilidad y Campus de Guajara, est\u00e1n destinadas a estudiantes de grado que acrediten especiales dificultades econ\u00f3micas para afrontar el coste de sus estudios, debido a circunstancias sobrevenidas que produzcan un desequilibrio de la econom\u00eda familiar, como una enfermedad grave de la persona solicitante o de alg\u00fan miembro de su familia cuando afecte a quienes generan la renta personal o familiar; el fallecimiento, ruina o quiebra econ\u00f3mica; y problemas familiares graves ocasionados por alg\u00fan acontecimiento que cause precariedad econ\u00f3mica en la unidad familiar.<\/span><\/p>\n<p class=\"p3\"><span class=\"s3\">Las personas solicitantes debe cumplir una serie de requisitos acad\u00e9micos, como estar matriculado de, al menso, 24 cr\u00e9ditos en el presente curso; y econ\u00f3micos, con una serie de umbrales en la renta per c\u00e1pita familiar que se calculan a partir de las rentas del trabajo o la actividad econ\u00f3mica. Las bases detallan toda la documentaci\u00f3n que es necesario aportar, as\u00ed como los criterios para baremar las solicitudes y ordenarlas para priorizar su reparto.<\/span><\/p>\n<p class=\"p3\"><span class=\"s3\">Las solicitudes se podr\u00e1n presentar a trav\u00e9s del Portal de Servicios, en el apartado de <\/span><span class=\"s5\">\u201c<\/span><span class=\"s3\">Alumnado\u201d, y dentro de <\/span><span class=\"s5\">\u201c<\/span><span class=\"s3\">Mis ayudas asistenciales\u201d,<\/span><span class=\"s5\">\u201c<\/span><span class=\"s3\">Auto solicitudes\u201d, mientras que la documentaci\u00f3n necesaria ser\u00e1 aportada a trav\u00e9s del procedimiento de Sede Electr\u00f3nica <\/span><span class=\"s5\">\u201c<\/span><span class=\"s3\">Aportaci\u00f3n de documentaci\u00f3n para la ayuda a estudiantes de la Universidad de La Laguna con Especiales Dificultades Econ\u00f3micas\u201d, una vez realizada la solicitud. <\/span><\/p>\n","protected":false},"excerpt":{"rendered":"<p>La Universidad de La Laguna ha publicado hoy, martes 26 de mayo, en su p\u00e1gina web la convocatoria de ayudas&#8230;<\/p>\n","protected":false},"author":21,"featured_media":50428,"comment_status":"closed","ping_status":"closed","sticky":false,"template":"","format":"standard","meta":{"inline_featured_image":false,"footnotes":""},"categories":[343,345,348,2765],"tags":[2896,6512],"acf":[],"yoast_head":"<!-- This site is optimized with the Yoast SEO plugin v21.3 - https:\/\/yoast.com\/wordpress\/plugins\/seo\/ -->\n<title>Abiertas las ayudas para alumnos con especiales dificultades econ\u00f3micas<\/title>\n<meta name=\"description\" content=\"Hasta el 10 de junio se podr\u00e1n solicitar estas ayudas dirigidas a estudiantes de grado que, por una situaci\u00f3n imprevista, tengan dificultades econ\u00f3micas.\" \/>\n<meta name=\"robots\" content=\"index, follow, max-snippet:-1, max-image-preview:large, max-video-preview:-1\" \/>\n<link rel=\"canonical\" href=\"https:\/\/www.ull.es\/portal\/noticias\/2020\/ayudas-especiales-dificultades-economicas\/\" \/>\n<meta property=\"og:locale\" content=\"es_ES\" \/>\n<meta property=\"og:type\" content=\"article\" \/>\n<meta property=\"og:title\" content=\"Abiertas las ayudas para alumnos con especiales dificultades econ\u00f3micas\" \/>\n<meta property=\"og:description\" content=\"Hasta el 10 de junio se podr\u00e1n solicitar estas ayudas dirigidas a estudiantes de grado que, por una situaci\u00f3n imprevista, tengan dificultades econ\u00f3micas.\" \/>\n<meta property=\"og:url\" content=\"https:\/\/www.ull.es\/portal\/noticias\/2020\/ayudas-especiales-dificultades-economicas\/\" \/>\n<meta property=\"og:site_name\" content=\"ULL - Noticias\" \/>\n<meta property=\"article:publisher\" content=\"https:\/\/www.facebook.com\/universidaddelalaguna\/\" \/>\n<meta property=\"article:published_time\" content=\"2020-05-26T12:52:42+00:00\" \/>\n<meta property=\"article:modified_time\" content=\"2020-05-26T13:26:50+00:00\" \/>\n<meta property=\"og:image\" content=\"https:\/\/www.ull.es\/portal\/noticias\/wp-content\/uploads\/sites\/13\/2020\/05\/Selectividad-PAU-sept11-08.jpg\" \/>\n\t<meta property=\"og:image:width\" content=\"799\" \/>\n\t<meta property=\"og:image:height\" content=\"533\" \/>\n\t<meta property=\"og:image:type\" content=\"image\/jpeg\" \/>\n<meta name=\"author\" content=\"prensa2\" \/>\n<meta name=\"twitter:card\" content=\"summary_large_image\" \/>\n<meta name=\"twitter:creator\" content=\"@CanalULL\" \/>\n<meta name=\"twitter:site\" content=\"@CanalULL\" \/>\n<meta name=\"twitter:label1\" content=\"Escrito por\" \/>\n\t<meta name=\"twitter:data1\" content=\"prensa2\" \/>\n\t<meta name=\"twitter:label2\" content=\"Tiempo de lectura\" \/>\n\t<meta name=\"twitter:data2\" content=\"2 minutos\" \/>\n<script type=\"application\/ld+json\" class=\"yoast-schema-graph\">{\"@context\":\"https:\/\/schema.org\",\"@graph\":[{\"@type\":\"WebPage\",\"@id\":\"https:\/\/www.ull.es\/portal\/noticias\/2020\/ayudas-especiales-dificultades-economicas\/\",\"url\":\"https:\/\/www.ull.es\/portal\/noticias\/2020\/ayudas-especiales-dificultades-economicas\/\",\"name\":\"Abiertas las ayudas para alumnos con especiales dificultades econ\u00f3micas\",\"isPartOf\":{\"@id\":\"https:\/\/www.ull.es\/portal\/noticias\/#website\"},\"datePublished\":\"2020-05-26T12:52:42+00:00\",\"dateModified\":\"2020-05-26T13:26:50+00:00\",\"author\":{\"@id\":\"https:\/\/www.ull.es\/portal\/noticias\/#\/schema\/person\/c3b2aa857797592927a03740d6664376\"},\"description\":\"Hasta el 10 de junio se podr\u00e1n solicitar estas ayudas dirigidas a estudiantes de grado que, por una situaci\u00f3n imprevista, tengan dificultades econ\u00f3micas.\",\"breadcrumb\":{\"@id\":\"https:\/\/www.ull.es\/portal\/noticias\/2020\/ayudas-especiales-dificultades-economicas\/#breadcrumb\"},\"inLanguage\":\"es\",\"potentialAction\":[{\"@type\":\"ReadAction\",\"target\":[\"https:\/\/www.ull.es\/portal\/noticias\/2020\/ayudas-especiales-dificultades-economicas\/\"]}]},{\"@type\":\"BreadcrumbList\",\"@id\":\"https:\/\/www.ull.es\/portal\/noticias\/2020\/ayudas-especiales-dificultades-economicas\/#breadcrumb\",\"itemListElement\":[{\"@type\":\"ListItem\",\"position\":1,\"name\":\"Portada\",\"item\":\"https:\/\/www.ull.es\/portal\/noticias\/\"},{\"@type\":\"ListItem\",\"position\":2,\"name\":\"La Universidad de La Laguna convoca sus ayudas para alumnado con especiales dificultades econ\u00f3micas de 2020\"}]},{\"@type\":\"WebSite\",\"@id\":\"https:\/\/www.ull.es\/portal\/noticias\/#website\",\"url\":\"https:\/\/www.ull.es\/portal\/noticias\/\",\"name\":\"ULL - Noticias\",\"description\":\"\",\"potentialAction\":[{\"@type\":\"SearchAction\",\"target\":{\"@type\":\"EntryPoint\",\"urlTemplate\":\"https:\/\/www.ull.es\/portal\/noticias\/?s={search_term_string}\"},\"query-input\":\"required name=search_term_string\"}],\"inLanguage\":\"es\"},{\"@type\":\"Person\",\"@id\":\"https:\/\/www.ull.es\/portal\/noticias\/#\/schema\/person\/c3b2aa857797592927a03740d6664376\",\"name\":\"prensa2\",\"image\":{\"@type\":\"ImageObject\",\"inLanguage\":\"es\",\"@id\":\"https:\/\/www.ull.es\/portal\/noticias\/#\/schema\/person\/image\/\",\"url\":\"https:\/\/secure.gravatar.com\/avatar\/b58f310a5de5feb33d1e026d2493f23c?s=96&d=mm&r=g\",\"contentUrl\":\"https:\/\/secure.gravatar.com\/avatar\/b58f310a5de5feb33d1e026d2493f23c?s=96&d=mm&r=g\",\"caption\":\"prensa2\"},\"url\":\"https:\/\/www.ull.es\/portal\/noticias\/author\/prensa2\/\"}]}<\/script>\n<!-- \/ Yoast SEO plugin. -->","yoast_head_json":{"title":"Abiertas las ayudas para alumnos con especiales dificultades econ\u00f3micas","description":"Hasta el 10 de junio se podr\u00e1n solicitar estas ayudas dirigidas a estudiantes de grado que, por una situaci\u00f3n imprevista, tengan dificultades econ\u00f3micas.","robots":{"index":"index","follow":"follow","max-snippet":"max-snippet:-1","max-image-preview":"max-image-preview:large","max-video-preview":"max-video-preview:-1"},"canonical":"https:\/\/www.ull.es\/portal\/noticias\/2020\/ayudas-especiales-dificultades-economicas\/","og_locale":"es_ES","og_type":"article","og_title":"Abiertas las ayudas para alumnos con especiales dificultades econ\u00f3micas","og_description":"Hasta el 10 de junio se podr\u00e1n solicitar estas ayudas dirigidas a estudiantes de grado que, por una situaci\u00f3n imprevista, tengan dificultades econ\u00f3micas.","og_url":"https:\/\/www.ull.es\/portal\/noticias\/2020\/ayudas-especiales-dificultades-economicas\/","og_site_name":"ULL - Noticias","article_publisher":"https:\/\/www.facebook.com\/universidaddelalaguna\/","article_published_time":"2020-05-26T12:52:42+00:00","article_modified_time":"2020-05-26T13:26:50+00:00","og_image":[{"width":799,"height":533,"url":"https:\/\/www.ull.es\/portal\/noticias\/wp-content\/uploads\/sites\/13\/2020\/05\/Selectividad-PAU-sept11-08.jpg","type":"image\/jpeg"}],"author":"prensa2","twitter_card":"summary_large_image","twitter_creator":"@CanalULL","twitter_site":"@CanalULL","twitter_misc":{"Escrito por":"prensa2","Tiempo de lectura":"2 minutos"},"schema":{"@context":"https:\/\/schema.org","@graph":[{"@type":"WebPage","@id":"https:\/\/www.ull.es\/portal\/noticias\/2020\/ayudas-especiales-dificultades-economicas\/","url":"https:\/\/www.ull.es\/portal\/noticias\/2020\/ayudas-especiales-dificultades-economicas\/","name":"Abiertas las ayudas para alumnos con especiales dificultades econ\u00f3micas","isPartOf":{"@id":"https:\/\/www.ull.es\/portal\/noticias\/#website"},"datePublished":"2020-05-26T12:52:42+00:00","dateModified":"2020-05-26T13:26:50+00:00","author":{"@id":"https:\/\/www.ull.es\/portal\/noticias\/#\/schema\/person\/c3b2aa857797592927a03740d6664376"},"description":"Hasta el 10 de junio se podr\u00e1n solicitar estas ayudas dirigidas a estudiantes de grado que, por una situaci\u00f3n imprevista, tengan dificultades econ\u00f3micas.","breadcrumb":{"@id":"https:\/\/www.ull.es\/portal\/noticias\/2020\/ayudas-especiales-dificultades-economicas\/#breadcrumb"},"inLanguage":"es","potentialAction":[{"@type":"ReadAction","target":["https:\/\/www.ull.es\/portal\/noticias\/2020\/ayudas-especiales-dificultades-economicas\/"]}]},{"@type":"BreadcrumbList","@id":"https:\/\/www.ull.es\/portal\/noticias\/2020\/ayudas-especiales-dificultades-economicas\/#breadcrumb","itemListElement":[{"@type":"ListItem","position":1,"name":"Portada","item":"https:\/\/www.ull.es\/portal\/noticias\/"},{"@type":"ListItem","position":2,"name":"La Universidad de La Laguna convoca sus ayudas para alumnado con especiales dificultades econ\u00f3micas de 2020"}]},{"@type":"WebSite","@id":"https:\/\/www.ull.es\/portal\/noticias\/#website","url":"https:\/\/www.ull.es\/portal\/noticias\/","name":"ULL - Noticias","description":"","potentialAction":[{"@type":"SearchAction","target":{"@type":"EntryPoint","urlTemplate":"https:\/\/www.ull.es\/portal\/noticias\/?s={search_term_string}"},"query-input":"required name=search_term_string"}],"inLanguage":"es"},{"@type":"Person","@id":"https:\/\/www.ull.es\/portal\/noticias\/#\/schema\/person\/c3b2aa857797592927a03740d6664376","name":"prensa2","image":{"@type":"ImageObject","inLanguage":"es","@id":"https:\/\/www.ull.es\/portal\/noticias\/#\/schema\/person\/image\/","url":"https:\/\/secure.gravatar.com\/avatar\/b58f310a5de5feb33d1e026d2493f23c?s=96&d=mm&r=g","contentUrl":"https:\/\/secure.gravatar.com\/avatar\/b58f310a5de5feb33d1e026d2493f23c?s=96&d=mm&r=g","caption":"prensa2"},"url":"https:\/\/www.ull.es\/portal\/noticias\/author\/prensa2\/"}]}},"primary_category":{"id":345,"name":"Destacado","slug":"destacado","link":"https:\/\/www.ull.es\/portal\/noticias\/category\/destacado\/"},"featured_image_thumbnail_url":"https:\/\/www.ull.es\/portal\/noticias\/wp-content\/uploads\/sites\/13\/2020\/05\/Selectividad-PAU-sept11-08-300x200.jpg","_links":{"self":[{"href":"https:\/\/www.ull.es\/portal\/noticias\/wp-json\/wp\/v2\/posts\/50427"}],"collection":[{"href":"https:\/\/www.ull.es\/portal\/noticias\/wp-json\/wp\/v2\/posts"}],"about":[{"href":"https:\/\/www.ull.es\/portal\/noticias\/wp-json\/wp\/v2\/types\/post"}],"author":[{"embeddable":true,"href":"https:\/\/www.ull.es\/portal\/noticias\/wp-json\/wp\/v2\/users\/21"}],"replies":[{"embeddable":true,"href":"https:\/\/www.ull.es\/portal\/noticias\/wp-json\/wp\/v2\/comments?post=50427"}],"version-history":[{"count":1,"href":"https:\/\/www.ull.es\/portal\/noticias\/wp-json\/wp\/v2\/posts\/50427\/revisions"}],"predecessor-version":[{"id":50429,"href":"https:\/\/www.ull.es\/portal\/noticias\/wp-json\/wp\/v2\/posts\/50427\/revisions\/50429"}],"wp:featuredmedia":[{"embeddable":true,"href":"https:\/\/www.ull.es\/portal\/noticias\/wp-json\/wp\/v2\/media\/50428"}],"wp:attachment":[{"href":"https:\/\/www.ull.es\/portal\/noticias\/wp-json\/wp\/v2\/media?parent=50427"}],"wp:term":[{"taxonomy":"category","embeddable":true,"href":"https:\/\/www.ull.es\/portal\/noticias\/wp-json\/wp\/v2\/categories?post=50427"},{"taxonomy":"post_tag","embeddable":true,"href":"https:\/\/www.ull.es\/portal\/noticias\/wp-json\/wp\/v2\/tags?post=50427"}],"curies":[{"name":"wp","href":"https:\/\/api.w.org\/{rel}","templated":true}]}}