{"id":50444,"date":"2020-05-27T11:00:56","date_gmt":"2020-05-27T11:00:56","guid":{"rendered":"https:\/\/www.ull.es\/portal\/noticias\/?p=50444"},"modified":"2020-05-28T08:32:33","modified_gmt":"2020-05-28T08:32:33","slug":"ull-curso-aguas-subterraneas-upv","status":"publish","type":"post","link":"https:\/\/www.ull.es\/portal\/noticias\/2020\/ull-curso-aguas-subterraneas-upv\/","title":{"rendered":"Un curso sobre aguas subterr\u00e1neas de la ULL complementa la formaci\u00f3n ambiental en la Universidad del Pa\u00eds Vasco"},"content":{"rendered":"<p class=\"p4\"><span class=\"s1\">Un acuerdo entre la vicedecana de Pr\u00e1cticas Externas de la Facultad de Farmacia de la Universidad del Pa\u00eds Vasco \/Euskal Herriko Unibertsitatea (UPV\/EHU), Encarnaci\u00f3n Goikoetxea, y el responsable del Aula Cultural del Agua dependiente del Vicerrectorado de Cultura, Participaci\u00f3n Social y Campus Ofra y La Palma de la Universidad de La Laguna, el profesor Juan Carlos Santamarta, ha posibilitado que el alumnado de \u00faltimo curso del Grado en Ciencias Ambientales de la instituci\u00f3n vasca haya podido completar su formaci\u00f3n sobre aguas subterr\u00e1neas mediante un curso online impartido por el docente del cetro tinerfe\u00f1o. <\/span><\/p>\n<p class=\"p4\"><span class=\"s1\">El curso, abierto y gratuito para toda la comunidad universitaria, ha contado con 60 matriculados, incluyendo a los estudiantes de la UPV\/EHU. Su objetivo era la capacitaci\u00f3n de profesionales para que adquirieran formaci\u00f3n cient\u00edfica y t\u00e9cnica suficiente para plantear y resolver problemas relacionados con la gesti\u00f3n y el manejo de las aguas subterr\u00e1neas en terrenos volc\u00e1nicos, conociendo y analizando las singularidades de los acu\u00edferos de islas volc\u00e1nicas, incluyendo el conocimiento razonable de los procesos responsables de la adquisici\u00f3n de la composici\u00f3n qu\u00edmica natural del agua subterr\u00e1nea y tambi\u00e9n de los procesos de contaminaci\u00f3n.<span class=\"Apple-converted-space\">\u00a0 <\/span>El curso ha contado con la colaboraci\u00f3n de las profesoras e investigadoras de la Universidad de la Laguna Jesica Rodr\u00edguez Mart\u00edn y Noelia Cruz P\u00e9rez, pertenecientes al grupo de investigaci\u00f3n Ingenier\u00eda Geol\u00f3gica, Innovaci\u00f3n y Aguas (INGENIA).<\/span><\/p>\n<p class=\"p4\"><span class=\"s1\">La gesti\u00f3n y aprovechamiento de las aguas subterr\u00e1neas en Canarias son singulares, adaptadas a un terreno insular y volc\u00e1nico, con escasez de recursos h\u00eddricos. La Hidrogeolog\u00eda de los terrenos volc\u00e1nicos es una disciplina que en los \u00faltimos a\u00f1os ha tenido un gran desarrollo, debido en gran parte a la importancia que tiene en la mayor\u00eda de los territorios insulares, donde la mayor parte de los recursos h\u00eddricos se obtienen del subsuelo.<\/span><\/p>\n<p class=\"p4\"><span class=\"s1\">Estas t\u00e9cnicas desarrolladas en las islas son un ejemplo mundial de ingenier\u00eda y gesti\u00f3n. En esta \u00e1rea, el grupo de investigaci\u00f3n INGENIA lleva trabajando durante a\u00f1os para generar y transmitir ese conocimiento, con el fin de que no se pierda y seguir d\u00e1ndole el valor que tiene para el desarrollo econ\u00f3mico de la regi\u00f3n. No en vano, las islas occidentales canarias siguen dependiendo en un alto porcentaje de las aguas subterr\u00e1neas: por ejemplo, Tenerife consume un 85 % de agua procedente del subsuelo y, en el caso de La Palma, pr\u00e1cticamente es el 100 %.<\/span><\/p>\n<p class=\"p4\"><span class=\"s1\">La Universidad de La Laguna lleva a\u00f1os ofertando cursos relacionados con las aguas subterr\u00e1neas en diferentes centros universitarios y cursos de verano y de extensi\u00f3n universitaria, entre los que destaca el seminario \u201cHidrogeolog\u00eda, aprovechamiento y gesti\u00f3n de recursos h\u00eddricos en islas y terrenos volc\u00e1nicos\u201d que celebr\u00f3 su VIII edici\u00f3n el a\u00f1o pasado en el Instituto del Agua de la Universidad de Barcelona, avalando el inter\u00e9s que tiene la gesti\u00f3n del agua<span class=\"Apple-converted-space\">\u00a0 <\/span>desarrollada en las Islas Canarias en otras regiones, como complemento a la formaci\u00f3n recibida para terrenos continentales.<\/span><\/p>\n","protected":false},"excerpt":{"rendered":"<p>Un acuerdo entre la vicedecana de Pr\u00e1cticas Externas de la Facultad de Farmacia de la Universidad del Pa\u00eds Vasco \/Euskal&#8230;<\/p>\n","protected":false},"author":21,"featured_media":50445,"comment_status":"closed","ping_status":"closed","sticky":false,"template":"","format":"standard","meta":{"inline_featured_image":false,"footnotes":""},"categories":[345,346,2765],"tags":[6514,1493,1685,6515],"acf":[],"yoast_head":"<!-- This site is optimized with the Yoast SEO plugin v21.3 - https:\/\/yoast.com\/wordpress\/plugins\/seo\/ -->\n<title>La ULL imparte un curso sobre aguas subterr\u00e1neas en la UPV<\/title>\n<meta name=\"description\" content=\"Investigadores del grupo Ingenier\u00eda Geol\u00f3gica, Innovaci\u00f3n y Aguas (INGENIA) de la ULL han impartido esta formaci\u00f3n que tuvo 60 matriculados.\" \/>\n<meta name=\"robots\" content=\"index, follow, max-snippet:-1, max-image-preview:large, max-video-preview:-1\" \/>\n<link rel=\"canonical\" href=\"https:\/\/www.ull.es\/portal\/noticias\/2020\/ull-curso-aguas-subterraneas-upv\/\" \/>\n<meta property=\"og:locale\" content=\"es_ES\" \/>\n<meta property=\"og:type\" content=\"article\" \/>\n<meta property=\"og:title\" content=\"La ULL imparte un curso sobre aguas subterr\u00e1neas en la UPV\" \/>\n<meta property=\"og:description\" content=\"Investigadores del grupo Ingenier\u00eda Geol\u00f3gica, Innovaci\u00f3n y Aguas (INGENIA) de la ULL han impartido esta formaci\u00f3n que tuvo 60 matriculados.\" \/>\n<meta property=\"og:url\" content=\"https:\/\/www.ull.es\/portal\/noticias\/2020\/ull-curso-aguas-subterraneas-upv\/\" \/>\n<meta property=\"og:site_name\" content=\"ULL - Noticias\" \/>\n<meta property=\"article:publisher\" content=\"https:\/\/www.facebook.com\/universidaddelalaguna\/\" \/>\n<meta property=\"article:published_time\" content=\"2020-05-27T11:00:56+00:00\" \/>\n<meta property=\"article:modified_time\" content=\"2020-05-28T08:32:33+00:00\" \/>\n<meta property=\"og:image\" content=\"https:\/\/www.ull.es\/portal\/noticias\/wp-content\/uploads\/sites\/13\/2020\/05\/santamarta.jpg\" \/>\n\t<meta property=\"og:image:width\" content=\"1200\" \/>\n\t<meta property=\"og:image:height\" content=\"800\" \/>\n\t<meta property=\"og:image:type\" content=\"image\/jpeg\" \/>\n<meta name=\"author\" content=\"prensa2\" \/>\n<meta name=\"twitter:card\" content=\"summary_large_image\" \/>\n<meta name=\"twitter:creator\" content=\"@CanalULL\" \/>\n<meta name=\"twitter:site\" content=\"@CanalULL\" \/>\n<meta name=\"twitter:label1\" content=\"Escrito por\" \/>\n\t<meta name=\"twitter:data1\" content=\"prensa2\" \/>\n\t<meta name=\"twitter:label2\" content=\"Tiempo de lectura\" \/>\n\t<meta name=\"twitter:data2\" content=\"3 minutos\" \/>\n<script type=\"application\/ld+json\" class=\"yoast-schema-graph\">{\"@context\":\"https:\/\/schema.org\",\"@graph\":[{\"@type\":\"WebPage\",\"@id\":\"https:\/\/www.ull.es\/portal\/noticias\/2020\/ull-curso-aguas-subterraneas-upv\/\",\"url\":\"https:\/\/www.ull.es\/portal\/noticias\/2020\/ull-curso-aguas-subterraneas-upv\/\",\"name\":\"La ULL imparte un curso sobre aguas subterr\u00e1neas en la UPV\",\"isPartOf\":{\"@id\":\"https:\/\/www.ull.es\/portal\/noticias\/#website\"},\"datePublished\":\"2020-05-27T11:00:56+00:00\",\"dateModified\":\"2020-05-28T08:32:33+00:00\",\"author\":{\"@id\":\"https:\/\/www.ull.es\/portal\/noticias\/#\/schema\/person\/c3b2aa857797592927a03740d6664376\"},\"description\":\"Investigadores del grupo Ingenier\u00eda Geol\u00f3gica, Innovaci\u00f3n y Aguas (INGENIA) de la ULL han impartido esta formaci\u00f3n que tuvo 60 matriculados.\",\"breadcrumb\":{\"@id\":\"https:\/\/www.ull.es\/portal\/noticias\/2020\/ull-curso-aguas-subterraneas-upv\/#breadcrumb\"},\"inLanguage\":\"es\",\"potentialAction\":[{\"@type\":\"ReadAction\",\"target\":[\"https:\/\/www.ull.es\/portal\/noticias\/2020\/ull-curso-aguas-subterraneas-upv\/\"]}]},{\"@type\":\"BreadcrumbList\",\"@id\":\"https:\/\/www.ull.es\/portal\/noticias\/2020\/ull-curso-aguas-subterraneas-upv\/#breadcrumb\",\"itemListElement\":[{\"@type\":\"ListItem\",\"position\":1,\"name\":\"Portada\",\"item\":\"https:\/\/www.ull.es\/portal\/noticias\/\"},{\"@type\":\"ListItem\",\"position\":2,\"name\":\"Un curso sobre aguas subterr\u00e1neas de la ULL complementa la formaci\u00f3n ambiental en la Universidad del Pa\u00eds Vasco\"}]},{\"@type\":\"WebSite\",\"@id\":\"https:\/\/www.ull.es\/portal\/noticias\/#website\",\"url\":\"https:\/\/www.ull.es\/portal\/noticias\/\",\"name\":\"ULL - Noticias\",\"description\":\"\",\"potentialAction\":[{\"@type\":\"SearchAction\",\"target\":{\"@type\":\"EntryPoint\",\"urlTemplate\":\"https:\/\/www.ull.es\/portal\/noticias\/?s={search_term_string}\"},\"query-input\":\"required name=search_term_string\"}],\"inLanguage\":\"es\"},{\"@type\":\"Person\",\"@id\":\"https:\/\/www.ull.es\/portal\/noticias\/#\/schema\/person\/c3b2aa857797592927a03740d6664376\",\"name\":\"prensa2\",\"image\":{\"@type\":\"ImageObject\",\"inLanguage\":\"es\",\"@id\":\"https:\/\/www.ull.es\/portal\/noticias\/#\/schema\/person\/image\/\",\"url\":\"https:\/\/secure.gravatar.com\/avatar\/b58f310a5de5feb33d1e026d2493f23c?s=96&d=mm&r=g\",\"contentUrl\":\"https:\/\/secure.gravatar.com\/avatar\/b58f310a5de5feb33d1e026d2493f23c?s=96&d=mm&r=g\",\"caption\":\"prensa2\"},\"url\":\"https:\/\/www.ull.es\/portal\/noticias\/author\/prensa2\/\"}]}<\/script>\n<!-- \/ Yoast SEO plugin. -->","yoast_head_json":{"title":"La ULL imparte un curso sobre aguas subterr\u00e1neas en la UPV","description":"Investigadores del grupo Ingenier\u00eda Geol\u00f3gica, Innovaci\u00f3n y Aguas (INGENIA) de la ULL han impartido esta formaci\u00f3n que tuvo 60 matriculados.","robots":{"index":"index","follow":"follow","max-snippet":"max-snippet:-1","max-image-preview":"max-image-preview:large","max-video-preview":"max-video-preview:-1"},"canonical":"https:\/\/www.ull.es\/portal\/noticias\/2020\/ull-curso-aguas-subterraneas-upv\/","og_locale":"es_ES","og_type":"article","og_title":"La ULL imparte un curso sobre aguas subterr\u00e1neas en la UPV","og_description":"Investigadores del grupo Ingenier\u00eda Geol\u00f3gica, Innovaci\u00f3n y Aguas (INGENIA) de la ULL han impartido esta formaci\u00f3n que tuvo 60 matriculados.","og_url":"https:\/\/www.ull.es\/portal\/noticias\/2020\/ull-curso-aguas-subterraneas-upv\/","og_site_name":"ULL - Noticias","article_publisher":"https:\/\/www.facebook.com\/universidaddelalaguna\/","article_published_time":"2020-05-27T11:00:56+00:00","article_modified_time":"2020-05-28T08:32:33+00:00","og_image":[{"width":1200,"height":800,"url":"https:\/\/www.ull.es\/portal\/noticias\/wp-content\/uploads\/sites\/13\/2020\/05\/santamarta.jpg","type":"image\/jpeg"}],"author":"prensa2","twitter_card":"summary_large_image","twitter_creator":"@CanalULL","twitter_site":"@CanalULL","twitter_misc":{"Escrito por":"prensa2","Tiempo de lectura":"3 minutos"},"schema":{"@context":"https:\/\/schema.org","@graph":[{"@type":"WebPage","@id":"https:\/\/www.ull.es\/portal\/noticias\/2020\/ull-curso-aguas-subterraneas-upv\/","url":"https:\/\/www.ull.es\/portal\/noticias\/2020\/ull-curso-aguas-subterraneas-upv\/","name":"La ULL imparte un curso sobre aguas subterr\u00e1neas en la UPV","isPartOf":{"@id":"https:\/\/www.ull.es\/portal\/noticias\/#website"},"datePublished":"2020-05-27T11:00:56+00:00","dateModified":"2020-05-28T08:32:33+00:00","author":{"@id":"https:\/\/www.ull.es\/portal\/noticias\/#\/schema\/person\/c3b2aa857797592927a03740d6664376"},"description":"Investigadores del grupo Ingenier\u00eda Geol\u00f3gica, Innovaci\u00f3n y Aguas (INGENIA) de la ULL han impartido esta formaci\u00f3n que tuvo 60 matriculados.","breadcrumb":{"@id":"https:\/\/www.ull.es\/portal\/noticias\/2020\/ull-curso-aguas-subterraneas-upv\/#breadcrumb"},"inLanguage":"es","potentialAction":[{"@type":"ReadAction","target":["https:\/\/www.ull.es\/portal\/noticias\/2020\/ull-curso-aguas-subterraneas-upv\/"]}]},{"@type":"BreadcrumbList","@id":"https:\/\/www.ull.es\/portal\/noticias\/2020\/ull-curso-aguas-subterraneas-upv\/#breadcrumb","itemListElement":[{"@type":"ListItem","position":1,"name":"Portada","item":"https:\/\/www.ull.es\/portal\/noticias\/"},{"@type":"ListItem","position":2,"name":"Un curso sobre aguas subterr\u00e1neas de la ULL complementa la formaci\u00f3n ambiental en la Universidad del Pa\u00eds Vasco"}]},{"@type":"WebSite","@id":"https:\/\/www.ull.es\/portal\/noticias\/#website","url":"https:\/\/www.ull.es\/portal\/noticias\/","name":"ULL - Noticias","description":"","potentialAction":[{"@type":"SearchAction","target":{"@type":"EntryPoint","urlTemplate":"https:\/\/www.ull.es\/portal\/noticias\/?s={search_term_string}"},"query-input":"required name=search_term_string"}],"inLanguage":"es"},{"@type":"Person","@id":"https:\/\/www.ull.es\/portal\/noticias\/#\/schema\/person\/c3b2aa857797592927a03740d6664376","name":"prensa2","image":{"@type":"ImageObject","inLanguage":"es","@id":"https:\/\/www.ull.es\/portal\/noticias\/#\/schema\/person\/image\/","url":"https:\/\/secure.gravatar.com\/avatar\/b58f310a5de5feb33d1e026d2493f23c?s=96&d=mm&r=g","contentUrl":"https:\/\/secure.gravatar.com\/avatar\/b58f310a5de5feb33d1e026d2493f23c?s=96&d=mm&r=g","caption":"prensa2"},"url":"https:\/\/www.ull.es\/portal\/noticias\/author\/prensa2\/"}]}},"primary_category":{"id":346,"name":"Docencia","slug":"docencia","link":"https:\/\/www.ull.es\/portal\/noticias\/category\/docencia\/"},"featured_image_thumbnail_url":"https:\/\/www.ull.es\/portal\/noticias\/wp-content\/uploads\/sites\/13\/2020\/05\/santamarta-300x200.jpg","_links":{"self":[{"href":"https:\/\/www.ull.es\/portal\/noticias\/wp-json\/wp\/v2\/posts\/50444"}],"collection":[{"href":"https:\/\/www.ull.es\/portal\/noticias\/wp-json\/wp\/v2\/posts"}],"about":[{"href":"https:\/\/www.ull.es\/portal\/noticias\/wp-json\/wp\/v2\/types\/post"}],"author":[{"embeddable":true,"href":"https:\/\/www.ull.es\/portal\/noticias\/wp-json\/wp\/v2\/users\/21"}],"replies":[{"embeddable":true,"href":"https:\/\/www.ull.es\/portal\/noticias\/wp-json\/wp\/v2\/comments?post=50444"}],"version-history":[{"count":3,"href":"https:\/\/www.ull.es\/portal\/noticias\/wp-json\/wp\/v2\/posts\/50444\/revisions"}],"predecessor-version":[{"id":50456,"href":"https:\/\/www.ull.es\/portal\/noticias\/wp-json\/wp\/v2\/posts\/50444\/revisions\/50456"}],"wp:featuredmedia":[{"embeddable":true,"href":"https:\/\/www.ull.es\/portal\/noticias\/wp-json\/wp\/v2\/media\/50445"}],"wp:attachment":[{"href":"https:\/\/www.ull.es\/portal\/noticias\/wp-json\/wp\/v2\/media?parent=50444"}],"wp:term":[{"taxonomy":"category","embeddable":true,"href":"https:\/\/www.ull.es\/portal\/noticias\/wp-json\/wp\/v2\/categories?post=50444"},{"taxonomy":"post_tag","embeddable":true,"href":"https:\/\/www.ull.es\/portal\/noticias\/wp-json\/wp\/v2\/tags?post=50444"}],"curies":[{"name":"wp","href":"https:\/\/api.w.org\/{rel}","templated":true}]}}