{"id":50468,"date":"2020-05-29T12:08:45","date_gmt":"2020-05-29T12:08:45","guid":{"rendered":"https:\/\/www.ull.es\/portal\/noticias\/?p=50468"},"modified":"2020-05-29T12:08:45","modified_gmt":"2020-05-29T12:08:45","slug":"ranking-cyd-compromiso-ull-desarrollo","status":"publish","type":"post","link":"https:\/\/www.ull.es\/portal\/noticias\/2020\/ranking-cyd-compromiso-ull-desarrollo\/","title":{"rendered":"El ranking CYD vuelve a destacar el fuerte compromiso de la ULL con el desarrollo de Canarias"},"content":{"rendered":"<p class=\"p2\"><span class=\"s1\">El Ranking de la Fundaci\u00f3n CYD, recientemente publicado, presenta en su edici\u00f3n de 2020 resultados institucionales de 76 universidades de todas las comunidades aut\u00f3nomas, 48 p\u00fablicas y 28 privadas. Analiza 37 indicadores agrupados en 6 dimensiones: ense\u00f1anza y aprendizaje, investigaci\u00f3n, transferencia de conocimiento, orientaci\u00f3n internacional, contribuci\u00f3n al desarrollo regional e inserci\u00f3n laboral. Los resultados de la Universidad de La Laguna muestran, como ya ha hecho en ediciones anteriores, el fuerte compromiso de la instituci\u00f3n con el desarrollo regional de Canarias.<\/span><\/p>\n<p class=\"p3\"><span class=\"s1\">El Ranking muestra resultados en 25 \u00e1mbitos de conocimiento e\u00a0incluye\u00a02.925 titulaciones,\u00a0con el prop\u00f3sito de comparar el rendimiento de las universidades en las 6 dimensiones mencionadas. Los \u00e1mbitos de conocimiento presentes en esta edici\u00f3n son Administraci\u00f3n y Direcci\u00f3n de empresas, F\u00edsica, Medicina, Psicolog\u00eda, Matem\u00e1ticas, Sociolog\u00eda, Historia, Trabajo Social, Qu\u00edmica, Biolog\u00eda, Econom\u00eda, Ciencias Pol\u00edticas, Educaci\u00f3n, Enfermer\u00eda, Farmacia, Odontolog\u00eda, las ingenier\u00edas El\u00e9ctrica, Mec\u00e1nica, Inform\u00e1tica, Qu\u00edmica, Civil, Industrial y de Materiales, Derecho y Ciencias de la Tierra<\/span><span class=\"s2\">.<\/span><\/p>\n<p class=\"p3\"><span class=\"s2\">A<\/span><span class=\"s1\">nalizados los resultados de la Universidad de La Laguna, de los 37 indicadores mostrados, presenta un rendimiento alto en 5 de ellos (publicaciones internacionales, publicaciones con empresas, pr\u00e1cticas en empresas de la regi\u00f3n, publicaciones regionales y fondos de investigaci\u00f3n regionales); un rendimiento intermedio en 11 y reducido en otros 21. <\/span><\/p>\n<p class=\"p3\"><span class=\"s1\">Estos resultados dan fe del fuerte compromiso de la Universidad de La Laguna con el desarrollo de Canarias, coloc\u00e1ndose en la cuarta posici\u00f3n, compartida con la Universidad de M\u00e1laga, Universidad de Mondrag\u00f3n, Universidad Nacional de Educaci\u00f3n a Distancia y Universidad Vic-Central de Catalunya, y detr\u00e1s de la Universidad de Deusto, Universidad Internacional de Catalunya y Universidad P\u00fablica de Navarra. <\/span><\/p>\n<p class=\"p3\"><span class=\"s1\">Los datos por autonom\u00edas revelan que las dos instituciones p\u00fablicas de educaci\u00f3n superior del Archipi\u00e9lago, la Universidad de La Laguna y Universidad de Las Palmas de Gran Canaria, sit\u00faan a Canarias como la tercera comunidad en contribuci\u00f3n al desarrollo regional. <\/span><\/p>\n<p class=\"p4\"><a href=\"http:\/\/rankingcyd.org\/resultados-del-ranking-cyd\/2020\/universidades-espanolas\/\" target=\"_blank\" rel=\"noopener noreferrer\" target=\"_blank\" rel=\"noopener\"><span class=\"s3\"> Resultados de la edici\u00f3n 2020 del Ranking CYD<\/span><\/a><b><\/b><\/p>\n","protected":false},"excerpt":{"rendered":"<p>El Ranking de la Fundaci\u00f3n CYD, recientemente publicado, presenta en su edici\u00f3n de 2020 resultados institucionales de 76 universidades de&#8230;<\/p>\n","protected":false},"author":21,"featured_media":50469,"comment_status":"closed","ping_status":"closed","sticky":false,"template":"","format":"standard","meta":{"inline_featured_image":false,"footnotes":""},"categories":[345,348,2765],"tags":[2740,2223,5705,2229],"acf":[],"yoast_head":"<!-- This site is optimized with the Yoast SEO plugin v21.3 - https:\/\/yoast.com\/wordpress\/plugins\/seo\/ -->\n<title>El ranking CYD destaca el compromiso de la ULL con el desarrollo local<\/title>\n<meta name=\"description\" content=\"De 37 indicadores, presenta rendimiento alto en 5 de ellos, intermedio en 11 y reducido en 21 y destaca en los referidos a contribuci\u00f3n al desarrollo.\" \/>\n<meta name=\"robots\" content=\"index, follow, max-snippet:-1, max-image-preview:large, max-video-preview:-1\" \/>\n<link rel=\"canonical\" href=\"https:\/\/www.ull.es\/portal\/noticias\/2020\/ranking-cyd-compromiso-ull-desarrollo\/\" \/>\n<meta property=\"og:locale\" content=\"es_ES\" \/>\n<meta property=\"og:type\" content=\"article\" \/>\n<meta property=\"og:title\" content=\"El ranking CYD destaca el compromiso de la ULL con el desarrollo local\" \/>\n<meta property=\"og:description\" content=\"De 37 indicadores, presenta rendimiento alto en 5 de ellos, intermedio en 11 y reducido en 21 y destaca en los referidos a contribuci\u00f3n al desarrollo.\" \/>\n<meta property=\"og:url\" content=\"https:\/\/www.ull.es\/portal\/noticias\/2020\/ranking-cyd-compromiso-ull-desarrollo\/\" \/>\n<meta property=\"og:site_name\" content=\"ULL - Noticias\" \/>\n<meta property=\"article:publisher\" content=\"https:\/\/www.facebook.com\/universidaddelalaguna\/\" \/>\n<meta property=\"article:published_time\" content=\"2020-05-29T12:08:45+00:00\" \/>\n<meta property=\"og:image\" content=\"https:\/\/www.ull.es\/portal\/noticias\/wp-content\/uploads\/sites\/13\/2020\/05\/portada-ranking-cyd.png\" \/>\n\t<meta property=\"og:image:width\" content=\"1200\" \/>\n\t<meta property=\"og:image:height\" content=\"761\" \/>\n\t<meta property=\"og:image:type\" content=\"image\/png\" \/>\n<meta name=\"author\" content=\"prensa2\" \/>\n<meta name=\"twitter:card\" content=\"summary_large_image\" \/>\n<meta name=\"twitter:creator\" content=\"@CanalULL\" \/>\n<meta name=\"twitter:site\" content=\"@CanalULL\" \/>\n<meta name=\"twitter:label1\" content=\"Escrito por\" \/>\n\t<meta name=\"twitter:data1\" content=\"prensa2\" \/>\n\t<meta name=\"twitter:label2\" content=\"Tiempo de lectura\" \/>\n\t<meta name=\"twitter:data2\" content=\"2 minutos\" \/>\n<script type=\"application\/ld+json\" class=\"yoast-schema-graph\">{\"@context\":\"https:\/\/schema.org\",\"@graph\":[{\"@type\":\"WebPage\",\"@id\":\"https:\/\/www.ull.es\/portal\/noticias\/2020\/ranking-cyd-compromiso-ull-desarrollo\/\",\"url\":\"https:\/\/www.ull.es\/portal\/noticias\/2020\/ranking-cyd-compromiso-ull-desarrollo\/\",\"name\":\"El ranking CYD destaca el compromiso de la ULL con el desarrollo local\",\"isPartOf\":{\"@id\":\"https:\/\/www.ull.es\/portal\/noticias\/#website\"},\"datePublished\":\"2020-05-29T12:08:45+00:00\",\"dateModified\":\"2020-05-29T12:08:45+00:00\",\"author\":{\"@id\":\"https:\/\/www.ull.es\/portal\/noticias\/#\/schema\/person\/c3b2aa857797592927a03740d6664376\"},\"description\":\"De 37 indicadores, presenta rendimiento alto en 5 de ellos, intermedio en 11 y reducido en 21 y destaca en los referidos a contribuci\u00f3n al desarrollo.\",\"breadcrumb\":{\"@id\":\"https:\/\/www.ull.es\/portal\/noticias\/2020\/ranking-cyd-compromiso-ull-desarrollo\/#breadcrumb\"},\"inLanguage\":\"es\",\"potentialAction\":[{\"@type\":\"ReadAction\",\"target\":[\"https:\/\/www.ull.es\/portal\/noticias\/2020\/ranking-cyd-compromiso-ull-desarrollo\/\"]}]},{\"@type\":\"BreadcrumbList\",\"@id\":\"https:\/\/www.ull.es\/portal\/noticias\/2020\/ranking-cyd-compromiso-ull-desarrollo\/#breadcrumb\",\"itemListElement\":[{\"@type\":\"ListItem\",\"position\":1,\"name\":\"Portada\",\"item\":\"https:\/\/www.ull.es\/portal\/noticias\/\"},{\"@type\":\"ListItem\",\"position\":2,\"name\":\"El ranking CYD vuelve a destacar el fuerte compromiso de la ULL con el desarrollo de Canarias\"}]},{\"@type\":\"WebSite\",\"@id\":\"https:\/\/www.ull.es\/portal\/noticias\/#website\",\"url\":\"https:\/\/www.ull.es\/portal\/noticias\/\",\"name\":\"ULL - Noticias\",\"description\":\"\",\"potentialAction\":[{\"@type\":\"SearchAction\",\"target\":{\"@type\":\"EntryPoint\",\"urlTemplate\":\"https:\/\/www.ull.es\/portal\/noticias\/?s={search_term_string}\"},\"query-input\":\"required name=search_term_string\"}],\"inLanguage\":\"es\"},{\"@type\":\"Person\",\"@id\":\"https:\/\/www.ull.es\/portal\/noticias\/#\/schema\/person\/c3b2aa857797592927a03740d6664376\",\"name\":\"prensa2\",\"image\":{\"@type\":\"ImageObject\",\"inLanguage\":\"es\",\"@id\":\"https:\/\/www.ull.es\/portal\/noticias\/#\/schema\/person\/image\/\",\"url\":\"https:\/\/secure.gravatar.com\/avatar\/b58f310a5de5feb33d1e026d2493f23c?s=96&d=mm&r=g\",\"contentUrl\":\"https:\/\/secure.gravatar.com\/avatar\/b58f310a5de5feb33d1e026d2493f23c?s=96&d=mm&r=g\",\"caption\":\"prensa2\"},\"url\":\"https:\/\/www.ull.es\/portal\/noticias\/author\/prensa2\/\"}]}<\/script>\n<!-- \/ Yoast SEO plugin. -->","yoast_head_json":{"title":"El ranking CYD destaca el compromiso de la ULL con el desarrollo local","description":"De 37 indicadores, presenta rendimiento alto en 5 de ellos, intermedio en 11 y reducido en 21 y destaca en los referidos a contribuci\u00f3n al desarrollo.","robots":{"index":"index","follow":"follow","max-snippet":"max-snippet:-1","max-image-preview":"max-image-preview:large","max-video-preview":"max-video-preview:-1"},"canonical":"https:\/\/www.ull.es\/portal\/noticias\/2020\/ranking-cyd-compromiso-ull-desarrollo\/","og_locale":"es_ES","og_type":"article","og_title":"El ranking CYD destaca el compromiso de la ULL con el desarrollo local","og_description":"De 37 indicadores, presenta rendimiento alto en 5 de ellos, intermedio en 11 y reducido en 21 y destaca en los referidos a contribuci\u00f3n al desarrollo.","og_url":"https:\/\/www.ull.es\/portal\/noticias\/2020\/ranking-cyd-compromiso-ull-desarrollo\/","og_site_name":"ULL - Noticias","article_publisher":"https:\/\/www.facebook.com\/universidaddelalaguna\/","article_published_time":"2020-05-29T12:08:45+00:00","og_image":[{"width":1200,"height":761,"url":"https:\/\/www.ull.es\/portal\/noticias\/wp-content\/uploads\/sites\/13\/2020\/05\/portada-ranking-cyd.png","type":"image\/png"}],"author":"prensa2","twitter_card":"summary_large_image","twitter_creator":"@CanalULL","twitter_site":"@CanalULL","twitter_misc":{"Escrito por":"prensa2","Tiempo de lectura":"2 minutos"},"schema":{"@context":"https:\/\/schema.org","@graph":[{"@type":"WebPage","@id":"https:\/\/www.ull.es\/portal\/noticias\/2020\/ranking-cyd-compromiso-ull-desarrollo\/","url":"https:\/\/www.ull.es\/portal\/noticias\/2020\/ranking-cyd-compromiso-ull-desarrollo\/","name":"El ranking CYD destaca el compromiso de la ULL con el desarrollo local","isPartOf":{"@id":"https:\/\/www.ull.es\/portal\/noticias\/#website"},"datePublished":"2020-05-29T12:08:45+00:00","dateModified":"2020-05-29T12:08:45+00:00","author":{"@id":"https:\/\/www.ull.es\/portal\/noticias\/#\/schema\/person\/c3b2aa857797592927a03740d6664376"},"description":"De 37 indicadores, presenta rendimiento alto en 5 de ellos, intermedio en 11 y reducido en 21 y destaca en los referidos a contribuci\u00f3n al desarrollo.","breadcrumb":{"@id":"https:\/\/www.ull.es\/portal\/noticias\/2020\/ranking-cyd-compromiso-ull-desarrollo\/#breadcrumb"},"inLanguage":"es","potentialAction":[{"@type":"ReadAction","target":["https:\/\/www.ull.es\/portal\/noticias\/2020\/ranking-cyd-compromiso-ull-desarrollo\/"]}]},{"@type":"BreadcrumbList","@id":"https:\/\/www.ull.es\/portal\/noticias\/2020\/ranking-cyd-compromiso-ull-desarrollo\/#breadcrumb","itemListElement":[{"@type":"ListItem","position":1,"name":"Portada","item":"https:\/\/www.ull.es\/portal\/noticias\/"},{"@type":"ListItem","position":2,"name":"El ranking CYD vuelve a destacar el fuerte compromiso de la ULL con el desarrollo de Canarias"}]},{"@type":"WebSite","@id":"https:\/\/www.ull.es\/portal\/noticias\/#website","url":"https:\/\/www.ull.es\/portal\/noticias\/","name":"ULL - Noticias","description":"","potentialAction":[{"@type":"SearchAction","target":{"@type":"EntryPoint","urlTemplate":"https:\/\/www.ull.es\/portal\/noticias\/?s={search_term_string}"},"query-input":"required name=search_term_string"}],"inLanguage":"es"},{"@type":"Person","@id":"https:\/\/www.ull.es\/portal\/noticias\/#\/schema\/person\/c3b2aa857797592927a03740d6664376","name":"prensa2","image":{"@type":"ImageObject","inLanguage":"es","@id":"https:\/\/www.ull.es\/portal\/noticias\/#\/schema\/person\/image\/","url":"https:\/\/secure.gravatar.com\/avatar\/b58f310a5de5feb33d1e026d2493f23c?s=96&d=mm&r=g","contentUrl":"https:\/\/secure.gravatar.com\/avatar\/b58f310a5de5feb33d1e026d2493f23c?s=96&d=mm&r=g","caption":"prensa2"},"url":"https:\/\/www.ull.es\/portal\/noticias\/author\/prensa2\/"}]}},"primary_category":{"id":345,"name":"Destacado","slug":"destacado","link":"https:\/\/www.ull.es\/portal\/noticias\/category\/destacado\/"},"featured_image_thumbnail_url":"https:\/\/www.ull.es\/portal\/noticias\/wp-content\/uploads\/sites\/13\/2020\/05\/portada-ranking-cyd-300x190.png","_links":{"self":[{"href":"https:\/\/www.ull.es\/portal\/noticias\/wp-json\/wp\/v2\/posts\/50468"}],"collection":[{"href":"https:\/\/www.ull.es\/portal\/noticias\/wp-json\/wp\/v2\/posts"}],"about":[{"href":"https:\/\/www.ull.es\/portal\/noticias\/wp-json\/wp\/v2\/types\/post"}],"author":[{"embeddable":true,"href":"https:\/\/www.ull.es\/portal\/noticias\/wp-json\/wp\/v2\/users\/21"}],"replies":[{"embeddable":true,"href":"https:\/\/www.ull.es\/portal\/noticias\/wp-json\/wp\/v2\/comments?post=50468"}],"version-history":[{"count":1,"href":"https:\/\/www.ull.es\/portal\/noticias\/wp-json\/wp\/v2\/posts\/50468\/revisions"}],"predecessor-version":[{"id":50470,"href":"https:\/\/www.ull.es\/portal\/noticias\/wp-json\/wp\/v2\/posts\/50468\/revisions\/50470"}],"wp:featuredmedia":[{"embeddable":true,"href":"https:\/\/www.ull.es\/portal\/noticias\/wp-json\/wp\/v2\/media\/50469"}],"wp:attachment":[{"href":"https:\/\/www.ull.es\/portal\/noticias\/wp-json\/wp\/v2\/media?parent=50468"}],"wp:term":[{"taxonomy":"category","embeddable":true,"href":"https:\/\/www.ull.es\/portal\/noticias\/wp-json\/wp\/v2\/categories?post=50468"},{"taxonomy":"post_tag","embeddable":true,"href":"https:\/\/www.ull.es\/portal\/noticias\/wp-json\/wp\/v2\/tags?post=50468"}],"curies":[{"name":"wp","href":"https:\/\/api.w.org\/{rel}","templated":true}]}}