{"id":50524,"date":"2020-06-04T09:42:33","date_gmt":"2020-06-04T09:42:33","guid":{"rendered":"https:\/\/www.ull.es\/portal\/noticias\/?p=50524"},"modified":"2020-06-04T10:47:40","modified_gmt":"2020-06-04T10:47:40","slug":"otri-balance-actividad-tras-remodelacion","status":"publish","type":"post","link":"https:\/\/www.ull.es\/portal\/noticias\/2020\/otri-balance-actividad-tras-remodelacion\/","title":{"rendered":"La Oficina de Transferencia de la ULL hace balance de sus dos primeros a\u00f1os de actividad tras su remodelaci\u00f3n"},"content":{"rendered":"<p class=\"p3\"><span class=\"s1\">La <a href=\"http:\/\/ull.es\/servicios\/otri\/\" target=\"_blank\" rel=\"noopener noreferrer\" target=\"_blank\" rel=\"noopener\">Oficina de Transferencia de Resultados de Investigaci\u00f3n<\/a> (OTRI) de la Universidad de La Laguna cumpli\u00f3 en 2019 su trig\u00e9simo aniversario, justo en un momento de su historia en el que ha sufrido una profunda remodelaci\u00f3n que le ha permitido reorganizar su estructura. Este periodo nuevo comenz\u00f3 en enero de 2018 gracias a la financiaci\u00f3n del Fondo de Desarrollo de Canarias (FDCAN) del ejecutivo regional, con el apoyo financiero del Cabildo de Tenerife y las fundaciones CajaCanarias y \u201cla Caixa\u201d, y ha permitido a la entidad ampliar e intensificar sus actividades. Recientemente <a href=\"https:\/\/drive.google.com\/open?id=1SJrRXaxSfablFc3jAP7AHqmh7seDnsC1\" target=\"_blank\" rel=\"noopener noreferrer\" target=\"_blank\" rel=\"noopener\">ha publicado la memoria<\/a> que hace balance de sus dos \u00faltimos a\u00f1os en sus cuatro \u00e1reas: valorizaci\u00f3n, protecci\u00f3n, proyectos internacionales y creaci\u00f3n de spin-off o empresas de base tecnol\u00f3gica.<\/span><\/p>\n<p class=\"p3\"><span class=\"s1\">En el prefacio del documento, la rectora de la Universidad de La Laguna, Rosa Aguilar Chinea, explica que esta memoria no solo ofrece un ejercicio de transparencia al presentar sus datos, sino que permite obtener una idea clara de la evoluci\u00f3n de la transferencia del conocimiento universitario al tejido productivo. \u201cPuede comprobarse ciertamente que la tendencia es al alza y, aunque con datos modestos propios de una econom\u00eda de servicios como es la canaria, cada vez es m\u00e1s evidente la pujanza cient\u00edfica de este centro acad\u00e9mico, que no solo investiga, sino que tambi\u00e9n transfiere su buen hacer a la sociedad a trav\u00e9s de patentes y contratos\u201d.<\/span><\/p>\n<p class=\"p3\"><span class=\"s1\">Por su parte, la actual directora de la OTRI, Raquel Mar\u00edn Cruzado, explica que los datos e indicadores de la memoria han sido recopilados de diversas fuentes p\u00fablicas y propias de la actividad de transferencia. Vistos los resultados, se\u00f1ala su intenci\u00f3n de continuar \u201cen la l\u00ednea de progresi\u00f3n que se ha ido consolidando en los \u00faltimos a\u00f1os en la Oficina sobre las diversas acciones en protecci\u00f3n, valorizaci\u00f3n, promoci\u00f3n, divulgaci\u00f3n, creaci\u00f3n de spin-offs y en general acciones orientadas a la formaci\u00f3n y generaci\u00f3n del esp\u00edritu emprendedor en el personal docente e investigador y en el alumnado de la Universidad de La Laguna\u201d.<\/span><\/p>\n<p class=\"p3\"><span class=\"s1\"><b>Memoria 2018-19<\/b><\/span><\/p>\n<p class=\"p3\"><span class=\"s1\">La exposici\u00f3n de datos comienza ofreciendo una r\u00e1pida panor\u00e1mica del sector de la investigaci\u00f3n en la Universidad de La Laguna durante el bienio analizado. En ese periodo, hubo una plantilla de personal docente e investigador de 1.593 personas, el 61% de sexo masculino y el 39%, femenino. Por \u00e1reas, la m\u00e1s numerosa es la Ciencias Sociales y Jur\u00eddicas, con 469 investigadores, seguida por Ciencias de la Salud (328), Ciencias (298), Arte y Humanidades (258) e Ingenier\u00eda y Arquitectura (240).<\/span><\/p>\n<p class=\"p3\"><span class=\"s1\">De todo ese personal, 230 personas se han embarcado en actividades propias de transferencia de conocimiento, en las cuales la distribuci\u00f3n por \u00e1reas var\u00eda: la m\u00e1s numerosa es Ciencias, con 97 personas que equivalen al 42% de esa cifra global, seguidas por Arte y Humanidades, con 36 (16%), Ingenier\u00eda y Arquitectura, con 35 (15%), Ciencias Sociales y Jur\u00eddicas, con 34 (15%) y Ciencias de la Salud, con 28 (12%).<\/span><\/p>\n<p class=\"p3\"><span class=\"s1\">Finalmente, el documento repasa la actividad de las cuatro grades \u00e1reas de la OTRI. En Protecci\u00f3n, explica que en 2018 se realiz\u00f3 una actualizaci\u00f3n de expedientes que concluy\u00f3 que a finales de ese a\u00f1o se contaba con 49 patentes nacionales en vigor, de las cuales el 14% estaban extendidas internacionalmente y licenciadas, as\u00ed como dos modelos de utilidad vigentes. <\/span><\/p>\n<p class=\"p3\"><span class=\"s1\">En Valorizaci\u00f3n, se revisaron todos los modelos de acuerdos gestionados por la oficina y se establecieron nuevos protocolos de colaboraci\u00f3n. De este modo, en 2018 se analizaron y firmaron 66 acuerdos, que supusieron un presupuesto total de 87.913 euros, mientras que en 2019 las firmas aumentaron a 98, con una cuant\u00eda sensiblemente superior de 792.00 euros de presupuesto.<\/span><\/p>\n<p class=\"p3\"><span class=\"s1\">En el \u00e1rea de Proyectos, se resume que en el binomio estudiado hubo 196 proyectos regionales y nacionales gestionados, por valor total de 4.651.095 euros, frente a los 7 internacionales concedidos por valor de 5.629.000 euros.<\/span><\/p>\n<p class=\"p3\"><span class=\"s1\">Finalmente, en el \u00e1rea de empresas Spin-Off se da cuenta de la creaci\u00f3n de un nuevo reglamento para gestionar este tipo de iniciativas que entr\u00f3 en vigor el 7 de mayo de 2019. En 2019 la instituci\u00f3n contaba ya con tres de estas empresas: Wooptix, Kaizten Analytics y Neurocl\u00ednica. Aunque excede del marco temporal estudiado, la memoria avanza que en 2020 se han creado dos m\u00e1s: Formach\u00e9 y Alisio Chemical Technologies.<\/span><\/p>\n","protected":false},"excerpt":{"rendered":"<p>La Oficina de Transferencia de Resultados de Investigaci\u00f3n (OTRI) de la Universidad de La Laguna cumpli\u00f3 en 2019 su trig\u00e9simo&#8230;<\/p>\n","protected":false},"author":21,"featured_media":50525,"comment_status":"closed","ping_status":"closed","sticky":false,"template":"","format":"standard","meta":{"inline_featured_image":false,"footnotes":""},"categories":[345,350,4403,2765],"tags":[3296,1543,4242,2029,4244,4846],"acf":[],"yoast_head":"<!-- This site is optimized with the Yoast SEO plugin v21.3 - https:\/\/yoast.com\/wordpress\/plugins\/seo\/ -->\n<title>La OTR hace balance de sus dos primeros a\u00f1os tras su remodelaci\u00f3n<\/title>\n<meta name=\"description\" content=\"La Oficina de Transferencia de Resultados de Investigaci\u00f3n publica su memoria 2018-19, primer bienio de actividad tras haber sido profundamente remodelada.\" \/>\n<meta name=\"robots\" content=\"index, follow, max-snippet:-1, max-image-preview:large, max-video-preview:-1\" \/>\n<link rel=\"canonical\" href=\"https:\/\/www.ull.es\/portal\/noticias\/2020\/otri-balance-actividad-tras-remodelacion\/\" \/>\n<meta property=\"og:locale\" content=\"es_ES\" \/>\n<meta property=\"og:type\" content=\"article\" \/>\n<meta property=\"og:title\" content=\"La OTR hace balance de sus dos primeros a\u00f1os tras su remodelaci\u00f3n\" \/>\n<meta property=\"og:description\" content=\"La Oficina de Transferencia de Resultados de Investigaci\u00f3n publica su memoria 2018-19, primer bienio de actividad tras haber sido profundamente remodelada.\" \/>\n<meta property=\"og:url\" content=\"https:\/\/www.ull.es\/portal\/noticias\/2020\/otri-balance-actividad-tras-remodelacion\/\" \/>\n<meta property=\"og:site_name\" content=\"ULL - Noticias\" \/>\n<meta property=\"article:publisher\" content=\"https:\/\/www.facebook.com\/universidaddelalaguna\/\" \/>\n<meta property=\"article:published_time\" content=\"2020-06-04T09:42:33+00:00\" \/>\n<meta property=\"article:modified_time\" content=\"2020-06-04T10:47:40+00:00\" \/>\n<meta property=\"og:image\" content=\"https:\/\/www.ull.es\/portal\/noticias\/wp-content\/uploads\/sites\/13\/2020\/06\/portada-memoria-otri.png\" \/>\n\t<meta property=\"og:image:width\" content=\"1200\" \/>\n\t<meta property=\"og:image:height\" content=\"801\" \/>\n\t<meta property=\"og:image:type\" content=\"image\/png\" \/>\n<meta name=\"author\" content=\"prensa2\" \/>\n<meta name=\"twitter:card\" content=\"summary_large_image\" \/>\n<meta name=\"twitter:creator\" content=\"@CanalULL\" \/>\n<meta name=\"twitter:site\" content=\"@CanalULL\" \/>\n<meta name=\"twitter:label1\" content=\"Escrito por\" \/>\n\t<meta name=\"twitter:data1\" content=\"prensa2\" \/>\n\t<meta name=\"twitter:label2\" content=\"Tiempo de lectura\" \/>\n\t<meta name=\"twitter:data2\" content=\"4 minutos\" \/>\n<script type=\"application\/ld+json\" class=\"yoast-schema-graph\">{\"@context\":\"https:\/\/schema.org\",\"@graph\":[{\"@type\":\"WebPage\",\"@id\":\"https:\/\/www.ull.es\/portal\/noticias\/2020\/otri-balance-actividad-tras-remodelacion\/\",\"url\":\"https:\/\/www.ull.es\/portal\/noticias\/2020\/otri-balance-actividad-tras-remodelacion\/\",\"name\":\"La OTR hace balance de sus dos primeros a\u00f1os tras su remodelaci\u00f3n\",\"isPartOf\":{\"@id\":\"https:\/\/www.ull.es\/portal\/noticias\/#website\"},\"datePublished\":\"2020-06-04T09:42:33+00:00\",\"dateModified\":\"2020-06-04T10:47:40+00:00\",\"author\":{\"@id\":\"https:\/\/www.ull.es\/portal\/noticias\/#\/schema\/person\/c3b2aa857797592927a03740d6664376\"},\"description\":\"La Oficina de Transferencia de Resultados de Investigaci\u00f3n publica su memoria 2018-19, primer bienio de actividad tras haber sido profundamente remodelada.\",\"breadcrumb\":{\"@id\":\"https:\/\/www.ull.es\/portal\/noticias\/2020\/otri-balance-actividad-tras-remodelacion\/#breadcrumb\"},\"inLanguage\":\"es\",\"potentialAction\":[{\"@type\":\"ReadAction\",\"target\":[\"https:\/\/www.ull.es\/portal\/noticias\/2020\/otri-balance-actividad-tras-remodelacion\/\"]}]},{\"@type\":\"BreadcrumbList\",\"@id\":\"https:\/\/www.ull.es\/portal\/noticias\/2020\/otri-balance-actividad-tras-remodelacion\/#breadcrumb\",\"itemListElement\":[{\"@type\":\"ListItem\",\"position\":1,\"name\":\"Portada\",\"item\":\"https:\/\/www.ull.es\/portal\/noticias\/\"},{\"@type\":\"ListItem\",\"position\":2,\"name\":\"La Oficina de Transferencia de la ULL hace balance de sus dos primeros a\u00f1os de actividad tras su remodelaci\u00f3n\"}]},{\"@type\":\"WebSite\",\"@id\":\"https:\/\/www.ull.es\/portal\/noticias\/#website\",\"url\":\"https:\/\/www.ull.es\/portal\/noticias\/\",\"name\":\"ULL - Noticias\",\"description\":\"\",\"potentialAction\":[{\"@type\":\"SearchAction\",\"target\":{\"@type\":\"EntryPoint\",\"urlTemplate\":\"https:\/\/www.ull.es\/portal\/noticias\/?s={search_term_string}\"},\"query-input\":\"required name=search_term_string\"}],\"inLanguage\":\"es\"},{\"@type\":\"Person\",\"@id\":\"https:\/\/www.ull.es\/portal\/noticias\/#\/schema\/person\/c3b2aa857797592927a03740d6664376\",\"name\":\"prensa2\",\"image\":{\"@type\":\"ImageObject\",\"inLanguage\":\"es\",\"@id\":\"https:\/\/www.ull.es\/portal\/noticias\/#\/schema\/person\/image\/\",\"url\":\"https:\/\/secure.gravatar.com\/avatar\/b58f310a5de5feb33d1e026d2493f23c?s=96&d=mm&r=g\",\"contentUrl\":\"https:\/\/secure.gravatar.com\/avatar\/b58f310a5de5feb33d1e026d2493f23c?s=96&d=mm&r=g\",\"caption\":\"prensa2\"},\"url\":\"https:\/\/www.ull.es\/portal\/noticias\/author\/prensa2\/\"}]}<\/script>\n<!-- \/ Yoast SEO plugin. -->","yoast_head_json":{"title":"La OTR hace balance de sus dos primeros a\u00f1os tras su remodelaci\u00f3n","description":"La Oficina de Transferencia de Resultados de Investigaci\u00f3n publica su memoria 2018-19, primer bienio de actividad tras haber sido profundamente remodelada.","robots":{"index":"index","follow":"follow","max-snippet":"max-snippet:-1","max-image-preview":"max-image-preview:large","max-video-preview":"max-video-preview:-1"},"canonical":"https:\/\/www.ull.es\/portal\/noticias\/2020\/otri-balance-actividad-tras-remodelacion\/","og_locale":"es_ES","og_type":"article","og_title":"La OTR hace balance de sus dos primeros a\u00f1os tras su remodelaci\u00f3n","og_description":"La Oficina de Transferencia de Resultados de Investigaci\u00f3n publica su memoria 2018-19, primer bienio de actividad tras haber sido profundamente remodelada.","og_url":"https:\/\/www.ull.es\/portal\/noticias\/2020\/otri-balance-actividad-tras-remodelacion\/","og_site_name":"ULL - Noticias","article_publisher":"https:\/\/www.facebook.com\/universidaddelalaguna\/","article_published_time":"2020-06-04T09:42:33+00:00","article_modified_time":"2020-06-04T10:47:40+00:00","og_image":[{"width":1200,"height":801,"url":"https:\/\/www.ull.es\/portal\/noticias\/wp-content\/uploads\/sites\/13\/2020\/06\/portada-memoria-otri.png","type":"image\/png"}],"author":"prensa2","twitter_card":"summary_large_image","twitter_creator":"@CanalULL","twitter_site":"@CanalULL","twitter_misc":{"Escrito por":"prensa2","Tiempo de lectura":"4 minutos"},"schema":{"@context":"https:\/\/schema.org","@graph":[{"@type":"WebPage","@id":"https:\/\/www.ull.es\/portal\/noticias\/2020\/otri-balance-actividad-tras-remodelacion\/","url":"https:\/\/www.ull.es\/portal\/noticias\/2020\/otri-balance-actividad-tras-remodelacion\/","name":"La OTR hace balance de sus dos primeros a\u00f1os tras su remodelaci\u00f3n","isPartOf":{"@id":"https:\/\/www.ull.es\/portal\/noticias\/#website"},"datePublished":"2020-06-04T09:42:33+00:00","dateModified":"2020-06-04T10:47:40+00:00","author":{"@id":"https:\/\/www.ull.es\/portal\/noticias\/#\/schema\/person\/c3b2aa857797592927a03740d6664376"},"description":"La Oficina de Transferencia de Resultados de Investigaci\u00f3n publica su memoria 2018-19, primer bienio de actividad tras haber sido profundamente remodelada.","breadcrumb":{"@id":"https:\/\/www.ull.es\/portal\/noticias\/2020\/otri-balance-actividad-tras-remodelacion\/#breadcrumb"},"inLanguage":"es","potentialAction":[{"@type":"ReadAction","target":["https:\/\/www.ull.es\/portal\/noticias\/2020\/otri-balance-actividad-tras-remodelacion\/"]}]},{"@type":"BreadcrumbList","@id":"https:\/\/www.ull.es\/portal\/noticias\/2020\/otri-balance-actividad-tras-remodelacion\/#breadcrumb","itemListElement":[{"@type":"ListItem","position":1,"name":"Portada","item":"https:\/\/www.ull.es\/portal\/noticias\/"},{"@type":"ListItem","position":2,"name":"La Oficina de Transferencia de la ULL hace balance de sus dos primeros a\u00f1os de actividad tras su remodelaci\u00f3n"}]},{"@type":"WebSite","@id":"https:\/\/www.ull.es\/portal\/noticias\/#website","url":"https:\/\/www.ull.es\/portal\/noticias\/","name":"ULL - Noticias","description":"","potentialAction":[{"@type":"SearchAction","target":{"@type":"EntryPoint","urlTemplate":"https:\/\/www.ull.es\/portal\/noticias\/?s={search_term_string}"},"query-input":"required name=search_term_string"}],"inLanguage":"es"},{"@type":"Person","@id":"https:\/\/www.ull.es\/portal\/noticias\/#\/schema\/person\/c3b2aa857797592927a03740d6664376","name":"prensa2","image":{"@type":"ImageObject","inLanguage":"es","@id":"https:\/\/www.ull.es\/portal\/noticias\/#\/schema\/person\/image\/","url":"https:\/\/secure.gravatar.com\/avatar\/b58f310a5de5feb33d1e026d2493f23c?s=96&d=mm&r=g","contentUrl":"https:\/\/secure.gravatar.com\/avatar\/b58f310a5de5feb33d1e026d2493f23c?s=96&d=mm&r=g","caption":"prensa2"},"url":"https:\/\/www.ull.es\/portal\/noticias\/author\/prensa2\/"}]}},"primary_category":{"id":350,"name":"Investigaci\u00f3n","slug":"investigacion","link":"https:\/\/www.ull.es\/portal\/noticias\/category\/investigacion\/"},"featured_image_thumbnail_url":"https:\/\/www.ull.es\/portal\/noticias\/wp-content\/uploads\/sites\/13\/2020\/06\/portada-memoria-otri-300x200.png","_links":{"self":[{"href":"https:\/\/www.ull.es\/portal\/noticias\/wp-json\/wp\/v2\/posts\/50524"}],"collection":[{"href":"https:\/\/www.ull.es\/portal\/noticias\/wp-json\/wp\/v2\/posts"}],"about":[{"href":"https:\/\/www.ull.es\/portal\/noticias\/wp-json\/wp\/v2\/types\/post"}],"author":[{"embeddable":true,"href":"https:\/\/www.ull.es\/portal\/noticias\/wp-json\/wp\/v2\/users\/21"}],"replies":[{"embeddable":true,"href":"https:\/\/www.ull.es\/portal\/noticias\/wp-json\/wp\/v2\/comments?post=50524"}],"version-history":[{"count":2,"href":"https:\/\/www.ull.es\/portal\/noticias\/wp-json\/wp\/v2\/posts\/50524\/revisions"}],"predecessor-version":[{"id":50527,"href":"https:\/\/www.ull.es\/portal\/noticias\/wp-json\/wp\/v2\/posts\/50524\/revisions\/50527"}],"wp:featuredmedia":[{"embeddable":true,"href":"https:\/\/www.ull.es\/portal\/noticias\/wp-json\/wp\/v2\/media\/50525"}],"wp:attachment":[{"href":"https:\/\/www.ull.es\/portal\/noticias\/wp-json\/wp\/v2\/media?parent=50524"}],"wp:term":[{"taxonomy":"category","embeddable":true,"href":"https:\/\/www.ull.es\/portal\/noticias\/wp-json\/wp\/v2\/categories?post=50524"},{"taxonomy":"post_tag","embeddable":true,"href":"https:\/\/www.ull.es\/portal\/noticias\/wp-json\/wp\/v2\/tags?post=50524"}],"curies":[{"name":"wp","href":"https:\/\/api.w.org\/{rel}","templated":true}]}}