{"id":50704,"date":"2020-06-16T00:01:00","date_gmt":"2020-06-16T00:01:00","guid":{"rendered":"https:\/\/www.ull.es\/portal\/noticias\/?p=50704"},"modified":"2020-06-29T12:31:00","modified_gmt":"2020-06-29T12:31:00","slug":"nueva-fibra-absorber-contaminantes","status":"publish","type":"post","link":"https:\/\/www.ull.es\/portal\/noticias\/2020\/nueva-fibra-absorber-contaminantes\/","title":{"rendered":"Nueva fibra para absorber contaminantes"},"content":{"rendered":"<p class=\"p2\"><span class=\"s1\">Percibir una micra es casi imposible. Su incre\u00edble peque\u00f1ez hace que para el ojo humano sea muy complicado percatarse de ella sin ayuda extra. Algo de 150 micras sigue siendo peque\u00f1o, pero ya no se escapa a la vista. Y precisamente de 150 micras es el grosor del di\u00e1metro de la fibra \u2018estrella\u2019 de<\/span> <span class=\"s2\">la que puede presumir<\/span> <span class=\"s2\">Alisio Chemical Technologies SL, la nueva empresa de base tecnol\u00f3gica de la Universidad de La Laguna. <\/span><\/p>\n<p class=\"p1\"><span class=\"s1\">La fibra en cuesti\u00f3n es un min\u00fasculo filamento de \u00f3xido de silicio recubierto por un compuesto \u2018extractante\u2019 en el extremo. En apariencia bastante m\u00e1s ligero que una aguja de hospital, este fin\u00edsimo hilo sirve para extraer una muestra de l\u00edquido, de agua o sangre, por ejemplo, para analizarlo y saber si el agua contiene hidrocarburos o contaminantes, desechos qu\u00edmicos u otros residuos, o en la sangre analizada pudiera haber alg\u00fan tipo de sustancia t\u00f3xica.<\/span><\/p>\n<p class=\"p2\"><span class=\"s1\">Los investigadores de la Universidad de La Laguna no han ideado el m\u00e9todo completo, pero lo que s\u00ed han hecho es fabricar la fibra final con la que se hacen los an\u00e1lisis. As\u00ed lo explica Jorge Pas\u00e1n Garc\u00eda, el promotor de la spin-off de reciente creaci\u00f3n <\/span><span class=\"s2\">e investigador del <\/span><span class=\"s1\">programa de transferencia de conocimiento Agust\u00edn de Betancourt, promovido por el <a href=\"https:\/\/www.tenerife.es\/portalcabtfe\/es\/\" target=\"_blank\" rel=\"noopener noreferrer\" target=\"_blank\" rel=\"noopener\"><span class=\"s5\">Cabildo de Tenerife <\/span><\/a>y apoyado por las fundaciones \u00abla Caixa\u00bb y CajaCanarias. Su proyecto \u00abMicrodispositivos para la monitorizaci\u00f3n de contaminantes emergentes en aguas contaminantes\u00bb est\u00e1 ya en su fase final.<\/span><\/p>\n<p class=\"p2\"><span class=\"s2\">La empresa tiene un prometedor futuro por delante. Su modelo de negocio est\u00e1 basado en la generaci\u00f3n de patentes en el campo de la microextracci\u00f3n anal\u00edtica, y en la actualidad se est\u00e1 <\/span><span class=\"s1\">tramitando la patente de la nueva fibra para el \u00e1mbito internacional, al tiempo que se intenta conseguir la financiaci\u00f3n necesaria para que <a href=\"https:\/\/www.ull.es\/portal\/noticias\/tag\/alisio-chemical-technologies-sl\/\" target=\"_blank\" rel=\"noopener noreferrer\" target=\"_blank\" rel=\"noopener\"><span class=\"s6\">Alisio Chemical Technologies SL<\/span><\/a> comience su andadura comercial.<\/span><\/p>\n<p class=\"p2\"><span class=\"s1\">Aunque de momento no puede comentar demasiado al respecto, Pas\u00e1n avanza que ya han entablado contacto con una empresa de \u00e1mbito internacional que est\u00e1 interesada en comercializar la patente, y es posible que puedan llegar a alg\u00fan acuerdo dentro de poco. En estos casos, \u201ccualquier financiaci\u00f3n es bienvenida\u201d en las empresas de innovaci\u00f3n y desarrollo que dependen de encontrar el mercado adecuado para garantizar su despegue y posterior consolidaci\u00f3n.<\/span><\/p>\n<p class=\"p2\"><span class=\"s2\">La construcci\u00f3n de una estructura apropiada que sea eficaz en la transferencia de conocimiento requiere no solo de tiempo, sino de inversi\u00f3n. <\/span><span class=\"s1\">Desde el desarrollo realizado por la Universidad de La Laguna hasta la puesta final en el mercado hay un camino largo, exigente e importante. Tras patentar, ha llegado el momento de comercializar la fibra en la que llevan trabajando desde de 2012. <\/span><\/p>\n<p class=\"p2\"><span class=\"s1\"><b><a href=\"https:\/\/www.ull.es\/portal\/noticias\/wp-content\/uploads\/sites\/13\/2020\/06\/Jorge-Pasan-07.jpg\" target=\"_blank\" rel=\"noopener noreferrer\" target=\"_blank\" rel=\"noopener\"><img decoding=\"async\" loading=\"lazy\" class=\"alignleft wp-image-50706 size-medium\" src=\"https:\/\/www.ull.es\/portal\/noticias\/wp-content\/uploads\/sites\/13\/2020\/06\/Jorge-Pasan-07-300x200.jpg\" alt=\"\" width=\"300\" height=\"200\" srcset=\"https:\/\/www.ull.es\/portal\/noticias\/wp-content\/uploads\/sites\/13\/2020\/06\/Jorge-Pasan-07-300x200.jpg 300w, https:\/\/www.ull.es\/portal\/noticias\/wp-content\/uploads\/sites\/13\/2020\/06\/Jorge-Pasan-07-768x512.jpg 768w, https:\/\/www.ull.es\/portal\/noticias\/wp-content\/uploads\/sites\/13\/2020\/06\/Jorge-Pasan-07-375x250.jpg 375w, https:\/\/www.ull.es\/portal\/noticias\/wp-content\/uploads\/sites\/13\/2020\/06\/Jorge-Pasan-07-750x500.jpg 750w, https:\/\/www.ull.es\/portal\/noticias\/wp-content\/uploads\/sites\/13\/2020\/06\/Jorge-Pasan-07.jpg 1024w\" sizes=\"(max-width: 300px) 100vw, 300px\" \/><\/a>Fibra innovadora y vers\u00e1til<\/b><\/span><\/p>\n<p class=\"p2\"><span class=\"s1\">Si hay algo que diferencia a esta nueva fibra de otras que tambi\u00e9n se utilizan en el campo de la extracci\u00f3n anal\u00edtica es su gran versatilidad. \u201cNuestras fibras son bastante m\u00e1s vers\u00e1tiles y mejores que las que se venden ahora mismo en el mercado <\/span><span class=\"s7\">\u2012<\/span><span class=\"s1\">comenta Jorge Pas\u00e1n<\/span><span class=\"s7\">\u2012<\/span><span class=\"s1\"> y por eso tienen m\u00e1s proyecci\u00f3n y pueden adaptarse a todo tipo de aplicaciones, ya que su novedoso material le permite tener la capacidad de extraer mol\u00e9culas pese a que est\u00e9n a muy poca concentraci\u00f3n\u201d.<\/span><\/p>\n<p class=\"p2\"><span class=\"s1\">Puede decirse que las fibras que existen actualmente en el mercado son m\u00e1s gen\u00e9ricas y su utilidad responde a un concepto m\u00e1s estandarizado. Entrando ya en un terreno puramente t\u00e9cnico, las fibras que est\u00e1n a la venta hoy en d\u00eda tienen siete recubrimientos que act\u00faan como extractores de las c\u00e9lulas que se quieren aislar. Los m\u00e1s comunes son el polidimetilsiloxano (PDMS) y el poliacrilato de sodio. Luego hay mezclas y unos cuantos m\u00e1s hasta llegar a los siete principales. <\/span><\/p>\n<p class=\"p2\"><span class=\"s1\">\u201cEl nuestro no es un pol\u00edmero org\u00e1nico como todos estos. Su material es diferente porque incorpora un metal y es cristalino. Se trata de un material sintetizado en el laboratorio que est\u00e1 compuesto por metales y ligandos org\u00e1nicos, es decir, mol\u00e9culas que se unen a esos metales para formar lo que se denomina un complejo\u201d, explica Pas\u00e1n.<\/span><\/p>\n<p class=\"p2\"><span class=\"s1\">Los ligandos org\u00e1nicos construyen una red que tiene una estructura cristalina tridimensional. Son las denominadas redes metal-org\u00e1nicas. Sus poros est\u00e1n claramente definidos y los espacios interiores de la estructura del material son los que permiten absorber las mol\u00e9culas. \u201cPara que la gente se haga una idea, es como ver una esponja porosa con m\u00faltiples huequecitos que obedecen a un orden, ya que al tratarse de cristal est\u00e1n ordenados y bien colocados\u201d.<\/span><\/p>\n<p class=\"p2\"><span class=\"s1\">Para visualizarlo, quiz\u00e1 lo mejor ser\u00eda imaginarse una red de pescador, una gran malla perfectamente sim\u00e9trica donde los nudos existentes entre los rombos de nylon ser\u00edan los centros a los que se unen los alambres, mientras las l\u00edneas que conectan esos puntos ser\u00edan los ligandos org\u00e1nicos. Todo muy ordenado y con un claro efecto 3D.<\/span><\/p>\n<p class=\"p2\"><span class=\"s1\"><b><a href=\"https:\/\/www.ull.es\/portal\/noticias\/wp-content\/uploads\/sites\/13\/2020\/06\/Jorge-Pasan-11.jpg\" target=\"_blank\" rel=\"noopener noreferrer\" target=\"_blank\" rel=\"noopener\"><img decoding=\"async\" loading=\"lazy\" class=\"alignright wp-image-50707 size-medium\" src=\"https:\/\/www.ull.es\/portal\/noticias\/wp-content\/uploads\/sites\/13\/2020\/06\/Jorge-Pasan-11-300x200.jpg\" alt=\"\" width=\"300\" height=\"200\" srcset=\"https:\/\/www.ull.es\/portal\/noticias\/wp-content\/uploads\/sites\/13\/2020\/06\/Jorge-Pasan-11-300x200.jpg 300w, https:\/\/www.ull.es\/portal\/noticias\/wp-content\/uploads\/sites\/13\/2020\/06\/Jorge-Pasan-11-768x512.jpg 768w, https:\/\/www.ull.es\/portal\/noticias\/wp-content\/uploads\/sites\/13\/2020\/06\/Jorge-Pasan-11-375x250.jpg 375w, https:\/\/www.ull.es\/portal\/noticias\/wp-content\/uploads\/sites\/13\/2020\/06\/Jorge-Pasan-11-750x500.jpg 750w, https:\/\/www.ull.es\/portal\/noticias\/wp-content\/uploads\/sites\/13\/2020\/06\/Jorge-Pasan-11.jpg 1024w\" sizes=\"(max-width: 300px) 100vw, 300px\" \/><\/a>Parabenos y contaminantes<\/b><\/span><\/p>\n<p class=\"p2\"><span class=\"s1\">No todos los sistemas pueden absorber y aislar mol\u00e9culas en muy escasa concentraci\u00f3n como puede hacer la nueva fibra patentada en la Universidad de La Laguna. Hasta hace relativamente poco no se prestaba atenci\u00f3n a este hecho porque se consideraba que los efectos nocivos que pudieran tener los contaminantes del agua o los conservantes de los alimentos sobre la salud se manifestaban a largo plazo. <\/span><\/p>\n<p class=\"p2\"><span class=\"s1\">Y un ejemplo m\u00e1s que demostrativo es el de los parabenos, esos productos qu\u00edmicos tan denostados ahora en la industria cosm\u00e9tica, a pesar de que cumplen su funci\u00f3n como conservantes en las cremas y geles. Hay que decir que la legislaci\u00f3n europea permite, aunque con restricciones, el uso de algunos.<\/span><\/p>\n<p class=\"p2\"><span class=\"s1\">Y lo mismo da si se trata de parabenos en cremas corporales o faciales que de contaminantes presentes en el agua potable o del mar. \u201cLo que nosotros estamos fabricando <\/span><span class=\"s7\">\u2012<\/span><span class=\"s1\">explica Jorge Pas\u00e1n<\/span><span class=\"s7\">\u2012<\/span><span class=\"s1\"> son dispositivos sencillos para hacer esas extracciones. Y el abanico puede ser m\u00faltiple. Desde los ya mencionados anteriormente hasta<span class=\"Apple-converted-space\">&nbsp; <\/span>alimentos, perfumes, l\u00e1cteos e, incluso, \u00f3rganos humanos. <\/span><\/p>\n<p class=\"p2\"><span class=\"s1\">Eso s\u00ed, las muestras analizadas tienen que ser l\u00edquidas. De momento no se plantean pasarse al campo de los s\u00f3lidos, en un mercado internacional en el que este tipo de fibras, aunque mueve un volumen de negocio de 250 millones de d\u00f3lares en todo el mundo, no tiene el mismo movimiento y segmento de mercado que el de la preparaci\u00f3n de muestras. Habr\u00eda que encontrarle otras aplicaciones. <\/span><\/p>\n<p class=\"p2\"><span class=\"s1\">Hay que aclarar que el dispositivo ya exist\u00eda. Lo invent\u00f3 un qu\u00edmico polaco, catedr\u00e1tico de la Universidad de Waterloo (Canad\u00e1) y reconocido mundialmente llamado Janusz Pawliszyn. <\/span><span class=\"s2\">\u00c9l fue quien patent\u00f3 la t\u00e9cnica de microextracci\u00f3n en fase s\u00f3lida (SPME)<\/span><span class=\"s8\">, <\/span><span class=\"s2\">que comercializaba una empresa llamada Supelco hasta que la patente caduc\u00f3 hace cuatro o cinco a\u00f1os y se abri\u00f3 una oportunidad \u00fanica para la <span class=\"s1\">Universidad de La Laguna<\/span>. A partir de ese momento s\u00ed se pod\u00edan fabricar nuevas fibras.<\/span><\/p>\n<p class=\"p2\"><span class=\"s1\">Desde 2012, a\u00f1o en que caduc\u00f3 la patente, se ha seguido trabajando de forma constante en la misma l\u00ednea de investigaci\u00f3n. \u201cNosotros somos una conjunci\u00f3n de dos grupos de investigaci\u00f3n: uno est\u00e1 centrado en la investigaci\u00f3n de materiales y el otro, especializado en la <a href=\"https:\/\/www.ull.es\/investigacion\/grupos-investigacion\/quimica-analitica-agroalimentaria-y-medioambiental\/\" target=\"_blank\" rel=\"noopener noreferrer\" target=\"_blank\" rel=\"noopener\"><span class=\"s5\">qu\u00edmica anal\u00edtica<\/span><\/a>, est\u00e1 liderado por la profesora de la Universidad de La Laguna Ver\u00f3nica Pino\u201d. <\/span><\/p>\n<p class=\"p2\"><span class=\"s1\"><b><a href=\"https:\/\/www.ull.es\/portal\/noticias\/wp-content\/uploads\/sites\/13\/2020\/06\/Jorge-Pasan-10.jpg\" target=\"_blank\" rel=\"noopener noreferrer\" target=\"_blank\" rel=\"noopener\"><img decoding=\"async\" loading=\"lazy\" class=\"alignleft wp-image-50708 size-medium\" src=\"https:\/\/www.ull.es\/portal\/noticias\/wp-content\/uploads\/sites\/13\/2020\/06\/Jorge-Pasan-10-300x200.jpg\" alt=\"\" width=\"300\" height=\"200\" srcset=\"https:\/\/www.ull.es\/portal\/noticias\/wp-content\/uploads\/sites\/13\/2020\/06\/Jorge-Pasan-10-300x200.jpg 300w, https:\/\/www.ull.es\/portal\/noticias\/wp-content\/uploads\/sites\/13\/2020\/06\/Jorge-Pasan-10-768x512.jpg 768w, https:\/\/www.ull.es\/portal\/noticias\/wp-content\/uploads\/sites\/13\/2020\/06\/Jorge-Pasan-10-375x250.jpg 375w, https:\/\/www.ull.es\/portal\/noticias\/wp-content\/uploads\/sites\/13\/2020\/06\/Jorge-Pasan-10-750x500.jpg 750w, https:\/\/www.ull.es\/portal\/noticias\/wp-content\/uploads\/sites\/13\/2020\/06\/Jorge-Pasan-10.jpg 1024w\" sizes=\"(max-width: 300px) 100vw, 300px\" \/><\/a>Nuevas l\u00edneas de trabajo<\/b><\/span><\/p>\n<p class=\"p2\"><span class=\"s1\">\u201cEl grupo de qu\u00edmica anal\u00edtica con el que nos hemos fusionado trabaja sobre todo la qu\u00edmica ambiental, por eso todas estas aplicaciones iniciales est\u00e1n centradas en las aguas ambientales. Somos siete las personas que trabajamos de forma coordinada en proyectos conjuntos, con lo que no se descarta el desarrollo de otras patentes en un futuro pr\u00f3ximo\u201d. <\/span><\/p>\n<p class=\"p2\"><span class=\"s1\">Aunque de momento no se puede decir mucho m\u00e1s al respecto, salvo que est\u00e1n abarcando otras l\u00edneas de trabajo, este investigador centrado en la qu\u00edmica pese a ser f\u00edsico adelanta que se trata de \u201cpatentes muy prometedoras\u201d que pueden tener bastante m\u00e1s recorrido que la fibra que los ocupa ahora.<\/span><\/p>\n<p class=\"p2\"><span class=\"s1\">Otras cuatro personas trabajan con \u00e9l en <\/span><span class=\"s2\">Alisio Chemical Technologies SL<\/span><span class=\"s1\">. Con casi 20 a\u00f1os de experiencia investigadora a sus espaldas, Jorge Pas\u00e1n culmina en abril sus cuatro a\u00f1os en el programa Agust\u00edn de Betancourt. \u00c9l pertenece a la primera tanda y no deja de reconocer que la iniciativa impulsada por el Cabildo tinerfe\u00f1o y la Universidad de La LagunaL es muy buena, pionera y novedosa: \u201cEs una idea excelente, focalizada en la transferencia<span class=\"Apple-converted-space\">&nbsp; <\/span>hacia el tejido productivo pero mejorable en la ejecuci\u00f3n, algo que podr\u00eda hacerse de una forma muy simple, ya que los proyectos necesitan m\u00e1s tiempo\u201d. <\/span><\/p>\n<p class=\"p2\"><span class=\"s1\">Pas\u00e1n considera que cuatro a\u00f1os son insuficientes, por eso la posibilidad de contemplar cada proyecto por separado ser\u00eda una buena opci\u00f3n. \u201cPartiendo de un proyecto innovador, sacar una patente en cuatro a\u00f1os y obtener rentabilidad con una empresa de nueva creaci\u00f3n es tremendamente dif\u00edcil, por no decir que es casi imposible. Por eso creo que ser\u00eda muy positivo que se pensara en dar un margen m\u00e1s amplio para intentar impulsar la idea de negocio y su consolidaci\u00f3n\u201d.<\/span><\/p>\n<p class=\"p2\"><span class=\"s1\">Ahora, adem\u00e1s de culminar el proyecto Agust\u00edn de Betancourt, Pas\u00e1n est\u00e1 ocupado en montar la spin-off y, lo m\u00e1s importante, en encontrar una empresa potente interesada en comercializar la nueva fibra, el nuevo dispositivo. Se abren<span class=\"Apple-converted-space\">&nbsp; <\/span>perspectivas muy prometedoras, las mismas que ya tienen las otras cuatro empresas de base tecnol\u00f3gica con las que cuenta la Universidad de La Laguna.<\/span><\/p>\n<p style=\"text-align: right\"><strong>Gabinete de Comunicaci\u00f3n<\/strong><\/p>\n","protected":false},"excerpt":{"rendered":"<p>Percibir una micra es casi imposible. Su incre\u00edble peque\u00f1ez hace que para el ojo humano sea muy complicado percatarse de&#8230;<\/p>\n","protected":false},"author":21,"featured_media":50705,"comment_status":"closed","ping_status":"closed","sticky":false,"template":"","format":"standard","meta":{"inline_featured_image":false,"footnotes":""},"categories":[350,4403,2750],"tags":[6495,1603,2420],"acf":[],"yoast_head":"<!-- This site is optimized with the Yoast SEO plugin v21.3 - https:\/\/yoast.com\/wordpress\/plugins\/seo\/ -->\n<title>Nueva fibra para absorber contaminantes creada en la ULL<\/title>\n<meta name=\"description\" content=\"Alisio Chemical Technologies SL es una spin-off promovida por el investigador de la ULL Jorge Pas\u00e1n que explotar\u00e1 este nuevo material.\" \/>\n<meta name=\"robots\" content=\"index, follow, max-snippet:-1, max-image-preview:large, max-video-preview:-1\" \/>\n<link rel=\"canonical\" href=\"https:\/\/www.ull.es\/portal\/noticias\/2020\/nueva-fibra-absorber-contaminantes\/\" \/>\n<meta property=\"og:locale\" content=\"es_ES\" \/>\n<meta property=\"og:type\" content=\"article\" \/>\n<meta property=\"og:title\" content=\"Nueva fibra para absorber contaminantes creada en la ULL\" \/>\n<meta property=\"og:description\" content=\"Alisio Chemical Technologies SL es una spin-off promovida por el investigador de la ULL Jorge Pas\u00e1n que explotar\u00e1 este nuevo material.\" \/>\n<meta property=\"og:url\" content=\"https:\/\/www.ull.es\/portal\/noticias\/2020\/nueva-fibra-absorber-contaminantes\/\" \/>\n<meta property=\"og:site_name\" content=\"ULL - Noticias\" \/>\n<meta property=\"article:publisher\" content=\"https:\/\/www.facebook.com\/universidaddelalaguna\/\" \/>\n<meta property=\"article:published_time\" content=\"2020-06-16T00:01:00+00:00\" \/>\n<meta property=\"article:modified_time\" content=\"2020-06-29T12:31:00+00:00\" \/>\n<meta property=\"og:image\" content=\"https:\/\/www.ull.es\/portal\/noticias\/wp-content\/uploads\/sites\/13\/2020\/06\/Jorge-Pasan-01.jpg\" \/>\n\t<meta property=\"og:image:width\" content=\"1024\" \/>\n\t<meta property=\"og:image:height\" content=\"683\" \/>\n\t<meta property=\"og:image:type\" content=\"image\/jpeg\" \/>\n<meta name=\"author\" content=\"prensa2\" \/>\n<meta name=\"twitter:card\" content=\"summary_large_image\" \/>\n<meta name=\"twitter:creator\" content=\"@CanalULL\" \/>\n<meta name=\"twitter:site\" content=\"@CanalULL\" \/>\n<meta name=\"twitter:label1\" content=\"Escrito por\" \/>\n\t<meta name=\"twitter:data1\" content=\"prensa2\" \/>\n\t<meta name=\"twitter:label2\" content=\"Tiempo de lectura\" \/>\n\t<meta name=\"twitter:data2\" content=\"8 minutos\" \/>\n<script type=\"application\/ld+json\" class=\"yoast-schema-graph\">{\"@context\":\"https:\/\/schema.org\",\"@graph\":[{\"@type\":\"WebPage\",\"@id\":\"https:\/\/www.ull.es\/portal\/noticias\/2020\/nueva-fibra-absorber-contaminantes\/\",\"url\":\"https:\/\/www.ull.es\/portal\/noticias\/2020\/nueva-fibra-absorber-contaminantes\/\",\"name\":\"Nueva fibra para absorber contaminantes creada en la ULL\",\"isPartOf\":{\"@id\":\"https:\/\/www.ull.es\/portal\/noticias\/#website\"},\"datePublished\":\"2020-06-16T00:01:00+00:00\",\"dateModified\":\"2020-06-29T12:31:00+00:00\",\"author\":{\"@id\":\"https:\/\/www.ull.es\/portal\/noticias\/#\/schema\/person\/c3b2aa857797592927a03740d6664376\"},\"description\":\"Alisio Chemical Technologies SL es una spin-off promovida por el investigador de la ULL Jorge Pas\u00e1n que explotar\u00e1 este nuevo material.\",\"breadcrumb\":{\"@id\":\"https:\/\/www.ull.es\/portal\/noticias\/2020\/nueva-fibra-absorber-contaminantes\/#breadcrumb\"},\"inLanguage\":\"es\",\"potentialAction\":[{\"@type\":\"ReadAction\",\"target\":[\"https:\/\/www.ull.es\/portal\/noticias\/2020\/nueva-fibra-absorber-contaminantes\/\"]}]},{\"@type\":\"BreadcrumbList\",\"@id\":\"https:\/\/www.ull.es\/portal\/noticias\/2020\/nueva-fibra-absorber-contaminantes\/#breadcrumb\",\"itemListElement\":[{\"@type\":\"ListItem\",\"position\":1,\"name\":\"Portada\",\"item\":\"https:\/\/www.ull.es\/portal\/noticias\/\"},{\"@type\":\"ListItem\",\"position\":2,\"name\":\"Nueva fibra para absorber contaminantes\"}]},{\"@type\":\"WebSite\",\"@id\":\"https:\/\/www.ull.es\/portal\/noticias\/#website\",\"url\":\"https:\/\/www.ull.es\/portal\/noticias\/\",\"name\":\"ULL - Noticias\",\"description\":\"\",\"potentialAction\":[{\"@type\":\"SearchAction\",\"target\":{\"@type\":\"EntryPoint\",\"urlTemplate\":\"https:\/\/www.ull.es\/portal\/noticias\/?s={search_term_string}\"},\"query-input\":\"required name=search_term_string\"}],\"inLanguage\":\"es\"},{\"@type\":\"Person\",\"@id\":\"https:\/\/www.ull.es\/portal\/noticias\/#\/schema\/person\/c3b2aa857797592927a03740d6664376\",\"name\":\"prensa2\",\"image\":{\"@type\":\"ImageObject\",\"inLanguage\":\"es\",\"@id\":\"https:\/\/www.ull.es\/portal\/noticias\/#\/schema\/person\/image\/\",\"url\":\"https:\/\/secure.gravatar.com\/avatar\/b58f310a5de5feb33d1e026d2493f23c?s=96&d=mm&r=g\",\"contentUrl\":\"https:\/\/secure.gravatar.com\/avatar\/b58f310a5de5feb33d1e026d2493f23c?s=96&d=mm&r=g\",\"caption\":\"prensa2\"},\"url\":\"https:\/\/www.ull.es\/portal\/noticias\/author\/prensa2\/\"}]}<\/script>\n<!-- \/ Yoast SEO plugin. -->","yoast_head_json":{"title":"Nueva fibra para absorber contaminantes creada en la ULL","description":"Alisio Chemical Technologies SL es una spin-off promovida por el investigador de la ULL Jorge Pas\u00e1n que explotar\u00e1 este nuevo material.","robots":{"index":"index","follow":"follow","max-snippet":"max-snippet:-1","max-image-preview":"max-image-preview:large","max-video-preview":"max-video-preview:-1"},"canonical":"https:\/\/www.ull.es\/portal\/noticias\/2020\/nueva-fibra-absorber-contaminantes\/","og_locale":"es_ES","og_type":"article","og_title":"Nueva fibra para absorber contaminantes creada en la ULL","og_description":"Alisio Chemical Technologies SL es una spin-off promovida por el investigador de la ULL Jorge Pas\u00e1n que explotar\u00e1 este nuevo material.","og_url":"https:\/\/www.ull.es\/portal\/noticias\/2020\/nueva-fibra-absorber-contaminantes\/","og_site_name":"ULL - Noticias","article_publisher":"https:\/\/www.facebook.com\/universidaddelalaguna\/","article_published_time":"2020-06-16T00:01:00+00:00","article_modified_time":"2020-06-29T12:31:00+00:00","og_image":[{"width":1024,"height":683,"url":"https:\/\/www.ull.es\/portal\/noticias\/wp-content\/uploads\/sites\/13\/2020\/06\/Jorge-Pasan-01.jpg","type":"image\/jpeg"}],"author":"prensa2","twitter_card":"summary_large_image","twitter_creator":"@CanalULL","twitter_site":"@CanalULL","twitter_misc":{"Escrito por":"prensa2","Tiempo de lectura":"8 minutos"},"schema":{"@context":"https:\/\/schema.org","@graph":[{"@type":"WebPage","@id":"https:\/\/www.ull.es\/portal\/noticias\/2020\/nueva-fibra-absorber-contaminantes\/","url":"https:\/\/www.ull.es\/portal\/noticias\/2020\/nueva-fibra-absorber-contaminantes\/","name":"Nueva fibra para absorber contaminantes creada en la ULL","isPartOf":{"@id":"https:\/\/www.ull.es\/portal\/noticias\/#website"},"datePublished":"2020-06-16T00:01:00+00:00","dateModified":"2020-06-29T12:31:00+00:00","author":{"@id":"https:\/\/www.ull.es\/portal\/noticias\/#\/schema\/person\/c3b2aa857797592927a03740d6664376"},"description":"Alisio Chemical Technologies SL es una spin-off promovida por el investigador de la ULL Jorge Pas\u00e1n que explotar\u00e1 este nuevo material.","breadcrumb":{"@id":"https:\/\/www.ull.es\/portal\/noticias\/2020\/nueva-fibra-absorber-contaminantes\/#breadcrumb"},"inLanguage":"es","potentialAction":[{"@type":"ReadAction","target":["https:\/\/www.ull.es\/portal\/noticias\/2020\/nueva-fibra-absorber-contaminantes\/"]}]},{"@type":"BreadcrumbList","@id":"https:\/\/www.ull.es\/portal\/noticias\/2020\/nueva-fibra-absorber-contaminantes\/#breadcrumb","itemListElement":[{"@type":"ListItem","position":1,"name":"Portada","item":"https:\/\/www.ull.es\/portal\/noticias\/"},{"@type":"ListItem","position":2,"name":"Nueva fibra para absorber contaminantes"}]},{"@type":"WebSite","@id":"https:\/\/www.ull.es\/portal\/noticias\/#website","url":"https:\/\/www.ull.es\/portal\/noticias\/","name":"ULL - Noticias","description":"","potentialAction":[{"@type":"SearchAction","target":{"@type":"EntryPoint","urlTemplate":"https:\/\/www.ull.es\/portal\/noticias\/?s={search_term_string}"},"query-input":"required name=search_term_string"}],"inLanguage":"es"},{"@type":"Person","@id":"https:\/\/www.ull.es\/portal\/noticias\/#\/schema\/person\/c3b2aa857797592927a03740d6664376","name":"prensa2","image":{"@type":"ImageObject","inLanguage":"es","@id":"https:\/\/www.ull.es\/portal\/noticias\/#\/schema\/person\/image\/","url":"https:\/\/secure.gravatar.com\/avatar\/b58f310a5de5feb33d1e026d2493f23c?s=96&d=mm&r=g","contentUrl":"https:\/\/secure.gravatar.com\/avatar\/b58f310a5de5feb33d1e026d2493f23c?s=96&d=mm&r=g","caption":"prensa2"},"url":"https:\/\/www.ull.es\/portal\/noticias\/author\/prensa2\/"}]}},"primary_category":{"id":350,"name":"Investigaci\u00f3n","slug":"investigacion","link":"https:\/\/www.ull.es\/portal\/noticias\/category\/investigacion\/"},"featured_image_thumbnail_url":"https:\/\/www.ull.es\/portal\/noticias\/wp-content\/uploads\/sites\/13\/2020\/06\/Jorge-Pasan-01-300x200.jpg","_links":{"self":[{"href":"https:\/\/www.ull.es\/portal\/noticias\/wp-json\/wp\/v2\/posts\/50704"}],"collection":[{"href":"https:\/\/www.ull.es\/portal\/noticias\/wp-json\/wp\/v2\/posts"}],"about":[{"href":"https:\/\/www.ull.es\/portal\/noticias\/wp-json\/wp\/v2\/types\/post"}],"author":[{"embeddable":true,"href":"https:\/\/www.ull.es\/portal\/noticias\/wp-json\/wp\/v2\/users\/21"}],"replies":[{"embeddable":true,"href":"https:\/\/www.ull.es\/portal\/noticias\/wp-json\/wp\/v2\/comments?post=50704"}],"version-history":[{"count":3,"href":"https:\/\/www.ull.es\/portal\/noticias\/wp-json\/wp\/v2\/posts\/50704\/revisions"}],"predecessor-version":[{"id":50939,"href":"https:\/\/www.ull.es\/portal\/noticias\/wp-json\/wp\/v2\/posts\/50704\/revisions\/50939"}],"wp:featuredmedia":[{"embeddable":true,"href":"https:\/\/www.ull.es\/portal\/noticias\/wp-json\/wp\/v2\/media\/50705"}],"wp:attachment":[{"href":"https:\/\/www.ull.es\/portal\/noticias\/wp-json\/wp\/v2\/media?parent=50704"}],"wp:term":[{"taxonomy":"category","embeddable":true,"href":"https:\/\/www.ull.es\/portal\/noticias\/wp-json\/wp\/v2\/categories?post=50704"},{"taxonomy":"post_tag","embeddable":true,"href":"https:\/\/www.ull.es\/portal\/noticias\/wp-json\/wp\/v2\/tags?post=50704"}],"curies":[{"name":"wp","href":"https:\/\/api.w.org\/{rel}","templated":true}]}}