{"id":50709,"date":"2020-06-15T13:37:52","date_gmt":"2020-06-15T13:37:52","guid":{"rendered":"https:\/\/www.ull.es\/portal\/noticias\/?p=50709"},"modified":"2020-06-15T14:21:21","modified_gmt":"2020-06-15T14:21:21","slug":"juan-albino-mendez-nuevo-vicerrector-de-cultura-y-participacion-social-de-la-universidad-de-la-laguna","status":"publish","type":"post","link":"https:\/\/www.ull.es\/portal\/noticias\/2020\/juan-albino-mendez-nuevo-vicerrector-de-cultura-y-participacion-social-de-la-universidad-de-la-laguna\/","title":{"rendered":"Juan Albino M\u00e9ndez, nuevo vicerrector de Cultura y Participaci\u00f3n Social de la Universidad de La Laguna"},"content":{"rendered":"<p>La antigua sala de juntas de Edificio Central de la Universidad de La Laguna, hoy restaurada y reconvertida en la galer\u00eda de rectores y rectoras, acogi\u00f3 hoy lunes 15 de junio el acto de toma de posesi\u00f3n de Juan Albino M\u00e9ndez P\u00e9rez, catedr\u00e1tico adscrito al Departamento de Ingenier\u00eda Inform\u00e1tica y de Sistemas,\u00a0 como nuevo vicerrector de Cultura y Participaci\u00f3n Social, Campus de Ofra y La Palma, en sustituci\u00f3n de Emilia Carmona, quien present\u00f3 su dimisi\u00f3n la pasada semana por motivos personales.<\/p>\n<p>Ante la presencia de todo el consejo de direcci\u00f3n del centro acad\u00e9mico, M\u00e9ndez P\u00e9rez asume un vicerrectorado \u201camplio y vers\u00e1til\u201d, explic\u00f3 la rectora, Rosa Aguilar, muy centrado en la difusi\u00f3n de la cultura y la extensi\u00f3n universitaria y en proyectar hacia la sociedad el buen quehacer universitario. \u201cLa universidad es fuente de creaci\u00f3n intelectual de todo tipo y en todas las ramas del conocimiento, mucho de lo cual se muestra a trav\u00e9s de esta \u00e1rea de gobierno\u201d, apunt\u00f3.<\/p>\n<div id=\"attachment_50710\" style=\"width: 310px\" class=\"wp-caption alignleft\"><img aria-describedby=\"caption-attachment-50710\" decoding=\"async\" loading=\"lazy\" class=\"size-medium wp-image-50710\" src=\"https:\/\/www.ull.es\/portal\/noticias\/wp-content\/uploads\/sites\/13\/2020\/06\/T-pos-vice-cultura-19-300x200.jpg\" alt=\"\" width=\"300\" height=\"200\" srcset=\"https:\/\/www.ull.es\/portal\/noticias\/wp-content\/uploads\/sites\/13\/2020\/06\/T-pos-vice-cultura-19-300x200.jpg 300w, https:\/\/www.ull.es\/portal\/noticias\/wp-content\/uploads\/sites\/13\/2020\/06\/T-pos-vice-cultura-19-768x512.jpg 768w, https:\/\/www.ull.es\/portal\/noticias\/wp-content\/uploads\/sites\/13\/2020\/06\/T-pos-vice-cultura-19-375x250.jpg 375w, https:\/\/www.ull.es\/portal\/noticias\/wp-content\/uploads\/sites\/13\/2020\/06\/T-pos-vice-cultura-19-750x500.jpg 750w, https:\/\/www.ull.es\/portal\/noticias\/wp-content\/uploads\/sites\/13\/2020\/06\/T-pos-vice-cultura-19.jpg 1024w\" sizes=\"(max-width: 300px) 100vw, 300px\" \/><p id=\"caption-attachment-50710\" class=\"wp-caption-text\">El nuevo vicerrector, la rectora y la secretaria general<\/p><\/div>\n<p>La rectora destac\u00f3 la profusa actividad de este vicerrectorado, tanto a trav\u00e9s de su programaci\u00f3n cultural estable en el Paraninfo y sus dos salas de arte aleda\u00f1as, como a trav\u00e9s de un amplio abanico de curso repartidos por toda la geograf\u00eda regional y que ahora pretende dotarse de un nuevo impulso mediante el proyecto Campus Isla.<\/p>\n<p>Tambi\u00e9n hizo referencia a la larga trayectoria de premios culturales, muchos ellos de \u00e1mbito internacional y con m\u00e1s de veinte a\u00f1os de historia, y que, \u201cpese a ser un a\u00f1o tan complicado\u201d, dijo, han vuelto a convocarse recientemente. Aguilar record\u00f3 igualmente la gran importancia de la Universidad de Verano de Adeje, buque insignia de los cursos de verano de la instituci\u00f3n que, debido a la crisis sanitaria, faltar\u00e1 este a\u00f1o a su cita.<\/p>\n<p>Las c\u00e1tedras culturales, empresariales e institucionales, los colectivos musicales, las agrupaciones de teatro, las aulas culturales y otras unidades forman de la misma manera parte del vicerrectorado de Cultura y Participaci\u00f3n Social, dotado adem\u00e1s de un equipo humano \u201cmuy implicado\u201d. La rectora agradeci\u00f3 la gesti\u00f3n de Emilia Carmona, con quien han compartido un intenso a\u00f1o de trabajo, dijo, al tiempo que dese\u00f3 suerte a Juan Albino M\u00e9ndez.<\/p>\n<p>El nuevo titular del vicerrectorado tambi\u00e9n tuvo palabras de agradecimiento para su antecesora, quien le ha puesto al d\u00eda de todos los proyectos en marcha, explic\u00f3. \u201cHay mucho que estudiar, afianzar lo que ya se viene haciendo y construir cosas nuevas\u201d, afirm\u00f3 el vicerrector, quien dijo haberse reunido ya con parte del equipo de trabajo, que le ha recibido estupendamente. \u201cPrometo lealtad, trabajo y coraz\u00f3n en todo lo que haga\u201d, concluy\u00f3.<\/p>\n","protected":false},"excerpt":{"rendered":"<p>La antigua sala de juntas de Edificio Central de la Universidad de La Laguna, hoy restaurada y reconvertida en la&#8230;<\/p>\n","protected":false},"author":23,"featured_media":50711,"comment_status":"closed","ping_status":"closed","sticky":false,"template":"","format":"standard","meta":{"inline_featured_image":false,"footnotes":""},"categories":[344,345,348,2765],"tags":[6551,6549,6550],"acf":[],"yoast_head":"<!-- This site is optimized with the Yoast SEO plugin v21.3 - https:\/\/yoast.com\/wordpress\/plugins\/seo\/ -->\n<title>Juan Albino M\u00e9ndez, nuevo vicerrector de Cultura y Participaci\u00f3n Social de la Universidad de La Laguna - ULL - Noticias<\/title>\n<meta name=\"robots\" content=\"index, follow, max-snippet:-1, max-image-preview:large, max-video-preview:-1\" \/>\n<link rel=\"canonical\" href=\"https:\/\/www.ull.es\/portal\/noticias\/2020\/juan-albino-mendez-nuevo-vicerrector-de-cultura-y-participacion-social-de-la-universidad-de-la-laguna\/\" \/>\n<meta property=\"og:locale\" content=\"es_ES\" \/>\n<meta property=\"og:type\" content=\"article\" \/>\n<meta property=\"og:title\" content=\"Juan Albino M\u00e9ndez, nuevo vicerrector de Cultura y Participaci\u00f3n Social de la Universidad de La Laguna - ULL - Noticias\" \/>\n<meta property=\"og:description\" content=\"La antigua sala de juntas de Edificio Central de la Universidad de La Laguna, hoy restaurada y reconvertida en la...\" \/>\n<meta property=\"og:url\" content=\"https:\/\/www.ull.es\/portal\/noticias\/2020\/juan-albino-mendez-nuevo-vicerrector-de-cultura-y-participacion-social-de-la-universidad-de-la-laguna\/\" \/>\n<meta property=\"og:site_name\" content=\"ULL - Noticias\" \/>\n<meta property=\"article:publisher\" content=\"https:\/\/www.facebook.com\/universidaddelalaguna\/\" \/>\n<meta property=\"article:published_time\" content=\"2020-06-15T13:37:52+00:00\" \/>\n<meta property=\"article:modified_time\" content=\"2020-06-15T14:21:21+00:00\" \/>\n<meta property=\"og:image\" content=\"https:\/\/www.ull.es\/portal\/noticias\/wp-content\/uploads\/sites\/13\/2020\/06\/T-pos-vice-cultura-20.jpg\" \/>\n\t<meta property=\"og:image:width\" content=\"1024\" \/>\n\t<meta property=\"og:image:height\" content=\"683\" \/>\n\t<meta property=\"og:image:type\" content=\"image\/jpeg\" \/>\n<meta name=\"author\" content=\"gaprsa\" \/>\n<meta name=\"twitter:card\" content=\"summary_large_image\" \/>\n<meta name=\"twitter:creator\" content=\"@CanalULL\" \/>\n<meta name=\"twitter:site\" content=\"@CanalULL\" \/>\n<meta name=\"twitter:label1\" content=\"Escrito por\" \/>\n\t<meta name=\"twitter:data1\" content=\"gaprsa\" \/>\n\t<meta name=\"twitter:label2\" content=\"Tiempo de lectura\" \/>\n\t<meta name=\"twitter:data2\" content=\"2 minutos\" \/>\n<script type=\"application\/ld+json\" class=\"yoast-schema-graph\">{\"@context\":\"https:\/\/schema.org\",\"@graph\":[{\"@type\":\"WebPage\",\"@id\":\"https:\/\/www.ull.es\/portal\/noticias\/2020\/juan-albino-mendez-nuevo-vicerrector-de-cultura-y-participacion-social-de-la-universidad-de-la-laguna\/\",\"url\":\"https:\/\/www.ull.es\/portal\/noticias\/2020\/juan-albino-mendez-nuevo-vicerrector-de-cultura-y-participacion-social-de-la-universidad-de-la-laguna\/\",\"name\":\"Juan Albino M\u00e9ndez, nuevo vicerrector de Cultura y Participaci\u00f3n Social de la Universidad de La Laguna - ULL - Noticias\",\"isPartOf\":{\"@id\":\"https:\/\/www.ull.es\/portal\/noticias\/#website\"},\"datePublished\":\"2020-06-15T13:37:52+00:00\",\"dateModified\":\"2020-06-15T14:21:21+00:00\",\"author\":{\"@id\":\"https:\/\/www.ull.es\/portal\/noticias\/#\/schema\/person\/b2b1a89d43ffa609e591f7df8ef3e817\"},\"breadcrumb\":{\"@id\":\"https:\/\/www.ull.es\/portal\/noticias\/2020\/juan-albino-mendez-nuevo-vicerrector-de-cultura-y-participacion-social-de-la-universidad-de-la-laguna\/#breadcrumb\"},\"inLanguage\":\"es\",\"potentialAction\":[{\"@type\":\"ReadAction\",\"target\":[\"https:\/\/www.ull.es\/portal\/noticias\/2020\/juan-albino-mendez-nuevo-vicerrector-de-cultura-y-participacion-social-de-la-universidad-de-la-laguna\/\"]}]},{\"@type\":\"BreadcrumbList\",\"@id\":\"https:\/\/www.ull.es\/portal\/noticias\/2020\/juan-albino-mendez-nuevo-vicerrector-de-cultura-y-participacion-social-de-la-universidad-de-la-laguna\/#breadcrumb\",\"itemListElement\":[{\"@type\":\"ListItem\",\"position\":1,\"name\":\"Portada\",\"item\":\"https:\/\/www.ull.es\/portal\/noticias\/\"},{\"@type\":\"ListItem\",\"position\":2,\"name\":\"Juan Albino M\u00e9ndez, nuevo vicerrector de Cultura y Participaci\u00f3n Social de la Universidad de La Laguna\"}]},{\"@type\":\"WebSite\",\"@id\":\"https:\/\/www.ull.es\/portal\/noticias\/#website\",\"url\":\"https:\/\/www.ull.es\/portal\/noticias\/\",\"name\":\"ULL - Noticias\",\"description\":\"\",\"potentialAction\":[{\"@type\":\"SearchAction\",\"target\":{\"@type\":\"EntryPoint\",\"urlTemplate\":\"https:\/\/www.ull.es\/portal\/noticias\/?s={search_term_string}\"},\"query-input\":\"required name=search_term_string\"}],\"inLanguage\":\"es\"},{\"@type\":\"Person\",\"@id\":\"https:\/\/www.ull.es\/portal\/noticias\/#\/schema\/person\/b2b1a89d43ffa609e591f7df8ef3e817\",\"name\":\"gaprsa\",\"image\":{\"@type\":\"ImageObject\",\"inLanguage\":\"es\",\"@id\":\"https:\/\/www.ull.es\/portal\/noticias\/#\/schema\/person\/image\/\",\"url\":\"https:\/\/secure.gravatar.com\/avatar\/443820550921091458b4823867723b3d?s=96&d=mm&r=g\",\"contentUrl\":\"https:\/\/secure.gravatar.com\/avatar\/443820550921091458b4823867723b3d?s=96&d=mm&r=g\",\"caption\":\"gaprsa\"},\"url\":\"https:\/\/www.ull.es\/portal\/noticias\/author\/gaprsa\/\"}]}<\/script>\n<!-- \/ Yoast SEO plugin. -->","yoast_head_json":{"title":"Juan Albino M\u00e9ndez, nuevo vicerrector de Cultura y Participaci\u00f3n Social de la Universidad de La Laguna - ULL - Noticias","robots":{"index":"index","follow":"follow","max-snippet":"max-snippet:-1","max-image-preview":"max-image-preview:large","max-video-preview":"max-video-preview:-1"},"canonical":"https:\/\/www.ull.es\/portal\/noticias\/2020\/juan-albino-mendez-nuevo-vicerrector-de-cultura-y-participacion-social-de-la-universidad-de-la-laguna\/","og_locale":"es_ES","og_type":"article","og_title":"Juan Albino M\u00e9ndez, nuevo vicerrector de Cultura y Participaci\u00f3n Social de la Universidad de La Laguna - ULL - Noticias","og_description":"La antigua sala de juntas de Edificio Central de la Universidad de La Laguna, hoy restaurada y reconvertida en la...","og_url":"https:\/\/www.ull.es\/portal\/noticias\/2020\/juan-albino-mendez-nuevo-vicerrector-de-cultura-y-participacion-social-de-la-universidad-de-la-laguna\/","og_site_name":"ULL - Noticias","article_publisher":"https:\/\/www.facebook.com\/universidaddelalaguna\/","article_published_time":"2020-06-15T13:37:52+00:00","article_modified_time":"2020-06-15T14:21:21+00:00","og_image":[{"width":1024,"height":683,"url":"https:\/\/www.ull.es\/portal\/noticias\/wp-content\/uploads\/sites\/13\/2020\/06\/T-pos-vice-cultura-20.jpg","type":"image\/jpeg"}],"author":"gaprsa","twitter_card":"summary_large_image","twitter_creator":"@CanalULL","twitter_site":"@CanalULL","twitter_misc":{"Escrito por":"gaprsa","Tiempo de lectura":"2 minutos"},"schema":{"@context":"https:\/\/schema.org","@graph":[{"@type":"WebPage","@id":"https:\/\/www.ull.es\/portal\/noticias\/2020\/juan-albino-mendez-nuevo-vicerrector-de-cultura-y-participacion-social-de-la-universidad-de-la-laguna\/","url":"https:\/\/www.ull.es\/portal\/noticias\/2020\/juan-albino-mendez-nuevo-vicerrector-de-cultura-y-participacion-social-de-la-universidad-de-la-laguna\/","name":"Juan Albino M\u00e9ndez, nuevo vicerrector de Cultura y Participaci\u00f3n Social de la Universidad de La Laguna - ULL - Noticias","isPartOf":{"@id":"https:\/\/www.ull.es\/portal\/noticias\/#website"},"datePublished":"2020-06-15T13:37:52+00:00","dateModified":"2020-06-15T14:21:21+00:00","author":{"@id":"https:\/\/www.ull.es\/portal\/noticias\/#\/schema\/person\/b2b1a89d43ffa609e591f7df8ef3e817"},"breadcrumb":{"@id":"https:\/\/www.ull.es\/portal\/noticias\/2020\/juan-albino-mendez-nuevo-vicerrector-de-cultura-y-participacion-social-de-la-universidad-de-la-laguna\/#breadcrumb"},"inLanguage":"es","potentialAction":[{"@type":"ReadAction","target":["https:\/\/www.ull.es\/portal\/noticias\/2020\/juan-albino-mendez-nuevo-vicerrector-de-cultura-y-participacion-social-de-la-universidad-de-la-laguna\/"]}]},{"@type":"BreadcrumbList","@id":"https:\/\/www.ull.es\/portal\/noticias\/2020\/juan-albino-mendez-nuevo-vicerrector-de-cultura-y-participacion-social-de-la-universidad-de-la-laguna\/#breadcrumb","itemListElement":[{"@type":"ListItem","position":1,"name":"Portada","item":"https:\/\/www.ull.es\/portal\/noticias\/"},{"@type":"ListItem","position":2,"name":"Juan Albino M\u00e9ndez, nuevo vicerrector de Cultura y Participaci\u00f3n Social de la Universidad de La Laguna"}]},{"@type":"WebSite","@id":"https:\/\/www.ull.es\/portal\/noticias\/#website","url":"https:\/\/www.ull.es\/portal\/noticias\/","name":"ULL - Noticias","description":"","potentialAction":[{"@type":"SearchAction","target":{"@type":"EntryPoint","urlTemplate":"https:\/\/www.ull.es\/portal\/noticias\/?s={search_term_string}"},"query-input":"required name=search_term_string"}],"inLanguage":"es"},{"@type":"Person","@id":"https:\/\/www.ull.es\/portal\/noticias\/#\/schema\/person\/b2b1a89d43ffa609e591f7df8ef3e817","name":"gaprsa","image":{"@type":"ImageObject","inLanguage":"es","@id":"https:\/\/www.ull.es\/portal\/noticias\/#\/schema\/person\/image\/","url":"https:\/\/secure.gravatar.com\/avatar\/443820550921091458b4823867723b3d?s=96&d=mm&r=g","contentUrl":"https:\/\/secure.gravatar.com\/avatar\/443820550921091458b4823867723b3d?s=96&d=mm&r=g","caption":"gaprsa"},"url":"https:\/\/www.ull.es\/portal\/noticias\/author\/gaprsa\/"}]}},"primary_category":{"id":345,"name":"Destacado","slug":"destacado","link":"https:\/\/www.ull.es\/portal\/noticias\/category\/destacado\/"},"featured_image_thumbnail_url":"https:\/\/www.ull.es\/portal\/noticias\/wp-content\/uploads\/sites\/13\/2020\/06\/T-pos-vice-cultura-20-300x200.jpg","_links":{"self":[{"href":"https:\/\/www.ull.es\/portal\/noticias\/wp-json\/wp\/v2\/posts\/50709"}],"collection":[{"href":"https:\/\/www.ull.es\/portal\/noticias\/wp-json\/wp\/v2\/posts"}],"about":[{"href":"https:\/\/www.ull.es\/portal\/noticias\/wp-json\/wp\/v2\/types\/post"}],"author":[{"embeddable":true,"href":"https:\/\/www.ull.es\/portal\/noticias\/wp-json\/wp\/v2\/users\/23"}],"replies":[{"embeddable":true,"href":"https:\/\/www.ull.es\/portal\/noticias\/wp-json\/wp\/v2\/comments?post=50709"}],"version-history":[{"count":5,"href":"https:\/\/www.ull.es\/portal\/noticias\/wp-json\/wp\/v2\/posts\/50709\/revisions"}],"predecessor-version":[{"id":50719,"href":"https:\/\/www.ull.es\/portal\/noticias\/wp-json\/wp\/v2\/posts\/50709\/revisions\/50719"}],"wp:featuredmedia":[{"embeddable":true,"href":"https:\/\/www.ull.es\/portal\/noticias\/wp-json\/wp\/v2\/media\/50711"}],"wp:attachment":[{"href":"https:\/\/www.ull.es\/portal\/noticias\/wp-json\/wp\/v2\/media?parent=50709"}],"wp:term":[{"taxonomy":"category","embeddable":true,"href":"https:\/\/www.ull.es\/portal\/noticias\/wp-json\/wp\/v2\/categories?post=50709"},{"taxonomy":"post_tag","embeddable":true,"href":"https:\/\/www.ull.es\/portal\/noticias\/wp-json\/wp\/v2\/tags?post=50709"}],"curies":[{"name":"wp","href":"https:\/\/api.w.org\/{rel}","templated":true}]}}