{"id":50799,"date":"2020-06-22T10:09:36","date_gmt":"2020-06-22T10:09:36","guid":{"rendered":"https:\/\/www.ull.es\/portal\/noticias\/?p=50799"},"modified":"2020-06-22T10:09:36","modified_gmt":"2020-06-22T10:09:36","slug":"la-ull-amplia-su-ayuda-para-estudiantes-con-especiales-dificultades-economicas-hasta-el-27-de-junio","status":"publish","type":"post","link":"https:\/\/www.ull.es\/portal\/noticias\/2020\/la-ull-amplia-su-ayuda-para-estudiantes-con-especiales-dificultades-economicas-hasta-el-27-de-junio\/","title":{"rendered":"La ULL ampl\u00eda su ayuda para estudiantes con especiales dificultades econ\u00f3micas hasta el 27 de junio"},"content":{"rendered":"<p>La Universidad de La Laguna publica anualmente un conjunto de ayudas asistenciales que atienden a diversas circunstancias: ayudas de comedor, de transporte, de guarder\u00eda para hijos del alumnado o de asociacionismo, entre otras. Una de ellas reviste unas caracter\u00edsticas muy determinadas, ya que est\u00e1 destinada a sufragar costes para los estudiantes que se encuentran en especiales dificultades econ\u00f3micas. El centro acad\u00e9mico ha ampliado el plazo de esta convocatoria, que expirar\u00e1 el 27 de junio.<\/p>\n<p>Esta ayuda se dirige a estudiantes de grado que acrediten especiales dificultades econ\u00f3micas para afrontar el coste de sus estudios, debido a circunstancias sobrevenidas que produzcan un desequilibrio de la econom\u00eda familiar, siempre que no est\u00e9n ni puedan ser subvencionados con otras ayudas oficiales y que dichas circunstancias repercutan negativamente en su rendimiento acad\u00e9mico.<\/p>\n<p>En todo caso, se considerar\u00e1n incluidas en el \u00e1mbito de la convocatoria circunstancias como la enfermedad grave de la persona solicitante o de alg\u00fan miembro de la unidad familiar o\u00a0 convivencial cuando afecte a quienes generan la renta personal o familiar, y que ocasione un grave quebranto econ\u00f3mico debidamente acreditado. Otra circunstancia prevista es el fallecimiento, ruina o quiebra econ\u00f3mica del miembro o miembros de la unidad familiar o convivencial que generan los recursos econ\u00f3micos.\u00a0Tambi\u00e9n comprende problemas familiares graves, sobrevenidos durante el curso acad\u00e9mico por causa de alg\u00fan acontecimiento que ocasione precariedad econ\u00f3mica en la unidad familiar o convivencial, incluyendo situaciones de desempleo que afecten a los miembros fiscalmente computables.<\/p>\n<p>Entre los requisistos acad\u00e9micos para optar a esta ayuda, se se\u00f1ala en la convocatoria que el alumnado que contin\u00faa estudios universitarios, tanto en la misma titulaci\u00f3n como en otra diferente, deber\u00e1 acreditar haber superado un m\u00ednimo de 24 cr\u00e9ditos en el ultimo curso acad\u00e9mico realizado. Al tratarse de solicitantes afectados de manera sobrevenida por una situaci\u00f3n de fallecimiento, enfermedad o desempleo, acaecida despu\u00e9s del 1 de enero de 2019 y conducente a una situaci\u00f3n de quiebra econ\u00f3mica, las exigencias de rendimiento acad\u00e9mico m\u00ednimo ser\u00e1n ponderadas respecto del curso acad\u00e9mico 2018\/19 por la correspondiente comisi\u00f3n evaluadora.<\/p>\n<p>No estar en posesi\u00f3n o no reunir los requisitos legales para obtener un t\u00edtulo del mismo o superior nivel al correspondiente a los estudios para los que solicita la ayuda, salvo que se obtenga en el primer o segundo cuatrimestre del curso acad\u00e9mico 2019-20, es otro de los condicionantes exigidos.\u00a0Se se\u00f1ala como objetivo irrenunciable de la Universidad de La Laguna el establecer un procedimiento de baremaci\u00f3n que garantice el otorgamiento de ayudas al alumnado que realmente las necesite en el marco de una pol\u00edtica asistencial sostenida con fondos p\u00fablicos. En consecuencia, la documentaci\u00f3n econ\u00f3mica que se solicita pretende determinar la capacidad econ\u00f3mica real de la unidad convivencial y no exclusivamente la que deriva de los ingresos obtenidos por su unidad familiar.<\/p>\n<p>No superar los 15.000 euros de renta per capita en el ejercicio 2018 a que se refiere la declaraci\u00f3n de la renta o no superar la cantidad de 155.500 euros en volumen de facturaci\u00f3n en el ejercicio a que se refiere la declaraci\u00f3n de la renta, cuando alg\u00fan miembro computable de la unidad familiar sea titular de actividad econ\u00f3mica (RAE) en estimaci\u00f3n objetiva o directa, son estipulaciones que marca la convocatoria.<\/p>\n<p>En el caso de solicitantes con patrimonio inmobiliario y con ingresos derivados del rendimiento de capital mobiliario, se indica no superar por separado o conjuntamente el rendimiento neto del capital mobiliario de la unidad de convivencia declarada por la persona solicitante la cantidad de 1000 euros, ni la cantidad de 42.900 euros de valor acumulado de patrimonio mobiliario, entre otras.<\/p>\n<p>Las solicitudes se cumplimentar\u00e1n a trav\u00e9s del procedimiento establecido en \u201cPortal de Servicios\u201d, en el apartado de \u201cAlumnado\u201d, y dentro de \u00abMis ayudas asistenciales\u00bb, \u201cAutosolicitudes\u201d. La documentaci\u00f3n que corresponda deber\u00e1 presentarse a trav\u00e9s del procedimiento establecido en la <a href=\"https:\/\/sede.ull.es\/ecivilis-site\/catalog\/showProcedure\/412\" target=\"_blank\" rel=\"noopener\">Sede Electr\u00f3nica<\/a> de la Universidad de La Laguna como \u201cAportaci\u00f3n de documentaci\u00f3n para la ayuda a estudiantes de la Universidad de La Laguna con Especiales Dificultades Econ\u00f3micas\u201d.<\/p>\n","protected":false},"excerpt":{"rendered":"<p>La Universidad de La Laguna publica anualmente un conjunto de ayudas asistenciales que atienden a diversas circunstancias: ayudas de comedor,&#8230;<\/p>\n","protected":false},"author":23,"featured_media":46359,"comment_status":"closed","ping_status":"closed","sticky":false,"template":"","format":"standard","meta":{"inline_featured_image":false,"footnotes":""},"categories":[343,345,2765],"tags":[2896,630,6569],"acf":[],"yoast_head":"<!-- This site is optimized with the Yoast SEO plugin v21.3 - https:\/\/yoast.com\/wordpress\/plugins\/seo\/ -->\n<title>La ULL ampl\u00eda su ayuda para estudiantes con especiales dificultades econ\u00f3micas hasta el 27 de junio - ULL - Noticias<\/title>\n<meta name=\"robots\" content=\"index, follow, max-snippet:-1, max-image-preview:large, max-video-preview:-1\" \/>\n<link rel=\"canonical\" href=\"https:\/\/www.ull.es\/portal\/noticias\/2020\/la-ull-amplia-su-ayuda-para-estudiantes-con-especiales-dificultades-economicas-hasta-el-27-de-junio\/\" \/>\n<meta property=\"og:locale\" content=\"es_ES\" \/>\n<meta property=\"og:type\" content=\"article\" \/>\n<meta property=\"og:title\" content=\"La ULL ampl\u00eda su ayuda para estudiantes con especiales dificultades econ\u00f3micas hasta el 27 de junio - ULL - Noticias\" \/>\n<meta property=\"og:description\" content=\"La Universidad de La Laguna publica anualmente un conjunto de ayudas asistenciales que atienden a diversas circunstancias: ayudas de comedor,...\" \/>\n<meta property=\"og:url\" content=\"https:\/\/www.ull.es\/portal\/noticias\/2020\/la-ull-amplia-su-ayuda-para-estudiantes-con-especiales-dificultades-economicas-hasta-el-27-de-junio\/\" \/>\n<meta property=\"og:site_name\" content=\"ULL - Noticias\" \/>\n<meta property=\"article:publisher\" content=\"https:\/\/www.facebook.com\/universidaddelalaguna\/\" \/>\n<meta property=\"article:published_time\" content=\"2020-06-22T10:09:36+00:00\" \/>\n<meta property=\"og:image\" content=\"https:\/\/www.ull.es\/portal\/noticias\/wp-content\/uploads\/sites\/13\/2019\/09\/Jorn-Bienvenida-10.jpg\" \/>\n\t<meta property=\"og:image:width\" content=\"1024\" \/>\n\t<meta property=\"og:image:height\" content=\"683\" \/>\n\t<meta property=\"og:image:type\" content=\"image\/jpeg\" \/>\n<meta name=\"author\" content=\"gaprsa\" \/>\n<meta name=\"twitter:card\" content=\"summary_large_image\" \/>\n<meta name=\"twitter:creator\" content=\"@CanalULL\" \/>\n<meta name=\"twitter:site\" content=\"@CanalULL\" \/>\n<meta name=\"twitter:label1\" content=\"Escrito por\" \/>\n\t<meta name=\"twitter:data1\" content=\"gaprsa\" \/>\n\t<meta name=\"twitter:label2\" content=\"Tiempo de lectura\" \/>\n\t<meta name=\"twitter:data2\" content=\"3 minutos\" \/>\n<script type=\"application\/ld+json\" class=\"yoast-schema-graph\">{\"@context\":\"https:\/\/schema.org\",\"@graph\":[{\"@type\":\"WebPage\",\"@id\":\"https:\/\/www.ull.es\/portal\/noticias\/2020\/la-ull-amplia-su-ayuda-para-estudiantes-con-especiales-dificultades-economicas-hasta-el-27-de-junio\/\",\"url\":\"https:\/\/www.ull.es\/portal\/noticias\/2020\/la-ull-amplia-su-ayuda-para-estudiantes-con-especiales-dificultades-economicas-hasta-el-27-de-junio\/\",\"name\":\"La ULL ampl\u00eda su ayuda para estudiantes con especiales dificultades econ\u00f3micas hasta el 27 de junio - ULL - Noticias\",\"isPartOf\":{\"@id\":\"https:\/\/www.ull.es\/portal\/noticias\/#website\"},\"datePublished\":\"2020-06-22T10:09:36+00:00\",\"dateModified\":\"2020-06-22T10:09:36+00:00\",\"author\":{\"@id\":\"https:\/\/www.ull.es\/portal\/noticias\/#\/schema\/person\/b2b1a89d43ffa609e591f7df8ef3e817\"},\"breadcrumb\":{\"@id\":\"https:\/\/www.ull.es\/portal\/noticias\/2020\/la-ull-amplia-su-ayuda-para-estudiantes-con-especiales-dificultades-economicas-hasta-el-27-de-junio\/#breadcrumb\"},\"inLanguage\":\"es\",\"potentialAction\":[{\"@type\":\"ReadAction\",\"target\":[\"https:\/\/www.ull.es\/portal\/noticias\/2020\/la-ull-amplia-su-ayuda-para-estudiantes-con-especiales-dificultades-economicas-hasta-el-27-de-junio\/\"]}]},{\"@type\":\"BreadcrumbList\",\"@id\":\"https:\/\/www.ull.es\/portal\/noticias\/2020\/la-ull-amplia-su-ayuda-para-estudiantes-con-especiales-dificultades-economicas-hasta-el-27-de-junio\/#breadcrumb\",\"itemListElement\":[{\"@type\":\"ListItem\",\"position\":1,\"name\":\"Portada\",\"item\":\"https:\/\/www.ull.es\/portal\/noticias\/\"},{\"@type\":\"ListItem\",\"position\":2,\"name\":\"La ULL ampl\u00eda su ayuda para estudiantes con especiales dificultades econ\u00f3micas hasta el 27 de junio\"}]},{\"@type\":\"WebSite\",\"@id\":\"https:\/\/www.ull.es\/portal\/noticias\/#website\",\"url\":\"https:\/\/www.ull.es\/portal\/noticias\/\",\"name\":\"ULL - Noticias\",\"description\":\"\",\"potentialAction\":[{\"@type\":\"SearchAction\",\"target\":{\"@type\":\"EntryPoint\",\"urlTemplate\":\"https:\/\/www.ull.es\/portal\/noticias\/?s={search_term_string}\"},\"query-input\":\"required name=search_term_string\"}],\"inLanguage\":\"es\"},{\"@type\":\"Person\",\"@id\":\"https:\/\/www.ull.es\/portal\/noticias\/#\/schema\/person\/b2b1a89d43ffa609e591f7df8ef3e817\",\"name\":\"gaprsa\",\"image\":{\"@type\":\"ImageObject\",\"inLanguage\":\"es\",\"@id\":\"https:\/\/www.ull.es\/portal\/noticias\/#\/schema\/person\/image\/\",\"url\":\"https:\/\/secure.gravatar.com\/avatar\/443820550921091458b4823867723b3d?s=96&d=mm&r=g\",\"contentUrl\":\"https:\/\/secure.gravatar.com\/avatar\/443820550921091458b4823867723b3d?s=96&d=mm&r=g\",\"caption\":\"gaprsa\"},\"url\":\"https:\/\/www.ull.es\/portal\/noticias\/author\/gaprsa\/\"}]}<\/script>\n<!-- \/ Yoast SEO plugin. -->","yoast_head_json":{"title":"La ULL ampl\u00eda su ayuda para estudiantes con especiales dificultades econ\u00f3micas hasta el 27 de junio - ULL - Noticias","robots":{"index":"index","follow":"follow","max-snippet":"max-snippet:-1","max-image-preview":"max-image-preview:large","max-video-preview":"max-video-preview:-1"},"canonical":"https:\/\/www.ull.es\/portal\/noticias\/2020\/la-ull-amplia-su-ayuda-para-estudiantes-con-especiales-dificultades-economicas-hasta-el-27-de-junio\/","og_locale":"es_ES","og_type":"article","og_title":"La ULL ampl\u00eda su ayuda para estudiantes con especiales dificultades econ\u00f3micas hasta el 27 de junio - ULL - Noticias","og_description":"La Universidad de La Laguna publica anualmente un conjunto de ayudas asistenciales que atienden a diversas circunstancias: ayudas de comedor,...","og_url":"https:\/\/www.ull.es\/portal\/noticias\/2020\/la-ull-amplia-su-ayuda-para-estudiantes-con-especiales-dificultades-economicas-hasta-el-27-de-junio\/","og_site_name":"ULL - Noticias","article_publisher":"https:\/\/www.facebook.com\/universidaddelalaguna\/","article_published_time":"2020-06-22T10:09:36+00:00","og_image":[{"width":1024,"height":683,"url":"https:\/\/www.ull.es\/portal\/noticias\/wp-content\/uploads\/sites\/13\/2019\/09\/Jorn-Bienvenida-10.jpg","type":"image\/jpeg"}],"author":"gaprsa","twitter_card":"summary_large_image","twitter_creator":"@CanalULL","twitter_site":"@CanalULL","twitter_misc":{"Escrito por":"gaprsa","Tiempo de lectura":"3 minutos"},"schema":{"@context":"https:\/\/schema.org","@graph":[{"@type":"WebPage","@id":"https:\/\/www.ull.es\/portal\/noticias\/2020\/la-ull-amplia-su-ayuda-para-estudiantes-con-especiales-dificultades-economicas-hasta-el-27-de-junio\/","url":"https:\/\/www.ull.es\/portal\/noticias\/2020\/la-ull-amplia-su-ayuda-para-estudiantes-con-especiales-dificultades-economicas-hasta-el-27-de-junio\/","name":"La ULL ampl\u00eda su ayuda para estudiantes con especiales dificultades econ\u00f3micas hasta el 27 de junio - ULL - Noticias","isPartOf":{"@id":"https:\/\/www.ull.es\/portal\/noticias\/#website"},"datePublished":"2020-06-22T10:09:36+00:00","dateModified":"2020-06-22T10:09:36+00:00","author":{"@id":"https:\/\/www.ull.es\/portal\/noticias\/#\/schema\/person\/b2b1a89d43ffa609e591f7df8ef3e817"},"breadcrumb":{"@id":"https:\/\/www.ull.es\/portal\/noticias\/2020\/la-ull-amplia-su-ayuda-para-estudiantes-con-especiales-dificultades-economicas-hasta-el-27-de-junio\/#breadcrumb"},"inLanguage":"es","potentialAction":[{"@type":"ReadAction","target":["https:\/\/www.ull.es\/portal\/noticias\/2020\/la-ull-amplia-su-ayuda-para-estudiantes-con-especiales-dificultades-economicas-hasta-el-27-de-junio\/"]}]},{"@type":"BreadcrumbList","@id":"https:\/\/www.ull.es\/portal\/noticias\/2020\/la-ull-amplia-su-ayuda-para-estudiantes-con-especiales-dificultades-economicas-hasta-el-27-de-junio\/#breadcrumb","itemListElement":[{"@type":"ListItem","position":1,"name":"Portada","item":"https:\/\/www.ull.es\/portal\/noticias\/"},{"@type":"ListItem","position":2,"name":"La ULL ampl\u00eda su ayuda para estudiantes con especiales dificultades econ\u00f3micas hasta el 27 de junio"}]},{"@type":"WebSite","@id":"https:\/\/www.ull.es\/portal\/noticias\/#website","url":"https:\/\/www.ull.es\/portal\/noticias\/","name":"ULL - Noticias","description":"","potentialAction":[{"@type":"SearchAction","target":{"@type":"EntryPoint","urlTemplate":"https:\/\/www.ull.es\/portal\/noticias\/?s={search_term_string}"},"query-input":"required name=search_term_string"}],"inLanguage":"es"},{"@type":"Person","@id":"https:\/\/www.ull.es\/portal\/noticias\/#\/schema\/person\/b2b1a89d43ffa609e591f7df8ef3e817","name":"gaprsa","image":{"@type":"ImageObject","inLanguage":"es","@id":"https:\/\/www.ull.es\/portal\/noticias\/#\/schema\/person\/image\/","url":"https:\/\/secure.gravatar.com\/avatar\/443820550921091458b4823867723b3d?s=96&d=mm&r=g","contentUrl":"https:\/\/secure.gravatar.com\/avatar\/443820550921091458b4823867723b3d?s=96&d=mm&r=g","caption":"gaprsa"},"url":"https:\/\/www.ull.es\/portal\/noticias\/author\/gaprsa\/"}]}},"primary_category":{"id":345,"name":"Destacado","slug":"destacado","link":"https:\/\/www.ull.es\/portal\/noticias\/category\/destacado\/"},"featured_image_thumbnail_url":"https:\/\/www.ull.es\/portal\/noticias\/wp-content\/uploads\/sites\/13\/2019\/09\/Jorn-Bienvenida-10-300x200.jpg","_links":{"self":[{"href":"https:\/\/www.ull.es\/portal\/noticias\/wp-json\/wp\/v2\/posts\/50799"}],"collection":[{"href":"https:\/\/www.ull.es\/portal\/noticias\/wp-json\/wp\/v2\/posts"}],"about":[{"href":"https:\/\/www.ull.es\/portal\/noticias\/wp-json\/wp\/v2\/types\/post"}],"author":[{"embeddable":true,"href":"https:\/\/www.ull.es\/portal\/noticias\/wp-json\/wp\/v2\/users\/23"}],"replies":[{"embeddable":true,"href":"https:\/\/www.ull.es\/portal\/noticias\/wp-json\/wp\/v2\/comments?post=50799"}],"version-history":[{"count":2,"href":"https:\/\/www.ull.es\/portal\/noticias\/wp-json\/wp\/v2\/posts\/50799\/revisions"}],"predecessor-version":[{"id":50801,"href":"https:\/\/www.ull.es\/portal\/noticias\/wp-json\/wp\/v2\/posts\/50799\/revisions\/50801"}],"wp:featuredmedia":[{"embeddable":true,"href":"https:\/\/www.ull.es\/portal\/noticias\/wp-json\/wp\/v2\/media\/46359"}],"wp:attachment":[{"href":"https:\/\/www.ull.es\/portal\/noticias\/wp-json\/wp\/v2\/media?parent=50799"}],"wp:term":[{"taxonomy":"category","embeddable":true,"href":"https:\/\/www.ull.es\/portal\/noticias\/wp-json\/wp\/v2\/categories?post=50799"},{"taxonomy":"post_tag","embeddable":true,"href":"https:\/\/www.ull.es\/portal\/noticias\/wp-json\/wp\/v2\/tags?post=50799"}],"curies":[{"name":"wp","href":"https:\/\/api.w.org\/{rel}","templated":true}]}}