{"id":50831,"date":"2020-06-23T08:56:24","date_gmt":"2020-06-23T08:56:24","guid":{"rendered":"https:\/\/www.ull.es\/portal\/noticias\/?p=50831"},"modified":"2020-06-23T08:58:25","modified_gmt":"2020-06-23T08:58:25","slug":"la-biblioteca-universitaria-reabre-hoy-sus-puertas","status":"publish","type":"post","link":"https:\/\/www.ull.es\/portal\/noticias\/2020\/la-biblioteca-universitaria-reabre-hoy-sus-puertas\/","title":{"rendered":"La Biblioteca Universitaria reabre hoy sus puertas"},"content":{"rendered":"<p>La Biblioteca de la Universidad de La Laguna reabre sus puertas en un entorno seguro a partir hoy 23 de junio, con horario de 9.00 a 20.00 horas. Por el momento no estar\u00e1n disponibles todos los servicios presenciales, aunque se reanuda el servicio de pr\u00e9stamo de libros y port\u00e1tiles con cita previa, a trav\u00e9s de este <a href=\"http:\/\/citaprevia.ull.es\/serv_list.php?p=index\" target=\"_blank\" rel=\"noopener\">enlace<\/a>. Las devoluciones han sido ampliadas hasta el 22 de septiembre, aunque se pueden devolver vol\u00famenes sin cita previa, y tambi\u00e9n est\u00e1 abierto el servicio de env\u00edo de art\u00edculos de revistas en papel, de tal modo que los t\u00e9cnicos se encargar\u00e1n de escanear los textos en papel y remitirlos por correo electr\u00f3nico al solicitante.<\/p>\n<p>Para asegurar el cumplimiento de todas las medidas de seguridad, la Biblioteca contar\u00e1 con un servicio de limpieza y desinfecci\u00f3n diaria, adem\u00e1s de se\u00f1alizaci\u00f3n en la entrada de cada edificio. Una vez dentro habr\u00e1 que llevar mascarilla y respetar las distancias de seguridad. Se han instalado mamparas de separaci\u00f3n en los mostradores de atenci\u00f3n al p\u00fablico y se mantendr\u00e1n las puertas abiertas para evitar que se toquen los pomos y tiradores.<\/p>\n<p>Adem\u00e1s, el resto de servicios online que se han estado ofreciendo durante el estado de alarma se mantendr\u00e1n sin ning\u00fan cambio. Toda la informaci\u00f3n sobre los servicios y las medidas sanitarias pueden consultarse en la <a href=\"https:\/\/www.ull.es\/servicios\/biblioteca\/la-biblioteca-entorno-seguro\/\" target=\"_blank\" rel=\"noopener\">p\u00e1gina web<\/a>.<\/p>\n","protected":false},"excerpt":{"rendered":"<p>La Biblioteca de la Universidad de La Laguna reabre sus puertas en un entorno seguro a partir hoy 23 de&#8230;<\/p>\n","protected":false},"author":23,"featured_media":50812,"comment_status":"closed","ping_status":"closed","sticky":false,"template":"","format":"standard","meta":{"inline_featured_image":false,"footnotes":""},"categories":[345,348,2765],"tags":[641],"acf":[],"yoast_head":"<!-- This site is optimized with the Yoast SEO plugin v21.3 - https:\/\/yoast.com\/wordpress\/plugins\/seo\/ -->\n<title>La Biblioteca Universitaria reabre hoy sus puertas - ULL - Noticias<\/title>\n<meta name=\"robots\" content=\"index, follow, max-snippet:-1, max-image-preview:large, max-video-preview:-1\" \/>\n<link rel=\"canonical\" href=\"https:\/\/www.ull.es\/portal\/noticias\/2020\/la-biblioteca-universitaria-reabre-hoy-sus-puertas\/\" \/>\n<meta property=\"og:locale\" content=\"es_ES\" \/>\n<meta property=\"og:type\" content=\"article\" \/>\n<meta property=\"og:title\" content=\"La Biblioteca Universitaria reabre hoy sus puertas - ULL - Noticias\" \/>\n<meta property=\"og:description\" content=\"La Biblioteca de la Universidad de La Laguna reabre sus puertas en un entorno seguro a partir hoy 23 de...\" \/>\n<meta property=\"og:url\" content=\"https:\/\/www.ull.es\/portal\/noticias\/2020\/la-biblioteca-universitaria-reabre-hoy-sus-puertas\/\" \/>\n<meta property=\"og:site_name\" content=\"ULL - Noticias\" \/>\n<meta property=\"article:publisher\" content=\"https:\/\/www.facebook.com\/universidaddelalaguna\/\" \/>\n<meta property=\"article:published_time\" content=\"2020-06-23T08:56:24+00:00\" \/>\n<meta property=\"article:modified_time\" content=\"2020-06-23T08:58:25+00:00\" \/>\n<meta property=\"og:image\" content=\"https:\/\/www.ull.es\/portal\/noticias\/wp-content\/uploads\/sites\/13\/2020\/06\/biblio.jpg\" \/>\n\t<meta property=\"og:image:width\" content=\"1006\" \/>\n\t<meta property=\"og:image:height\" content=\"568\" \/>\n\t<meta property=\"og:image:type\" content=\"image\/jpeg\" \/>\n<meta name=\"author\" content=\"gaprsa\" \/>\n<meta name=\"twitter:card\" content=\"summary_large_image\" \/>\n<meta name=\"twitter:creator\" content=\"@CanalULL\" \/>\n<meta name=\"twitter:site\" content=\"@CanalULL\" \/>\n<meta name=\"twitter:label1\" content=\"Escrito por\" \/>\n\t<meta name=\"twitter:data1\" content=\"gaprsa\" \/>\n\t<meta name=\"twitter:label2\" content=\"Tiempo de lectura\" \/>\n\t<meta name=\"twitter:data2\" content=\"1 minuto\" \/>\n<script type=\"application\/ld+json\" class=\"yoast-schema-graph\">{\"@context\":\"https:\/\/schema.org\",\"@graph\":[{\"@type\":\"WebPage\",\"@id\":\"https:\/\/www.ull.es\/portal\/noticias\/2020\/la-biblioteca-universitaria-reabre-hoy-sus-puertas\/\",\"url\":\"https:\/\/www.ull.es\/portal\/noticias\/2020\/la-biblioteca-universitaria-reabre-hoy-sus-puertas\/\",\"name\":\"La Biblioteca Universitaria reabre hoy sus puertas - ULL - Noticias\",\"isPartOf\":{\"@id\":\"https:\/\/www.ull.es\/portal\/noticias\/#website\"},\"datePublished\":\"2020-06-23T08:56:24+00:00\",\"dateModified\":\"2020-06-23T08:58:25+00:00\",\"author\":{\"@id\":\"https:\/\/www.ull.es\/portal\/noticias\/#\/schema\/person\/b2b1a89d43ffa609e591f7df8ef3e817\"},\"breadcrumb\":{\"@id\":\"https:\/\/www.ull.es\/portal\/noticias\/2020\/la-biblioteca-universitaria-reabre-hoy-sus-puertas\/#breadcrumb\"},\"inLanguage\":\"es\",\"potentialAction\":[{\"@type\":\"ReadAction\",\"target\":[\"https:\/\/www.ull.es\/portal\/noticias\/2020\/la-biblioteca-universitaria-reabre-hoy-sus-puertas\/\"]}]},{\"@type\":\"BreadcrumbList\",\"@id\":\"https:\/\/www.ull.es\/portal\/noticias\/2020\/la-biblioteca-universitaria-reabre-hoy-sus-puertas\/#breadcrumb\",\"itemListElement\":[{\"@type\":\"ListItem\",\"position\":1,\"name\":\"Portada\",\"item\":\"https:\/\/www.ull.es\/portal\/noticias\/\"},{\"@type\":\"ListItem\",\"position\":2,\"name\":\"La Biblioteca Universitaria reabre hoy sus puertas\"}]},{\"@type\":\"WebSite\",\"@id\":\"https:\/\/www.ull.es\/portal\/noticias\/#website\",\"url\":\"https:\/\/www.ull.es\/portal\/noticias\/\",\"name\":\"ULL - Noticias\",\"description\":\"\",\"potentialAction\":[{\"@type\":\"SearchAction\",\"target\":{\"@type\":\"EntryPoint\",\"urlTemplate\":\"https:\/\/www.ull.es\/portal\/noticias\/?s={search_term_string}\"},\"query-input\":\"required name=search_term_string\"}],\"inLanguage\":\"es\"},{\"@type\":\"Person\",\"@id\":\"https:\/\/www.ull.es\/portal\/noticias\/#\/schema\/person\/b2b1a89d43ffa609e591f7df8ef3e817\",\"name\":\"gaprsa\",\"image\":{\"@type\":\"ImageObject\",\"inLanguage\":\"es\",\"@id\":\"https:\/\/www.ull.es\/portal\/noticias\/#\/schema\/person\/image\/\",\"url\":\"https:\/\/secure.gravatar.com\/avatar\/443820550921091458b4823867723b3d?s=96&d=mm&r=g\",\"contentUrl\":\"https:\/\/secure.gravatar.com\/avatar\/443820550921091458b4823867723b3d?s=96&d=mm&r=g\",\"caption\":\"gaprsa\"},\"url\":\"https:\/\/www.ull.es\/portal\/noticias\/author\/gaprsa\/\"}]}<\/script>\n<!-- \/ Yoast SEO plugin. -->","yoast_head_json":{"title":"La Biblioteca Universitaria reabre hoy sus puertas - ULL - Noticias","robots":{"index":"index","follow":"follow","max-snippet":"max-snippet:-1","max-image-preview":"max-image-preview:large","max-video-preview":"max-video-preview:-1"},"canonical":"https:\/\/www.ull.es\/portal\/noticias\/2020\/la-biblioteca-universitaria-reabre-hoy-sus-puertas\/","og_locale":"es_ES","og_type":"article","og_title":"La Biblioteca Universitaria reabre hoy sus puertas - ULL - Noticias","og_description":"La Biblioteca de la Universidad de La Laguna reabre sus puertas en un entorno seguro a partir hoy 23 de...","og_url":"https:\/\/www.ull.es\/portal\/noticias\/2020\/la-biblioteca-universitaria-reabre-hoy-sus-puertas\/","og_site_name":"ULL - Noticias","article_publisher":"https:\/\/www.facebook.com\/universidaddelalaguna\/","article_published_time":"2020-06-23T08:56:24+00:00","article_modified_time":"2020-06-23T08:58:25+00:00","og_image":[{"width":1006,"height":568,"url":"https:\/\/www.ull.es\/portal\/noticias\/wp-content\/uploads\/sites\/13\/2020\/06\/biblio.jpg","type":"image\/jpeg"}],"author":"gaprsa","twitter_card":"summary_large_image","twitter_creator":"@CanalULL","twitter_site":"@CanalULL","twitter_misc":{"Escrito por":"gaprsa","Tiempo de lectura":"1 minuto"},"schema":{"@context":"https:\/\/schema.org","@graph":[{"@type":"WebPage","@id":"https:\/\/www.ull.es\/portal\/noticias\/2020\/la-biblioteca-universitaria-reabre-hoy-sus-puertas\/","url":"https:\/\/www.ull.es\/portal\/noticias\/2020\/la-biblioteca-universitaria-reabre-hoy-sus-puertas\/","name":"La Biblioteca Universitaria reabre hoy sus puertas - ULL - Noticias","isPartOf":{"@id":"https:\/\/www.ull.es\/portal\/noticias\/#website"},"datePublished":"2020-06-23T08:56:24+00:00","dateModified":"2020-06-23T08:58:25+00:00","author":{"@id":"https:\/\/www.ull.es\/portal\/noticias\/#\/schema\/person\/b2b1a89d43ffa609e591f7df8ef3e817"},"breadcrumb":{"@id":"https:\/\/www.ull.es\/portal\/noticias\/2020\/la-biblioteca-universitaria-reabre-hoy-sus-puertas\/#breadcrumb"},"inLanguage":"es","potentialAction":[{"@type":"ReadAction","target":["https:\/\/www.ull.es\/portal\/noticias\/2020\/la-biblioteca-universitaria-reabre-hoy-sus-puertas\/"]}]},{"@type":"BreadcrumbList","@id":"https:\/\/www.ull.es\/portal\/noticias\/2020\/la-biblioteca-universitaria-reabre-hoy-sus-puertas\/#breadcrumb","itemListElement":[{"@type":"ListItem","position":1,"name":"Portada","item":"https:\/\/www.ull.es\/portal\/noticias\/"},{"@type":"ListItem","position":2,"name":"La Biblioteca Universitaria reabre hoy sus puertas"}]},{"@type":"WebSite","@id":"https:\/\/www.ull.es\/portal\/noticias\/#website","url":"https:\/\/www.ull.es\/portal\/noticias\/","name":"ULL - Noticias","description":"","potentialAction":[{"@type":"SearchAction","target":{"@type":"EntryPoint","urlTemplate":"https:\/\/www.ull.es\/portal\/noticias\/?s={search_term_string}"},"query-input":"required name=search_term_string"}],"inLanguage":"es"},{"@type":"Person","@id":"https:\/\/www.ull.es\/portal\/noticias\/#\/schema\/person\/b2b1a89d43ffa609e591f7df8ef3e817","name":"gaprsa","image":{"@type":"ImageObject","inLanguage":"es","@id":"https:\/\/www.ull.es\/portal\/noticias\/#\/schema\/person\/image\/","url":"https:\/\/secure.gravatar.com\/avatar\/443820550921091458b4823867723b3d?s=96&d=mm&r=g","contentUrl":"https:\/\/secure.gravatar.com\/avatar\/443820550921091458b4823867723b3d?s=96&d=mm&r=g","caption":"gaprsa"},"url":"https:\/\/www.ull.es\/portal\/noticias\/author\/gaprsa\/"}]}},"primary_category":{"id":345,"name":"Destacado","slug":"destacado","link":"https:\/\/www.ull.es\/portal\/noticias\/category\/destacado\/"},"featured_image_thumbnail_url":"https:\/\/www.ull.es\/portal\/noticias\/wp-content\/uploads\/sites\/13\/2020\/06\/biblio-300x169.jpg","_links":{"self":[{"href":"https:\/\/www.ull.es\/portal\/noticias\/wp-json\/wp\/v2\/posts\/50831"}],"collection":[{"href":"https:\/\/www.ull.es\/portal\/noticias\/wp-json\/wp\/v2\/posts"}],"about":[{"href":"https:\/\/www.ull.es\/portal\/noticias\/wp-json\/wp\/v2\/types\/post"}],"author":[{"embeddable":true,"href":"https:\/\/www.ull.es\/portal\/noticias\/wp-json\/wp\/v2\/users\/23"}],"replies":[{"embeddable":true,"href":"https:\/\/www.ull.es\/portal\/noticias\/wp-json\/wp\/v2\/comments?post=50831"}],"version-history":[{"count":3,"href":"https:\/\/www.ull.es\/portal\/noticias\/wp-json\/wp\/v2\/posts\/50831\/revisions"}],"predecessor-version":[{"id":50834,"href":"https:\/\/www.ull.es\/portal\/noticias\/wp-json\/wp\/v2\/posts\/50831\/revisions\/50834"}],"wp:featuredmedia":[{"embeddable":true,"href":"https:\/\/www.ull.es\/portal\/noticias\/wp-json\/wp\/v2\/media\/50812"}],"wp:attachment":[{"href":"https:\/\/www.ull.es\/portal\/noticias\/wp-json\/wp\/v2\/media?parent=50831"}],"wp:term":[{"taxonomy":"category","embeddable":true,"href":"https:\/\/www.ull.es\/portal\/noticias\/wp-json\/wp\/v2\/categories?post=50831"},{"taxonomy":"post_tag","embeddable":true,"href":"https:\/\/www.ull.es\/portal\/noticias\/wp-json\/wp\/v2\/tags?post=50831"}],"curies":[{"name":"wp","href":"https:\/\/api.w.org\/{rel}","templated":true}]}}