{"id":50865,"date":"2020-06-24T13:27:50","date_gmt":"2020-06-24T13:27:50","guid":{"rendered":"https:\/\/www.ull.es\/portal\/noticias\/?p=50865"},"modified":"2020-06-24T13:43:13","modified_gmt":"2020-06-24T13:43:13","slug":"el-cabildo-y-la-ull-cierran-proyectamates-con-docentes-de-18-centros-de-toda-la-isla","status":"publish","type":"post","link":"https:\/\/www.ull.es\/portal\/noticias\/2020\/el-cabildo-y-la-ull-cierran-proyectamates-con-docentes-de-18-centros-de-toda-la-isla\/","title":{"rendered":"El Cabildo y la ULL cierran ProyectaMates con docentes de 18 centros de toda la isla"},"content":{"rendered":"\r\n<p><iframe loading=\"lazy\" title=\"Video Resumen ProyectaMates curso 2019\/2020\" width=\"750\" height=\"422\" src=\"https:\/\/www.youtube.com\/embed\/B_URVbB1bTQ?feature=oembed\" frameborder=\"0\" allow=\"accelerometer; autoplay; encrypted-media; gyroscope; picture-in-picture\" allowfullscreen><\/iframe><\/p>\r\n<p>El Cabildo de Tenerife y la Universidad de La Laguna, a trav\u00e9s de su Fundaci\u00f3n General, han clausurado la tercera edici\u00f3n de ProyectaMates, una iniciativa que tiene como finalidad potenciar el uso del razonamiento l\u00f3gico y la resoluci\u00f3n de problemas en el alumnado de 3\u00ba a 6\u00ba de Educaci\u00f3n Primaria y 1\u00ba y 2\u00ba de Educaci\u00f3n Secundaria Obligatoria. En esta edici\u00f3n han participado un total de 18 centros educativos de toda la isla y en torno a medio millar de escolares.<\/p>\r\n\r\n\r\n\r\n<p>La consejera insular de Educaci\u00f3n, Concepci\u00f3n Rivero, explica que a trav\u00e9s de este proyecto, en el que participan la Fundaci\u00f3n General de la ULL, la Secci\u00f3n de Matem\u00e1ticas de la ULL y la Sociedad Canaria de Profesores de Matem\u00e1ticas Isaac Newton, se pretende capacitar a los docentes dot\u00e1ndoles de estrategias metodol\u00f3gicas de resoluci\u00f3n de problemas en el \u00e1mbito de las matem\u00e1ticas, as\u00ed como desarrollar en el alumnado las capacidades de comprensi\u00f3n, reflexi\u00f3n, razonamiento l\u00f3gico y c\u00e1lculo mental en la resoluci\u00f3n de problemas.<\/p>\r\n\r\n\r\n\r\n<p><img decoding=\"async\" loading=\"lazy\" class=\"alignleft wp-image-50871 size-medium\" src=\"https:\/\/www.ull.es\/portal\/noticias\/wp-content\/uploads\/sites\/13\/2020\/06\/IMG-20200610-WA0006-300x163.jpg\" alt=\"\" width=\"300\" height=\"163\" srcset=\"https:\/\/www.ull.es\/portal\/noticias\/wp-content\/uploads\/sites\/13\/2020\/06\/IMG-20200610-WA0006-300x163.jpg 300w, https:\/\/www.ull.es\/portal\/noticias\/wp-content\/uploads\/sites\/13\/2020\/06\/IMG-20200610-WA0006-1024x556.jpg 1024w, https:\/\/www.ull.es\/portal\/noticias\/wp-content\/uploads\/sites\/13\/2020\/06\/IMG-20200610-WA0006-768x417.jpg 768w, https:\/\/www.ull.es\/portal\/noticias\/wp-content\/uploads\/sites\/13\/2020\/06\/IMG-20200610-WA0006-1536x833.jpg 1536w, https:\/\/www.ull.es\/portal\/noticias\/wp-content\/uploads\/sites\/13\/2020\/06\/IMG-20200610-WA0006-375x203.jpg 375w, https:\/\/www.ull.es\/portal\/noticias\/wp-content\/uploads\/sites\/13\/2020\/06\/IMG-20200610-WA0006-750x407.jpg 750w, https:\/\/www.ull.es\/portal\/noticias\/wp-content\/uploads\/sites\/13\/2020\/06\/IMG-20200610-WA0006-1140x618.jpg 1140w, https:\/\/www.ull.es\/portal\/noticias\/wp-content\/uploads\/sites\/13\/2020\/06\/IMG-20200610-WA0006.jpg 1600w\" sizes=\"(max-width: 300px) 100vw, 300px\" \/>Adem\u00e1s, se trabaja para implicar a las familias en el apoyo de actividades matem\u00e1ticas relacionadas con los contextos de la vida y para desarrollar investigaci\u00f3n cient\u00edfica y divulgaci\u00f3n de la metodolog\u00eda educativa innovadora.<\/p>\r\n\r\n\r\n\r\n<p>Este proyecto tiene un doble valor de cara a la innovaci\u00f3n educativa, dado que en la formaci\u00f3n docente se utiliza una metodolog\u00eda innovadora y en la ense\u00f1anza y aprendizaje de las matem\u00e1ticas tambi\u00e9n se hace uso de otro elemento de innovaci\u00f3n educativa, como son las estrategias de resoluci\u00f3n de problema (manipulaci\u00f3n, ensayo-error, modelaje, etc).<\/p>\r\n\r\n\r\n\r\n<p>Las actividades desarrolladas en el marco de\u00a0ProyectaMates\u00a0han consistido en la formaci\u00f3n a docentes, la participaci\u00f3n en jornadas educativas y divulgativas dirigidas a fomentar las vocaciones cient\u00edficas del alumnado, como la MacaroNight 2019, organizada por Cienci@ULL, y la Feria de la Ciencia y la Ni\u00f1a organizada por el Ayuntamiento de Candelaria, as\u00ed como la elaboraci\u00f3n de material did\u00e1ctico.<\/p>\r\n\r\n\r\n\r\n<p><img decoding=\"async\" loading=\"lazy\" class=\"alignright wp-image-50870 size-medium\" src=\"https:\/\/www.ull.es\/portal\/noticias\/wp-content\/uploads\/sites\/13\/2020\/06\/IMG-20200610-WA0011-300x169.jpg\" alt=\"\" width=\"300\" height=\"169\" srcset=\"https:\/\/www.ull.es\/portal\/noticias\/wp-content\/uploads\/sites\/13\/2020\/06\/IMG-20200610-WA0011-300x169.jpg 300w, https:\/\/www.ull.es\/portal\/noticias\/wp-content\/uploads\/sites\/13\/2020\/06\/IMG-20200610-WA0011-1024x576.jpg 1024w, https:\/\/www.ull.es\/portal\/noticias\/wp-content\/uploads\/sites\/13\/2020\/06\/IMG-20200610-WA0011-768x432.jpg 768w, https:\/\/www.ull.es\/portal\/noticias\/wp-content\/uploads\/sites\/13\/2020\/06\/IMG-20200610-WA0011-1536x864.jpg 1536w, https:\/\/www.ull.es\/portal\/noticias\/wp-content\/uploads\/sites\/13\/2020\/06\/IMG-20200610-WA0011-375x211.jpg 375w, https:\/\/www.ull.es\/portal\/noticias\/wp-content\/uploads\/sites\/13\/2020\/06\/IMG-20200610-WA0011-750x422.jpg 750w, https:\/\/www.ull.es\/portal\/noticias\/wp-content\/uploads\/sites\/13\/2020\/06\/IMG-20200610-WA0011-1140x641.jpg 1140w, https:\/\/www.ull.es\/portal\/noticias\/wp-content\/uploads\/sites\/13\/2020\/06\/IMG-20200610-WA0011.jpg 1599w\" sizes=\"(max-width: 300px) 100vw, 300px\" \/>En la <a href=\"https:\/\/youtu.be\/qZF3TskUxc4\" target=\"_blank\" rel=\"noopener noreferrer\" target=\"_blank\" rel=\"noopener\">clausura virtual<\/a> de este proyecto, celebrada este mes de junio, participaron unos 80 docentes y personal investigador que se han involucrado en la tercera edici\u00f3n de\u00a0ProyectaMates, adem\u00e1s de la consejera insular Concepci\u00f3n Rivero, la directora insular de Educaci\u00f3n y Juventud, B\u00e9lica P\u00e9rez, el presidente de la Sociedad Canaria de Profesores de Matem\u00e1ticas Isaac Newton, Juan Agust\u00edn Noda, y el director gerente de la Fundaci\u00f3n General de la Universidad de La Laguna, Juan Diego Betancor.<\/p>\r\n\r\n\r\n\r\n<p class=\"has-text-align-right\" style=\"text-align: left;\">Nota cedida<\/p>\r\n","protected":false},"excerpt":{"rendered":"<p>El Cabildo de Tenerife y la Universidad de La Laguna, a trav\u00e9s de su Fundaci\u00f3n General, han clausurado la tercera&#8230;<\/p>\n","protected":false},"author":65,"featured_media":50866,"comment_status":"closed","ping_status":"closed","sticky":false,"template":"","format":"video","meta":{"inline_featured_image":false,"footnotes":""},"categories":[3785,345,348,2765],"tags":[665,6579,1330,1544,5768],"acf":[],"yoast_head":"<!-- This site is optimized with the Yoast SEO plugin v21.3 - https:\/\/yoast.com\/wordpress\/plugins\/seo\/ -->\n<title>El Cabildo y la ULL cierran ProyectaMates con docentes de 18 centros de toda la isla - ULL - Noticias<\/title>\n<meta name=\"robots\" content=\"index, follow, max-snippet:-1, max-image-preview:large, max-video-preview:-1\" \/>\n<link rel=\"canonical\" href=\"https:\/\/www.ull.es\/portal\/noticias\/2020\/el-cabildo-y-la-ull-cierran-proyectamates-con-docentes-de-18-centros-de-toda-la-isla\/\" \/>\n<meta property=\"og:locale\" content=\"es_ES\" \/>\n<meta property=\"og:type\" content=\"article\" \/>\n<meta property=\"og:title\" content=\"El Cabildo y la ULL cierran ProyectaMates con docentes de 18 centros de toda la isla - ULL - Noticias\" \/>\n<meta property=\"og:description\" content=\"El Cabildo de Tenerife y la Universidad de La Laguna, a trav\u00e9s de su Fundaci\u00f3n General, han clausurado la tercera...\" \/>\n<meta property=\"og:url\" content=\"https:\/\/www.ull.es\/portal\/noticias\/2020\/el-cabildo-y-la-ull-cierran-proyectamates-con-docentes-de-18-centros-de-toda-la-isla\/\" \/>\n<meta property=\"og:site_name\" content=\"ULL - Noticias\" \/>\n<meta property=\"article:publisher\" content=\"https:\/\/www.facebook.com\/universidaddelalaguna\/\" \/>\n<meta property=\"article:published_time\" content=\"2020-06-24T13:27:50+00:00\" \/>\n<meta property=\"article:modified_time\" content=\"2020-06-24T13:43:13+00:00\" \/>\n<meta property=\"og:image\" content=\"https:\/\/www.ull.es\/portal\/noticias\/wp-content\/uploads\/sites\/13\/2020\/06\/IMG-20200610-WA0007.jpg\" \/>\n\t<meta property=\"og:image:width\" content=\"1316\" \/>\n\t<meta property=\"og:image:height\" content=\"1034\" \/>\n\t<meta property=\"og:image:type\" content=\"image\/jpeg\" \/>\n<meta name=\"author\" content=\"gcom4\" \/>\n<meta name=\"twitter:card\" content=\"summary_large_image\" \/>\n<meta name=\"twitter:creator\" content=\"@CanalULL\" \/>\n<meta name=\"twitter:site\" content=\"@CanalULL\" \/>\n<meta name=\"twitter:label1\" content=\"Escrito por\" \/>\n\t<meta name=\"twitter:data1\" content=\"gcom4\" \/>\n\t<meta name=\"twitter:label2\" content=\"Tiempo de lectura\" \/>\n\t<meta name=\"twitter:data2\" content=\"2 minutos\" \/>\n<script type=\"application\/ld+json\" class=\"yoast-schema-graph\">{\"@context\":\"https:\/\/schema.org\",\"@graph\":[{\"@type\":\"WebPage\",\"@id\":\"https:\/\/www.ull.es\/portal\/noticias\/2020\/el-cabildo-y-la-ull-cierran-proyectamates-con-docentes-de-18-centros-de-toda-la-isla\/\",\"url\":\"https:\/\/www.ull.es\/portal\/noticias\/2020\/el-cabildo-y-la-ull-cierran-proyectamates-con-docentes-de-18-centros-de-toda-la-isla\/\",\"name\":\"El Cabildo y la ULL cierran ProyectaMates con docentes de 18 centros de toda la isla - ULL - Noticias\",\"isPartOf\":{\"@id\":\"https:\/\/www.ull.es\/portal\/noticias\/#website\"},\"datePublished\":\"2020-06-24T13:27:50+00:00\",\"dateModified\":\"2020-06-24T13:43:13+00:00\",\"author\":{\"@id\":\"https:\/\/www.ull.es\/portal\/noticias\/#\/schema\/person\/9924518fb1ad37d4428e7b5d6f311773\"},\"breadcrumb\":{\"@id\":\"https:\/\/www.ull.es\/portal\/noticias\/2020\/el-cabildo-y-la-ull-cierran-proyectamates-con-docentes-de-18-centros-de-toda-la-isla\/#breadcrumb\"},\"inLanguage\":\"es\",\"potentialAction\":[{\"@type\":\"ReadAction\",\"target\":[\"https:\/\/www.ull.es\/portal\/noticias\/2020\/el-cabildo-y-la-ull-cierran-proyectamates-con-docentes-de-18-centros-de-toda-la-isla\/\"]}]},{\"@type\":\"BreadcrumbList\",\"@id\":\"https:\/\/www.ull.es\/portal\/noticias\/2020\/el-cabildo-y-la-ull-cierran-proyectamates-con-docentes-de-18-centros-de-toda-la-isla\/#breadcrumb\",\"itemListElement\":[{\"@type\":\"ListItem\",\"position\":1,\"name\":\"Portada\",\"item\":\"https:\/\/www.ull.es\/portal\/noticias\/\"},{\"@type\":\"ListItem\",\"position\":2,\"name\":\"El Cabildo y la ULL cierran ProyectaMates con docentes de 18 centros de toda la isla\"}]},{\"@type\":\"WebSite\",\"@id\":\"https:\/\/www.ull.es\/portal\/noticias\/#website\",\"url\":\"https:\/\/www.ull.es\/portal\/noticias\/\",\"name\":\"ULL - Noticias\",\"description\":\"\",\"potentialAction\":[{\"@type\":\"SearchAction\",\"target\":{\"@type\":\"EntryPoint\",\"urlTemplate\":\"https:\/\/www.ull.es\/portal\/noticias\/?s={search_term_string}\"},\"query-input\":\"required name=search_term_string\"}],\"inLanguage\":\"es\"},{\"@type\":\"Person\",\"@id\":\"https:\/\/www.ull.es\/portal\/noticias\/#\/schema\/person\/9924518fb1ad37d4428e7b5d6f311773\",\"name\":\"gcom4\",\"image\":{\"@type\":\"ImageObject\",\"inLanguage\":\"es\",\"@id\":\"https:\/\/www.ull.es\/portal\/noticias\/#\/schema\/person\/image\/\",\"url\":\"https:\/\/secure.gravatar.com\/avatar\/a5d1f5573f10617ccfcc209aaf6aa7fb?s=96&d=mm&r=g\",\"contentUrl\":\"https:\/\/secure.gravatar.com\/avatar\/a5d1f5573f10617ccfcc209aaf6aa7fb?s=96&d=mm&r=g\",\"caption\":\"gcom4\"},\"url\":\"https:\/\/www.ull.es\/portal\/noticias\/author\/gcom4\/\"}]}<\/script>\n<!-- \/ Yoast SEO plugin. -->","yoast_head_json":{"title":"El Cabildo y la ULL cierran ProyectaMates con docentes de 18 centros de toda la isla - ULL - Noticias","robots":{"index":"index","follow":"follow","max-snippet":"max-snippet:-1","max-image-preview":"max-image-preview:large","max-video-preview":"max-video-preview:-1"},"canonical":"https:\/\/www.ull.es\/portal\/noticias\/2020\/el-cabildo-y-la-ull-cierran-proyectamates-con-docentes-de-18-centros-de-toda-la-isla\/","og_locale":"es_ES","og_type":"article","og_title":"El Cabildo y la ULL cierran ProyectaMates con docentes de 18 centros de toda la isla - ULL - Noticias","og_description":"El Cabildo de Tenerife y la Universidad de La Laguna, a trav\u00e9s de su Fundaci\u00f3n General, han clausurado la tercera...","og_url":"https:\/\/www.ull.es\/portal\/noticias\/2020\/el-cabildo-y-la-ull-cierran-proyectamates-con-docentes-de-18-centros-de-toda-la-isla\/","og_site_name":"ULL - Noticias","article_publisher":"https:\/\/www.facebook.com\/universidaddelalaguna\/","article_published_time":"2020-06-24T13:27:50+00:00","article_modified_time":"2020-06-24T13:43:13+00:00","og_image":[{"width":1316,"height":1034,"url":"https:\/\/www.ull.es\/portal\/noticias\/wp-content\/uploads\/sites\/13\/2020\/06\/IMG-20200610-WA0007.jpg","type":"image\/jpeg"}],"author":"gcom4","twitter_card":"summary_large_image","twitter_creator":"@CanalULL","twitter_site":"@CanalULL","twitter_misc":{"Escrito por":"gcom4","Tiempo de lectura":"2 minutos"},"schema":{"@context":"https:\/\/schema.org","@graph":[{"@type":"WebPage","@id":"https:\/\/www.ull.es\/portal\/noticias\/2020\/el-cabildo-y-la-ull-cierran-proyectamates-con-docentes-de-18-centros-de-toda-la-isla\/","url":"https:\/\/www.ull.es\/portal\/noticias\/2020\/el-cabildo-y-la-ull-cierran-proyectamates-con-docentes-de-18-centros-de-toda-la-isla\/","name":"El Cabildo y la ULL cierran ProyectaMates con docentes de 18 centros de toda la isla - ULL - Noticias","isPartOf":{"@id":"https:\/\/www.ull.es\/portal\/noticias\/#website"},"datePublished":"2020-06-24T13:27:50+00:00","dateModified":"2020-06-24T13:43:13+00:00","author":{"@id":"https:\/\/www.ull.es\/portal\/noticias\/#\/schema\/person\/9924518fb1ad37d4428e7b5d6f311773"},"breadcrumb":{"@id":"https:\/\/www.ull.es\/portal\/noticias\/2020\/el-cabildo-y-la-ull-cierran-proyectamates-con-docentes-de-18-centros-de-toda-la-isla\/#breadcrumb"},"inLanguage":"es","potentialAction":[{"@type":"ReadAction","target":["https:\/\/www.ull.es\/portal\/noticias\/2020\/el-cabildo-y-la-ull-cierran-proyectamates-con-docentes-de-18-centros-de-toda-la-isla\/"]}]},{"@type":"BreadcrumbList","@id":"https:\/\/www.ull.es\/portal\/noticias\/2020\/el-cabildo-y-la-ull-cierran-proyectamates-con-docentes-de-18-centros-de-toda-la-isla\/#breadcrumb","itemListElement":[{"@type":"ListItem","position":1,"name":"Portada","item":"https:\/\/www.ull.es\/portal\/noticias\/"},{"@type":"ListItem","position":2,"name":"El Cabildo y la ULL cierran ProyectaMates con docentes de 18 centros de toda la isla"}]},{"@type":"WebSite","@id":"https:\/\/www.ull.es\/portal\/noticias\/#website","url":"https:\/\/www.ull.es\/portal\/noticias\/","name":"ULL - Noticias","description":"","potentialAction":[{"@type":"SearchAction","target":{"@type":"EntryPoint","urlTemplate":"https:\/\/www.ull.es\/portal\/noticias\/?s={search_term_string}"},"query-input":"required name=search_term_string"}],"inLanguage":"es"},{"@type":"Person","@id":"https:\/\/www.ull.es\/portal\/noticias\/#\/schema\/person\/9924518fb1ad37d4428e7b5d6f311773","name":"gcom4","image":{"@type":"ImageObject","inLanguage":"es","@id":"https:\/\/www.ull.es\/portal\/noticias\/#\/schema\/person\/image\/","url":"https:\/\/secure.gravatar.com\/avatar\/a5d1f5573f10617ccfcc209aaf6aa7fb?s=96&d=mm&r=g","contentUrl":"https:\/\/secure.gravatar.com\/avatar\/a5d1f5573f10617ccfcc209aaf6aa7fb?s=96&d=mm&r=g","caption":"gcom4"},"url":"https:\/\/www.ull.es\/portal\/noticias\/author\/gcom4\/"}]}},"primary_category":{"id":2765,"name":"Portada ULL","slug":"portada-ull","link":"https:\/\/www.ull.es\/portal\/noticias\/category\/portada-ull\/"},"featured_image_thumbnail_url":"https:\/\/www.ull.es\/portal\/noticias\/wp-content\/uploads\/sites\/13\/2020\/06\/IMG-20200610-WA0007-300x236.jpg","_links":{"self":[{"href":"https:\/\/www.ull.es\/portal\/noticias\/wp-json\/wp\/v2\/posts\/50865"}],"collection":[{"href":"https:\/\/www.ull.es\/portal\/noticias\/wp-json\/wp\/v2\/posts"}],"about":[{"href":"https:\/\/www.ull.es\/portal\/noticias\/wp-json\/wp\/v2\/types\/post"}],"author":[{"embeddable":true,"href":"https:\/\/www.ull.es\/portal\/noticias\/wp-json\/wp\/v2\/users\/65"}],"replies":[{"embeddable":true,"href":"https:\/\/www.ull.es\/portal\/noticias\/wp-json\/wp\/v2\/comments?post=50865"}],"version-history":[{"count":3,"href":"https:\/\/www.ull.es\/portal\/noticias\/wp-json\/wp\/v2\/posts\/50865\/revisions"}],"predecessor-version":[{"id":50873,"href":"https:\/\/www.ull.es\/portal\/noticias\/wp-json\/wp\/v2\/posts\/50865\/revisions\/50873"}],"wp:featuredmedia":[{"embeddable":true,"href":"https:\/\/www.ull.es\/portal\/noticias\/wp-json\/wp\/v2\/media\/50866"}],"wp:attachment":[{"href":"https:\/\/www.ull.es\/portal\/noticias\/wp-json\/wp\/v2\/media?parent=50865"}],"wp:term":[{"taxonomy":"category","embeddable":true,"href":"https:\/\/www.ull.es\/portal\/noticias\/wp-json\/wp\/v2\/categories?post=50865"},{"taxonomy":"post_tag","embeddable":true,"href":"https:\/\/www.ull.es\/portal\/noticias\/wp-json\/wp\/v2\/tags?post=50865"}],"curies":[{"name":"wp","href":"https:\/\/api.w.org\/{rel}","templated":true}]}}