{"id":51064,"date":"2020-07-03T12:09:17","date_gmt":"2020-07-03T12:09:17","guid":{"rendered":"https:\/\/www.ull.es\/portal\/noticias\/?p=51064"},"modified":"2020-07-03T12:09:17","modified_gmt":"2020-07-03T12:09:17","slug":"el-70-de-las-mas-de-500-personas-inscritas-en-el-foro-de-empleabilidad-de-la-universidad-de-la-laguna-fueron-mujeres","status":"publish","type":"post","link":"https:\/\/www.ull.es\/portal\/noticias\/2020\/el-70-de-las-mas-de-500-personas-inscritas-en-el-foro-de-empleabilidad-de-la-universidad-de-la-laguna-fueron-mujeres\/","title":{"rendered":"El 70% de las m\u00e1s de 500 personas inscritas en el Foro de Empleabilidad de la Universidad de La Laguna fueron mujeres"},"content":{"rendered":"<p>De rotundo \u00e9xito podr\u00eda considerarse el primer foro de empleo celebrado por la Universidad de La Laguna tras el estado de alarma. El encuentro se celebr\u00f3 recientemente de manera telem\u00e1tica en una sola jornada en la que se cont\u00f3 con una amplia n\u00f3mina de ponentes que ofrecieron su visi\u00f3n sobre c\u00f3mo enfrentarse al mercado laboral en los tiempos convulsos que nos ha tocado vivir. La reuni\u00f3n estaba dirigida, principalmente, a nuevo alumnado y a personas a punto de terminar su etapa universitaria. El acto de apertura cont\u00f3 con la presencia del viceconsejero de Empleo del Gobierno de Canarias, Gustavo Santana; la rectora de La Universidad de La Laguna, Rosa Mar\u00eda Aguilar; y el director gerente de la Fundaci\u00f3n General de La Universidad de La Laguna, Juan Diego Betancor.<\/p>\n<p>De las 500 personas inscritas, el 70% de ellas fueron mujeres, algo que quiso resaltar la rectora en la bienvenida a los participantes. Con un pico de 200 visualizaciones simult\u00e1neas en algunas de las conferencias, la emisi\u00f3n tuvo unas 1.500 visualizaciones de espectadores \u00fanicos. El foro, que aunque exig\u00eda inscripci\u00f3n previa fue totalmente gratuito, ha quedado subido en el canal de <a href=\"https:\/\/youtu.be\/QlMHdk9HBuY\" target=\"_blank\" rel=\"noopener\">Youtube de la Fundaci\u00f3n General de la Universidad de La Laguna<\/a> donde, quienes no pudieran asistir en su momento pueden recuperar en toda su totalidad y ya de hecho ha recibido alrededor de 1.700 visitas.<\/p>\n<p>La conferencia inaugural estuvo a cargo de Pepe Vilches, director de innovaci\u00f3n de Campofr\u00edo Food, quien remarc\u00f3 que durante el confinamiento se ha demostrado la utilidad de la tecnolog\u00eda. \u00abLa ciencia y la tecnolog\u00eda se van a convertir en referentes de la tribu porque nos han permitido asistir al m\u00e9dico a distancia, seguir acudiendo a clase e ir a trabajar\u00bb, se\u00f1al\u00f3 Vilches. \u00ab\u00bfY c\u00f3mo puede ayudar la tecnolog\u00eda en el mundo de la carne? Yo llevo 25 a\u00f1os en el sector, es un producto simb\u00f3lico, un t\u00f3tem de nuestra tribu. Pero tal y como cambia la sociedad, a pesar de que es un mercado muy maduro, puede haber una revoluci\u00f3n as\u00ed es que, por ejemplo, tenemos que estar muy pendientes a tendencias como el veganismo con nuevas f\u00f3rmulas que nos permitan estar preparados para una posible disrupci\u00f3n en el mercado y atender a todo tipo de p\u00fablicos\u00bb, explic\u00f3.<\/p>\n<p>El 65% de las entrevistas de trabajo se realiza a trav\u00e9s del tel\u00e9fono m\u00f3vil, asegur\u00f3 David Prunell, consultor de Estrategias de Recursos Humanos en <em>Prunell Talent in Motion <\/em>para explicar as\u00ed que, aunque son importantes, la presencia y el lenguaje corporal no siempre influyen a la hora de realizar una selecci\u00f3n, y que la preparaci\u00f3n para una entrevista no debe ser la misma siempre, sino que depender\u00e1 del tipo de selecci\u00f3n a la que nos enfrentemos. El experto advirti\u00f3 tambi\u00e9n sobre de la necesidad de conocer previamente a la empresa ya que el 69% de las personas no trabajar\u00eda en una empresa con mala reputaci\u00f3n incluso si estuvieran en desempleo, asegur\u00f3. As\u00ed lo corrobor\u00f3 Montse Pereira, directora de personas y RSE del Grupo Valora, quien puso el \u00e9nfasis en la necesidad de trabajar con un buen ambiente laboral. \u201cLo normal es querer trabajar en un entorno sano y feliz, con un impacto sostenible, y en ese objetivo nos centramos en el Grupo Valora\u00bb.<\/p>\n<p>Tambi\u00e9n sobre la personalizaci\u00f3n de la experiencia a la hora de buscar trabajo incidi\u00f3 el subdirector de Renta 4 Banco en Tenerife, Luis Vera, quien puso el \u00e9nfasis en la necesidad de mostrarse proactivos: \u201cNo hagan el mismo CV para todo, eso es un error. Las personas que trabajan en Renta 4 acudieron presencialmente a la responsable de recursos humanos a presentarse. Se trata muchas veces de demostrar inter\u00e9s por la empresa\u201d. El presidente de la Casa de Canarias en Madrid y socio del bufete Cremades &amp; Calvo Sotelo resalt\u00f3 que lo importante es \u201ctener una personalidad abierta y\u00a0 contundente. Hay gente que se confunde y piensa que por estar en una gran marca van a estar toda la vida protegidos, pero est\u00e1n equivocados; hay que mantener y fortificar las relaciones de confianza con la empresa\u201d. Pedro Mart\u00ednez Ca\u00f1asveras, experto en recursos humanos de la empresa Terclima, hizo hincapi\u00e9 en la necesidad de tener un plan de desarrollo personal para que cada individuo alcance el trabajo que desea. \u201cTodos tenemos un plan de desarrollo personal y profesional, pero necesitamos ser capaces de plasmarlo sobre el papel. Un gesto tan sencillo como este, probablemente nos permitir\u00e1 apreciar facetas que no estamos teniendo en cuenta\u00bb.<\/p>\n<p>Y una de las formas de empezar en una empresa que nos ofrezca confianza son las becas y pr\u00e1cticas profesionales. La responsable de formaci\u00f3n, pr\u00e1cticas, becas y comunicaci\u00f3n interna de la Compa\u00f1\u00eda Cervecera de Canarias, Raquel Carri\u00f3n, record\u00f3 la formaci\u00f3n transversal que se ofrece a los estudiantes que realizan pr\u00e1cticas o becas en la compa\u00f1\u00eda, resaltando que tiene un programa propio y que el 22% de los mandos en la compa\u00f1\u00eda son mujeres.<\/p>\n<p>(Nota cedida).<\/p>\n<p>&nbsp;<\/p>\n<p>&nbsp;<\/p>\n<p>&nbsp;<\/p>\n<p>&nbsp;<\/p>\n<p>&nbsp;<\/p>\n<p>&nbsp;<\/p>\n<p>&nbsp;<\/p>\n","protected":false},"excerpt":{"rendered":"<p>De rotundo \u00e9xito podr\u00eda considerarse el primer foro de empleo celebrado por la Universidad de La Laguna tras el estado&#8230;<\/p>\n","protected":false},"author":23,"featured_media":51075,"comment_status":"closed","ping_status":"closed","sticky":false,"template":"","format":"standard","meta":{"inline_featured_image":false,"footnotes":""},"categories":[345,348,2765],"tags":[6609,1330],"acf":[],"yoast_head":"<!-- This site is optimized with the Yoast SEO plugin v21.3 - https:\/\/yoast.com\/wordpress\/plugins\/seo\/ -->\n<title>El 70% de las m\u00e1s de 500 personas inscritas en el Foro de Empleabilidad de la Universidad de La Laguna fueron mujeres - ULL - Noticias<\/title>\n<meta name=\"robots\" content=\"index, follow, max-snippet:-1, max-image-preview:large, max-video-preview:-1\" \/>\n<link rel=\"canonical\" href=\"https:\/\/www.ull.es\/portal\/noticias\/2020\/el-70-de-las-mas-de-500-personas-inscritas-en-el-foro-de-empleabilidad-de-la-universidad-de-la-laguna-fueron-mujeres\/\" \/>\n<meta property=\"og:locale\" content=\"es_ES\" \/>\n<meta property=\"og:type\" content=\"article\" \/>\n<meta property=\"og:title\" content=\"El 70% de las m\u00e1s de 500 personas inscritas en el Foro de Empleabilidad de la Universidad de La Laguna fueron mujeres - ULL - Noticias\" \/>\n<meta property=\"og:description\" content=\"De rotundo \u00e9xito podr\u00eda considerarse el primer foro de empleo celebrado por la Universidad de La Laguna tras el estado...\" \/>\n<meta property=\"og:url\" content=\"https:\/\/www.ull.es\/portal\/noticias\/2020\/el-70-de-las-mas-de-500-personas-inscritas-en-el-foro-de-empleabilidad-de-la-universidad-de-la-laguna-fueron-mujeres\/\" \/>\n<meta property=\"og:site_name\" content=\"ULL - Noticias\" \/>\n<meta property=\"article:publisher\" content=\"https:\/\/www.facebook.com\/universidaddelalaguna\/\" \/>\n<meta property=\"article:published_time\" content=\"2020-07-03T12:09:17+00:00\" \/>\n<meta property=\"og:image\" content=\"https:\/\/www.ull.es\/portal\/noticias\/wp-content\/uploads\/sites\/13\/2020\/07\/foto-foro.jpg\" \/>\n\t<meta property=\"og:image:width\" content=\"1200\" \/>\n\t<meta property=\"og:image:height\" content=\"800\" \/>\n\t<meta property=\"og:image:type\" content=\"image\/jpeg\" \/>\n<meta name=\"author\" content=\"gaprsa\" \/>\n<meta name=\"twitter:card\" content=\"summary_large_image\" \/>\n<meta name=\"twitter:creator\" content=\"@CanalULL\" \/>\n<meta name=\"twitter:site\" content=\"@CanalULL\" \/>\n<meta name=\"twitter:label1\" content=\"Escrito por\" \/>\n\t<meta name=\"twitter:data1\" content=\"gaprsa\" \/>\n\t<meta name=\"twitter:label2\" content=\"Tiempo de lectura\" \/>\n\t<meta name=\"twitter:data2\" content=\"4 minutos\" \/>\n<script type=\"application\/ld+json\" class=\"yoast-schema-graph\">{\"@context\":\"https:\/\/schema.org\",\"@graph\":[{\"@type\":\"WebPage\",\"@id\":\"https:\/\/www.ull.es\/portal\/noticias\/2020\/el-70-de-las-mas-de-500-personas-inscritas-en-el-foro-de-empleabilidad-de-la-universidad-de-la-laguna-fueron-mujeres\/\",\"url\":\"https:\/\/www.ull.es\/portal\/noticias\/2020\/el-70-de-las-mas-de-500-personas-inscritas-en-el-foro-de-empleabilidad-de-la-universidad-de-la-laguna-fueron-mujeres\/\",\"name\":\"El 70% de las m\u00e1s de 500 personas inscritas en el Foro de Empleabilidad de la Universidad de La Laguna fueron mujeres - ULL - Noticias\",\"isPartOf\":{\"@id\":\"https:\/\/www.ull.es\/portal\/noticias\/#website\"},\"datePublished\":\"2020-07-03T12:09:17+00:00\",\"dateModified\":\"2020-07-03T12:09:17+00:00\",\"author\":{\"@id\":\"https:\/\/www.ull.es\/portal\/noticias\/#\/schema\/person\/b2b1a89d43ffa609e591f7df8ef3e817\"},\"breadcrumb\":{\"@id\":\"https:\/\/www.ull.es\/portal\/noticias\/2020\/el-70-de-las-mas-de-500-personas-inscritas-en-el-foro-de-empleabilidad-de-la-universidad-de-la-laguna-fueron-mujeres\/#breadcrumb\"},\"inLanguage\":\"es\",\"potentialAction\":[{\"@type\":\"ReadAction\",\"target\":[\"https:\/\/www.ull.es\/portal\/noticias\/2020\/el-70-de-las-mas-de-500-personas-inscritas-en-el-foro-de-empleabilidad-de-la-universidad-de-la-laguna-fueron-mujeres\/\"]}]},{\"@type\":\"BreadcrumbList\",\"@id\":\"https:\/\/www.ull.es\/portal\/noticias\/2020\/el-70-de-las-mas-de-500-personas-inscritas-en-el-foro-de-empleabilidad-de-la-universidad-de-la-laguna-fueron-mujeres\/#breadcrumb\",\"itemListElement\":[{\"@type\":\"ListItem\",\"position\":1,\"name\":\"Portada\",\"item\":\"https:\/\/www.ull.es\/portal\/noticias\/\"},{\"@type\":\"ListItem\",\"position\":2,\"name\":\"El 70% de las m\u00e1s de 500 personas inscritas en el Foro de Empleabilidad de la Universidad de La Laguna fueron mujeres\"}]},{\"@type\":\"WebSite\",\"@id\":\"https:\/\/www.ull.es\/portal\/noticias\/#website\",\"url\":\"https:\/\/www.ull.es\/portal\/noticias\/\",\"name\":\"ULL - Noticias\",\"description\":\"\",\"potentialAction\":[{\"@type\":\"SearchAction\",\"target\":{\"@type\":\"EntryPoint\",\"urlTemplate\":\"https:\/\/www.ull.es\/portal\/noticias\/?s={search_term_string}\"},\"query-input\":\"required name=search_term_string\"}],\"inLanguage\":\"es\"},{\"@type\":\"Person\",\"@id\":\"https:\/\/www.ull.es\/portal\/noticias\/#\/schema\/person\/b2b1a89d43ffa609e591f7df8ef3e817\",\"name\":\"gaprsa\",\"image\":{\"@type\":\"ImageObject\",\"inLanguage\":\"es\",\"@id\":\"https:\/\/www.ull.es\/portal\/noticias\/#\/schema\/person\/image\/\",\"url\":\"https:\/\/secure.gravatar.com\/avatar\/443820550921091458b4823867723b3d?s=96&d=mm&r=g\",\"contentUrl\":\"https:\/\/secure.gravatar.com\/avatar\/443820550921091458b4823867723b3d?s=96&d=mm&r=g\",\"caption\":\"gaprsa\"},\"url\":\"https:\/\/www.ull.es\/portal\/noticias\/author\/gaprsa\/\"}]}<\/script>\n<!-- \/ Yoast SEO plugin. -->","yoast_head_json":{"title":"El 70% de las m\u00e1s de 500 personas inscritas en el Foro de Empleabilidad de la Universidad de La Laguna fueron mujeres - ULL - Noticias","robots":{"index":"index","follow":"follow","max-snippet":"max-snippet:-1","max-image-preview":"max-image-preview:large","max-video-preview":"max-video-preview:-1"},"canonical":"https:\/\/www.ull.es\/portal\/noticias\/2020\/el-70-de-las-mas-de-500-personas-inscritas-en-el-foro-de-empleabilidad-de-la-universidad-de-la-laguna-fueron-mujeres\/","og_locale":"es_ES","og_type":"article","og_title":"El 70% de las m\u00e1s de 500 personas inscritas en el Foro de Empleabilidad de la Universidad de La Laguna fueron mujeres - ULL - Noticias","og_description":"De rotundo \u00e9xito podr\u00eda considerarse el primer foro de empleo celebrado por la Universidad de La Laguna tras el estado...","og_url":"https:\/\/www.ull.es\/portal\/noticias\/2020\/el-70-de-las-mas-de-500-personas-inscritas-en-el-foro-de-empleabilidad-de-la-universidad-de-la-laguna-fueron-mujeres\/","og_site_name":"ULL - Noticias","article_publisher":"https:\/\/www.facebook.com\/universidaddelalaguna\/","article_published_time":"2020-07-03T12:09:17+00:00","og_image":[{"width":1200,"height":800,"url":"https:\/\/www.ull.es\/portal\/noticias\/wp-content\/uploads\/sites\/13\/2020\/07\/foto-foro.jpg","type":"image\/jpeg"}],"author":"gaprsa","twitter_card":"summary_large_image","twitter_creator":"@CanalULL","twitter_site":"@CanalULL","twitter_misc":{"Escrito por":"gaprsa","Tiempo de lectura":"4 minutos"},"schema":{"@context":"https:\/\/schema.org","@graph":[{"@type":"WebPage","@id":"https:\/\/www.ull.es\/portal\/noticias\/2020\/el-70-de-las-mas-de-500-personas-inscritas-en-el-foro-de-empleabilidad-de-la-universidad-de-la-laguna-fueron-mujeres\/","url":"https:\/\/www.ull.es\/portal\/noticias\/2020\/el-70-de-las-mas-de-500-personas-inscritas-en-el-foro-de-empleabilidad-de-la-universidad-de-la-laguna-fueron-mujeres\/","name":"El 70% de las m\u00e1s de 500 personas inscritas en el Foro de Empleabilidad de la Universidad de La Laguna fueron mujeres - ULL - Noticias","isPartOf":{"@id":"https:\/\/www.ull.es\/portal\/noticias\/#website"},"datePublished":"2020-07-03T12:09:17+00:00","dateModified":"2020-07-03T12:09:17+00:00","author":{"@id":"https:\/\/www.ull.es\/portal\/noticias\/#\/schema\/person\/b2b1a89d43ffa609e591f7df8ef3e817"},"breadcrumb":{"@id":"https:\/\/www.ull.es\/portal\/noticias\/2020\/el-70-de-las-mas-de-500-personas-inscritas-en-el-foro-de-empleabilidad-de-la-universidad-de-la-laguna-fueron-mujeres\/#breadcrumb"},"inLanguage":"es","potentialAction":[{"@type":"ReadAction","target":["https:\/\/www.ull.es\/portal\/noticias\/2020\/el-70-de-las-mas-de-500-personas-inscritas-en-el-foro-de-empleabilidad-de-la-universidad-de-la-laguna-fueron-mujeres\/"]}]},{"@type":"BreadcrumbList","@id":"https:\/\/www.ull.es\/portal\/noticias\/2020\/el-70-de-las-mas-de-500-personas-inscritas-en-el-foro-de-empleabilidad-de-la-universidad-de-la-laguna-fueron-mujeres\/#breadcrumb","itemListElement":[{"@type":"ListItem","position":1,"name":"Portada","item":"https:\/\/www.ull.es\/portal\/noticias\/"},{"@type":"ListItem","position":2,"name":"El 70% de las m\u00e1s de 500 personas inscritas en el Foro de Empleabilidad de la Universidad de La Laguna fueron mujeres"}]},{"@type":"WebSite","@id":"https:\/\/www.ull.es\/portal\/noticias\/#website","url":"https:\/\/www.ull.es\/portal\/noticias\/","name":"ULL - Noticias","description":"","potentialAction":[{"@type":"SearchAction","target":{"@type":"EntryPoint","urlTemplate":"https:\/\/www.ull.es\/portal\/noticias\/?s={search_term_string}"},"query-input":"required name=search_term_string"}],"inLanguage":"es"},{"@type":"Person","@id":"https:\/\/www.ull.es\/portal\/noticias\/#\/schema\/person\/b2b1a89d43ffa609e591f7df8ef3e817","name":"gaprsa","image":{"@type":"ImageObject","inLanguage":"es","@id":"https:\/\/www.ull.es\/portal\/noticias\/#\/schema\/person\/image\/","url":"https:\/\/secure.gravatar.com\/avatar\/443820550921091458b4823867723b3d?s=96&d=mm&r=g","contentUrl":"https:\/\/secure.gravatar.com\/avatar\/443820550921091458b4823867723b3d?s=96&d=mm&r=g","caption":"gaprsa"},"url":"https:\/\/www.ull.es\/portal\/noticias\/author\/gaprsa\/"}]}},"primary_category":{"id":345,"name":"Destacado","slug":"destacado","link":"https:\/\/www.ull.es\/portal\/noticias\/category\/destacado\/"},"featured_image_thumbnail_url":"https:\/\/www.ull.es\/portal\/noticias\/wp-content\/uploads\/sites\/13\/2020\/07\/foto-foro-300x200.jpg","_links":{"self":[{"href":"https:\/\/www.ull.es\/portal\/noticias\/wp-json\/wp\/v2\/posts\/51064"}],"collection":[{"href":"https:\/\/www.ull.es\/portal\/noticias\/wp-json\/wp\/v2\/posts"}],"about":[{"href":"https:\/\/www.ull.es\/portal\/noticias\/wp-json\/wp\/v2\/types\/post"}],"author":[{"embeddable":true,"href":"https:\/\/www.ull.es\/portal\/noticias\/wp-json\/wp\/v2\/users\/23"}],"replies":[{"embeddable":true,"href":"https:\/\/www.ull.es\/portal\/noticias\/wp-json\/wp\/v2\/comments?post=51064"}],"version-history":[{"count":1,"href":"https:\/\/www.ull.es\/portal\/noticias\/wp-json\/wp\/v2\/posts\/51064\/revisions"}],"predecessor-version":[{"id":51066,"href":"https:\/\/www.ull.es\/portal\/noticias\/wp-json\/wp\/v2\/posts\/51064\/revisions\/51066"}],"wp:featuredmedia":[{"embeddable":true,"href":"https:\/\/www.ull.es\/portal\/noticias\/wp-json\/wp\/v2\/media\/51075"}],"wp:attachment":[{"href":"https:\/\/www.ull.es\/portal\/noticias\/wp-json\/wp\/v2\/media?parent=51064"}],"wp:term":[{"taxonomy":"category","embeddable":true,"href":"https:\/\/www.ull.es\/portal\/noticias\/wp-json\/wp\/v2\/categories?post=51064"},{"taxonomy":"post_tag","embeddable":true,"href":"https:\/\/www.ull.es\/portal\/noticias\/wp-json\/wp\/v2\/tags?post=51064"}],"curies":[{"name":"wp","href":"https:\/\/api.w.org\/{rel}","templated":true}]}}