{"id":51115,"date":"2020-07-08T10:17:19","date_gmt":"2020-07-08T10:17:19","guid":{"rendered":"https:\/\/www.ull.es\/portal\/noticias\/?p=51115"},"modified":"2020-07-08T10:17:19","modified_gmt":"2020-07-08T10:17:19","slug":"estudiantes-ull-pasan-segunda-fase-becas-santander-mit","status":"publish","type":"post","link":"https:\/\/www.ull.es\/portal\/noticias\/2020\/estudiantes-ull-pasan-segunda-fase-becas-santander-mit\/","title":{"rendered":"Dos estudiantes de la ULL pasan a la segunda fase en la convocatoria de Becas Santander-MIT"},"content":{"rendered":"<div id=\"attachment_51116\" style=\"width: 310px\" class=\"wp-caption alignleft\"><a href=\"https:\/\/www.ull.es\/portal\/noticias\/wp-content\/uploads\/sites\/13\/2020\/07\/imagen-estudiantes.jpg\" target=\"_blank\" rel=\"noopener noreferrer\" target=\"_blank\" rel=\"noopener\"><img aria-describedby=\"caption-attachment-51116\" decoding=\"async\" loading=\"lazy\" class=\"wp-image-51116 size-medium\" src=\"https:\/\/www.ull.es\/portal\/noticias\/wp-content\/uploads\/sites\/13\/2020\/07\/imagen-estudiantes-300x200.jpg\" alt=\"Marta Castrillo Delgado y Alexej Schustek Garc\u00eda, becados por el MIT\" width=\"300\" height=\"200\" srcset=\"https:\/\/www.ull.es\/portal\/noticias\/wp-content\/uploads\/sites\/13\/2020\/07\/imagen-estudiantes-300x200.jpg 300w, https:\/\/www.ull.es\/portal\/noticias\/wp-content\/uploads\/sites\/13\/2020\/07\/imagen-estudiantes-1024x683.jpg 1024w, https:\/\/www.ull.es\/portal\/noticias\/wp-content\/uploads\/sites\/13\/2020\/07\/imagen-estudiantes-768x512.jpg 768w, https:\/\/www.ull.es\/portal\/noticias\/wp-content\/uploads\/sites\/13\/2020\/07\/imagen-estudiantes-375x250.jpg 375w, https:\/\/www.ull.es\/portal\/noticias\/wp-content\/uploads\/sites\/13\/2020\/07\/imagen-estudiantes-750x500.jpg 750w, https:\/\/www.ull.es\/portal\/noticias\/wp-content\/uploads\/sites\/13\/2020\/07\/imagen-estudiantes-1140x760.jpg 1140w, https:\/\/www.ull.es\/portal\/noticias\/wp-content\/uploads\/sites\/13\/2020\/07\/imagen-estudiantes.jpg 1200w\" sizes=\"(max-width: 300px) 100vw, 300px\" \/><\/a><p id=\"caption-attachment-51116\" class=\"wp-caption-text\">Marta Castrillo Delgado y Alexej Schustek Garc\u00eda.<\/p><\/div>\n<p class=\"p2\"><span class=\"s2\">El estudiante de tercer curso del Grado en Maestro de Educaci\u00f3n Primaria Alexej Schustek Garc\u00eda y la alumna de tercer curso del Grado de Administraci\u00f3n y Direcci\u00f3n de Empresas Marta Castrillo Delgado <a href=\"https:\/\/www.ull.es\/portal\/noticias\/2020\/estudiantes-ull-formacion-mit\/\" target=\"_blank\" rel=\"noopener noreferrer\" target=\"_blank\" rel=\"noopener\"><span class=\"s3\">fueron seleccionados el pasado mes de mayo<\/span><\/a> para participar en la primera fase programa formativo\u00a0L<i>eading Digital Transformaci\u00f3n\u00a0<\/i>(Liderando la transformaci\u00f3n digital) que imparti\u00f3 online el Instituto Tecnol\u00f3gico de Massachusetts (MIT) con apoyo de Banco Santander. Participaron 2.500 estudiantes de todo el mundo y, al finalizar esta etapa, 300 de ellos fueron seleccionados para cursar a partir de julio un segundo periodo m\u00e1s especializado, entre ellos los dos estudiantes de la Universidad de La Laguna.<\/span><\/p>\n<p class=\"p2\"><span class=\"s2\">Schustek y Castrillo han llegado a la siguiente fase por su nivel de \u201cparticipaci\u00f3n y compromiso\u201d demostrado durante la primera parte de esta convocatoria. Las 300 personas escogidas para la siguiente etapa realizar\u00e1n uno de los tres programas online ofertados por el MIT: Blockchain: Disrupci\u00f3n tecnol\u00f3gica; Cloud &amp; DevOps: Transformaci\u00f3n continua; y Machine Learning: Tecnolog\u00eda en la toma de decisiones.\u00a0<\/span><\/p>\n<p class=\"p2\"><span class=\"s2\">Los estudiantes de la Universidad de La Laguna han elegido el programa de Machine Learning, que se desarrollar\u00e1 durante julio y agosto y se dividir\u00e1 en ocho m\u00f3dulos semanales: Introducci\u00f3n al Machine Learning; Comprensi\u00f3n de los datos; Modelos de predicci\u00f3n: regresi\u00f3n; Modelos de predicci\u00f3n: clasificaci\u00f3n; Modelos de predicci\u00f3n: redes neuronales; Fundamentos para la toma de decisiones; Aplicaciones en la toma de decisiones; e Inferencia causal.<\/span><\/p>\n<p class=\"p2\"><span class=\"s2\">El motivo principal por el que se decantaron por esta tecnolog\u00eda fue su gran aplicabilidad a un gran n\u00famero de sectores empresariales. Otros aspectos que los motivaron fueron su inter\u00e9s por las diversas t\u00e9cnicas para la realizaci\u00f3n de modelos de predicci\u00f3n, as\u00ed como el uso de herramientas de Machine Learning para la toma de decisiones en muy distintos entornos.<\/span><\/p>\n<p class=\"p2\"><span class=\"s2\">Castrillo y Schustek, que pasar\u00e1n pr\u00f3ximamente a cuarto curso de sus respectivos grados, esperan que esta experiencia les sirva para enriquecer su formaci\u00f3n y aplicar los conocimientos adquiridos en su futuro profesional.<\/span><\/p>\n","protected":false},"excerpt":{"rendered":"<p>El estudiante de tercer curso del Grado en Maestro de Educaci\u00f3n Primaria Alexej Schustek Garc\u00eda y la alumna de tercer&#8230;<\/p>\n","protected":false},"author":21,"featured_media":51116,"comment_status":"closed","ping_status":"closed","sticky":false,"template":"","format":"image","meta":{"inline_featured_image":false,"footnotes":""},"categories":[343,345,3906,3725,2765],"tags":[6499,613,1519,6615,6500,1909,3921],"acf":[],"yoast_head":"<!-- This site is optimized with the Yoast SEO plugin v21.3 - https:\/\/yoast.com\/wordpress\/plugins\/seo\/ -->\n<title>Dos estudiantes de la ULL en la segunda fase de Becas Santander-MIT<\/title>\n<meta name=\"description\" content=\"Alexej Schustek Garc\u00eda y Marta Castrillo Delgado son de los 300 elegidos en todo el mundo para cursar un m\u00f3dulo de ochos semanas sobre Machine Learning.\" \/>\n<meta name=\"robots\" content=\"index, follow, max-snippet:-1, max-image-preview:large, max-video-preview:-1\" \/>\n<link rel=\"canonical\" href=\"https:\/\/www.ull.es\/portal\/noticias\/2020\/estudiantes-ull-pasan-segunda-fase-becas-santander-mit\/\" \/>\n<meta property=\"og:locale\" content=\"es_ES\" \/>\n<meta property=\"og:type\" content=\"article\" \/>\n<meta property=\"og:title\" content=\"Dos estudiantes de la ULL en la segunda fase de Becas Santander-MIT\" \/>\n<meta property=\"og:description\" content=\"Alexej Schustek Garc\u00eda y Marta Castrillo Delgado son de los 300 elegidos en todo el mundo para cursar un m\u00f3dulo de ochos semanas sobre Machine Learning.\" \/>\n<meta property=\"og:url\" content=\"https:\/\/www.ull.es\/portal\/noticias\/2020\/estudiantes-ull-pasan-segunda-fase-becas-santander-mit\/\" \/>\n<meta property=\"og:site_name\" content=\"ULL - Noticias\" \/>\n<meta property=\"article:publisher\" content=\"https:\/\/www.facebook.com\/universidaddelalaguna\/\" \/>\n<meta property=\"article:published_time\" content=\"2020-07-08T10:17:19+00:00\" \/>\n<meta property=\"og:image\" content=\"https:\/\/www.ull.es\/portal\/noticias\/wp-content\/uploads\/sites\/13\/2020\/07\/imagen-estudiantes.jpg\" \/>\n\t<meta property=\"og:image:width\" content=\"1200\" \/>\n\t<meta property=\"og:image:height\" content=\"800\" \/>\n\t<meta property=\"og:image:type\" content=\"image\/jpeg\" \/>\n<meta name=\"author\" content=\"prensa2\" \/>\n<meta name=\"twitter:card\" content=\"summary_large_image\" \/>\n<meta name=\"twitter:creator\" content=\"@CanalULL\" \/>\n<meta name=\"twitter:site\" content=\"@CanalULL\" \/>\n<meta name=\"twitter:label1\" content=\"Escrito por\" \/>\n\t<meta name=\"twitter:data1\" content=\"prensa2\" \/>\n\t<meta name=\"twitter:label2\" content=\"Tiempo de lectura\" \/>\n\t<meta name=\"twitter:data2\" content=\"2 minutos\" \/>\n<script type=\"application\/ld+json\" class=\"yoast-schema-graph\">{\"@context\":\"https:\/\/schema.org\",\"@graph\":[{\"@type\":\"WebPage\",\"@id\":\"https:\/\/www.ull.es\/portal\/noticias\/2020\/estudiantes-ull-pasan-segunda-fase-becas-santander-mit\/\",\"url\":\"https:\/\/www.ull.es\/portal\/noticias\/2020\/estudiantes-ull-pasan-segunda-fase-becas-santander-mit\/\",\"name\":\"Dos estudiantes de la ULL en la segunda fase de Becas Santander-MIT\",\"isPartOf\":{\"@id\":\"https:\/\/www.ull.es\/portal\/noticias\/#website\"},\"datePublished\":\"2020-07-08T10:17:19+00:00\",\"dateModified\":\"2020-07-08T10:17:19+00:00\",\"author\":{\"@id\":\"https:\/\/www.ull.es\/portal\/noticias\/#\/schema\/person\/c3b2aa857797592927a03740d6664376\"},\"description\":\"Alexej Schustek Garc\u00eda y Marta Castrillo Delgado son de los 300 elegidos en todo el mundo para cursar un m\u00f3dulo de ochos semanas sobre Machine Learning.\",\"breadcrumb\":{\"@id\":\"https:\/\/www.ull.es\/portal\/noticias\/2020\/estudiantes-ull-pasan-segunda-fase-becas-santander-mit\/#breadcrumb\"},\"inLanguage\":\"es\",\"potentialAction\":[{\"@type\":\"ReadAction\",\"target\":[\"https:\/\/www.ull.es\/portal\/noticias\/2020\/estudiantes-ull-pasan-segunda-fase-becas-santander-mit\/\"]}]},{\"@type\":\"BreadcrumbList\",\"@id\":\"https:\/\/www.ull.es\/portal\/noticias\/2020\/estudiantes-ull-pasan-segunda-fase-becas-santander-mit\/#breadcrumb\",\"itemListElement\":[{\"@type\":\"ListItem\",\"position\":1,\"name\":\"Portada\",\"item\":\"https:\/\/www.ull.es\/portal\/noticias\/\"},{\"@type\":\"ListItem\",\"position\":2,\"name\":\"Dos estudiantes de la ULL pasan a la segunda fase en la convocatoria de Becas Santander-MIT\"}]},{\"@type\":\"WebSite\",\"@id\":\"https:\/\/www.ull.es\/portal\/noticias\/#website\",\"url\":\"https:\/\/www.ull.es\/portal\/noticias\/\",\"name\":\"ULL - Noticias\",\"description\":\"\",\"potentialAction\":[{\"@type\":\"SearchAction\",\"target\":{\"@type\":\"EntryPoint\",\"urlTemplate\":\"https:\/\/www.ull.es\/portal\/noticias\/?s={search_term_string}\"},\"query-input\":\"required name=search_term_string\"}],\"inLanguage\":\"es\"},{\"@type\":\"Person\",\"@id\":\"https:\/\/www.ull.es\/portal\/noticias\/#\/schema\/person\/c3b2aa857797592927a03740d6664376\",\"name\":\"prensa2\",\"image\":{\"@type\":\"ImageObject\",\"inLanguage\":\"es\",\"@id\":\"https:\/\/www.ull.es\/portal\/noticias\/#\/schema\/person\/image\/\",\"url\":\"https:\/\/secure.gravatar.com\/avatar\/b58f310a5de5feb33d1e026d2493f23c?s=96&d=mm&r=g\",\"contentUrl\":\"https:\/\/secure.gravatar.com\/avatar\/b58f310a5de5feb33d1e026d2493f23c?s=96&d=mm&r=g\",\"caption\":\"prensa2\"},\"url\":\"https:\/\/www.ull.es\/portal\/noticias\/author\/prensa2\/\"}]}<\/script>\n<!-- \/ Yoast SEO plugin. -->","yoast_head_json":{"title":"Dos estudiantes de la ULL en la segunda fase de Becas Santander-MIT","description":"Alexej Schustek Garc\u00eda y Marta Castrillo Delgado son de los 300 elegidos en todo el mundo para cursar un m\u00f3dulo de ochos semanas sobre Machine Learning.","robots":{"index":"index","follow":"follow","max-snippet":"max-snippet:-1","max-image-preview":"max-image-preview:large","max-video-preview":"max-video-preview:-1"},"canonical":"https:\/\/www.ull.es\/portal\/noticias\/2020\/estudiantes-ull-pasan-segunda-fase-becas-santander-mit\/","og_locale":"es_ES","og_type":"article","og_title":"Dos estudiantes de la ULL en la segunda fase de Becas Santander-MIT","og_description":"Alexej Schustek Garc\u00eda y Marta Castrillo Delgado son de los 300 elegidos en todo el mundo para cursar un m\u00f3dulo de ochos semanas sobre Machine Learning.","og_url":"https:\/\/www.ull.es\/portal\/noticias\/2020\/estudiantes-ull-pasan-segunda-fase-becas-santander-mit\/","og_site_name":"ULL - Noticias","article_publisher":"https:\/\/www.facebook.com\/universidaddelalaguna\/","article_published_time":"2020-07-08T10:17:19+00:00","og_image":[{"width":1200,"height":800,"url":"https:\/\/www.ull.es\/portal\/noticias\/wp-content\/uploads\/sites\/13\/2020\/07\/imagen-estudiantes.jpg","type":"image\/jpeg"}],"author":"prensa2","twitter_card":"summary_large_image","twitter_creator":"@CanalULL","twitter_site":"@CanalULL","twitter_misc":{"Escrito por":"prensa2","Tiempo de lectura":"2 minutos"},"schema":{"@context":"https:\/\/schema.org","@graph":[{"@type":"WebPage","@id":"https:\/\/www.ull.es\/portal\/noticias\/2020\/estudiantes-ull-pasan-segunda-fase-becas-santander-mit\/","url":"https:\/\/www.ull.es\/portal\/noticias\/2020\/estudiantes-ull-pasan-segunda-fase-becas-santander-mit\/","name":"Dos estudiantes de la ULL en la segunda fase de Becas Santander-MIT","isPartOf":{"@id":"https:\/\/www.ull.es\/portal\/noticias\/#website"},"datePublished":"2020-07-08T10:17:19+00:00","dateModified":"2020-07-08T10:17:19+00:00","author":{"@id":"https:\/\/www.ull.es\/portal\/noticias\/#\/schema\/person\/c3b2aa857797592927a03740d6664376"},"description":"Alexej Schustek Garc\u00eda y Marta Castrillo Delgado son de los 300 elegidos en todo el mundo para cursar un m\u00f3dulo de ochos semanas sobre Machine Learning.","breadcrumb":{"@id":"https:\/\/www.ull.es\/portal\/noticias\/2020\/estudiantes-ull-pasan-segunda-fase-becas-santander-mit\/#breadcrumb"},"inLanguage":"es","potentialAction":[{"@type":"ReadAction","target":["https:\/\/www.ull.es\/portal\/noticias\/2020\/estudiantes-ull-pasan-segunda-fase-becas-santander-mit\/"]}]},{"@type":"BreadcrumbList","@id":"https:\/\/www.ull.es\/portal\/noticias\/2020\/estudiantes-ull-pasan-segunda-fase-becas-santander-mit\/#breadcrumb","itemListElement":[{"@type":"ListItem","position":1,"name":"Portada","item":"https:\/\/www.ull.es\/portal\/noticias\/"},{"@type":"ListItem","position":2,"name":"Dos estudiantes de la ULL pasan a la segunda fase en la convocatoria de Becas Santander-MIT"}]},{"@type":"WebSite","@id":"https:\/\/www.ull.es\/portal\/noticias\/#website","url":"https:\/\/www.ull.es\/portal\/noticias\/","name":"ULL - Noticias","description":"","potentialAction":[{"@type":"SearchAction","target":{"@type":"EntryPoint","urlTemplate":"https:\/\/www.ull.es\/portal\/noticias\/?s={search_term_string}"},"query-input":"required name=search_term_string"}],"inLanguage":"es"},{"@type":"Person","@id":"https:\/\/www.ull.es\/portal\/noticias\/#\/schema\/person\/c3b2aa857797592927a03740d6664376","name":"prensa2","image":{"@type":"ImageObject","inLanguage":"es","@id":"https:\/\/www.ull.es\/portal\/noticias\/#\/schema\/person\/image\/","url":"https:\/\/secure.gravatar.com\/avatar\/b58f310a5de5feb33d1e026d2493f23c?s=96&d=mm&r=g","contentUrl":"https:\/\/secure.gravatar.com\/avatar\/b58f310a5de5feb33d1e026d2493f23c?s=96&d=mm&r=g","caption":"prensa2"},"url":"https:\/\/www.ull.es\/portal\/noticias\/author\/prensa2\/"}]}},"primary_category":{"id":2765,"name":"Portada ULL","slug":"portada-ull","link":"https:\/\/www.ull.es\/portal\/noticias\/category\/portada-ull\/"},"featured_image_thumbnail_url":"https:\/\/www.ull.es\/portal\/noticias\/wp-content\/uploads\/sites\/13\/2020\/07\/imagen-estudiantes-300x200.jpg","_links":{"self":[{"href":"https:\/\/www.ull.es\/portal\/noticias\/wp-json\/wp\/v2\/posts\/51115"}],"collection":[{"href":"https:\/\/www.ull.es\/portal\/noticias\/wp-json\/wp\/v2\/posts"}],"about":[{"href":"https:\/\/www.ull.es\/portal\/noticias\/wp-json\/wp\/v2\/types\/post"}],"author":[{"embeddable":true,"href":"https:\/\/www.ull.es\/portal\/noticias\/wp-json\/wp\/v2\/users\/21"}],"replies":[{"embeddable":true,"href":"https:\/\/www.ull.es\/portal\/noticias\/wp-json\/wp\/v2\/comments?post=51115"}],"version-history":[{"count":1,"href":"https:\/\/www.ull.es\/portal\/noticias\/wp-json\/wp\/v2\/posts\/51115\/revisions"}],"predecessor-version":[{"id":51117,"href":"https:\/\/www.ull.es\/portal\/noticias\/wp-json\/wp\/v2\/posts\/51115\/revisions\/51117"}],"wp:featuredmedia":[{"embeddable":true,"href":"https:\/\/www.ull.es\/portal\/noticias\/wp-json\/wp\/v2\/media\/51116"}],"wp:attachment":[{"href":"https:\/\/www.ull.es\/portal\/noticias\/wp-json\/wp\/v2\/media?parent=51115"}],"wp:term":[{"taxonomy":"category","embeddable":true,"href":"https:\/\/www.ull.es\/portal\/noticias\/wp-json\/wp\/v2\/categories?post=51115"},{"taxonomy":"post_tag","embeddable":true,"href":"https:\/\/www.ull.es\/portal\/noticias\/wp-json\/wp\/v2\/tags?post=51115"}],"curies":[{"name":"wp","href":"https:\/\/api.w.org\/{rel}","templated":true}]}}