{"id":51125,"date":"2020-07-08T12:18:14","date_gmt":"2020-07-08T12:18:14","guid":{"rendered":"https:\/\/www.ull.es\/portal\/noticias\/?p=51125"},"modified":"2020-07-08T12:25:52","modified_gmt":"2020-07-08T12:25:52","slug":"un-millar-estudiantes-participa-seminarios-para-explicar-como-solicitar-plaza-ull","status":"publish","type":"post","link":"https:\/\/www.ull.es\/portal\/noticias\/2020\/un-millar-estudiantes-participa-seminarios-para-explicar-como-solicitar-plaza-ull\/","title":{"rendered":"M\u00e1s de un millar de estudiantes participa en los seminarios online sobre c\u00f3mo solicitar plaza en la ULL"},"content":{"rendered":"<p>El Servicio de Informaci\u00f3n y Orientaci\u00f3n de la Universidad de La Laguna ha celebrado hoy, mi\u00e9rcoles 8 de julio, un seminario online que buscaba asesorar al alumnado a la hora de solicitar una plaza en un grado de esta instituci\u00f3n acad\u00e9mica. Dividido en cuatro sesiones horarias, este evento ha registrado m\u00e1s de un millar de inscritos y ha servido como piedra de toque para que el estudiantado, que procede eminentemente de la EBAU, conociera c\u00f3mo puede acceder al procedimiento de inscripci\u00f3n.<\/p>\n<p>El pr\u00f3ximo <a href=\"http:\/\/www.ull.es\/preinscripcion\" target=\"_blank\" rel=\"noopener noreferrer\" target=\"_blank\" rel=\"noopener\">lunes 13 de julio, a partir de las 10:00 horas, abrir\u00e1 el plazo de preinscripci\u00f3n a los grados y se mantendr\u00e1 abierto hasta el 21 de julio<\/a>. Este ser\u00e1 el primero de los pasos que tendr\u00e1 que realizar el alumnado si quiere ingresar en la Universidad de La Laguna y este ha sido uno de los puntos en los que ha hecho mayor hincapi\u00e9 Rosal\u00eda Mendoza, miembro de la Asesor\u00eda Educativa y encargada de explicar los aspectos t\u00e9cnicos de este evento.<\/p>\n<p>El proceso de inscripci\u00f3n ser\u00e1 completamente online a trav\u00e9s de la <a href=\"http:\/\/www.ull.es\" target=\"_blank\" rel=\"noopener noreferrer\" target=\"_blank\" rel=\"noopener\">p\u00e1gina web<\/a>. Por este motivo, este seminario se erigi\u00f3 como necesario principalmente para todas aquellas personas que nunca han realizado un tr\u00e1mite de estas caracter\u00edsticas en la Universidad de La Laguna. Por ello, de forma did\u00e1ctica y visual, se ha tratado de responder a las dudas que podr\u00edan surgir a la hora de realizar el procedimiento, as\u00ed como se ha indicado las diversas posibilidades que existen para contactar con el Servicio de Informaci\u00f3n y Orientaci\u00f3n.<\/p>\n<p>Todo el alumnado dispondr\u00e1 de una cuenta y contrase\u00f1a que le permitir\u00e1 realizar su inscripci\u00f3n de forma individual. Cada uno tendr\u00e1 que seguir los pasos indicados y aportar la documentaci\u00f3n que se le requiere tambi\u00e9n de forma telem\u00e1tica. Adem\u00e1s, para completar todo el proceso de inscripci\u00f3n, tal y como se\u00f1al\u00f3 Mendoza, ser\u00e1 de especial importancia que el estudiantado sea proactivo y est\u00e9 atento a los diferentes listados que se publicar\u00e1n en las pr\u00f3ximas semanas.<\/p>\n<p>Durante este seminario tambi\u00e9n se inform\u00f3 a los asistentes sobre las m\u00faltiples ayudas (<a href=\"https:\/\/drive.google.com\/file\/d\/1FyzF3d1C4Qcn3Id6ThTrD8HbgwIYs34v\/view\" target=\"_blank\" rel=\"noopener noreferrer\" target=\"_blank\" rel=\"noopener\">tutoriales<\/a>, formas de contacto, etc.) de las que dispondr\u00e1n a la hora de inscribirse a un grado. Incluso, a pesar de que todos los estudios tienen un n\u00famero de plazas determinado, se transmiti\u00f3 tranquilidad puesto que los cupos suelen ser amplios. Aun as\u00ed, se record\u00f3 que este es un proceso de concurrencia competitiva y que si no se cumplen los plazos no habr\u00e1 contemplaciones personales, y se podr\u00eda perder la plaza solicitada.<\/p>\n","protected":false},"excerpt":{"rendered":"<p>El Servicio de Informaci\u00f3n y Orientaci\u00f3n de la Universidad de La Laguna ha celebrado hoy, mi\u00e9rcoles 8 de julio, un&#8230;<\/p>\n","protected":false},"author":67,"featured_media":51127,"comment_status":"closed","ping_status":"closed","sticky":false,"template":"","format":"standard","meta":{"inline_featured_image":false,"footnotes":""},"categories":[343,345,348,2765],"tags":[],"acf":[],"yoast_head":"<!-- This site is optimized with the Yoast SEO plugin v21.3 - https:\/\/yoast.com\/wordpress\/plugins\/seo\/ -->\n<title>M\u00e1s de un millar de estudiantes participa en los seminarios online sobre c\u00f3mo solicitar plaza en la ULL - ULL - Noticias<\/title>\n<meta name=\"description\" content=\"El Servicio de Informaci\u00f3n y Orientaci\u00f3n de la Universidad de La Laguna ha celebrado hoy un seminario online que buscaba asesorar al alumnado a la hora de solicitar una plaza en un grado de esta instituci\u00f3n acad\u00e9mica.\" \/>\n<meta name=\"robots\" content=\"index, follow, max-snippet:-1, max-image-preview:large, max-video-preview:-1\" \/>\n<link rel=\"canonical\" href=\"https:\/\/www.ull.es\/portal\/noticias\/2020\/un-millar-estudiantes-participa-seminarios-para-explicar-como-solicitar-plaza-ull\/\" \/>\n<meta property=\"og:locale\" content=\"es_ES\" \/>\n<meta property=\"og:type\" content=\"article\" \/>\n<meta property=\"og:title\" content=\"M\u00e1s de un millar de estudiantes participa en los seminarios online sobre c\u00f3mo solicitar plaza en la ULL - ULL - Noticias\" \/>\n<meta property=\"og:description\" content=\"El Servicio de Informaci\u00f3n y Orientaci\u00f3n de la Universidad de La Laguna ha celebrado hoy un seminario online que buscaba asesorar al alumnado a la hora de solicitar una plaza en un grado de esta instituci\u00f3n acad\u00e9mica.\" \/>\n<meta property=\"og:url\" content=\"https:\/\/www.ull.es\/portal\/noticias\/2020\/un-millar-estudiantes-participa-seminarios-para-explicar-como-solicitar-plaza-ull\/\" \/>\n<meta property=\"og:site_name\" content=\"ULL - Noticias\" \/>\n<meta property=\"article:publisher\" content=\"https:\/\/www.facebook.com\/universidaddelalaguna\/\" \/>\n<meta property=\"article:published_time\" content=\"2020-07-08T12:18:14+00:00\" \/>\n<meta property=\"article:modified_time\" content=\"2020-07-08T12:25:52+00:00\" \/>\n<meta property=\"og:image\" content=\"https:\/\/www.ull.es\/portal\/noticias\/wp-content\/uploads\/sites\/13\/2020\/07\/evento-grados.jpg\" \/>\n\t<meta property=\"og:image:width\" content=\"1200\" \/>\n\t<meta property=\"og:image:height\" content=\"800\" \/>\n\t<meta property=\"og:image:type\" content=\"image\/jpeg\" \/>\n<meta name=\"author\" content=\"gcom5\" \/>\n<meta name=\"twitter:card\" content=\"summary_large_image\" \/>\n<meta name=\"twitter:creator\" content=\"@CanalULL\" \/>\n<meta name=\"twitter:site\" content=\"@CanalULL\" \/>\n<meta name=\"twitter:label1\" content=\"Escrito por\" \/>\n\t<meta name=\"twitter:data1\" content=\"gcom5\" \/>\n\t<meta name=\"twitter:label2\" content=\"Tiempo de lectura\" \/>\n\t<meta name=\"twitter:data2\" content=\"2 minutos\" \/>\n<script type=\"application\/ld+json\" class=\"yoast-schema-graph\">{\"@context\":\"https:\/\/schema.org\",\"@graph\":[{\"@type\":\"WebPage\",\"@id\":\"https:\/\/www.ull.es\/portal\/noticias\/2020\/un-millar-estudiantes-participa-seminarios-para-explicar-como-solicitar-plaza-ull\/\",\"url\":\"https:\/\/www.ull.es\/portal\/noticias\/2020\/un-millar-estudiantes-participa-seminarios-para-explicar-como-solicitar-plaza-ull\/\",\"name\":\"M\u00e1s de un millar de estudiantes participa en los seminarios online sobre c\u00f3mo solicitar plaza en la ULL - ULL - Noticias\",\"isPartOf\":{\"@id\":\"https:\/\/www.ull.es\/portal\/noticias\/#website\"},\"datePublished\":\"2020-07-08T12:18:14+00:00\",\"dateModified\":\"2020-07-08T12:25:52+00:00\",\"author\":{\"@id\":\"https:\/\/www.ull.es\/portal\/noticias\/#\/schema\/person\/8027c6c4687adc2c90dc1532715d34df\"},\"description\":\"El Servicio de Informaci\u00f3n y Orientaci\u00f3n de la Universidad de La Laguna ha celebrado hoy un seminario online que buscaba asesorar al alumnado a la hora de solicitar una plaza en un grado de esta instituci\u00f3n acad\u00e9mica.\",\"breadcrumb\":{\"@id\":\"https:\/\/www.ull.es\/portal\/noticias\/2020\/un-millar-estudiantes-participa-seminarios-para-explicar-como-solicitar-plaza-ull\/#breadcrumb\"},\"inLanguage\":\"es\",\"potentialAction\":[{\"@type\":\"ReadAction\",\"target\":[\"https:\/\/www.ull.es\/portal\/noticias\/2020\/un-millar-estudiantes-participa-seminarios-para-explicar-como-solicitar-plaza-ull\/\"]}]},{\"@type\":\"BreadcrumbList\",\"@id\":\"https:\/\/www.ull.es\/portal\/noticias\/2020\/un-millar-estudiantes-participa-seminarios-para-explicar-como-solicitar-plaza-ull\/#breadcrumb\",\"itemListElement\":[{\"@type\":\"ListItem\",\"position\":1,\"name\":\"Portada\",\"item\":\"https:\/\/www.ull.es\/portal\/noticias\/\"},{\"@type\":\"ListItem\",\"position\":2,\"name\":\"M\u00e1s de un millar de estudiantes participa en los seminarios online sobre c\u00f3mo solicitar plaza en la ULL\"}]},{\"@type\":\"WebSite\",\"@id\":\"https:\/\/www.ull.es\/portal\/noticias\/#website\",\"url\":\"https:\/\/www.ull.es\/portal\/noticias\/\",\"name\":\"ULL - Noticias\",\"description\":\"\",\"potentialAction\":[{\"@type\":\"SearchAction\",\"target\":{\"@type\":\"EntryPoint\",\"urlTemplate\":\"https:\/\/www.ull.es\/portal\/noticias\/?s={search_term_string}\"},\"query-input\":\"required name=search_term_string\"}],\"inLanguage\":\"es\"},{\"@type\":\"Person\",\"@id\":\"https:\/\/www.ull.es\/portal\/noticias\/#\/schema\/person\/8027c6c4687adc2c90dc1532715d34df\",\"name\":\"gcom5\",\"image\":{\"@type\":\"ImageObject\",\"inLanguage\":\"es\",\"@id\":\"https:\/\/www.ull.es\/portal\/noticias\/#\/schema\/person\/image\/\",\"url\":\"https:\/\/secure.gravatar.com\/avatar\/8b3777f8048001fa57b88338ce5605b9?s=96&d=mm&r=g\",\"contentUrl\":\"https:\/\/secure.gravatar.com\/avatar\/8b3777f8048001fa57b88338ce5605b9?s=96&d=mm&r=g\",\"caption\":\"gcom5\"},\"url\":\"https:\/\/www.ull.es\/portal\/noticias\/author\/gcom5\/\"}]}<\/script>\n<!-- \/ Yoast SEO plugin. -->","yoast_head_json":{"title":"M\u00e1s de un millar de estudiantes participa en los seminarios online sobre c\u00f3mo solicitar plaza en la ULL - ULL - Noticias","description":"El Servicio de Informaci\u00f3n y Orientaci\u00f3n de la Universidad de La Laguna ha celebrado hoy un seminario online que buscaba asesorar al alumnado a la hora de solicitar una plaza en un grado de esta instituci\u00f3n acad\u00e9mica.","robots":{"index":"index","follow":"follow","max-snippet":"max-snippet:-1","max-image-preview":"max-image-preview:large","max-video-preview":"max-video-preview:-1"},"canonical":"https:\/\/www.ull.es\/portal\/noticias\/2020\/un-millar-estudiantes-participa-seminarios-para-explicar-como-solicitar-plaza-ull\/","og_locale":"es_ES","og_type":"article","og_title":"M\u00e1s de un millar de estudiantes participa en los seminarios online sobre c\u00f3mo solicitar plaza en la ULL - ULL - Noticias","og_description":"El Servicio de Informaci\u00f3n y Orientaci\u00f3n de la Universidad de La Laguna ha celebrado hoy un seminario online que buscaba asesorar al alumnado a la hora de solicitar una plaza en un grado de esta instituci\u00f3n acad\u00e9mica.","og_url":"https:\/\/www.ull.es\/portal\/noticias\/2020\/un-millar-estudiantes-participa-seminarios-para-explicar-como-solicitar-plaza-ull\/","og_site_name":"ULL - Noticias","article_publisher":"https:\/\/www.facebook.com\/universidaddelalaguna\/","article_published_time":"2020-07-08T12:18:14+00:00","article_modified_time":"2020-07-08T12:25:52+00:00","og_image":[{"width":1200,"height":800,"url":"https:\/\/www.ull.es\/portal\/noticias\/wp-content\/uploads\/sites\/13\/2020\/07\/evento-grados.jpg","type":"image\/jpeg"}],"author":"gcom5","twitter_card":"summary_large_image","twitter_creator":"@CanalULL","twitter_site":"@CanalULL","twitter_misc":{"Escrito por":"gcom5","Tiempo de lectura":"2 minutos"},"schema":{"@context":"https:\/\/schema.org","@graph":[{"@type":"WebPage","@id":"https:\/\/www.ull.es\/portal\/noticias\/2020\/un-millar-estudiantes-participa-seminarios-para-explicar-como-solicitar-plaza-ull\/","url":"https:\/\/www.ull.es\/portal\/noticias\/2020\/un-millar-estudiantes-participa-seminarios-para-explicar-como-solicitar-plaza-ull\/","name":"M\u00e1s de un millar de estudiantes participa en los seminarios online sobre c\u00f3mo solicitar plaza en la ULL - ULL - Noticias","isPartOf":{"@id":"https:\/\/www.ull.es\/portal\/noticias\/#website"},"datePublished":"2020-07-08T12:18:14+00:00","dateModified":"2020-07-08T12:25:52+00:00","author":{"@id":"https:\/\/www.ull.es\/portal\/noticias\/#\/schema\/person\/8027c6c4687adc2c90dc1532715d34df"},"description":"El Servicio de Informaci\u00f3n y Orientaci\u00f3n de la Universidad de La Laguna ha celebrado hoy un seminario online que buscaba asesorar al alumnado a la hora de solicitar una plaza en un grado de esta instituci\u00f3n acad\u00e9mica.","breadcrumb":{"@id":"https:\/\/www.ull.es\/portal\/noticias\/2020\/un-millar-estudiantes-participa-seminarios-para-explicar-como-solicitar-plaza-ull\/#breadcrumb"},"inLanguage":"es","potentialAction":[{"@type":"ReadAction","target":["https:\/\/www.ull.es\/portal\/noticias\/2020\/un-millar-estudiantes-participa-seminarios-para-explicar-como-solicitar-plaza-ull\/"]}]},{"@type":"BreadcrumbList","@id":"https:\/\/www.ull.es\/portal\/noticias\/2020\/un-millar-estudiantes-participa-seminarios-para-explicar-como-solicitar-plaza-ull\/#breadcrumb","itemListElement":[{"@type":"ListItem","position":1,"name":"Portada","item":"https:\/\/www.ull.es\/portal\/noticias\/"},{"@type":"ListItem","position":2,"name":"M\u00e1s de un millar de estudiantes participa en los seminarios online sobre c\u00f3mo solicitar plaza en la ULL"}]},{"@type":"WebSite","@id":"https:\/\/www.ull.es\/portal\/noticias\/#website","url":"https:\/\/www.ull.es\/portal\/noticias\/","name":"ULL - Noticias","description":"","potentialAction":[{"@type":"SearchAction","target":{"@type":"EntryPoint","urlTemplate":"https:\/\/www.ull.es\/portal\/noticias\/?s={search_term_string}"},"query-input":"required name=search_term_string"}],"inLanguage":"es"},{"@type":"Person","@id":"https:\/\/www.ull.es\/portal\/noticias\/#\/schema\/person\/8027c6c4687adc2c90dc1532715d34df","name":"gcom5","image":{"@type":"ImageObject","inLanguage":"es","@id":"https:\/\/www.ull.es\/portal\/noticias\/#\/schema\/person\/image\/","url":"https:\/\/secure.gravatar.com\/avatar\/8b3777f8048001fa57b88338ce5605b9?s=96&d=mm&r=g","contentUrl":"https:\/\/secure.gravatar.com\/avatar\/8b3777f8048001fa57b88338ce5605b9?s=96&d=mm&r=g","caption":"gcom5"},"url":"https:\/\/www.ull.es\/portal\/noticias\/author\/gcom5\/"}]}},"primary_category":{"id":345,"name":"Destacado","slug":"destacado","link":"https:\/\/www.ull.es\/portal\/noticias\/category\/destacado\/"},"featured_image_thumbnail_url":"https:\/\/www.ull.es\/portal\/noticias\/wp-content\/uploads\/sites\/13\/2020\/07\/evento-grados-300x200.jpg","_links":{"self":[{"href":"https:\/\/www.ull.es\/portal\/noticias\/wp-json\/wp\/v2\/posts\/51125"}],"collection":[{"href":"https:\/\/www.ull.es\/portal\/noticias\/wp-json\/wp\/v2\/posts"}],"about":[{"href":"https:\/\/www.ull.es\/portal\/noticias\/wp-json\/wp\/v2\/types\/post"}],"author":[{"embeddable":true,"href":"https:\/\/www.ull.es\/portal\/noticias\/wp-json\/wp\/v2\/users\/67"}],"replies":[{"embeddable":true,"href":"https:\/\/www.ull.es\/portal\/noticias\/wp-json\/wp\/v2\/comments?post=51125"}],"version-history":[{"count":3,"href":"https:\/\/www.ull.es\/portal\/noticias\/wp-json\/wp\/v2\/posts\/51125\/revisions"}],"predecessor-version":[{"id":51131,"href":"https:\/\/www.ull.es\/portal\/noticias\/wp-json\/wp\/v2\/posts\/51125\/revisions\/51131"}],"wp:featuredmedia":[{"embeddable":true,"href":"https:\/\/www.ull.es\/portal\/noticias\/wp-json\/wp\/v2\/media\/51127"}],"wp:attachment":[{"href":"https:\/\/www.ull.es\/portal\/noticias\/wp-json\/wp\/v2\/media?parent=51125"}],"wp:term":[{"taxonomy":"category","embeddable":true,"href":"https:\/\/www.ull.es\/portal\/noticias\/wp-json\/wp\/v2\/categories?post=51125"},{"taxonomy":"post_tag","embeddable":true,"href":"https:\/\/www.ull.es\/portal\/noticias\/wp-json\/wp\/v2\/tags?post=51125"}],"curies":[{"name":"wp","href":"https:\/\/api.w.org\/{rel}","templated":true}]}}