{"id":51177,"date":"2020-07-10T12:34:00","date_gmt":"2020-07-10T12:34:00","guid":{"rendered":"https:\/\/www.ull.es\/portal\/noticias\/?p=51177"},"modified":"2020-07-10T13:08:59","modified_gmt":"2020-07-10T13:08:59","slug":"8892-presentados-aprobado-ebau","status":"publish","type":"post","link":"https:\/\/www.ull.es\/portal\/noticias\/2020\/8892-presentados-aprobado-ebau\/","title":{"rendered":"El 88,92% de los presentados ha aprobado en la convocatoria ordinaria de la EBAU en la ULL"},"content":{"rendered":"<p class=\"p2\"><span class=\"s3\">La convocatoria ordinaria de la Evaluaci\u00f3n de Bachillerato para el Acceso a la Universidad (EBAU) se celebr\u00f3 entre los d\u00edas 1 y 4 de julio de 2020, con una participaci\u00f3n r\u00e9cord 5.021 estudiantes inscritos. De ellos, en la provincia de Santa Cruz de Tenerife han logrado aprobar 4.430, que equivale a una tasa del 88,92%, mientras que 552 la han suspendido y 39 no se presentaron. Estos resultados son algo inferiores que los de la convocatoria de 2019, donde de un total de 4.280 inscritos, aprob\u00f3 el 94,26%. <\/span><\/p>\n<p class=\"p2\"><span class=\"s3\">Por modalidades, en la de Artes se registraron 244 personas, de las cuales aprobaron 215, que supone un 88,84%, suspendieron 27 y dejaron de presentarse 2. En Ciencias hubo 2.670 inscritos, con 2.407 aprobados (90,56%), 251 suspensos y 12 no presentados. En Humanidades y Ciencias Sociales, itinerario Ciencias Sociales, se matricularon 1.520, de los cuales aprobaron 1.290 (86,11%), suspendieron 208 y dejaron de acudir a las pruebas 22. En Humanidades y Ciencias Sociales, itinerario Humanidades, hubo 587 inscritos, de los cuales aprobaron 518 (88,70%), suspendieron 66 y no se presentaron 3.<\/span><\/p>\n<p class=\"p2\"><span class=\"s3\">En Tenerife el porcentaje de aprobados fue del 88,78%, equivalente a 3.978 estudiantes de un total de 4.509 inscritos, con 502 suspensos y 33 no presentados. En La Palma, de 399 inscritos aprobaron 357 (90,84%), no lo hicieron 36 y 6 dejaron de presentarse. En La Gomera, de 76 inscritos aprobaron 70 (92,11%) y suspendieron 6. Y en El Hierro, de 37 registrados superaron la prueba 29 (78,38%), 8 no lo consiguieron y nadie dej\u00f3 de presentarse.<\/span><\/p>\n<p class=\"p2\"><span class=\"s3\">Estos resultados se refieren a la modalidad general de la prueba, puesto que la fase de opci\u00f3n, de car\u00e1cter voluntario, no permite ofrecer valores promedios al no realizar todo el alumnado los ex\u00e1menes y, adem\u00e1s, existir varias opciones disponibles.<\/span><\/p>\n<p class=\"p2\"><span class=\"s3\">Los d\u00edas 13, 14 y hasta las 12:00 horas del 15 de julio ser\u00e1 posible presentar a la reclamaci\u00f3n o a la doble correcci\u00f3n. La nota resultante de ambos procesos ser\u00e1 publicada el 17 de julio. <\/span><\/p>\n<p class=\"p2\"><span class=\"s3\"><b>Preinscripci\u00f3n<\/b><\/span><\/p>\n<p class=\"p2\"><span class=\"s3\">Con la nota obtenida en la EBAU, el alumnado podr\u00e1 <a href=\"https:\/\/www.ull.es\/preinscripcion\/\" target=\"_blank\" rel=\"noopener\"><span class=\"s4\">solicitar la preinscripci\u00f3n<\/span><\/a> para solicitar plaza en alguna titulaci\u00f3n de grado de la Universidad de La Laguna para el curso 2020\/21, proceso que abrir\u00e1 el lunes 13 de julio a las 10:00 y permanecer\u00e1 activo hasta las 14:00 del 21 de julio.\u00a0El 24 de julio se publicar\u00e1 el estado de la solicitud de cada candidatura, es decir, si est\u00e1 admitida a tr\u00e1mite o no por alguna raz\u00f3n burocr\u00e1tica que la ha excluido. Entre ese d\u00eda y el 27 de julio a las 14:00 habr\u00e1 un plazo para solucionar cualquier eventualidad.<\/span><\/p>\n<p class=\"p2\"><span class=\"s3\">La primera lista de adjudicaci\u00f3n de plazas aparecer\u00e1 el 30 de julio, y desde ese mismo d\u00eda hasta las 23:59 del 31 de julio, podr\u00e1n matricularse aquellas personas que hayan obtenido un puesto en la titulaci\u00f3n que solicitaron como primera opci\u00f3n.\u00a0La segunda lista de adjudicaci\u00f3n aparecer\u00e1 el 4 de agosto y su matr\u00edcula estar\u00e1 disponible hasta el 6 del mismo mes. La ejecuci\u00f3n de la lista de espera se celebrar\u00e1 los d\u00edas 26 y 27 de agosto y su matr\u00edcula correspondiente, del 28 de agosto al 1 de septiembre.<\/span><\/p>\n<p class=\"p2\"><span class=\"s3\">Una vez culmine el procedimiento ordinario, la Universidad de La Laguna abrir\u00e1 un periodo extraordinario para cubrir las vacantes que pudieran haber quedado en alguna titulaci\u00f3n, que se abrir\u00e1 entre el 18 y el 22 de septiembre.<\/span><\/p>\n","protected":false},"excerpt":{"rendered":"<p>La convocatoria ordinaria de la Evaluaci\u00f3n de Bachillerato para el Acceso a la Universidad (EBAU) se celebr\u00f3 entre los d\u00edas&#8230;<\/p>\n","protected":false},"author":21,"featured_media":51178,"comment_status":"closed","ping_status":"closed","sticky":false,"template":"","format":"standard","meta":{"inline_featured_image":false,"footnotes":""},"categories":[343,345,2765],"tags":[3758,2940,2879,2138],"acf":[],"yoast_head":"<!-- This site is optimized with the Yoast SEO plugin v21.3 - https:\/\/yoast.com\/wordpress\/plugins\/seo\/ -->\n<title>La convocatoria ordinaria de la EBAU registra un 88,92% de aptos<\/title>\n<meta name=\"description\" content=\"La convocatoria ordinaria de la (EBAU) celebrada del 1 al 4 de julio tuvo una participaci\u00f3n r\u00e9cord 5.021 estudiantes inscritos, de los que aprobaron 4.430,\" \/>\n<meta name=\"robots\" content=\"index, follow, max-snippet:-1, max-image-preview:large, max-video-preview:-1\" \/>\n<link rel=\"canonical\" href=\"https:\/\/www.ull.es\/portal\/noticias\/2020\/8892-presentados-aprobado-ebau\/\" \/>\n<meta property=\"og:locale\" content=\"es_ES\" \/>\n<meta property=\"og:type\" content=\"article\" \/>\n<meta property=\"og:title\" content=\"La convocatoria ordinaria de la EBAU registra un 88,92% de aptos\" \/>\n<meta property=\"og:description\" content=\"La convocatoria ordinaria de la (EBAU) celebrada del 1 al 4 de julio tuvo una participaci\u00f3n r\u00e9cord 5.021 estudiantes inscritos, de los que aprobaron 4.430,\" \/>\n<meta property=\"og:url\" content=\"https:\/\/www.ull.es\/portal\/noticias\/2020\/8892-presentados-aprobado-ebau\/\" \/>\n<meta property=\"og:site_name\" content=\"ULL - Noticias\" \/>\n<meta property=\"article:publisher\" content=\"https:\/\/www.facebook.com\/universidaddelalaguna\/\" \/>\n<meta property=\"article:published_time\" content=\"2020-07-10T12:34:00+00:00\" \/>\n<meta property=\"article:modified_time\" content=\"2020-07-10T13:08:59+00:00\" \/>\n<meta property=\"og:image\" content=\"https:\/\/www.ull.es\/portal\/noticias\/wp-content\/uploads\/sites\/13\/2020\/07\/Selectividad-EBAU-Guajara-34.jpg\" \/>\n\t<meta property=\"og:image:width\" content=\"1024\" \/>\n\t<meta property=\"og:image:height\" content=\"683\" \/>\n\t<meta property=\"og:image:type\" content=\"image\/jpeg\" \/>\n<meta name=\"author\" content=\"prensa2\" \/>\n<meta name=\"twitter:card\" content=\"summary_large_image\" \/>\n<meta name=\"twitter:creator\" content=\"@CanalULL\" \/>\n<meta name=\"twitter:site\" content=\"@CanalULL\" \/>\n<meta name=\"twitter:label1\" content=\"Escrito por\" \/>\n\t<meta name=\"twitter:data1\" content=\"prensa2\" \/>\n\t<meta name=\"twitter:label2\" content=\"Tiempo de lectura\" \/>\n\t<meta name=\"twitter:data2\" content=\"3 minutos\" \/>\n<script type=\"application\/ld+json\" class=\"yoast-schema-graph\">{\"@context\":\"https:\/\/schema.org\",\"@graph\":[{\"@type\":\"WebPage\",\"@id\":\"https:\/\/www.ull.es\/portal\/noticias\/2020\/8892-presentados-aprobado-ebau\/\",\"url\":\"https:\/\/www.ull.es\/portal\/noticias\/2020\/8892-presentados-aprobado-ebau\/\",\"name\":\"La convocatoria ordinaria de la EBAU registra un 88,92% de aptos\",\"isPartOf\":{\"@id\":\"https:\/\/www.ull.es\/portal\/noticias\/#website\"},\"datePublished\":\"2020-07-10T12:34:00+00:00\",\"dateModified\":\"2020-07-10T13:08:59+00:00\",\"author\":{\"@id\":\"https:\/\/www.ull.es\/portal\/noticias\/#\/schema\/person\/c3b2aa857797592927a03740d6664376\"},\"description\":\"La convocatoria ordinaria de la (EBAU) celebrada del 1 al 4 de julio tuvo una participaci\u00f3n r\u00e9cord 5.021 estudiantes inscritos, de los que aprobaron 4.430,\",\"breadcrumb\":{\"@id\":\"https:\/\/www.ull.es\/portal\/noticias\/2020\/8892-presentados-aprobado-ebau\/#breadcrumb\"},\"inLanguage\":\"es\",\"potentialAction\":[{\"@type\":\"ReadAction\",\"target\":[\"https:\/\/www.ull.es\/portal\/noticias\/2020\/8892-presentados-aprobado-ebau\/\"]}]},{\"@type\":\"BreadcrumbList\",\"@id\":\"https:\/\/www.ull.es\/portal\/noticias\/2020\/8892-presentados-aprobado-ebau\/#breadcrumb\",\"itemListElement\":[{\"@type\":\"ListItem\",\"position\":1,\"name\":\"Portada\",\"item\":\"https:\/\/www.ull.es\/portal\/noticias\/\"},{\"@type\":\"ListItem\",\"position\":2,\"name\":\"El 88,92% de los presentados ha aprobado en la convocatoria ordinaria de la EBAU en la ULL\"}]},{\"@type\":\"WebSite\",\"@id\":\"https:\/\/www.ull.es\/portal\/noticias\/#website\",\"url\":\"https:\/\/www.ull.es\/portal\/noticias\/\",\"name\":\"ULL - Noticias\",\"description\":\"\",\"potentialAction\":[{\"@type\":\"SearchAction\",\"target\":{\"@type\":\"EntryPoint\",\"urlTemplate\":\"https:\/\/www.ull.es\/portal\/noticias\/?s={search_term_string}\"},\"query-input\":\"required name=search_term_string\"}],\"inLanguage\":\"es\"},{\"@type\":\"Person\",\"@id\":\"https:\/\/www.ull.es\/portal\/noticias\/#\/schema\/person\/c3b2aa857797592927a03740d6664376\",\"name\":\"prensa2\",\"image\":{\"@type\":\"ImageObject\",\"inLanguage\":\"es\",\"@id\":\"https:\/\/www.ull.es\/portal\/noticias\/#\/schema\/person\/image\/\",\"url\":\"https:\/\/secure.gravatar.com\/avatar\/b58f310a5de5feb33d1e026d2493f23c?s=96&d=mm&r=g\",\"contentUrl\":\"https:\/\/secure.gravatar.com\/avatar\/b58f310a5de5feb33d1e026d2493f23c?s=96&d=mm&r=g\",\"caption\":\"prensa2\"},\"url\":\"https:\/\/www.ull.es\/portal\/noticias\/author\/prensa2\/\"}]}<\/script>\n<!-- \/ Yoast SEO plugin. -->","yoast_head_json":{"title":"La convocatoria ordinaria de la EBAU registra un 88,92% de aptos","description":"La convocatoria ordinaria de la (EBAU) celebrada del 1 al 4 de julio tuvo una participaci\u00f3n r\u00e9cord 5.021 estudiantes inscritos, de los que aprobaron 4.430,","robots":{"index":"index","follow":"follow","max-snippet":"max-snippet:-1","max-image-preview":"max-image-preview:large","max-video-preview":"max-video-preview:-1"},"canonical":"https:\/\/www.ull.es\/portal\/noticias\/2020\/8892-presentados-aprobado-ebau\/","og_locale":"es_ES","og_type":"article","og_title":"La convocatoria ordinaria de la EBAU registra un 88,92% de aptos","og_description":"La convocatoria ordinaria de la (EBAU) celebrada del 1 al 4 de julio tuvo una participaci\u00f3n r\u00e9cord 5.021 estudiantes inscritos, de los que aprobaron 4.430,","og_url":"https:\/\/www.ull.es\/portal\/noticias\/2020\/8892-presentados-aprobado-ebau\/","og_site_name":"ULL - Noticias","article_publisher":"https:\/\/www.facebook.com\/universidaddelalaguna\/","article_published_time":"2020-07-10T12:34:00+00:00","article_modified_time":"2020-07-10T13:08:59+00:00","og_image":[{"width":1024,"height":683,"url":"https:\/\/www.ull.es\/portal\/noticias\/wp-content\/uploads\/sites\/13\/2020\/07\/Selectividad-EBAU-Guajara-34.jpg","type":"image\/jpeg"}],"author":"prensa2","twitter_card":"summary_large_image","twitter_creator":"@CanalULL","twitter_site":"@CanalULL","twitter_misc":{"Escrito por":"prensa2","Tiempo de lectura":"3 minutos"},"schema":{"@context":"https:\/\/schema.org","@graph":[{"@type":"WebPage","@id":"https:\/\/www.ull.es\/portal\/noticias\/2020\/8892-presentados-aprobado-ebau\/","url":"https:\/\/www.ull.es\/portal\/noticias\/2020\/8892-presentados-aprobado-ebau\/","name":"La convocatoria ordinaria de la EBAU registra un 88,92% de aptos","isPartOf":{"@id":"https:\/\/www.ull.es\/portal\/noticias\/#website"},"datePublished":"2020-07-10T12:34:00+00:00","dateModified":"2020-07-10T13:08:59+00:00","author":{"@id":"https:\/\/www.ull.es\/portal\/noticias\/#\/schema\/person\/c3b2aa857797592927a03740d6664376"},"description":"La convocatoria ordinaria de la (EBAU) celebrada del 1 al 4 de julio tuvo una participaci\u00f3n r\u00e9cord 5.021 estudiantes inscritos, de los que aprobaron 4.430,","breadcrumb":{"@id":"https:\/\/www.ull.es\/portal\/noticias\/2020\/8892-presentados-aprobado-ebau\/#breadcrumb"},"inLanguage":"es","potentialAction":[{"@type":"ReadAction","target":["https:\/\/www.ull.es\/portal\/noticias\/2020\/8892-presentados-aprobado-ebau\/"]}]},{"@type":"BreadcrumbList","@id":"https:\/\/www.ull.es\/portal\/noticias\/2020\/8892-presentados-aprobado-ebau\/#breadcrumb","itemListElement":[{"@type":"ListItem","position":1,"name":"Portada","item":"https:\/\/www.ull.es\/portal\/noticias\/"},{"@type":"ListItem","position":2,"name":"El 88,92% de los presentados ha aprobado en la convocatoria ordinaria de la EBAU en la ULL"}]},{"@type":"WebSite","@id":"https:\/\/www.ull.es\/portal\/noticias\/#website","url":"https:\/\/www.ull.es\/portal\/noticias\/","name":"ULL - Noticias","description":"","potentialAction":[{"@type":"SearchAction","target":{"@type":"EntryPoint","urlTemplate":"https:\/\/www.ull.es\/portal\/noticias\/?s={search_term_string}"},"query-input":"required name=search_term_string"}],"inLanguage":"es"},{"@type":"Person","@id":"https:\/\/www.ull.es\/portal\/noticias\/#\/schema\/person\/c3b2aa857797592927a03740d6664376","name":"prensa2","image":{"@type":"ImageObject","inLanguage":"es","@id":"https:\/\/www.ull.es\/portal\/noticias\/#\/schema\/person\/image\/","url":"https:\/\/secure.gravatar.com\/avatar\/b58f310a5de5feb33d1e026d2493f23c?s=96&d=mm&r=g","contentUrl":"https:\/\/secure.gravatar.com\/avatar\/b58f310a5de5feb33d1e026d2493f23c?s=96&d=mm&r=g","caption":"prensa2"},"url":"https:\/\/www.ull.es\/portal\/noticias\/author\/prensa2\/"}]}},"primary_category":{"id":345,"name":"Destacado","slug":"destacado","link":"https:\/\/www.ull.es\/portal\/noticias\/category\/destacado\/"},"featured_image_thumbnail_url":"https:\/\/www.ull.es\/portal\/noticias\/wp-content\/uploads\/sites\/13\/2020\/07\/Selectividad-EBAU-Guajara-34-300x200.jpg","_links":{"self":[{"href":"https:\/\/www.ull.es\/portal\/noticias\/wp-json\/wp\/v2\/posts\/51177"}],"collection":[{"href":"https:\/\/www.ull.es\/portal\/noticias\/wp-json\/wp\/v2\/posts"}],"about":[{"href":"https:\/\/www.ull.es\/portal\/noticias\/wp-json\/wp\/v2\/types\/post"}],"author":[{"embeddable":true,"href":"https:\/\/www.ull.es\/portal\/noticias\/wp-json\/wp\/v2\/users\/21"}],"replies":[{"embeddable":true,"href":"https:\/\/www.ull.es\/portal\/noticias\/wp-json\/wp\/v2\/comments?post=51177"}],"version-history":[{"count":2,"href":"https:\/\/www.ull.es\/portal\/noticias\/wp-json\/wp\/v2\/posts\/51177\/revisions"}],"predecessor-version":[{"id":51181,"href":"https:\/\/www.ull.es\/portal\/noticias\/wp-json\/wp\/v2\/posts\/51177\/revisions\/51181"}],"wp:featuredmedia":[{"embeddable":true,"href":"https:\/\/www.ull.es\/portal\/noticias\/wp-json\/wp\/v2\/media\/51178"}],"wp:attachment":[{"href":"https:\/\/www.ull.es\/portal\/noticias\/wp-json\/wp\/v2\/media?parent=51177"}],"wp:term":[{"taxonomy":"category","embeddable":true,"href":"https:\/\/www.ull.es\/portal\/noticias\/wp-json\/wp\/v2\/categories?post=51177"},{"taxonomy":"post_tag","embeddable":true,"href":"https:\/\/www.ull.es\/portal\/noticias\/wp-json\/wp\/v2\/tags?post=51177"}],"curies":[{"name":"wp","href":"https:\/\/api.w.org\/{rel}","templated":true}]}}