{"id":51353,"date":"2020-07-23T14:10:51","date_gmt":"2020-07-23T14:10:51","guid":{"rendered":"https:\/\/www.ull.es\/portal\/noticias\/?p=51353"},"modified":"2020-07-23T14:11:55","modified_gmt":"2020-07-23T14:11:55","slug":"la-rectora-de-la-ull-recibe-a-la-decena-de-estudiantes-con-mejor-nota-de-acceso-a-la-universidad","status":"publish","type":"post","link":"https:\/\/www.ull.es\/portal\/noticias\/2020\/la-rectora-de-la-ull-recibe-a-la-decena-de-estudiantes-con-mejor-nota-de-acceso-a-la-universidad\/","title":{"rendered":"La rectora de la ULL recibe a la decena de estudiantes con mejor nota de acceso a la universidad"},"content":{"rendered":"<p>La rectora de la Universidad de La Laguna, Rosa Aguilar, ha mantenido hoy jueves 23 de julio un coloquio con la decena de estudiantes con mejor nota de acceso a la educaci\u00f3n superior en esta provincia. En un acto informal y acompa\u00f1ada de la vicerrectora de Estudiantes y Empleabilidad y del coordinador general de las pruebas de acceso, Aguilar les dio la bienvenida al centro acad\u00e9mico y los felicit\u00f3 por sus excelentes resultados.<\/p>\n<p style=\"text-align: center\"><a href=\"https:\/\/drive.google.com\/drive\/folders\/1H0vfprHTfmUyw4c-moxpFDRFvOKDtw62?usp=sharing\" target=\"_blank\" rel=\"noopener\"><strong>Galer\u00eda gr\u00e1fica<\/strong><\/a><\/p>\n<p>La m\u00e1xima representante de la instituci\u00f3n acad\u00e9mica les explic\u00f3 que las especiales circunstancias de este a\u00f1o han impedido llevar a cabo el ya tradicional acto de agasajo a los treinta mejores, y tampoco se ha podido invitar ni a las familias ni a los directores de los centros educativos, a quienes pidi\u00f3 que transmitieran su enhorabuena.\u00a0\u201cEstamos muy orgullosos de ustedes\u201d, les dijo la rectora, para a\u00f1adir que algunos pasar\u00e1n a formar parte de esta comunidad universitaria y otros tomar\u00e1n la decisi\u00f3n de estudiar fuera. \u201cA todos quiero decirles que esta es su casa, y que necesitamos contar con alumnos como ustedes: brillantes, motivados, exigentes\u201d.<\/p>\n<p>\u201cLes esperan por delante los que posiblemente sean los mejores a\u00f1os de sus vidas\u201d, a\u00f1adi\u00f3, porque la universidad \u201clos cambiar\u00e1 para siempre, los orientar\u00e1 profesionalmente, aqu\u00ed crecer\u00e1n como personas y conocer\u00e1n a compa\u00f1eros que se convertir\u00e1n en amigos para toda la vida. Tambi\u00e9n se acercar\u00e1n a profesores motivadores que les influir\u00e1n decisivamente en sus expectativas profesionales\u201d, agreg\u00f3 Rosa Aguilar.<\/p>\n<p>Para la rectora, no hay nada parecido a la universidad, a la experiencia universitaria. \u201cSon a\u00f1os de aprendizaje intenso, de horas de laboratorio y de extenuantes jornadas de estudio, pero tambi\u00e9n de compartir con amigos, de viajar, de conocer gente nueva constantemente\u201d. Tambi\u00e9n les dijo que en la universidad no se ense\u00f1a un conocimiento espec\u00edfico y concreto, sino que lo que se aprende es la capacidad de abstracci\u00f3n, \u201cpara ser capaces de resolver cualquier tipo de problema, enfrentarse a retos y tener acceso a diferentes perfiles profesionales\u201d.<\/p>\n<p><img decoding=\"async\" loading=\"lazy\" class=\"alignleft size-medium wp-image-51356\" src=\"https:\/\/www.ull.es\/portal\/noticias\/wp-content\/uploads\/sites\/13\/2020\/07\/Mejores-alumnos-EBAU20-reunion-300x200.jpg\" alt=\"\" width=\"300\" height=\"200\" srcset=\"https:\/\/www.ull.es\/portal\/noticias\/wp-content\/uploads\/sites\/13\/2020\/07\/Mejores-alumnos-EBAU20-reunion-300x200.jpg 300w, https:\/\/www.ull.es\/portal\/noticias\/wp-content\/uploads\/sites\/13\/2020\/07\/Mejores-alumnos-EBAU20-reunion-768x512.jpg 768w, https:\/\/www.ull.es\/portal\/noticias\/wp-content\/uploads\/sites\/13\/2020\/07\/Mejores-alumnos-EBAU20-reunion-375x250.jpg 375w, https:\/\/www.ull.es\/portal\/noticias\/wp-content\/uploads\/sites\/13\/2020\/07\/Mejores-alumnos-EBAU20-reunion-750x500.jpg 750w, https:\/\/www.ull.es\/portal\/noticias\/wp-content\/uploads\/sites\/13\/2020\/07\/Mejores-alumnos-EBAU20-reunion.jpg 1024w\" sizes=\"(max-width: 300px) 100vw, 300px\" \/>El coordinador general de las pruebas de acceso, Antonio Adelfo Delgado, intervino para explicar brevemente el funcionamiento de la EBAU, que cada a\u00f1o se prepara con muchos meses de antelaci\u00f3n, una tarea en la que se implican muchos servicios universitarios. \u201cA ustedes nadie les ha regalado nada, todo es fruto del esfuerzo y del tes\u00f3n demostrado, pero esto es solo el principio; hay que persistir\u201d, a\u00f1adi\u00f3.<\/p>\n<p>Por su parte, la vicerrectora de Estudiantes y Empleabilidad, Lastenia Hern\u00e1ndez, les indic\u00f3 que la excelencia no solo atiende a las calificaciones, sino tambi\u00e9n al esfuerzo, la constancia y la dedicaci\u00f3n, al tiempo que les describi\u00f3 algunos servicios de los que dispone el centro acad\u00e9mico a disposici\u00f3n del alumnado. \u201cEsperamos que se sientan orgullosos de su universidad y que la defiendan\u201d, expres\u00f3.<\/p>\n<p>Seguidamente la rectora hizo una breve ronda para que todos los estudiantes se presentaran y dijeran qu\u00e9 pretend\u00edan hacer en los pr\u00f3ximos a\u00f1os. La gran mayor\u00eda ha optado por Medicina, pero tambi\u00e9n por titulaciones dobles que combinan la F\u00edsica con las Matem\u00e1ticas. Farmacia e Ingenier\u00eda Inform\u00e1tica fueron otras titulaciones mencionadas.\u00a0En cuanto al centro de destino, la pr\u00e1ctica totalidad de los que estudian Medicina lo har\u00e1n en la Universidad de La Laguna; los que se han decantado por F\u00edsica\/Matem\u00e1ticas se dividen entre este propio centro acad\u00e9mico y algunas universidades brit\u00e1nicas o de Madrid.<\/p>\n<p>Todos argumentaron ser estudiantes vocacionales, algunos influidos por la profesi\u00f3n familiar, pero en general amantes de las ciencias, la tecnolog\u00eda y los idiomas. La salida hacia el campo de la investigaci\u00f3n fue tambi\u00e9n mencionada por otros, a los que les encanta, dijeron, la resoluci\u00f3n de problemas y los retos globales.<\/p>\n","protected":false},"excerpt":{"rendered":"<p>La rectora de la Universidad de La Laguna, Rosa Aguilar, ha mantenido hoy jueves 23 de julio un coloquio con&#8230;<\/p>\n","protected":false},"author":23,"featured_media":51355,"comment_status":"closed","ping_status":"closed","sticky":false,"template":"","format":"standard","meta":{"inline_featured_image":false,"footnotes":""},"categories":[343,345,2765],"tags":[370,2879,6646],"acf":[],"yoast_head":"<!-- This site is optimized with the Yoast SEO plugin v21.3 - https:\/\/yoast.com\/wordpress\/plugins\/seo\/ -->\n<title>La rectora de la ULL recibe a la decena de estudiantes con mejor nota de acceso a la universidad - ULL - Noticias<\/title>\n<meta name=\"robots\" content=\"index, follow, max-snippet:-1, max-image-preview:large, max-video-preview:-1\" \/>\n<link rel=\"canonical\" href=\"https:\/\/www.ull.es\/portal\/noticias\/2020\/la-rectora-de-la-ull-recibe-a-la-decena-de-estudiantes-con-mejor-nota-de-acceso-a-la-universidad\/\" \/>\n<meta property=\"og:locale\" content=\"es_ES\" \/>\n<meta property=\"og:type\" content=\"article\" \/>\n<meta property=\"og:title\" content=\"La rectora de la ULL recibe a la decena de estudiantes con mejor nota de acceso a la universidad - ULL - Noticias\" \/>\n<meta property=\"og:description\" content=\"La rectora de la Universidad de La Laguna, Rosa Aguilar, ha mantenido hoy jueves 23 de julio un coloquio con...\" \/>\n<meta property=\"og:url\" content=\"https:\/\/www.ull.es\/portal\/noticias\/2020\/la-rectora-de-la-ull-recibe-a-la-decena-de-estudiantes-con-mejor-nota-de-acceso-a-la-universidad\/\" \/>\n<meta property=\"og:site_name\" content=\"ULL - Noticias\" \/>\n<meta property=\"article:publisher\" content=\"https:\/\/www.facebook.com\/universidaddelalaguna\/\" \/>\n<meta property=\"article:published_time\" content=\"2020-07-23T14:10:51+00:00\" \/>\n<meta property=\"article:modified_time\" content=\"2020-07-23T14:11:55+00:00\" \/>\n<meta property=\"og:image\" content=\"https:\/\/www.ull.es\/portal\/noticias\/wp-content\/uploads\/sites\/13\/2020\/07\/Mejores-alumnos-EBAU20-fachada.jpg\" \/>\n\t<meta property=\"og:image:width\" content=\"1024\" \/>\n\t<meta property=\"og:image:height\" content=\"683\" \/>\n\t<meta property=\"og:image:type\" content=\"image\/jpeg\" \/>\n<meta name=\"author\" content=\"gaprsa\" \/>\n<meta name=\"twitter:card\" content=\"summary_large_image\" \/>\n<meta name=\"twitter:creator\" content=\"@CanalULL\" \/>\n<meta name=\"twitter:site\" content=\"@CanalULL\" \/>\n<meta name=\"twitter:label1\" content=\"Escrito por\" \/>\n\t<meta name=\"twitter:data1\" content=\"gaprsa\" \/>\n\t<meta name=\"twitter:label2\" content=\"Tiempo de lectura\" \/>\n\t<meta name=\"twitter:data2\" content=\"3 minutos\" \/>\n<script type=\"application\/ld+json\" class=\"yoast-schema-graph\">{\"@context\":\"https:\/\/schema.org\",\"@graph\":[{\"@type\":\"WebPage\",\"@id\":\"https:\/\/www.ull.es\/portal\/noticias\/2020\/la-rectora-de-la-ull-recibe-a-la-decena-de-estudiantes-con-mejor-nota-de-acceso-a-la-universidad\/\",\"url\":\"https:\/\/www.ull.es\/portal\/noticias\/2020\/la-rectora-de-la-ull-recibe-a-la-decena-de-estudiantes-con-mejor-nota-de-acceso-a-la-universidad\/\",\"name\":\"La rectora de la ULL recibe a la decena de estudiantes con mejor nota de acceso a la universidad - ULL - Noticias\",\"isPartOf\":{\"@id\":\"https:\/\/www.ull.es\/portal\/noticias\/#website\"},\"datePublished\":\"2020-07-23T14:10:51+00:00\",\"dateModified\":\"2020-07-23T14:11:55+00:00\",\"author\":{\"@id\":\"https:\/\/www.ull.es\/portal\/noticias\/#\/schema\/person\/b2b1a89d43ffa609e591f7df8ef3e817\"},\"breadcrumb\":{\"@id\":\"https:\/\/www.ull.es\/portal\/noticias\/2020\/la-rectora-de-la-ull-recibe-a-la-decena-de-estudiantes-con-mejor-nota-de-acceso-a-la-universidad\/#breadcrumb\"},\"inLanguage\":\"es\",\"potentialAction\":[{\"@type\":\"ReadAction\",\"target\":[\"https:\/\/www.ull.es\/portal\/noticias\/2020\/la-rectora-de-la-ull-recibe-a-la-decena-de-estudiantes-con-mejor-nota-de-acceso-a-la-universidad\/\"]}]},{\"@type\":\"BreadcrumbList\",\"@id\":\"https:\/\/www.ull.es\/portal\/noticias\/2020\/la-rectora-de-la-ull-recibe-a-la-decena-de-estudiantes-con-mejor-nota-de-acceso-a-la-universidad\/#breadcrumb\",\"itemListElement\":[{\"@type\":\"ListItem\",\"position\":1,\"name\":\"Portada\",\"item\":\"https:\/\/www.ull.es\/portal\/noticias\/\"},{\"@type\":\"ListItem\",\"position\":2,\"name\":\"La rectora de la ULL recibe a la decena de estudiantes con mejor nota de acceso a la universidad\"}]},{\"@type\":\"WebSite\",\"@id\":\"https:\/\/www.ull.es\/portal\/noticias\/#website\",\"url\":\"https:\/\/www.ull.es\/portal\/noticias\/\",\"name\":\"ULL - Noticias\",\"description\":\"\",\"potentialAction\":[{\"@type\":\"SearchAction\",\"target\":{\"@type\":\"EntryPoint\",\"urlTemplate\":\"https:\/\/www.ull.es\/portal\/noticias\/?s={search_term_string}\"},\"query-input\":\"required name=search_term_string\"}],\"inLanguage\":\"es\"},{\"@type\":\"Person\",\"@id\":\"https:\/\/www.ull.es\/portal\/noticias\/#\/schema\/person\/b2b1a89d43ffa609e591f7df8ef3e817\",\"name\":\"gaprsa\",\"image\":{\"@type\":\"ImageObject\",\"inLanguage\":\"es\",\"@id\":\"https:\/\/www.ull.es\/portal\/noticias\/#\/schema\/person\/image\/\",\"url\":\"https:\/\/secure.gravatar.com\/avatar\/443820550921091458b4823867723b3d?s=96&d=mm&r=g\",\"contentUrl\":\"https:\/\/secure.gravatar.com\/avatar\/443820550921091458b4823867723b3d?s=96&d=mm&r=g\",\"caption\":\"gaprsa\"},\"url\":\"https:\/\/www.ull.es\/portal\/noticias\/author\/gaprsa\/\"}]}<\/script>\n<!-- \/ Yoast SEO plugin. -->","yoast_head_json":{"title":"La rectora de la ULL recibe a la decena de estudiantes con mejor nota de acceso a la universidad - ULL - Noticias","robots":{"index":"index","follow":"follow","max-snippet":"max-snippet:-1","max-image-preview":"max-image-preview:large","max-video-preview":"max-video-preview:-1"},"canonical":"https:\/\/www.ull.es\/portal\/noticias\/2020\/la-rectora-de-la-ull-recibe-a-la-decena-de-estudiantes-con-mejor-nota-de-acceso-a-la-universidad\/","og_locale":"es_ES","og_type":"article","og_title":"La rectora de la ULL recibe a la decena de estudiantes con mejor nota de acceso a la universidad - ULL - Noticias","og_description":"La rectora de la Universidad de La Laguna, Rosa Aguilar, ha mantenido hoy jueves 23 de julio un coloquio con...","og_url":"https:\/\/www.ull.es\/portal\/noticias\/2020\/la-rectora-de-la-ull-recibe-a-la-decena-de-estudiantes-con-mejor-nota-de-acceso-a-la-universidad\/","og_site_name":"ULL - Noticias","article_publisher":"https:\/\/www.facebook.com\/universidaddelalaguna\/","article_published_time":"2020-07-23T14:10:51+00:00","article_modified_time":"2020-07-23T14:11:55+00:00","og_image":[{"width":1024,"height":683,"url":"https:\/\/www.ull.es\/portal\/noticias\/wp-content\/uploads\/sites\/13\/2020\/07\/Mejores-alumnos-EBAU20-fachada.jpg","type":"image\/jpeg"}],"author":"gaprsa","twitter_card":"summary_large_image","twitter_creator":"@CanalULL","twitter_site":"@CanalULL","twitter_misc":{"Escrito por":"gaprsa","Tiempo de lectura":"3 minutos"},"schema":{"@context":"https:\/\/schema.org","@graph":[{"@type":"WebPage","@id":"https:\/\/www.ull.es\/portal\/noticias\/2020\/la-rectora-de-la-ull-recibe-a-la-decena-de-estudiantes-con-mejor-nota-de-acceso-a-la-universidad\/","url":"https:\/\/www.ull.es\/portal\/noticias\/2020\/la-rectora-de-la-ull-recibe-a-la-decena-de-estudiantes-con-mejor-nota-de-acceso-a-la-universidad\/","name":"La rectora de la ULL recibe a la decena de estudiantes con mejor nota de acceso a la universidad - ULL - Noticias","isPartOf":{"@id":"https:\/\/www.ull.es\/portal\/noticias\/#website"},"datePublished":"2020-07-23T14:10:51+00:00","dateModified":"2020-07-23T14:11:55+00:00","author":{"@id":"https:\/\/www.ull.es\/portal\/noticias\/#\/schema\/person\/b2b1a89d43ffa609e591f7df8ef3e817"},"breadcrumb":{"@id":"https:\/\/www.ull.es\/portal\/noticias\/2020\/la-rectora-de-la-ull-recibe-a-la-decena-de-estudiantes-con-mejor-nota-de-acceso-a-la-universidad\/#breadcrumb"},"inLanguage":"es","potentialAction":[{"@type":"ReadAction","target":["https:\/\/www.ull.es\/portal\/noticias\/2020\/la-rectora-de-la-ull-recibe-a-la-decena-de-estudiantes-con-mejor-nota-de-acceso-a-la-universidad\/"]}]},{"@type":"BreadcrumbList","@id":"https:\/\/www.ull.es\/portal\/noticias\/2020\/la-rectora-de-la-ull-recibe-a-la-decena-de-estudiantes-con-mejor-nota-de-acceso-a-la-universidad\/#breadcrumb","itemListElement":[{"@type":"ListItem","position":1,"name":"Portada","item":"https:\/\/www.ull.es\/portal\/noticias\/"},{"@type":"ListItem","position":2,"name":"La rectora de la ULL recibe a la decena de estudiantes con mejor nota de acceso a la universidad"}]},{"@type":"WebSite","@id":"https:\/\/www.ull.es\/portal\/noticias\/#website","url":"https:\/\/www.ull.es\/portal\/noticias\/","name":"ULL - Noticias","description":"","potentialAction":[{"@type":"SearchAction","target":{"@type":"EntryPoint","urlTemplate":"https:\/\/www.ull.es\/portal\/noticias\/?s={search_term_string}"},"query-input":"required name=search_term_string"}],"inLanguage":"es"},{"@type":"Person","@id":"https:\/\/www.ull.es\/portal\/noticias\/#\/schema\/person\/b2b1a89d43ffa609e591f7df8ef3e817","name":"gaprsa","image":{"@type":"ImageObject","inLanguage":"es","@id":"https:\/\/www.ull.es\/portal\/noticias\/#\/schema\/person\/image\/","url":"https:\/\/secure.gravatar.com\/avatar\/443820550921091458b4823867723b3d?s=96&d=mm&r=g","contentUrl":"https:\/\/secure.gravatar.com\/avatar\/443820550921091458b4823867723b3d?s=96&d=mm&r=g","caption":"gaprsa"},"url":"https:\/\/www.ull.es\/portal\/noticias\/author\/gaprsa\/"}]}},"primary_category":{"id":343,"name":"Alumnado","slug":"alumnado","link":"https:\/\/www.ull.es\/portal\/noticias\/category\/alumnado\/"},"featured_image_thumbnail_url":"https:\/\/www.ull.es\/portal\/noticias\/wp-content\/uploads\/sites\/13\/2020\/07\/Mejores-alumnos-EBAU20-fachada-300x200.jpg","_links":{"self":[{"href":"https:\/\/www.ull.es\/portal\/noticias\/wp-json\/wp\/v2\/posts\/51353"}],"collection":[{"href":"https:\/\/www.ull.es\/portal\/noticias\/wp-json\/wp\/v2\/posts"}],"about":[{"href":"https:\/\/www.ull.es\/portal\/noticias\/wp-json\/wp\/v2\/types\/post"}],"author":[{"embeddable":true,"href":"https:\/\/www.ull.es\/portal\/noticias\/wp-json\/wp\/v2\/users\/23"}],"replies":[{"embeddable":true,"href":"https:\/\/www.ull.es\/portal\/noticias\/wp-json\/wp\/v2\/comments?post=51353"}],"version-history":[{"count":3,"href":"https:\/\/www.ull.es\/portal\/noticias\/wp-json\/wp\/v2\/posts\/51353\/revisions"}],"predecessor-version":[{"id":51358,"href":"https:\/\/www.ull.es\/portal\/noticias\/wp-json\/wp\/v2\/posts\/51353\/revisions\/51358"}],"wp:featuredmedia":[{"embeddable":true,"href":"https:\/\/www.ull.es\/portal\/noticias\/wp-json\/wp\/v2\/media\/51355"}],"wp:attachment":[{"href":"https:\/\/www.ull.es\/portal\/noticias\/wp-json\/wp\/v2\/media?parent=51353"}],"wp:term":[{"taxonomy":"category","embeddable":true,"href":"https:\/\/www.ull.es\/portal\/noticias\/wp-json\/wp\/v2\/categories?post=51353"},{"taxonomy":"post_tag","embeddable":true,"href":"https:\/\/www.ull.es\/portal\/noticias\/wp-json\/wp\/v2\/tags?post=51353"}],"curies":[{"name":"wp","href":"https:\/\/api.w.org\/{rel}","templated":true}]}}