{"id":51776,"date":"2020-09-08T09:44:44","date_gmt":"2020-09-08T09:44:44","guid":{"rendered":"https:\/\/www.ull.es\/portal\/noticias\/?p=51776"},"modified":"2020-09-08T09:45:03","modified_gmt":"2020-09-08T09:45:03","slug":"la-ull-y-el-ayuntamiento-de-fuencaliente-formalizan-el-convenio-del-proyecto-de-investigacion-de-los-oceanos","status":"publish","type":"post","link":"https:\/\/www.ull.es\/portal\/noticias\/2020\/la-ull-y-el-ayuntamiento-de-fuencaliente-formalizan-el-convenio-del-proyecto-de-investigacion-de-los-oceanos\/","title":{"rendered":"La ULL y el Ayuntamiento de Fuencaliente formalizan el convenio del proyecto de investigaci\u00f3n de los oc\u00e9anos"},"content":{"rendered":"<p>El alcalde de Fuencaliente, Gregorio Alonso, y la rectora de la Universidad de La Laguna, Rosa Aguilar, han suscrito el convenio que permitir\u00e1 a ambas instituciones desarrollar un proyecto conjunto de observaci\u00f3n e investigaci\u00f3n de la acidificaci\u00f3n de los oc\u00e9anos en la costa del municipio.<\/p>\n<p>Este convenio tambi\u00e9n permitir\u00e1, con la financiaci\u00f3n de las dos entidades, la creaci\u00f3n de un museo tematizado sobre las investigaciones cient\u00edficas que se realicen en el centro, permitiendo la visita a diferentes colectivos y particulares, lo que pone de relieve la apuesta del Ayuntamiento de Fuencaliente por el \u2018turismo con ciencia\u2019.<\/p>\n<p>De igual modo, permite acercar a la Universidad de La Laguna a los habitantes del municipio del sur de La Palma, adquiriendo el compromiso de la realizaci\u00f3n de diferentes acciones, de diferente nivel acad\u00e9mico, que permitan acceder a mejor formaci\u00f3n acad\u00e9mica.<\/p>\n<p>Desde el Ayuntamiento de Fuencaliente se agradece el esfuerzo que desde la Universidad de La Laguna se est\u00e1 realizando para lograr el desarrollo del proyecto, que pondr\u00e1 al Faro como un referente de investigaci\u00f3n cient\u00edfica en el archipi\u00e9lago.<\/p>\n<p>La elecci\u00f3n de la Punta de Fuencaliente para emplazar este observatorio no es banal, sino que es consecuencia de una serie de caracter\u00edsticas que se dan en la zona y que la hacen \u00fanica en el mundo. All\u00ed se realizar\u00e1n investigaciones sobre los afloramientos someros de CO<sup>2<\/sup>&nbsp;de origen volc\u00e1nico, que acidifican de manera natural el agua de mar circundante.<\/p>\n<p>Estos afloramientos generan unos cambios qu\u00edmicos similares a los previstos por el Panel Intergubernamental para el Estudio del Cambio Clim\u00e1tico (IPCC) a partir del a\u00f1o 2050 para los oc\u00e9anos del planeta, por lo que en esta zona de Canarias es posible asomarse al oc\u00e9ano del futuro simplemente poni\u00e9ndose unas gafas acu\u00e1ticas y un tubo. Esto hace de esta zona un enclave excepcional para la investigaci\u00f3n marina de asuntos relacionados con el cambio clim\u00e1tico, lo que est\u00e1 atrayendo la atenci\u00f3n de grupos de investigaci\u00f3n de centros europeos.<\/p>\n<p>Adem\u00e1s de estas condiciones excepcionales para la investigaci\u00f3n, desde la Universidad de La Laguna han valorado que el municipio de Fuencaliente es un enclave perfecto para promover la investigaci\u00f3n y educaci\u00f3n en ciencias marinas, dada su conexi\u00f3n con el mar y la cercan\u00eda a la Reserva Marina de Inter\u00e9s Pesquero. Por todo esto, este proyecto de observatorio marino tiene potencial para convertirse en el primer laboratorio marino costero que albergue parte de la investigaci\u00f3n en este campo de las universidades canarias y que, adem\u00e1s, atraiga a grupos de investigaci\u00f3n internacionales.<\/p>\n<p>En la visita realizada por la rectora, que estuvo acompa\u00f1ada por el vicerrector de Investigaci\u00f3n, Ernesto Pereda, y el director del grupo de investigaci\u00f3n en Ecolog\u00eda de Comunidades Marinas y Cambio Clim\u00e1tico del centro docente, Jos\u00e9 Carlos Hern\u00e1ndez, mostr\u00f3 todo su apoyo a esta actuaci\u00f3n que va englobada en un proyecto integral que pretende aunar las vertientes cient\u00edficas con la tur\u00edstica, propiciando desarrollo econ\u00f3mico del municipio.<\/p>\n<p>Nota de prensa y fotograf\u00eda cedida por el Ayuntamiento de Fuencaliente.<\/p>\n","protected":false},"excerpt":{"rendered":"<p>El alcalde de Fuencaliente, Gregorio Alonso, y la rectora de la Universidad de La Laguna, Rosa Aguilar, han suscrito el&#8230;<\/p>\n","protected":false},"author":67,"featured_media":51777,"comment_status":"closed","ping_status":"closed","sticky":false,"template":"","format":"standard","meta":{"inline_featured_image":false,"footnotes":""},"categories":[345,348,350,2765],"tags":[],"acf":[],"yoast_head":"<!-- This site is optimized with the Yoast SEO plugin v21.3 - https:\/\/yoast.com\/wordpress\/plugins\/seo\/ -->\n<title>La ULL y el Ayuntamiento de Fuencaliente formalizan el convenio del proyecto de investigaci\u00f3n de los oc\u00e9anos - ULL - Noticias<\/title>\n<meta name=\"description\" content=\"El alcalde de Fuencaliente, Gregorio Alonso, y la rectora de la Universidad de La Laguna, Rosa Aguilar, han suscrito el convenio que permitir\u00e1 a ambas instituciones desarrollar un proyecto conjunto de observaci\u00f3n e investigaci\u00f3n de la acidificaci\u00f3n de los oc\u00e9anos en la costa del municipio.\" \/>\n<meta name=\"robots\" content=\"index, follow, max-snippet:-1, max-image-preview:large, max-video-preview:-1\" \/>\n<link rel=\"canonical\" href=\"https:\/\/www.ull.es\/portal\/noticias\/2020\/la-ull-y-el-ayuntamiento-de-fuencaliente-formalizan-el-convenio-del-proyecto-de-investigacion-de-los-oceanos\/\" \/>\n<meta property=\"og:locale\" content=\"es_ES\" \/>\n<meta property=\"og:type\" content=\"article\" \/>\n<meta property=\"og:title\" content=\"La ULL y el Ayuntamiento de Fuencaliente formalizan el convenio del proyecto de investigaci\u00f3n de los oc\u00e9anos - ULL - Noticias\" \/>\n<meta property=\"og:description\" content=\"El alcalde de Fuencaliente, Gregorio Alonso, y la rectora de la Universidad de La Laguna, Rosa Aguilar, han suscrito el convenio que permitir\u00e1 a ambas instituciones desarrollar un proyecto conjunto de observaci\u00f3n e investigaci\u00f3n de la acidificaci\u00f3n de los oc\u00e9anos en la costa del municipio.\" \/>\n<meta property=\"og:url\" content=\"https:\/\/www.ull.es\/portal\/noticias\/2020\/la-ull-y-el-ayuntamiento-de-fuencaliente-formalizan-el-convenio-del-proyecto-de-investigacion-de-los-oceanos\/\" \/>\n<meta property=\"og:site_name\" content=\"ULL - Noticias\" \/>\n<meta property=\"article:publisher\" content=\"https:\/\/www.facebook.com\/universidaddelalaguna\/\" \/>\n<meta property=\"article:published_time\" content=\"2020-09-08T09:44:44+00:00\" \/>\n<meta property=\"article:modified_time\" content=\"2020-09-08T09:45:03+00:00\" \/>\n<meta property=\"og:image\" content=\"https:\/\/www.ull.es\/portal\/noticias\/wp-content\/uploads\/sites\/13\/2020\/09\/fuencaliente.jpg\" \/>\n\t<meta property=\"og:image:width\" content=\"1200\" \/>\n\t<meta property=\"og:image:height\" content=\"800\" \/>\n\t<meta property=\"og:image:type\" content=\"image\/jpeg\" \/>\n<meta name=\"author\" content=\"gcom5\" \/>\n<meta name=\"twitter:card\" content=\"summary_large_image\" \/>\n<meta name=\"twitter:creator\" content=\"@CanalULL\" \/>\n<meta name=\"twitter:site\" content=\"@CanalULL\" \/>\n<meta name=\"twitter:label1\" content=\"Escrito por\" \/>\n\t<meta name=\"twitter:data1\" content=\"gcom5\" \/>\n\t<meta name=\"twitter:label2\" content=\"Tiempo de lectura\" \/>\n\t<meta name=\"twitter:data2\" content=\"3 minutos\" \/>\n<script type=\"application\/ld+json\" class=\"yoast-schema-graph\">{\"@context\":\"https:\/\/schema.org\",\"@graph\":[{\"@type\":\"WebPage\",\"@id\":\"https:\/\/www.ull.es\/portal\/noticias\/2020\/la-ull-y-el-ayuntamiento-de-fuencaliente-formalizan-el-convenio-del-proyecto-de-investigacion-de-los-oceanos\/\",\"url\":\"https:\/\/www.ull.es\/portal\/noticias\/2020\/la-ull-y-el-ayuntamiento-de-fuencaliente-formalizan-el-convenio-del-proyecto-de-investigacion-de-los-oceanos\/\",\"name\":\"La ULL y el Ayuntamiento de Fuencaliente formalizan el convenio del proyecto de investigaci\u00f3n de los oc\u00e9anos - ULL - Noticias\",\"isPartOf\":{\"@id\":\"https:\/\/www.ull.es\/portal\/noticias\/#website\"},\"datePublished\":\"2020-09-08T09:44:44+00:00\",\"dateModified\":\"2020-09-08T09:45:03+00:00\",\"author\":{\"@id\":\"https:\/\/www.ull.es\/portal\/noticias\/#\/schema\/person\/8027c6c4687adc2c90dc1532715d34df\"},\"description\":\"El alcalde de Fuencaliente, Gregorio Alonso, y la rectora de la Universidad de La Laguna, Rosa Aguilar, han suscrito el convenio que permitir\u00e1 a ambas instituciones desarrollar un proyecto conjunto de observaci\u00f3n e investigaci\u00f3n de la acidificaci\u00f3n de los oc\u00e9anos en la costa del municipio.\",\"breadcrumb\":{\"@id\":\"https:\/\/www.ull.es\/portal\/noticias\/2020\/la-ull-y-el-ayuntamiento-de-fuencaliente-formalizan-el-convenio-del-proyecto-de-investigacion-de-los-oceanos\/#breadcrumb\"},\"inLanguage\":\"es\",\"potentialAction\":[{\"@type\":\"ReadAction\",\"target\":[\"https:\/\/www.ull.es\/portal\/noticias\/2020\/la-ull-y-el-ayuntamiento-de-fuencaliente-formalizan-el-convenio-del-proyecto-de-investigacion-de-los-oceanos\/\"]}]},{\"@type\":\"BreadcrumbList\",\"@id\":\"https:\/\/www.ull.es\/portal\/noticias\/2020\/la-ull-y-el-ayuntamiento-de-fuencaliente-formalizan-el-convenio-del-proyecto-de-investigacion-de-los-oceanos\/#breadcrumb\",\"itemListElement\":[{\"@type\":\"ListItem\",\"position\":1,\"name\":\"Portada\",\"item\":\"https:\/\/www.ull.es\/portal\/noticias\/\"},{\"@type\":\"ListItem\",\"position\":2,\"name\":\"La ULL y el Ayuntamiento de Fuencaliente formalizan el convenio del proyecto de investigaci\u00f3n de los oc\u00e9anos\"}]},{\"@type\":\"WebSite\",\"@id\":\"https:\/\/www.ull.es\/portal\/noticias\/#website\",\"url\":\"https:\/\/www.ull.es\/portal\/noticias\/\",\"name\":\"ULL - Noticias\",\"description\":\"\",\"potentialAction\":[{\"@type\":\"SearchAction\",\"target\":{\"@type\":\"EntryPoint\",\"urlTemplate\":\"https:\/\/www.ull.es\/portal\/noticias\/?s={search_term_string}\"},\"query-input\":\"required name=search_term_string\"}],\"inLanguage\":\"es\"},{\"@type\":\"Person\",\"@id\":\"https:\/\/www.ull.es\/portal\/noticias\/#\/schema\/person\/8027c6c4687adc2c90dc1532715d34df\",\"name\":\"gcom5\",\"image\":{\"@type\":\"ImageObject\",\"inLanguage\":\"es\",\"@id\":\"https:\/\/www.ull.es\/portal\/noticias\/#\/schema\/person\/image\/\",\"url\":\"https:\/\/secure.gravatar.com\/avatar\/8b3777f8048001fa57b88338ce5605b9?s=96&d=mm&r=g\",\"contentUrl\":\"https:\/\/secure.gravatar.com\/avatar\/8b3777f8048001fa57b88338ce5605b9?s=96&d=mm&r=g\",\"caption\":\"gcom5\"},\"url\":\"https:\/\/www.ull.es\/portal\/noticias\/author\/gcom5\/\"}]}<\/script>\n<!-- \/ Yoast SEO plugin. -->","yoast_head_json":{"title":"La ULL y el Ayuntamiento de Fuencaliente formalizan el convenio del proyecto de investigaci\u00f3n de los oc\u00e9anos - ULL - Noticias","description":"El alcalde de Fuencaliente, Gregorio Alonso, y la rectora de la Universidad de La Laguna, Rosa Aguilar, han suscrito el convenio que permitir\u00e1 a ambas instituciones desarrollar un proyecto conjunto de observaci\u00f3n e investigaci\u00f3n de la acidificaci\u00f3n de los oc\u00e9anos en la costa del municipio.","robots":{"index":"index","follow":"follow","max-snippet":"max-snippet:-1","max-image-preview":"max-image-preview:large","max-video-preview":"max-video-preview:-1"},"canonical":"https:\/\/www.ull.es\/portal\/noticias\/2020\/la-ull-y-el-ayuntamiento-de-fuencaliente-formalizan-el-convenio-del-proyecto-de-investigacion-de-los-oceanos\/","og_locale":"es_ES","og_type":"article","og_title":"La ULL y el Ayuntamiento de Fuencaliente formalizan el convenio del proyecto de investigaci\u00f3n de los oc\u00e9anos - ULL - Noticias","og_description":"El alcalde de Fuencaliente, Gregorio Alonso, y la rectora de la Universidad de La Laguna, Rosa Aguilar, han suscrito el convenio que permitir\u00e1 a ambas instituciones desarrollar un proyecto conjunto de observaci\u00f3n e investigaci\u00f3n de la acidificaci\u00f3n de los oc\u00e9anos en la costa del municipio.","og_url":"https:\/\/www.ull.es\/portal\/noticias\/2020\/la-ull-y-el-ayuntamiento-de-fuencaliente-formalizan-el-convenio-del-proyecto-de-investigacion-de-los-oceanos\/","og_site_name":"ULL - Noticias","article_publisher":"https:\/\/www.facebook.com\/universidaddelalaguna\/","article_published_time":"2020-09-08T09:44:44+00:00","article_modified_time":"2020-09-08T09:45:03+00:00","og_image":[{"width":1200,"height":800,"url":"https:\/\/www.ull.es\/portal\/noticias\/wp-content\/uploads\/sites\/13\/2020\/09\/fuencaliente.jpg","type":"image\/jpeg"}],"author":"gcom5","twitter_card":"summary_large_image","twitter_creator":"@CanalULL","twitter_site":"@CanalULL","twitter_misc":{"Escrito por":"gcom5","Tiempo de lectura":"3 minutos"},"schema":{"@context":"https:\/\/schema.org","@graph":[{"@type":"WebPage","@id":"https:\/\/www.ull.es\/portal\/noticias\/2020\/la-ull-y-el-ayuntamiento-de-fuencaliente-formalizan-el-convenio-del-proyecto-de-investigacion-de-los-oceanos\/","url":"https:\/\/www.ull.es\/portal\/noticias\/2020\/la-ull-y-el-ayuntamiento-de-fuencaliente-formalizan-el-convenio-del-proyecto-de-investigacion-de-los-oceanos\/","name":"La ULL y el Ayuntamiento de Fuencaliente formalizan el convenio del proyecto de investigaci\u00f3n de los oc\u00e9anos - ULL - Noticias","isPartOf":{"@id":"https:\/\/www.ull.es\/portal\/noticias\/#website"},"datePublished":"2020-09-08T09:44:44+00:00","dateModified":"2020-09-08T09:45:03+00:00","author":{"@id":"https:\/\/www.ull.es\/portal\/noticias\/#\/schema\/person\/8027c6c4687adc2c90dc1532715d34df"},"description":"El alcalde de Fuencaliente, Gregorio Alonso, y la rectora de la Universidad de La Laguna, Rosa Aguilar, han suscrito el convenio que permitir\u00e1 a ambas instituciones desarrollar un proyecto conjunto de observaci\u00f3n e investigaci\u00f3n de la acidificaci\u00f3n de los oc\u00e9anos en la costa del municipio.","breadcrumb":{"@id":"https:\/\/www.ull.es\/portal\/noticias\/2020\/la-ull-y-el-ayuntamiento-de-fuencaliente-formalizan-el-convenio-del-proyecto-de-investigacion-de-los-oceanos\/#breadcrumb"},"inLanguage":"es","potentialAction":[{"@type":"ReadAction","target":["https:\/\/www.ull.es\/portal\/noticias\/2020\/la-ull-y-el-ayuntamiento-de-fuencaliente-formalizan-el-convenio-del-proyecto-de-investigacion-de-los-oceanos\/"]}]},{"@type":"BreadcrumbList","@id":"https:\/\/www.ull.es\/portal\/noticias\/2020\/la-ull-y-el-ayuntamiento-de-fuencaliente-formalizan-el-convenio-del-proyecto-de-investigacion-de-los-oceanos\/#breadcrumb","itemListElement":[{"@type":"ListItem","position":1,"name":"Portada","item":"https:\/\/www.ull.es\/portal\/noticias\/"},{"@type":"ListItem","position":2,"name":"La ULL y el Ayuntamiento de Fuencaliente formalizan el convenio del proyecto de investigaci\u00f3n de los oc\u00e9anos"}]},{"@type":"WebSite","@id":"https:\/\/www.ull.es\/portal\/noticias\/#website","url":"https:\/\/www.ull.es\/portal\/noticias\/","name":"ULL - Noticias","description":"","potentialAction":[{"@type":"SearchAction","target":{"@type":"EntryPoint","urlTemplate":"https:\/\/www.ull.es\/portal\/noticias\/?s={search_term_string}"},"query-input":"required name=search_term_string"}],"inLanguage":"es"},{"@type":"Person","@id":"https:\/\/www.ull.es\/portal\/noticias\/#\/schema\/person\/8027c6c4687adc2c90dc1532715d34df","name":"gcom5","image":{"@type":"ImageObject","inLanguage":"es","@id":"https:\/\/www.ull.es\/portal\/noticias\/#\/schema\/person\/image\/","url":"https:\/\/secure.gravatar.com\/avatar\/8b3777f8048001fa57b88338ce5605b9?s=96&d=mm&r=g","contentUrl":"https:\/\/secure.gravatar.com\/avatar\/8b3777f8048001fa57b88338ce5605b9?s=96&d=mm&r=g","caption":"gcom5"},"url":"https:\/\/www.ull.es\/portal\/noticias\/author\/gcom5\/"}]}},"primary_category":{"id":345,"name":"Destacado","slug":"destacado","link":"https:\/\/www.ull.es\/portal\/noticias\/category\/destacado\/"},"featured_image_thumbnail_url":"https:\/\/www.ull.es\/portal\/noticias\/wp-content\/uploads\/sites\/13\/2020\/09\/fuencaliente-300x200.jpg","_links":{"self":[{"href":"https:\/\/www.ull.es\/portal\/noticias\/wp-json\/wp\/v2\/posts\/51776"}],"collection":[{"href":"https:\/\/www.ull.es\/portal\/noticias\/wp-json\/wp\/v2\/posts"}],"about":[{"href":"https:\/\/www.ull.es\/portal\/noticias\/wp-json\/wp\/v2\/types\/post"}],"author":[{"embeddable":true,"href":"https:\/\/www.ull.es\/portal\/noticias\/wp-json\/wp\/v2\/users\/67"}],"replies":[{"embeddable":true,"href":"https:\/\/www.ull.es\/portal\/noticias\/wp-json\/wp\/v2\/comments?post=51776"}],"version-history":[{"count":2,"href":"https:\/\/www.ull.es\/portal\/noticias\/wp-json\/wp\/v2\/posts\/51776\/revisions"}],"predecessor-version":[{"id":51779,"href":"https:\/\/www.ull.es\/portal\/noticias\/wp-json\/wp\/v2\/posts\/51776\/revisions\/51779"}],"wp:featuredmedia":[{"embeddable":true,"href":"https:\/\/www.ull.es\/portal\/noticias\/wp-json\/wp\/v2\/media\/51777"}],"wp:attachment":[{"href":"https:\/\/www.ull.es\/portal\/noticias\/wp-json\/wp\/v2\/media?parent=51776"}],"wp:term":[{"taxonomy":"category","embeddable":true,"href":"https:\/\/www.ull.es\/portal\/noticias\/wp-json\/wp\/v2\/categories?post=51776"},{"taxonomy":"post_tag","embeddable":true,"href":"https:\/\/www.ull.es\/portal\/noticias\/wp-json\/wp\/v2\/tags?post=51776"}],"curies":[{"name":"wp","href":"https:\/\/api.w.org\/{rel}","templated":true}]}}