{"id":51802,"date":"2020-09-08T13:57:58","date_gmt":"2020-09-08T13:57:58","guid":{"rendered":"https:\/\/www.ull.es\/portal\/noticias\/?p=51802"},"modified":"2020-09-08T13:57:58","modified_gmt":"2020-09-08T13:57:58","slug":"convocadas-ayudas-asistenciales-alumnado","status":"publish","type":"post","link":"https:\/\/www.ull.es\/portal\/noticias\/2020\/convocadas-ayudas-asistenciales-alumnado\/","title":{"rendered":"La Universidad de La Laguna convoca sus ayudas asistenciales para el alumnado del a\u00f1o 2020"},"content":{"rendered":"<div id=\"attachment_51803\" style=\"width: 310px\" class=\"wp-caption alignleft\"><a href=\"https:\/\/www.ull.es\/portal\/noticias\/wp-content\/uploads\/sites\/13\/2020\/09\/EBAU-2019-14.jpg\" target=\"_blank\" rel=\"noopener\"><img aria-describedby=\"caption-attachment-51803\" decoding=\"async\" loading=\"lazy\" class=\"size-medium wp-image-51803\" src=\"https:\/\/www.ull.es\/portal\/noticias\/wp-content\/uploads\/sites\/13\/2020\/09\/EBAU-2019-14-300x200.jpg\" alt=\"Imagen de archivo de alumnado en el Campus de Guajara.\" width=\"300\" height=\"200\" srcset=\"https:\/\/www.ull.es\/portal\/noticias\/wp-content\/uploads\/sites\/13\/2020\/09\/EBAU-2019-14-300x200.jpg 300w, https:\/\/www.ull.es\/portal\/noticias\/wp-content\/uploads\/sites\/13\/2020\/09\/EBAU-2019-14-1024x683.jpg 1024w, https:\/\/www.ull.es\/portal\/noticias\/wp-content\/uploads\/sites\/13\/2020\/09\/EBAU-2019-14-768x512.jpg 768w, https:\/\/www.ull.es\/portal\/noticias\/wp-content\/uploads\/sites\/13\/2020\/09\/EBAU-2019-14-1536x1024.jpg 1536w, https:\/\/www.ull.es\/portal\/noticias\/wp-content\/uploads\/sites\/13\/2020\/09\/EBAU-2019-14-375x250.jpg 375w, https:\/\/www.ull.es\/portal\/noticias\/wp-content\/uploads\/sites\/13\/2020\/09\/EBAU-2019-14-750x500.jpg 750w, https:\/\/www.ull.es\/portal\/noticias\/wp-content\/uploads\/sites\/13\/2020\/09\/EBAU-2019-14-1140x760.jpg 1140w, https:\/\/www.ull.es\/portal\/noticias\/wp-content\/uploads\/sites\/13\/2020\/09\/EBAU-2019-14.jpg 1600w\" sizes=\"(max-width: 300px) 100vw, 300px\" \/><\/a><p id=\"caption-attachment-51803\" class=\"wp-caption-text\">Imagen de archivo de alumnado en el Campus de Guajara.<\/p>\n<div>J.J. Luis (CC BY 3.0)<\/div>\n<p><\/p><\/div>\n<p>La Universidad de La Laguna, a trav\u00e9s del Vicerrectorado de Estudiantes y \u00a0Empleabilidad, ha convocado para este curso acad\u00e9mico una serie de ayudas asistenciales con el objetivo de mejorar las condiciones de vida del alumnado. Para este a\u00f1o 2020 se han presentado cinco convocatorias diferentes, que podr\u00e1n presentarse a partir del pr\u00f3ximo lunes 14 de septiembre.<\/p>\n<p>Dentro del Programa de Atenci\u00f3n a Estudiantes con Necesidades Espec\u00edficas de Apoyo Educativo, se han convocado ayudas al alumnado con especiales dificultades econ\u00f3micas, que podr\u00e1n solicitarse hasta el pr\u00f3ximo 2 de octubre. Tiene una dotaci\u00f3n econ\u00f3mica global de 15.000 euros con cargo al programa de \u201cAtenci\u00f3n a la discapacidad\u201d. Adem\u00e1s, tiene por objeto regular la asistencia que debe prestarse al alumnado de la instituci\u00f3n con alg\u00fan tipo de discapacidad, ordenada en relaci\u00f3n a transporte, int\u00e9rpretes de lengua de signos espa\u00f1ola, ayudas t\u00e9cnicas personalizadas y cualesquiera otras medidas que faciliten la normalizaci\u00f3n de su acceso y permanencia en la universidad, as\u00ed como su plena integraci\u00f3n.<\/p>\n<p>Tambi\u00e9n se podr\u00e1n solicitar ayudas para asistencia de representantes del alumnado a eventos de participaci\u00f3n estudiantil, hasta el 14 de noviembre de 2020. La convocatoria tiene una dotaci\u00f3n econ\u00f3mica global anual de 3.500 euros, distribuida en tres fases, con cargo a la l\u00ednea presupuestaria \u201cParticipaci\u00f3n Estudiantil\u201d.<\/p>\n<p>Hay tres convocatorias cuya solicitud finaliza el 13 de octubre. En primer lugar, el apoyo econ\u00f3mico a guarder\u00edas para los hijos e hijas del alumnado, cuya dotaci\u00f3n econ\u00f3mica global es de 8.000 euros, distribuida en dos fases. Otorga las ayudas con un importe m\u00e1ximo bruto de 90 euros mensuales, subvencionando el gasto real si su importe es inferior al m\u00e1ximo establecido.<\/p>\n<p>Las bolsas de viaje para el alumnado son tambi\u00e9n objeto de ayudas, en este caso destinadas a subvencionar la asistencia o participaci\u00f3n en eventos de distinto tipo fuera de Tenerife. Su dotaci\u00f3n econ\u00f3mica global para 2020 es de 9.200 euros, distribuida en tres fases. La cuant\u00eda l\u00edmite de las ayudas ser\u00e1 de 100 euros en un viaje interinsular, de 300 en un viaje a Pen\u00ednsula o Baleares y de 400 euros en una estancia en el extranjero.<\/p>\n<p>Por \u00faltimo, se establecen ayudas al asociacionismo estudiantil para promover la implicaci\u00f3n del alumnado en el desarrollo y mejora de la universidad y de la sociedad, facilitando el desarrollo de inquietudes comunes, que impulsan la formaci\u00f3n integral del alumnado por cauces de iniciativa libre y personal. Las ayudas de la presente convocatoria cuentan con una dotaci\u00f3n econ\u00f3mica global de 15.000\u20ac distribuida en tres fases. El importe m\u00e1ximo de cada ayuda ser\u00e1 de 1.800\u20ac para asociaciones cuyo \u00e1mbito de influencia se extiende a todo el alumnado de la Universidad de La Laguna, mientras que para las que comprendan una o varias titulaciones, la ayuda ser\u00e1 de entre 600 y 1.500 euros.<\/p>\n<p>Todas las solicitudes de estas ayudas se cumplimentar\u00e1n a trav\u00e9s del procedimiento establecido en el \u201cPortal de Servicios\u201d, en el apartado de \u201cAlumnado\u201d y dentro de \u201cMis ayudas asistenciales\u201d. La documentaci\u00f3n adjunta que corresponda deber\u00e1 presentarse a trav\u00e9s del procedimiento establecido en la Sede Electr\u00f3nica de la Universidad de La Laguna, una vez realizada la solicitud.<\/p>\n","protected":false},"excerpt":{"rendered":"<p>La Universidad de La Laguna, a trav\u00e9s del Vicerrectorado de Estudiantes y \u00a0Empleabilidad, ha convocado para este curso acad\u00e9mico una&#8230;<\/p>\n","protected":false},"author":21,"featured_media":51803,"comment_status":"closed","ping_status":"closed","sticky":false,"template":"","format":"image","meta":{"inline_featured_image":false,"footnotes":""},"categories":[343,345,2765],"tags":[461,603,2896,1181],"acf":[],"yoast_head":"<!-- This site is optimized with the Yoast SEO plugin v21.3 - https:\/\/yoast.com\/wordpress\/plugins\/seo\/ -->\n<title>La ULL convoca sus ayudas asistenciales para el alumnado del a\u00f1o 2020<\/title>\n<meta name=\"description\" content=\"Para este a\u00f1o 2020 se han presentado cinco convocatorias diferentes, que podr\u00e1n presentarse a partir del pr\u00f3ximo lunes 14 de septiembre.\" \/>\n<meta name=\"robots\" content=\"index, follow, max-snippet:-1, max-image-preview:large, max-video-preview:-1\" \/>\n<link rel=\"canonical\" href=\"https:\/\/www.ull.es\/portal\/noticias\/2020\/convocadas-ayudas-asistenciales-alumnado\/\" \/>\n<meta property=\"og:locale\" content=\"es_ES\" \/>\n<meta property=\"og:type\" content=\"article\" \/>\n<meta property=\"og:title\" content=\"La ULL convoca sus ayudas asistenciales para el alumnado del a\u00f1o 2020\" \/>\n<meta property=\"og:description\" content=\"Para este a\u00f1o 2020 se han presentado cinco convocatorias diferentes, que podr\u00e1n presentarse a partir del pr\u00f3ximo lunes 14 de septiembre.\" \/>\n<meta property=\"og:url\" content=\"https:\/\/www.ull.es\/portal\/noticias\/2020\/convocadas-ayudas-asistenciales-alumnado\/\" \/>\n<meta property=\"og:site_name\" content=\"ULL - Noticias\" \/>\n<meta property=\"article:publisher\" content=\"https:\/\/www.facebook.com\/universidaddelalaguna\/\" \/>\n<meta property=\"article:published_time\" content=\"2020-09-08T13:57:58+00:00\" \/>\n<meta property=\"og:image\" content=\"https:\/\/www.ull.es\/portal\/noticias\/wp-content\/uploads\/sites\/13\/2020\/09\/EBAU-2019-14.jpg\" \/>\n\t<meta property=\"og:image:width\" content=\"1600\" \/>\n\t<meta property=\"og:image:height\" content=\"1067\" \/>\n\t<meta property=\"og:image:type\" content=\"image\/jpeg\" \/>\n<meta name=\"author\" content=\"prensa2\" \/>\n<meta name=\"twitter:card\" content=\"summary_large_image\" \/>\n<meta name=\"twitter:creator\" content=\"@CanalULL\" \/>\n<meta name=\"twitter:site\" content=\"@CanalULL\" \/>\n<meta name=\"twitter:label1\" content=\"Escrito por\" \/>\n\t<meta name=\"twitter:data1\" content=\"prensa2\" \/>\n\t<meta name=\"twitter:label2\" content=\"Tiempo de lectura\" \/>\n\t<meta name=\"twitter:data2\" content=\"3 minutos\" \/>\n<script type=\"application\/ld+json\" class=\"yoast-schema-graph\">{\"@context\":\"https:\/\/schema.org\",\"@graph\":[{\"@type\":\"WebPage\",\"@id\":\"https:\/\/www.ull.es\/portal\/noticias\/2020\/convocadas-ayudas-asistenciales-alumnado\/\",\"url\":\"https:\/\/www.ull.es\/portal\/noticias\/2020\/convocadas-ayudas-asistenciales-alumnado\/\",\"name\":\"La ULL convoca sus ayudas asistenciales para el alumnado del a\u00f1o 2020\",\"isPartOf\":{\"@id\":\"https:\/\/www.ull.es\/portal\/noticias\/#website\"},\"datePublished\":\"2020-09-08T13:57:58+00:00\",\"dateModified\":\"2020-09-08T13:57:58+00:00\",\"author\":{\"@id\":\"https:\/\/www.ull.es\/portal\/noticias\/#\/schema\/person\/c3b2aa857797592927a03740d6664376\"},\"description\":\"Para este a\u00f1o 2020 se han presentado cinco convocatorias diferentes, que podr\u00e1n presentarse a partir del pr\u00f3ximo lunes 14 de septiembre.\",\"breadcrumb\":{\"@id\":\"https:\/\/www.ull.es\/portal\/noticias\/2020\/convocadas-ayudas-asistenciales-alumnado\/#breadcrumb\"},\"inLanguage\":\"es\",\"potentialAction\":[{\"@type\":\"ReadAction\",\"target\":[\"https:\/\/www.ull.es\/portal\/noticias\/2020\/convocadas-ayudas-asistenciales-alumnado\/\"]}]},{\"@type\":\"BreadcrumbList\",\"@id\":\"https:\/\/www.ull.es\/portal\/noticias\/2020\/convocadas-ayudas-asistenciales-alumnado\/#breadcrumb\",\"itemListElement\":[{\"@type\":\"ListItem\",\"position\":1,\"name\":\"Portada\",\"item\":\"https:\/\/www.ull.es\/portal\/noticias\/\"},{\"@type\":\"ListItem\",\"position\":2,\"name\":\"La Universidad de La Laguna convoca sus ayudas asistenciales para el alumnado del a\u00f1o 2020\"}]},{\"@type\":\"WebSite\",\"@id\":\"https:\/\/www.ull.es\/portal\/noticias\/#website\",\"url\":\"https:\/\/www.ull.es\/portal\/noticias\/\",\"name\":\"ULL - Noticias\",\"description\":\"\",\"potentialAction\":[{\"@type\":\"SearchAction\",\"target\":{\"@type\":\"EntryPoint\",\"urlTemplate\":\"https:\/\/www.ull.es\/portal\/noticias\/?s={search_term_string}\"},\"query-input\":\"required name=search_term_string\"}],\"inLanguage\":\"es\"},{\"@type\":\"Person\",\"@id\":\"https:\/\/www.ull.es\/portal\/noticias\/#\/schema\/person\/c3b2aa857797592927a03740d6664376\",\"name\":\"prensa2\",\"image\":{\"@type\":\"ImageObject\",\"inLanguage\":\"es\",\"@id\":\"https:\/\/www.ull.es\/portal\/noticias\/#\/schema\/person\/image\/\",\"url\":\"https:\/\/secure.gravatar.com\/avatar\/b58f310a5de5feb33d1e026d2493f23c?s=96&d=mm&r=g\",\"contentUrl\":\"https:\/\/secure.gravatar.com\/avatar\/b58f310a5de5feb33d1e026d2493f23c?s=96&d=mm&r=g\",\"caption\":\"prensa2\"},\"url\":\"https:\/\/www.ull.es\/portal\/noticias\/author\/prensa2\/\"}]}<\/script>\n<!-- \/ Yoast SEO plugin. -->","yoast_head_json":{"title":"La ULL convoca sus ayudas asistenciales para el alumnado del a\u00f1o 2020","description":"Para este a\u00f1o 2020 se han presentado cinco convocatorias diferentes, que podr\u00e1n presentarse a partir del pr\u00f3ximo lunes 14 de septiembre.","robots":{"index":"index","follow":"follow","max-snippet":"max-snippet:-1","max-image-preview":"max-image-preview:large","max-video-preview":"max-video-preview:-1"},"canonical":"https:\/\/www.ull.es\/portal\/noticias\/2020\/convocadas-ayudas-asistenciales-alumnado\/","og_locale":"es_ES","og_type":"article","og_title":"La ULL convoca sus ayudas asistenciales para el alumnado del a\u00f1o 2020","og_description":"Para este a\u00f1o 2020 se han presentado cinco convocatorias diferentes, que podr\u00e1n presentarse a partir del pr\u00f3ximo lunes 14 de septiembre.","og_url":"https:\/\/www.ull.es\/portal\/noticias\/2020\/convocadas-ayudas-asistenciales-alumnado\/","og_site_name":"ULL - Noticias","article_publisher":"https:\/\/www.facebook.com\/universidaddelalaguna\/","article_published_time":"2020-09-08T13:57:58+00:00","og_image":[{"width":1600,"height":1067,"url":"https:\/\/www.ull.es\/portal\/noticias\/wp-content\/uploads\/sites\/13\/2020\/09\/EBAU-2019-14.jpg","type":"image\/jpeg"}],"author":"prensa2","twitter_card":"summary_large_image","twitter_creator":"@CanalULL","twitter_site":"@CanalULL","twitter_misc":{"Escrito por":"prensa2","Tiempo de lectura":"3 minutos"},"schema":{"@context":"https:\/\/schema.org","@graph":[{"@type":"WebPage","@id":"https:\/\/www.ull.es\/portal\/noticias\/2020\/convocadas-ayudas-asistenciales-alumnado\/","url":"https:\/\/www.ull.es\/portal\/noticias\/2020\/convocadas-ayudas-asistenciales-alumnado\/","name":"La ULL convoca sus ayudas asistenciales para el alumnado del a\u00f1o 2020","isPartOf":{"@id":"https:\/\/www.ull.es\/portal\/noticias\/#website"},"datePublished":"2020-09-08T13:57:58+00:00","dateModified":"2020-09-08T13:57:58+00:00","author":{"@id":"https:\/\/www.ull.es\/portal\/noticias\/#\/schema\/person\/c3b2aa857797592927a03740d6664376"},"description":"Para este a\u00f1o 2020 se han presentado cinco convocatorias diferentes, que podr\u00e1n presentarse a partir del pr\u00f3ximo lunes 14 de septiembre.","breadcrumb":{"@id":"https:\/\/www.ull.es\/portal\/noticias\/2020\/convocadas-ayudas-asistenciales-alumnado\/#breadcrumb"},"inLanguage":"es","potentialAction":[{"@type":"ReadAction","target":["https:\/\/www.ull.es\/portal\/noticias\/2020\/convocadas-ayudas-asistenciales-alumnado\/"]}]},{"@type":"BreadcrumbList","@id":"https:\/\/www.ull.es\/portal\/noticias\/2020\/convocadas-ayudas-asistenciales-alumnado\/#breadcrumb","itemListElement":[{"@type":"ListItem","position":1,"name":"Portada","item":"https:\/\/www.ull.es\/portal\/noticias\/"},{"@type":"ListItem","position":2,"name":"La Universidad de La Laguna convoca sus ayudas asistenciales para el alumnado del a\u00f1o 2020"}]},{"@type":"WebSite","@id":"https:\/\/www.ull.es\/portal\/noticias\/#website","url":"https:\/\/www.ull.es\/portal\/noticias\/","name":"ULL - Noticias","description":"","potentialAction":[{"@type":"SearchAction","target":{"@type":"EntryPoint","urlTemplate":"https:\/\/www.ull.es\/portal\/noticias\/?s={search_term_string}"},"query-input":"required name=search_term_string"}],"inLanguage":"es"},{"@type":"Person","@id":"https:\/\/www.ull.es\/portal\/noticias\/#\/schema\/person\/c3b2aa857797592927a03740d6664376","name":"prensa2","image":{"@type":"ImageObject","inLanguage":"es","@id":"https:\/\/www.ull.es\/portal\/noticias\/#\/schema\/person\/image\/","url":"https:\/\/secure.gravatar.com\/avatar\/b58f310a5de5feb33d1e026d2493f23c?s=96&d=mm&r=g","contentUrl":"https:\/\/secure.gravatar.com\/avatar\/b58f310a5de5feb33d1e026d2493f23c?s=96&d=mm&r=g","caption":"prensa2"},"url":"https:\/\/www.ull.es\/portal\/noticias\/author\/prensa2\/"}]}},"primary_category":{"id":2765,"name":"Portada ULL","slug":"portada-ull","link":"https:\/\/www.ull.es\/portal\/noticias\/category\/portada-ull\/"},"featured_image_thumbnail_url":"https:\/\/www.ull.es\/portal\/noticias\/wp-content\/uploads\/sites\/13\/2020\/09\/EBAU-2019-14-300x200.jpg","_links":{"self":[{"href":"https:\/\/www.ull.es\/portal\/noticias\/wp-json\/wp\/v2\/posts\/51802"}],"collection":[{"href":"https:\/\/www.ull.es\/portal\/noticias\/wp-json\/wp\/v2\/posts"}],"about":[{"href":"https:\/\/www.ull.es\/portal\/noticias\/wp-json\/wp\/v2\/types\/post"}],"author":[{"embeddable":true,"href":"https:\/\/www.ull.es\/portal\/noticias\/wp-json\/wp\/v2\/users\/21"}],"replies":[{"embeddable":true,"href":"https:\/\/www.ull.es\/portal\/noticias\/wp-json\/wp\/v2\/comments?post=51802"}],"version-history":[{"count":1,"href":"https:\/\/www.ull.es\/portal\/noticias\/wp-json\/wp\/v2\/posts\/51802\/revisions"}],"predecessor-version":[{"id":51804,"href":"https:\/\/www.ull.es\/portal\/noticias\/wp-json\/wp\/v2\/posts\/51802\/revisions\/51804"}],"wp:featuredmedia":[{"embeddable":true,"href":"https:\/\/www.ull.es\/portal\/noticias\/wp-json\/wp\/v2\/media\/51803"}],"wp:attachment":[{"href":"https:\/\/www.ull.es\/portal\/noticias\/wp-json\/wp\/v2\/media?parent=51802"}],"wp:term":[{"taxonomy":"category","embeddable":true,"href":"https:\/\/www.ull.es\/portal\/noticias\/wp-json\/wp\/v2\/categories?post=51802"},{"taxonomy":"post_tag","embeddable":true,"href":"https:\/\/www.ull.es\/portal\/noticias\/wp-json\/wp\/v2\/tags?post=51802"}],"curies":[{"name":"wp","href":"https:\/\/api.w.org\/{rel}","templated":true}]}}