{"id":51819,"date":"2020-09-09T13:15:48","date_gmt":"2020-09-09T13:15:48","guid":{"rendered":"https:\/\/www.ull.es\/portal\/noticias\/?p=51819"},"modified":"2020-09-09T13:15:48","modified_gmt":"2020-09-09T13:15:48","slug":"550-estudiantes-ebau-septiembre","status":"publish","type":"post","link":"https:\/\/www.ull.es\/portal\/noticias\/2020\/550-estudiantes-ebau-septiembre\/","title":{"rendered":"Unos 550 estudiantes comenzar\u00e1n ma\u00f1ana los ex\u00e1menes de la convocatoria extraordinaria de la EBAU"},"content":{"rendered":"<p>La convocatoria extraordinaria de la Evaluaci\u00f3n de Bachillerato para el Acceso a la universidad (EBAU) ha sido desplazada de su fecha habitual de julio hasta septiembre con motivo de la crisis sanitaria de la Covid-19, y se celebrar\u00e1 a partir de ma\u00f1ana, jueves 10 de septiembre, hasta el s\u00e1bado d\u00eda 12. En la provincia de Santa Cruz de Tenerife concurrir\u00e1n 412 personas a la fase general y 154 a la espec\u00edfica, \u00fanicamente pada subir calificaciones.<\/p>\n<p>Por islas, en la fase general se presentar\u00e1n en Tenerife 377 personas; en La Palma, 28; en La Gomera, 6 y en El hierro, solamente una. En cuanto a la matricula por modalidades, la m\u00e1s numerosa es la de Ciencias, con 230 inscripciones, seguida por Arte y Humanidades (itinerario de Ciencias Sociales), con 120; Humanidades y Ciencias Sociales (itinerario de Humanidades), con 42; y Artes, con 20.<\/p>\n<p>En Tenerife los ex\u00e1menes se desarrollar\u00e1n \u00edntegramente en el Aulario General del Campus de Guajara ya que, aunque se seguir\u00e1n observando medidas para favorecer la distancia entre personas y la higiene, el inferior n\u00famero de matriculados respecto a los ex\u00e1menes de la convocatoria ordinaria no hace necesario contar con m\u00e1s sedes. En el resto de islas, las sedes ser\u00e1n las hab\u00edtales: el IES Alonso P\u00e9rez D\u00edaz en La Palma, el IES San Sebasti\u00e1n de La Gomera en La Gomera y el IES Garo\u00e9 en El Hierro.<\/p>\n<p>La sesi\u00f3n de ma\u00f1ana, 10 de septiembre, comenzar\u00e1 a las 9:00 con la presentaci\u00f3n al alumnado y, media hora m\u00e1s tarde, comenzar\u00e1 el primer examen, correspondiente a Lengua Castellana y Literatura II. Posteriormente, a las 12:00 ser\u00e1 el examen de la primera lengua extranjera y, ya en horario de tarde, esta tanda de pruebas culminar\u00e1 a las 16:00 con la correspondiste a Historia de Espa\u00f1a. El programa de ex\u00e1menes completo <a href=\"https:\/\/www.gobiernodecanarias.org\/educacion\/web\/bachillerato\/ebau\/calendario-celebracion-ebau\/index.html\" target=\"_blank\" rel=\"noopener noreferrer\" target=\"_blank\" rel=\"noopener\">est\u00e1 disponible en la web<\/a> de la Consejer\u00eda de Educaci\u00f3n, Universidades, Cultura y Deportes del Gobierno de Canarias.<\/p>\n<p>Las calificaciones de esta convocatoria se podr\u00e1n descargar de la web a partir de las 15:00 del 17 de septiembre, y entre el 18 y el 22 del mismo mes se podr\u00e1 solicitar la revisi\u00f3n o la doble correcci\u00f3n, cuyos resultados se publicar\u00e1n el 25 de septiembre.<\/p>\n<p>El alumnado que haya realizado esta prueba podr\u00e1 presentarse al procedimiento de <a href=\"https:\/\/www.ull.es\/preinscripcion\/\" target=\"_blank\" rel=\"noopener noreferrer\" target=\"_blank\" rel=\"noopener\">preinscripci\u00f3n extraordinaria<\/a> que se abrir\u00e1 entre el 18 y el 22 de septiembre, durante el cual se repartir\u00e1n las plazas que quedaron vacantes durante el procedimiento ordinario de julio. En esta ocasi\u00f3n, <a href=\"https:\/\/drive.google.com\/file\/d\/1k1vlswNYbhqppvTjEyCM5ItN7p-Tvg3Z\/view\" target=\"_blank\" rel=\"noopener noreferrer\" target=\"_blank\" rel=\"noopener\">sqhan quedado libres 661 plazas<\/a> en 18 titulaciones de grado diferentes.<\/p>\n","protected":false},"excerpt":{"rendered":"<p>La convocatoria extraordinaria de la Evaluaci\u00f3n de Bachillerato para el Acceso a la universidad (EBAU) ha sido desplazada de su&#8230;<\/p>\n","protected":false},"author":21,"featured_media":51820,"comment_status":"closed","ping_status":"closed","sticky":false,"template":"","format":"standard","meta":{"inline_featured_image":false,"footnotes":""},"categories":[343,345,2765],"tags":[3758,2879,4652],"acf":[],"yoast_head":"<!-- This site is optimized with the Yoast SEO plugin v21.3 - https:\/\/yoast.com\/wordpress\/plugins\/seo\/ -->\n<title>550 estudiantes se presentan a la convocatoria extraordinaria de la EBAU<\/title>\n<meta name=\"description\" content=\"La EBAU extraordinaria se celebrar\u00e1 del 10 al 12 de septiembre. En la provincia occidental concurren 412 personas en la fase general y 154 en la espec\u00edfica.\" \/>\n<meta name=\"robots\" content=\"index, follow, max-snippet:-1, max-image-preview:large, max-video-preview:-1\" \/>\n<link rel=\"canonical\" href=\"https:\/\/www.ull.es\/portal\/noticias\/2020\/550-estudiantes-ebau-septiembre\/\" \/>\n<meta property=\"og:locale\" content=\"es_ES\" \/>\n<meta property=\"og:type\" content=\"article\" \/>\n<meta property=\"og:title\" content=\"550 estudiantes se presentan a la convocatoria extraordinaria de la EBAU\" \/>\n<meta property=\"og:description\" content=\"La EBAU extraordinaria se celebrar\u00e1 del 10 al 12 de septiembre. En la provincia occidental concurren 412 personas en la fase general y 154 en la espec\u00edfica.\" \/>\n<meta property=\"og:url\" content=\"https:\/\/www.ull.es\/portal\/noticias\/2020\/550-estudiantes-ebau-septiembre\/\" \/>\n<meta property=\"og:site_name\" content=\"ULL - Noticias\" \/>\n<meta property=\"article:publisher\" content=\"https:\/\/www.facebook.com\/universidaddelalaguna\/\" \/>\n<meta property=\"article:published_time\" content=\"2020-09-09T13:15:48+00:00\" \/>\n<meta property=\"og:image\" content=\"https:\/\/www.ull.es\/portal\/noticias\/wp-content\/uploads\/sites\/13\/2020\/09\/Selectividad-EBAU-Guajara-01.jpg\" \/>\n\t<meta property=\"og:image:width\" content=\"1024\" \/>\n\t<meta property=\"og:image:height\" content=\"683\" \/>\n\t<meta property=\"og:image:type\" content=\"image\/jpeg\" \/>\n<meta name=\"author\" content=\"prensa2\" \/>\n<meta name=\"twitter:card\" content=\"summary_large_image\" \/>\n<meta name=\"twitter:creator\" content=\"@CanalULL\" \/>\n<meta name=\"twitter:site\" content=\"@CanalULL\" \/>\n<meta name=\"twitter:label1\" content=\"Escrito por\" \/>\n\t<meta name=\"twitter:data1\" content=\"prensa2\" \/>\n\t<meta name=\"twitter:label2\" content=\"Tiempo de lectura\" \/>\n\t<meta name=\"twitter:data2\" content=\"2 minutos\" \/>\n<script type=\"application\/ld+json\" class=\"yoast-schema-graph\">{\"@context\":\"https:\/\/schema.org\",\"@graph\":[{\"@type\":\"WebPage\",\"@id\":\"https:\/\/www.ull.es\/portal\/noticias\/2020\/550-estudiantes-ebau-septiembre\/\",\"url\":\"https:\/\/www.ull.es\/portal\/noticias\/2020\/550-estudiantes-ebau-septiembre\/\",\"name\":\"550 estudiantes se presentan a la convocatoria extraordinaria de la EBAU\",\"isPartOf\":{\"@id\":\"https:\/\/www.ull.es\/portal\/noticias\/#website\"},\"datePublished\":\"2020-09-09T13:15:48+00:00\",\"dateModified\":\"2020-09-09T13:15:48+00:00\",\"author\":{\"@id\":\"https:\/\/www.ull.es\/portal\/noticias\/#\/schema\/person\/c3b2aa857797592927a03740d6664376\"},\"description\":\"La EBAU extraordinaria se celebrar\u00e1 del 10 al 12 de septiembre. En la provincia occidental concurren 412 personas en la fase general y 154 en la espec\u00edfica.\",\"breadcrumb\":{\"@id\":\"https:\/\/www.ull.es\/portal\/noticias\/2020\/550-estudiantes-ebau-septiembre\/#breadcrumb\"},\"inLanguage\":\"es\",\"potentialAction\":[{\"@type\":\"ReadAction\",\"target\":[\"https:\/\/www.ull.es\/portal\/noticias\/2020\/550-estudiantes-ebau-septiembre\/\"]}]},{\"@type\":\"BreadcrumbList\",\"@id\":\"https:\/\/www.ull.es\/portal\/noticias\/2020\/550-estudiantes-ebau-septiembre\/#breadcrumb\",\"itemListElement\":[{\"@type\":\"ListItem\",\"position\":1,\"name\":\"Portada\",\"item\":\"https:\/\/www.ull.es\/portal\/noticias\/\"},{\"@type\":\"ListItem\",\"position\":2,\"name\":\"Unos 550 estudiantes comenzar\u00e1n ma\u00f1ana los ex\u00e1menes de la convocatoria extraordinaria de la EBAU\"}]},{\"@type\":\"WebSite\",\"@id\":\"https:\/\/www.ull.es\/portal\/noticias\/#website\",\"url\":\"https:\/\/www.ull.es\/portal\/noticias\/\",\"name\":\"ULL - Noticias\",\"description\":\"\",\"potentialAction\":[{\"@type\":\"SearchAction\",\"target\":{\"@type\":\"EntryPoint\",\"urlTemplate\":\"https:\/\/www.ull.es\/portal\/noticias\/?s={search_term_string}\"},\"query-input\":\"required name=search_term_string\"}],\"inLanguage\":\"es\"},{\"@type\":\"Person\",\"@id\":\"https:\/\/www.ull.es\/portal\/noticias\/#\/schema\/person\/c3b2aa857797592927a03740d6664376\",\"name\":\"prensa2\",\"image\":{\"@type\":\"ImageObject\",\"inLanguage\":\"es\",\"@id\":\"https:\/\/www.ull.es\/portal\/noticias\/#\/schema\/person\/image\/\",\"url\":\"https:\/\/secure.gravatar.com\/avatar\/b58f310a5de5feb33d1e026d2493f23c?s=96&d=mm&r=g\",\"contentUrl\":\"https:\/\/secure.gravatar.com\/avatar\/b58f310a5de5feb33d1e026d2493f23c?s=96&d=mm&r=g\",\"caption\":\"prensa2\"},\"url\":\"https:\/\/www.ull.es\/portal\/noticias\/author\/prensa2\/\"}]}<\/script>\n<!-- \/ Yoast SEO plugin. -->","yoast_head_json":{"title":"550 estudiantes se presentan a la convocatoria extraordinaria de la EBAU","description":"La EBAU extraordinaria se celebrar\u00e1 del 10 al 12 de septiembre. En la provincia occidental concurren 412 personas en la fase general y 154 en la espec\u00edfica.","robots":{"index":"index","follow":"follow","max-snippet":"max-snippet:-1","max-image-preview":"max-image-preview:large","max-video-preview":"max-video-preview:-1"},"canonical":"https:\/\/www.ull.es\/portal\/noticias\/2020\/550-estudiantes-ebau-septiembre\/","og_locale":"es_ES","og_type":"article","og_title":"550 estudiantes se presentan a la convocatoria extraordinaria de la EBAU","og_description":"La EBAU extraordinaria se celebrar\u00e1 del 10 al 12 de septiembre. En la provincia occidental concurren 412 personas en la fase general y 154 en la espec\u00edfica.","og_url":"https:\/\/www.ull.es\/portal\/noticias\/2020\/550-estudiantes-ebau-septiembre\/","og_site_name":"ULL - Noticias","article_publisher":"https:\/\/www.facebook.com\/universidaddelalaguna\/","article_published_time":"2020-09-09T13:15:48+00:00","og_image":[{"width":1024,"height":683,"url":"https:\/\/www.ull.es\/portal\/noticias\/wp-content\/uploads\/sites\/13\/2020\/09\/Selectividad-EBAU-Guajara-01.jpg","type":"image\/jpeg"}],"author":"prensa2","twitter_card":"summary_large_image","twitter_creator":"@CanalULL","twitter_site":"@CanalULL","twitter_misc":{"Escrito por":"prensa2","Tiempo de lectura":"2 minutos"},"schema":{"@context":"https:\/\/schema.org","@graph":[{"@type":"WebPage","@id":"https:\/\/www.ull.es\/portal\/noticias\/2020\/550-estudiantes-ebau-septiembre\/","url":"https:\/\/www.ull.es\/portal\/noticias\/2020\/550-estudiantes-ebau-septiembre\/","name":"550 estudiantes se presentan a la convocatoria extraordinaria de la EBAU","isPartOf":{"@id":"https:\/\/www.ull.es\/portal\/noticias\/#website"},"datePublished":"2020-09-09T13:15:48+00:00","dateModified":"2020-09-09T13:15:48+00:00","author":{"@id":"https:\/\/www.ull.es\/portal\/noticias\/#\/schema\/person\/c3b2aa857797592927a03740d6664376"},"description":"La EBAU extraordinaria se celebrar\u00e1 del 10 al 12 de septiembre. En la provincia occidental concurren 412 personas en la fase general y 154 en la espec\u00edfica.","breadcrumb":{"@id":"https:\/\/www.ull.es\/portal\/noticias\/2020\/550-estudiantes-ebau-septiembre\/#breadcrumb"},"inLanguage":"es","potentialAction":[{"@type":"ReadAction","target":["https:\/\/www.ull.es\/portal\/noticias\/2020\/550-estudiantes-ebau-septiembre\/"]}]},{"@type":"BreadcrumbList","@id":"https:\/\/www.ull.es\/portal\/noticias\/2020\/550-estudiantes-ebau-septiembre\/#breadcrumb","itemListElement":[{"@type":"ListItem","position":1,"name":"Portada","item":"https:\/\/www.ull.es\/portal\/noticias\/"},{"@type":"ListItem","position":2,"name":"Unos 550 estudiantes comenzar\u00e1n ma\u00f1ana los ex\u00e1menes de la convocatoria extraordinaria de la EBAU"}]},{"@type":"WebSite","@id":"https:\/\/www.ull.es\/portal\/noticias\/#website","url":"https:\/\/www.ull.es\/portal\/noticias\/","name":"ULL - Noticias","description":"","potentialAction":[{"@type":"SearchAction","target":{"@type":"EntryPoint","urlTemplate":"https:\/\/www.ull.es\/portal\/noticias\/?s={search_term_string}"},"query-input":"required name=search_term_string"}],"inLanguage":"es"},{"@type":"Person","@id":"https:\/\/www.ull.es\/portal\/noticias\/#\/schema\/person\/c3b2aa857797592927a03740d6664376","name":"prensa2","image":{"@type":"ImageObject","inLanguage":"es","@id":"https:\/\/www.ull.es\/portal\/noticias\/#\/schema\/person\/image\/","url":"https:\/\/secure.gravatar.com\/avatar\/b58f310a5de5feb33d1e026d2493f23c?s=96&d=mm&r=g","contentUrl":"https:\/\/secure.gravatar.com\/avatar\/b58f310a5de5feb33d1e026d2493f23c?s=96&d=mm&r=g","caption":"prensa2"},"url":"https:\/\/www.ull.es\/portal\/noticias\/author\/prensa2\/"}]}},"primary_category":{"id":345,"name":"Destacado","slug":"destacado","link":"https:\/\/www.ull.es\/portal\/noticias\/category\/destacado\/"},"featured_image_thumbnail_url":"https:\/\/www.ull.es\/portal\/noticias\/wp-content\/uploads\/sites\/13\/2020\/09\/Selectividad-EBAU-Guajara-01-300x200.jpg","_links":{"self":[{"href":"https:\/\/www.ull.es\/portal\/noticias\/wp-json\/wp\/v2\/posts\/51819"}],"collection":[{"href":"https:\/\/www.ull.es\/portal\/noticias\/wp-json\/wp\/v2\/posts"}],"about":[{"href":"https:\/\/www.ull.es\/portal\/noticias\/wp-json\/wp\/v2\/types\/post"}],"author":[{"embeddable":true,"href":"https:\/\/www.ull.es\/portal\/noticias\/wp-json\/wp\/v2\/users\/21"}],"replies":[{"embeddable":true,"href":"https:\/\/www.ull.es\/portal\/noticias\/wp-json\/wp\/v2\/comments?post=51819"}],"version-history":[{"count":1,"href":"https:\/\/www.ull.es\/portal\/noticias\/wp-json\/wp\/v2\/posts\/51819\/revisions"}],"predecessor-version":[{"id":51821,"href":"https:\/\/www.ull.es\/portal\/noticias\/wp-json\/wp\/v2\/posts\/51819\/revisions\/51821"}],"wp:featuredmedia":[{"embeddable":true,"href":"https:\/\/www.ull.es\/portal\/noticias\/wp-json\/wp\/v2\/media\/51820"}],"wp:attachment":[{"href":"https:\/\/www.ull.es\/portal\/noticias\/wp-json\/wp\/v2\/media?parent=51819"}],"wp:term":[{"taxonomy":"category","embeddable":true,"href":"https:\/\/www.ull.es\/portal\/noticias\/wp-json\/wp\/v2\/categories?post=51819"},{"taxonomy":"post_tag","embeddable":true,"href":"https:\/\/www.ull.es\/portal\/noticias\/wp-json\/wp\/v2\/tags?post=51819"}],"curies":[{"name":"wp","href":"https:\/\/api.w.org\/{rel}","templated":true}]}}