{"id":51843,"date":"2020-09-10T13:44:58","date_gmt":"2020-09-10T13:44:58","guid":{"rendered":"https:\/\/www.ull.es\/portal\/noticias\/?p=51843"},"modified":"2020-09-10T13:44:58","modified_gmt":"2020-09-10T13:44:58","slug":"ebau-septiembre-comentario-texto","status":"publish","type":"post","link":"https:\/\/www.ull.es\/portal\/noticias\/2020\/ebau-septiembre-comentario-texto\/","title":{"rendered":"La EBAU de septiembre comenz\u00f3 con el comentario de textos de autores como Josefina de la Torre o Lorca"},"content":{"rendered":"<p>La convocatoria extraordinaria de la Evaluaci\u00f3n de Bachillerato para el Acceso a la Universidad (EBAU) comenz\u00f3 sin incidencias relevantes hoy, jueves 10 de septiembre, en la provincia de Santa Cruz de Tenerife y dise\u00f1ada por la Universidad de La Laguna, con el examen correspondiente a Lengua y Literatura II, en el cual el alumnado pudo elegir para comentar cuatro textos de diferentes g\u00e9neros: el poema \u201cMarzo incompleto\u201d de Josefina de la Torre, la columna \u201cSolidaridad\u201d de Almudena Grandes, un fragmento de la obra de teatro \u201cLa casa de Bernarda Alba\u201d de Federico Garc\u00eda Lorca y otro extracto de la novela \u201cCr\u00f3nica de una muerte anunciada\u201d de Gabriel Garc\u00eda M\u00e1rquez.<\/p>\n<p style=\"text-align: center\"><a href=\"https:\/\/drive.google.com\/drive\/folders\/1v8bY5TNXhwzmeB_BVy2KOPv16qsoblqm?usp=sharing\" target=\"_blank\" rel=\"noopener noreferrer\" target=\"_blank\" rel=\"noopener\"><strong>Galer\u00eda de im\u00e1genes<\/strong><\/a><\/p>\n<p>En esta convocatoria la concurrencia fue mucho menor que en la de julio, pues de m\u00e1s de 5.700 personas se ha pasado a solamente 412 inscritas para la fase general y 154 para la espec\u00edfica. Ello ha posibilitado que todos los ex\u00e1menes de Tenerife pudieran realizarse en un \u00fanico espacio, el Aulario General del Campus de Guajara, manteniendo todas las medidas de seguridad, higiene y distancia.<\/p>\n<p>La poca afluencia permiti\u00f3 que al cuarto de hora de abrirse las puertas del aulario a las 9:00, ya la pr\u00e1ctica totalidad del alumnado se hab\u00eda presentado y estaba sentado en donde correspond\u00eda, para comenzar con el examen a las y media. Las pruebas se prolongar\u00e1n hasta el s\u00e1bado 12 de septiembre y las calificaciones ser\u00e1n publicadas el d\u00eda 17 de este mismo mes, tras lo cual se abrir\u00e1 el preceptivo plazo para solicitar doble correcci\u00f3n o revisi\u00f3n.<\/p>\n<p>Quienes superen esta prueba podr\u00e1n solicitar la preinscripci\u00f3n extraordinaria en la Universidad de La Laguna, que se abrir\u00e1 entre el 18 y el 22 de septiembre, en la cual se repetir\u00e1n las plazas que hayan quedado libres tras la fase ordinaria del proceso. Tambi\u00e9n es posible que el alumnado guarde la nota para solicitar plaza en cursos posteriores o incluso volver a presentarse a la fase espec\u00edfica el pr\u00f3ximo a\u00f1o para tratar de mejorar su calificaci\u00f3n media.<\/p>\n","protected":false},"excerpt":{"rendered":"<p>La convocatoria extraordinaria de la Evaluaci\u00f3n de Bachillerato para el Acceso a la Universidad (EBAU) comenz\u00f3 sin incidencias relevantes hoy,&#8230;<\/p>\n","protected":false},"author":21,"featured_media":51844,"comment_status":"closed","ping_status":"closed","sticky":false,"template":"","format":"standard","meta":{"inline_featured_image":false,"footnotes":""},"categories":[343,345,2765],"tags":[3758,2879,2138],"acf":[],"yoast_head":"<!-- This site is optimized with the Yoast SEO plugin v21.3 - https:\/\/yoast.com\/wordpress\/plugins\/seo\/ -->\n<title>Comenz\u00f3 la EBAU con comentario de textos Josefina de la Torre o Lorca<\/title>\n<meta name=\"description\" content=\"La convocatoria extraordinaria de la EBAU comenz\u00f3 sin incidencias en la provincia occidental con el examen de Lengua y Literatura II.\" \/>\n<meta name=\"robots\" content=\"index, follow, max-snippet:-1, max-image-preview:large, max-video-preview:-1\" \/>\n<link rel=\"canonical\" href=\"https:\/\/www.ull.es\/portal\/noticias\/2020\/ebau-septiembre-comentario-texto\/\" \/>\n<meta property=\"og:locale\" content=\"es_ES\" \/>\n<meta property=\"og:type\" content=\"article\" \/>\n<meta property=\"og:title\" content=\"Comenz\u00f3 la EBAU con comentario de textos Josefina de la Torre o Lorca\" \/>\n<meta property=\"og:description\" content=\"La convocatoria extraordinaria de la EBAU comenz\u00f3 sin incidencias en la provincia occidental con el examen de Lengua y Literatura II.\" \/>\n<meta property=\"og:url\" content=\"https:\/\/www.ull.es\/portal\/noticias\/2020\/ebau-septiembre-comentario-texto\/\" \/>\n<meta property=\"og:site_name\" content=\"ULL - Noticias\" \/>\n<meta property=\"article:publisher\" content=\"https:\/\/www.facebook.com\/universidaddelalaguna\/\" \/>\n<meta property=\"article:published_time\" content=\"2020-09-10T13:44:58+00:00\" \/>\n<meta property=\"og:image\" content=\"https:\/\/www.ull.es\/portal\/noticias\/wp-content\/uploads\/sites\/13\/2020\/09\/Selectividad-EBAU-sept20-17.jpg\" \/>\n\t<meta property=\"og:image:width\" content=\"1024\" \/>\n\t<meta property=\"og:image:height\" content=\"683\" \/>\n\t<meta property=\"og:image:type\" content=\"image\/jpeg\" \/>\n<meta name=\"author\" content=\"prensa2\" \/>\n<meta name=\"twitter:card\" content=\"summary_large_image\" \/>\n<meta name=\"twitter:creator\" content=\"@CanalULL\" \/>\n<meta name=\"twitter:site\" content=\"@CanalULL\" \/>\n<meta name=\"twitter:label1\" content=\"Escrito por\" \/>\n\t<meta name=\"twitter:data1\" content=\"prensa2\" \/>\n\t<meta name=\"twitter:label2\" content=\"Tiempo de lectura\" \/>\n\t<meta name=\"twitter:data2\" content=\"2 minutos\" \/>\n<script type=\"application\/ld+json\" class=\"yoast-schema-graph\">{\"@context\":\"https:\/\/schema.org\",\"@graph\":[{\"@type\":\"WebPage\",\"@id\":\"https:\/\/www.ull.es\/portal\/noticias\/2020\/ebau-septiembre-comentario-texto\/\",\"url\":\"https:\/\/www.ull.es\/portal\/noticias\/2020\/ebau-septiembre-comentario-texto\/\",\"name\":\"Comenz\u00f3 la EBAU con comentario de textos Josefina de la Torre o Lorca\",\"isPartOf\":{\"@id\":\"https:\/\/www.ull.es\/portal\/noticias\/#website\"},\"datePublished\":\"2020-09-10T13:44:58+00:00\",\"dateModified\":\"2020-09-10T13:44:58+00:00\",\"author\":{\"@id\":\"https:\/\/www.ull.es\/portal\/noticias\/#\/schema\/person\/c3b2aa857797592927a03740d6664376\"},\"description\":\"La convocatoria extraordinaria de la EBAU comenz\u00f3 sin incidencias en la provincia occidental con el examen de Lengua y Literatura II.\",\"breadcrumb\":{\"@id\":\"https:\/\/www.ull.es\/portal\/noticias\/2020\/ebau-septiembre-comentario-texto\/#breadcrumb\"},\"inLanguage\":\"es\",\"potentialAction\":[{\"@type\":\"ReadAction\",\"target\":[\"https:\/\/www.ull.es\/portal\/noticias\/2020\/ebau-septiembre-comentario-texto\/\"]}]},{\"@type\":\"BreadcrumbList\",\"@id\":\"https:\/\/www.ull.es\/portal\/noticias\/2020\/ebau-septiembre-comentario-texto\/#breadcrumb\",\"itemListElement\":[{\"@type\":\"ListItem\",\"position\":1,\"name\":\"Portada\",\"item\":\"https:\/\/www.ull.es\/portal\/noticias\/\"},{\"@type\":\"ListItem\",\"position\":2,\"name\":\"La EBAU de septiembre comenz\u00f3 con el comentario de textos de autores como Josefina de la Torre o Lorca\"}]},{\"@type\":\"WebSite\",\"@id\":\"https:\/\/www.ull.es\/portal\/noticias\/#website\",\"url\":\"https:\/\/www.ull.es\/portal\/noticias\/\",\"name\":\"ULL - Noticias\",\"description\":\"\",\"potentialAction\":[{\"@type\":\"SearchAction\",\"target\":{\"@type\":\"EntryPoint\",\"urlTemplate\":\"https:\/\/www.ull.es\/portal\/noticias\/?s={search_term_string}\"},\"query-input\":\"required name=search_term_string\"}],\"inLanguage\":\"es\"},{\"@type\":\"Person\",\"@id\":\"https:\/\/www.ull.es\/portal\/noticias\/#\/schema\/person\/c3b2aa857797592927a03740d6664376\",\"name\":\"prensa2\",\"image\":{\"@type\":\"ImageObject\",\"inLanguage\":\"es\",\"@id\":\"https:\/\/www.ull.es\/portal\/noticias\/#\/schema\/person\/image\/\",\"url\":\"https:\/\/secure.gravatar.com\/avatar\/b58f310a5de5feb33d1e026d2493f23c?s=96&d=mm&r=g\",\"contentUrl\":\"https:\/\/secure.gravatar.com\/avatar\/b58f310a5de5feb33d1e026d2493f23c?s=96&d=mm&r=g\",\"caption\":\"prensa2\"},\"url\":\"https:\/\/www.ull.es\/portal\/noticias\/author\/prensa2\/\"}]}<\/script>\n<!-- \/ Yoast SEO plugin. -->","yoast_head_json":{"title":"Comenz\u00f3 la EBAU con comentario de textos Josefina de la Torre o Lorca","description":"La convocatoria extraordinaria de la EBAU comenz\u00f3 sin incidencias en la provincia occidental con el examen de Lengua y Literatura II.","robots":{"index":"index","follow":"follow","max-snippet":"max-snippet:-1","max-image-preview":"max-image-preview:large","max-video-preview":"max-video-preview:-1"},"canonical":"https:\/\/www.ull.es\/portal\/noticias\/2020\/ebau-septiembre-comentario-texto\/","og_locale":"es_ES","og_type":"article","og_title":"Comenz\u00f3 la EBAU con comentario de textos Josefina de la Torre o Lorca","og_description":"La convocatoria extraordinaria de la EBAU comenz\u00f3 sin incidencias en la provincia occidental con el examen de Lengua y Literatura II.","og_url":"https:\/\/www.ull.es\/portal\/noticias\/2020\/ebau-septiembre-comentario-texto\/","og_site_name":"ULL - Noticias","article_publisher":"https:\/\/www.facebook.com\/universidaddelalaguna\/","article_published_time":"2020-09-10T13:44:58+00:00","og_image":[{"width":1024,"height":683,"url":"https:\/\/www.ull.es\/portal\/noticias\/wp-content\/uploads\/sites\/13\/2020\/09\/Selectividad-EBAU-sept20-17.jpg","type":"image\/jpeg"}],"author":"prensa2","twitter_card":"summary_large_image","twitter_creator":"@CanalULL","twitter_site":"@CanalULL","twitter_misc":{"Escrito por":"prensa2","Tiempo de lectura":"2 minutos"},"schema":{"@context":"https:\/\/schema.org","@graph":[{"@type":"WebPage","@id":"https:\/\/www.ull.es\/portal\/noticias\/2020\/ebau-septiembre-comentario-texto\/","url":"https:\/\/www.ull.es\/portal\/noticias\/2020\/ebau-septiembre-comentario-texto\/","name":"Comenz\u00f3 la EBAU con comentario de textos Josefina de la Torre o Lorca","isPartOf":{"@id":"https:\/\/www.ull.es\/portal\/noticias\/#website"},"datePublished":"2020-09-10T13:44:58+00:00","dateModified":"2020-09-10T13:44:58+00:00","author":{"@id":"https:\/\/www.ull.es\/portal\/noticias\/#\/schema\/person\/c3b2aa857797592927a03740d6664376"},"description":"La convocatoria extraordinaria de la EBAU comenz\u00f3 sin incidencias en la provincia occidental con el examen de Lengua y Literatura II.","breadcrumb":{"@id":"https:\/\/www.ull.es\/portal\/noticias\/2020\/ebau-septiembre-comentario-texto\/#breadcrumb"},"inLanguage":"es","potentialAction":[{"@type":"ReadAction","target":["https:\/\/www.ull.es\/portal\/noticias\/2020\/ebau-septiembre-comentario-texto\/"]}]},{"@type":"BreadcrumbList","@id":"https:\/\/www.ull.es\/portal\/noticias\/2020\/ebau-septiembre-comentario-texto\/#breadcrumb","itemListElement":[{"@type":"ListItem","position":1,"name":"Portada","item":"https:\/\/www.ull.es\/portal\/noticias\/"},{"@type":"ListItem","position":2,"name":"La EBAU de septiembre comenz\u00f3 con el comentario de textos de autores como Josefina de la Torre o Lorca"}]},{"@type":"WebSite","@id":"https:\/\/www.ull.es\/portal\/noticias\/#website","url":"https:\/\/www.ull.es\/portal\/noticias\/","name":"ULL - Noticias","description":"","potentialAction":[{"@type":"SearchAction","target":{"@type":"EntryPoint","urlTemplate":"https:\/\/www.ull.es\/portal\/noticias\/?s={search_term_string}"},"query-input":"required name=search_term_string"}],"inLanguage":"es"},{"@type":"Person","@id":"https:\/\/www.ull.es\/portal\/noticias\/#\/schema\/person\/c3b2aa857797592927a03740d6664376","name":"prensa2","image":{"@type":"ImageObject","inLanguage":"es","@id":"https:\/\/www.ull.es\/portal\/noticias\/#\/schema\/person\/image\/","url":"https:\/\/secure.gravatar.com\/avatar\/b58f310a5de5feb33d1e026d2493f23c?s=96&d=mm&r=g","contentUrl":"https:\/\/secure.gravatar.com\/avatar\/b58f310a5de5feb33d1e026d2493f23c?s=96&d=mm&r=g","caption":"prensa2"},"url":"https:\/\/www.ull.es\/portal\/noticias\/author\/prensa2\/"}]}},"primary_category":{"id":345,"name":"Destacado","slug":"destacado","link":"https:\/\/www.ull.es\/portal\/noticias\/category\/destacado\/"},"featured_image_thumbnail_url":"https:\/\/www.ull.es\/portal\/noticias\/wp-content\/uploads\/sites\/13\/2020\/09\/Selectividad-EBAU-sept20-17-300x200.jpg","_links":{"self":[{"href":"https:\/\/www.ull.es\/portal\/noticias\/wp-json\/wp\/v2\/posts\/51843"}],"collection":[{"href":"https:\/\/www.ull.es\/portal\/noticias\/wp-json\/wp\/v2\/posts"}],"about":[{"href":"https:\/\/www.ull.es\/portal\/noticias\/wp-json\/wp\/v2\/types\/post"}],"author":[{"embeddable":true,"href":"https:\/\/www.ull.es\/portal\/noticias\/wp-json\/wp\/v2\/users\/21"}],"replies":[{"embeddable":true,"href":"https:\/\/www.ull.es\/portal\/noticias\/wp-json\/wp\/v2\/comments?post=51843"}],"version-history":[{"count":1,"href":"https:\/\/www.ull.es\/portal\/noticias\/wp-json\/wp\/v2\/posts\/51843\/revisions"}],"predecessor-version":[{"id":51845,"href":"https:\/\/www.ull.es\/portal\/noticias\/wp-json\/wp\/v2\/posts\/51843\/revisions\/51845"}],"wp:featuredmedia":[{"embeddable":true,"href":"https:\/\/www.ull.es\/portal\/noticias\/wp-json\/wp\/v2\/media\/51844"}],"wp:attachment":[{"href":"https:\/\/www.ull.es\/portal\/noticias\/wp-json\/wp\/v2\/media?parent=51843"}],"wp:term":[{"taxonomy":"category","embeddable":true,"href":"https:\/\/www.ull.es\/portal\/noticias\/wp-json\/wp\/v2\/categories?post=51843"},{"taxonomy":"post_tag","embeddable":true,"href":"https:\/\/www.ull.es\/portal\/noticias\/wp-json\/wp\/v2\/tags?post=51843"}],"curies":[{"name":"wp","href":"https:\/\/api.w.org\/{rel}","templated":true}]}}