{"id":51913,"date":"2020-09-15T11:16:05","date_gmt":"2020-09-15T11:16:05","guid":{"rendered":"https:\/\/www.ull.es\/portal\/noticias\/?p=51913"},"modified":"2020-09-21T14:00:04","modified_gmt":"2020-09-21T14:00:04","slug":"el-centro-de-documentacion-europea-de-la-ull-analiza-el-debate-del-estado-de-la-union-desde-canarias","status":"publish","type":"post","link":"https:\/\/www.ull.es\/portal\/noticias\/2020\/el-centro-de-documentacion-europea-de-la-ull-analiza-el-debate-del-estado-de-la-union-desde-canarias\/","title":{"rendered":"El Centro de Documentaci\u00f3n Europea de la ULL analiza el debate del Estado de la Uni\u00f3n desde Canarias"},"content":{"rendered":"<p>Con motivo de la celebraci\u00f3n anual del debate del Estado de la Uni\u00f3n Europea, el Centro de Documentaci\u00f3n Europea de la Universidad de La Laguna ha coorganizado junto con otras entidades europe\u00edstas de Canarias tres sesiones online sobre este evento. La primera \u2018El debate del Estado de la Uni\u00f3n desde Canarias\u2019 tendr\u00e1 lugar esta tarde, 15 de septiembre a las 17:00 horas, y en ella se desarrollar\u00e1 una previa al debate.<\/p>\n<p>Ma\u00f1ana, 16 de septiembre a las 9:00 horas, se realizar\u00e1 una conexi\u00f3n con el Parlamento Europeo titulada \u2018Canarias sigue el debate del Estado de la Uni\u00f3n\u2019 y a las 17:00 horas tendr\u00e1 lugar un an\u00e1lisis de lo ocurrido con la sesi\u00f3n \u2018Recapitulaci\u00f3n. El debate y el futuro de la Uni\u00f3n Europea desde Canarias\u2019, teniendo como eje el inter\u00e9s de Canarias en las prioridades de la Uni\u00f3n Europea.<\/p>\n<p>Para estas sesiones se contar\u00e1 con la participaci\u00f3n de Jaume Duch, portavoz y director general de Comunicaci\u00f3n del Parlamento Europeo; Javier Mendoza, economista y profesor de Econom\u00eda en la Universidad de La Laguna; Cristina Tav\u00edo, ex-vicepresidenta del Parlamento de Canarias y jurista; y Adri\u00e1n Plasencia, traductor int\u00e9rprete en la Direcci\u00f3n General de Comercio de la Comisi\u00f3n Europea, entre otros.<\/p>\n<p>As\u00ed, Ursula von der Leyen, presidenta de la Comisi\u00f3n Europea, tiene previsto pronunciar, ma\u00f1ana 16 de septiembre a las 9:00 horas, un discurso en el Parlamento Europeo en el que realizar\u00e1 un balance de los logros del a\u00f1o anterior y presentar\u00e1 sus prioridades para el a\u00f1o pr\u00f3ximo.\u00a0 En el discurso expondr\u00e1 tambi\u00e9n c\u00f3mo pretende la Comisi\u00f3n hacer frente a los retos m\u00e1s acuciantes de la Uni\u00f3n Europea y las ideas para moldear el futuro. Este a\u00f1o, el discurso llega en plena crisis a nivel mundial debido a la pandemia del Covid-19.<\/p>\n<p>La Comisi\u00f3n quiere seguir apostando por el Pacto Verde, aspirando a ser el primer continente clim\u00e1ticamente neutro e invertir en el desarrollo de la estrategia digital, dos aspectos fundamentales para mejorar la econom\u00eda y construir una Europa m\u00e1s s\u00f3lida y fuerte, explica el Centro de Documentaci\u00f3n Europea de la Universidad de La Laguna.<\/p>\n<p>Adem\u00e1s, el desarrollo de la tecnolog\u00eda y de la inteligencia artificial son dos materias importantes dentro de la agenda europea para ofrecer a todos los europeos las mismas oportunidades de adaptarse al progreso y a sus beneficios, como una buena atenci\u00f3n m\u00e9dica, transporte p\u00fablico y limpio o elaborar una energ\u00eda m\u00e1s barata y sostenible.<\/p>\n<p>Y, por \u00faltimo, dentro del debate tambi\u00e9n se hablar\u00e1 sobre la creaci\u00f3n del Plan de Recuperaci\u00f3n Europeo con motivo del coronavirus. Durante estos meses se ha ido gestionando para brindar a todos sus miembros ayudas y mitigar el impacto socioecon\u00f3mico y sanitario en el continente, demostrando una vez m\u00e1s la solidaridad de la Uni\u00f3n Europea.<\/p>\n<p>&nbsp;<\/p>\n","protected":false},"excerpt":{"rendered":"<p>Con motivo de la celebraci\u00f3n anual del debate del Estado de la Uni\u00f3n Europea, el Centro de Documentaci\u00f3n Europea de&#8230;<\/p>\n","protected":false},"author":23,"featured_media":51915,"comment_status":"closed","ping_status":"closed","sticky":false,"template":"","format":"standard","meta":{"inline_featured_image":false,"footnotes":""},"categories":[3773,345,348,2765],"tags":[792],"acf":[],"yoast_head":"<!-- This site is optimized with the Yoast SEO plugin v21.3 - https:\/\/yoast.com\/wordpress\/plugins\/seo\/ -->\n<title>El Centro de Documentaci\u00f3n Europea de la ULL analiza el debate del Estado de la Uni\u00f3n desde Canarias - ULL - Noticias<\/title>\n<meta name=\"robots\" content=\"index, follow, max-snippet:-1, max-image-preview:large, max-video-preview:-1\" \/>\n<link rel=\"canonical\" href=\"https:\/\/www.ull.es\/portal\/noticias\/2020\/el-centro-de-documentacion-europea-de-la-ull-analiza-el-debate-del-estado-de-la-union-desde-canarias\/\" \/>\n<meta property=\"og:locale\" content=\"es_ES\" \/>\n<meta property=\"og:type\" content=\"article\" \/>\n<meta property=\"og:title\" content=\"El Centro de Documentaci\u00f3n Europea de la ULL analiza el debate del Estado de la Uni\u00f3n desde Canarias - ULL - Noticias\" \/>\n<meta property=\"og:description\" content=\"Con motivo de la celebraci\u00f3n anual del debate del Estado de la Uni\u00f3n Europea, el Centro de Documentaci\u00f3n Europea de...\" \/>\n<meta property=\"og:url\" content=\"https:\/\/www.ull.es\/portal\/noticias\/2020\/el-centro-de-documentacion-europea-de-la-ull-analiza-el-debate-del-estado-de-la-union-desde-canarias\/\" \/>\n<meta property=\"og:site_name\" content=\"ULL - Noticias\" \/>\n<meta property=\"article:publisher\" content=\"https:\/\/www.facebook.com\/universidaddelalaguna\/\" \/>\n<meta property=\"article:published_time\" content=\"2020-09-15T11:16:05+00:00\" \/>\n<meta property=\"article:modified_time\" content=\"2020-09-21T14:00:04+00:00\" \/>\n<meta property=\"og:image\" content=\"https:\/\/www.ull.es\/portal\/noticias\/wp-content\/uploads\/sites\/13\/2020\/09\/centro-documentacion-europea.jpg\" \/>\n\t<meta property=\"og:image:width\" content=\"700\" \/>\n\t<meta property=\"og:image:height\" content=\"350\" \/>\n\t<meta property=\"og:image:type\" content=\"image\/jpeg\" \/>\n<meta name=\"author\" content=\"gaprsa\" \/>\n<meta name=\"twitter:card\" content=\"summary_large_image\" \/>\n<meta name=\"twitter:creator\" content=\"@CanalULL\" \/>\n<meta name=\"twitter:site\" content=\"@CanalULL\" \/>\n<meta name=\"twitter:label1\" content=\"Escrito por\" \/>\n\t<meta name=\"twitter:data1\" content=\"gaprsa\" \/>\n\t<meta name=\"twitter:label2\" content=\"Tiempo de lectura\" \/>\n\t<meta name=\"twitter:data2\" content=\"2 minutos\" \/>\n<script type=\"application\/ld+json\" class=\"yoast-schema-graph\">{\"@context\":\"https:\/\/schema.org\",\"@graph\":[{\"@type\":\"WebPage\",\"@id\":\"https:\/\/www.ull.es\/portal\/noticias\/2020\/el-centro-de-documentacion-europea-de-la-ull-analiza-el-debate-del-estado-de-la-union-desde-canarias\/\",\"url\":\"https:\/\/www.ull.es\/portal\/noticias\/2020\/el-centro-de-documentacion-europea-de-la-ull-analiza-el-debate-del-estado-de-la-union-desde-canarias\/\",\"name\":\"El Centro de Documentaci\u00f3n Europea de la ULL analiza el debate del Estado de la Uni\u00f3n desde Canarias - ULL - Noticias\",\"isPartOf\":{\"@id\":\"https:\/\/www.ull.es\/portal\/noticias\/#website\"},\"datePublished\":\"2020-09-15T11:16:05+00:00\",\"dateModified\":\"2020-09-21T14:00:04+00:00\",\"author\":{\"@id\":\"https:\/\/www.ull.es\/portal\/noticias\/#\/schema\/person\/b2b1a89d43ffa609e591f7df8ef3e817\"},\"breadcrumb\":{\"@id\":\"https:\/\/www.ull.es\/portal\/noticias\/2020\/el-centro-de-documentacion-europea-de-la-ull-analiza-el-debate-del-estado-de-la-union-desde-canarias\/#breadcrumb\"},\"inLanguage\":\"es\",\"potentialAction\":[{\"@type\":\"ReadAction\",\"target\":[\"https:\/\/www.ull.es\/portal\/noticias\/2020\/el-centro-de-documentacion-europea-de-la-ull-analiza-el-debate-del-estado-de-la-union-desde-canarias\/\"]}]},{\"@type\":\"BreadcrumbList\",\"@id\":\"https:\/\/www.ull.es\/portal\/noticias\/2020\/el-centro-de-documentacion-europea-de-la-ull-analiza-el-debate-del-estado-de-la-union-desde-canarias\/#breadcrumb\",\"itemListElement\":[{\"@type\":\"ListItem\",\"position\":1,\"name\":\"Portada\",\"item\":\"https:\/\/www.ull.es\/portal\/noticias\/\"},{\"@type\":\"ListItem\",\"position\":2,\"name\":\"El Centro de Documentaci\u00f3n Europea de la ULL analiza el debate del Estado de la Uni\u00f3n desde Canarias\"}]},{\"@type\":\"WebSite\",\"@id\":\"https:\/\/www.ull.es\/portal\/noticias\/#website\",\"url\":\"https:\/\/www.ull.es\/portal\/noticias\/\",\"name\":\"ULL - Noticias\",\"description\":\"\",\"potentialAction\":[{\"@type\":\"SearchAction\",\"target\":{\"@type\":\"EntryPoint\",\"urlTemplate\":\"https:\/\/www.ull.es\/portal\/noticias\/?s={search_term_string}\"},\"query-input\":\"required name=search_term_string\"}],\"inLanguage\":\"es\"},{\"@type\":\"Person\",\"@id\":\"https:\/\/www.ull.es\/portal\/noticias\/#\/schema\/person\/b2b1a89d43ffa609e591f7df8ef3e817\",\"name\":\"gaprsa\",\"image\":{\"@type\":\"ImageObject\",\"inLanguage\":\"es\",\"@id\":\"https:\/\/www.ull.es\/portal\/noticias\/#\/schema\/person\/image\/\",\"url\":\"https:\/\/secure.gravatar.com\/avatar\/443820550921091458b4823867723b3d?s=96&d=mm&r=g\",\"contentUrl\":\"https:\/\/secure.gravatar.com\/avatar\/443820550921091458b4823867723b3d?s=96&d=mm&r=g\",\"caption\":\"gaprsa\"},\"url\":\"https:\/\/www.ull.es\/portal\/noticias\/author\/gaprsa\/\"}]}<\/script>\n<!-- \/ Yoast SEO plugin. -->","yoast_head_json":{"title":"El Centro de Documentaci\u00f3n Europea de la ULL analiza el debate del Estado de la Uni\u00f3n desde Canarias - ULL - Noticias","robots":{"index":"index","follow":"follow","max-snippet":"max-snippet:-1","max-image-preview":"max-image-preview:large","max-video-preview":"max-video-preview:-1"},"canonical":"https:\/\/www.ull.es\/portal\/noticias\/2020\/el-centro-de-documentacion-europea-de-la-ull-analiza-el-debate-del-estado-de-la-union-desde-canarias\/","og_locale":"es_ES","og_type":"article","og_title":"El Centro de Documentaci\u00f3n Europea de la ULL analiza el debate del Estado de la Uni\u00f3n desde Canarias - ULL - Noticias","og_description":"Con motivo de la celebraci\u00f3n anual del debate del Estado de la Uni\u00f3n Europea, el Centro de Documentaci\u00f3n Europea de...","og_url":"https:\/\/www.ull.es\/portal\/noticias\/2020\/el-centro-de-documentacion-europea-de-la-ull-analiza-el-debate-del-estado-de-la-union-desde-canarias\/","og_site_name":"ULL - Noticias","article_publisher":"https:\/\/www.facebook.com\/universidaddelalaguna\/","article_published_time":"2020-09-15T11:16:05+00:00","article_modified_time":"2020-09-21T14:00:04+00:00","og_image":[{"width":700,"height":350,"url":"https:\/\/www.ull.es\/portal\/noticias\/wp-content\/uploads\/sites\/13\/2020\/09\/centro-documentacion-europea.jpg","type":"image\/jpeg"}],"author":"gaprsa","twitter_card":"summary_large_image","twitter_creator":"@CanalULL","twitter_site":"@CanalULL","twitter_misc":{"Escrito por":"gaprsa","Tiempo de lectura":"2 minutos"},"schema":{"@context":"https:\/\/schema.org","@graph":[{"@type":"WebPage","@id":"https:\/\/www.ull.es\/portal\/noticias\/2020\/el-centro-de-documentacion-europea-de-la-ull-analiza-el-debate-del-estado-de-la-union-desde-canarias\/","url":"https:\/\/www.ull.es\/portal\/noticias\/2020\/el-centro-de-documentacion-europea-de-la-ull-analiza-el-debate-del-estado-de-la-union-desde-canarias\/","name":"El Centro de Documentaci\u00f3n Europea de la ULL analiza el debate del Estado de la Uni\u00f3n desde Canarias - ULL - Noticias","isPartOf":{"@id":"https:\/\/www.ull.es\/portal\/noticias\/#website"},"datePublished":"2020-09-15T11:16:05+00:00","dateModified":"2020-09-21T14:00:04+00:00","author":{"@id":"https:\/\/www.ull.es\/portal\/noticias\/#\/schema\/person\/b2b1a89d43ffa609e591f7df8ef3e817"},"breadcrumb":{"@id":"https:\/\/www.ull.es\/portal\/noticias\/2020\/el-centro-de-documentacion-europea-de-la-ull-analiza-el-debate-del-estado-de-la-union-desde-canarias\/#breadcrumb"},"inLanguage":"es","potentialAction":[{"@type":"ReadAction","target":["https:\/\/www.ull.es\/portal\/noticias\/2020\/el-centro-de-documentacion-europea-de-la-ull-analiza-el-debate-del-estado-de-la-union-desde-canarias\/"]}]},{"@type":"BreadcrumbList","@id":"https:\/\/www.ull.es\/portal\/noticias\/2020\/el-centro-de-documentacion-europea-de-la-ull-analiza-el-debate-del-estado-de-la-union-desde-canarias\/#breadcrumb","itemListElement":[{"@type":"ListItem","position":1,"name":"Portada","item":"https:\/\/www.ull.es\/portal\/noticias\/"},{"@type":"ListItem","position":2,"name":"El Centro de Documentaci\u00f3n Europea de la ULL analiza el debate del Estado de la Uni\u00f3n desde Canarias"}]},{"@type":"WebSite","@id":"https:\/\/www.ull.es\/portal\/noticias\/#website","url":"https:\/\/www.ull.es\/portal\/noticias\/","name":"ULL - Noticias","description":"","potentialAction":[{"@type":"SearchAction","target":{"@type":"EntryPoint","urlTemplate":"https:\/\/www.ull.es\/portal\/noticias\/?s={search_term_string}"},"query-input":"required name=search_term_string"}],"inLanguage":"es"},{"@type":"Person","@id":"https:\/\/www.ull.es\/portal\/noticias\/#\/schema\/person\/b2b1a89d43ffa609e591f7df8ef3e817","name":"gaprsa","image":{"@type":"ImageObject","inLanguage":"es","@id":"https:\/\/www.ull.es\/portal\/noticias\/#\/schema\/person\/image\/","url":"https:\/\/secure.gravatar.com\/avatar\/443820550921091458b4823867723b3d?s=96&d=mm&r=g","contentUrl":"https:\/\/secure.gravatar.com\/avatar\/443820550921091458b4823867723b3d?s=96&d=mm&r=g","caption":"gaprsa"},"url":"https:\/\/www.ull.es\/portal\/noticias\/author\/gaprsa\/"}]}},"primary_category":{"id":348,"name":"Instituci\u00f3n","slug":"institucion","link":"https:\/\/www.ull.es\/portal\/noticias\/category\/institucion\/"},"featured_image_thumbnail_url":"https:\/\/www.ull.es\/portal\/noticias\/wp-content\/uploads\/sites\/13\/2020\/09\/centro-documentacion-europea-300x150.jpg","_links":{"self":[{"href":"https:\/\/www.ull.es\/portal\/noticias\/wp-json\/wp\/v2\/posts\/51913"}],"collection":[{"href":"https:\/\/www.ull.es\/portal\/noticias\/wp-json\/wp\/v2\/posts"}],"about":[{"href":"https:\/\/www.ull.es\/portal\/noticias\/wp-json\/wp\/v2\/types\/post"}],"author":[{"embeddable":true,"href":"https:\/\/www.ull.es\/portal\/noticias\/wp-json\/wp\/v2\/users\/23"}],"replies":[{"embeddable":true,"href":"https:\/\/www.ull.es\/portal\/noticias\/wp-json\/wp\/v2\/comments?post=51913"}],"version-history":[{"count":1,"href":"https:\/\/www.ull.es\/portal\/noticias\/wp-json\/wp\/v2\/posts\/51913\/revisions"}],"predecessor-version":[{"id":51914,"href":"https:\/\/www.ull.es\/portal\/noticias\/wp-json\/wp\/v2\/posts\/51913\/revisions\/51914"}],"wp:featuredmedia":[{"embeddable":true,"href":"https:\/\/www.ull.es\/portal\/noticias\/wp-json\/wp\/v2\/media\/51915"}],"wp:attachment":[{"href":"https:\/\/www.ull.es\/portal\/noticias\/wp-json\/wp\/v2\/media?parent=51913"}],"wp:term":[{"taxonomy":"category","embeddable":true,"href":"https:\/\/www.ull.es\/portal\/noticias\/wp-json\/wp\/v2\/categories?post=51913"},{"taxonomy":"post_tag","embeddable":true,"href":"https:\/\/www.ull.es\/portal\/noticias\/wp-json\/wp\/v2\/tags?post=51913"}],"curies":[{"name":"wp","href":"https:\/\/api.w.org\/{rel}","templated":true}]}}