{"id":51928,"date":"2020-09-16T12:44:54","date_gmt":"2020-09-16T12:44:54","guid":{"rendered":"https:\/\/www.ull.es\/portal\/noticias\/?p=51928"},"modified":"2020-09-16T12:52:33","modified_gmt":"2020-09-16T12:52:33","slug":"la-ull-pone-en-marcha-sus-programas-online-para-alumnado-de-altas-capacidades-en-diferentes-etapas-educativas","status":"publish","type":"post","link":"https:\/\/www.ull.es\/portal\/noticias\/2020\/la-ull-pone-en-marcha-sus-programas-online-para-alumnado-de-altas-capacidades-en-diferentes-etapas-educativas\/","title":{"rendered":"La ULL pone en marcha sus programas online para alumnado de altas capacidades"},"content":{"rendered":"<p>La nueva normalidad supone un reto para la atenci\u00f3n a la diversidad del colectivo con necesidades espec\u00edficas de apoyo educativo por altas capacidades intelectuales. Desde la Universidad de La Laguna, el equipo de profesionales dirigidos por la catedr\u00e1tica \u00c1frica Borges del Rosal, inicia una nueva edici\u00f3n online de los tres programas de enriquecimiento que pensado para este colectivo de estudiantes.<\/p>\n<p>As\u00ed, el pr\u00f3ximo mes de octubre arranca el Programa Integral para Altas Capacidades, dirigido al alumnado de Educaci\u00f3n Primaria y Secundaria, agrupado en cinco niveles, con edades comprendidas entre los 4 y 14 a\u00f1os. Este programa extraescolar contempla el desarrollo integral en los \u00e1mbitos cognitivo, socioafectivo y del comportamiento, estimula los intereses intelectuales de los mayores hacia el mundo laboral y, adem\u00e1s, aporta herramientas educativas a las familias. Puesto en marcha por el Grupo de Investigaci\u00f3n Aplicada en Ciencias del Comportamiento (GIACCo) y organizado por la Asociaci\u00f3n para el Desarrollo Integral de Personas con Altas Capacidades, se desarrolla entre octubre y junio de forma quincenal y este a\u00f1o, en formato digital<em>.<\/em><\/p>\n<p>Octubre es tambi\u00e9n el mes de inicio de ATENEA, un programa pionero en el \u00e1mbito nacional y espec\u00edfico para alumnado universitario de altas capacidades, que se desarrolla bajo la direcci\u00f3n del Vicerrectorado de Estudiantes, Empleabilidad y Campus Guajara, GIACCo y Comparte. Su objetivo es la motivaci\u00f3n de este alumnado e iniciarles en la investigaci\u00f3n. En esta edici\u00f3n se impartir\u00e1n conferencias online, aunque tambi\u00e9n actividades al aire libre en grupos reducidos, siguiendo los protocolos de seguridad, entre otras.<\/p>\n<p>Ya en el mes de diciembre se pondr\u00e1 en marcha el Programa de Mentor\u00edas Comparte-ULL, cuyo objetivo es impulsar vocaciones en diferentes \u00e1reas de conocimiento, poniendo en contacto a los doctorandos con ni\u00f1os y ni\u00f1as de Educaci\u00f3n Primaria y Secundaria de altas capacidades intelectuales. Se trata de talleres mensuales sobre las tem\u00e1ticas de sus tesis doctorales, expuestas de forma atractiva, asesorados por expertos en altas capacidades intelectuales y adaptada a las distintas franjas de edad. Esta edici\u00f3n online est\u00e1 dise\u00f1ada para realizar experimentos, v\u00eddeos, exposiciones, webquest<em>,<\/em> etc., desde casa. Son actividades gratuitas en colaboraci\u00f3n con la Escuela de Doctorado y Estudios de Posgrado de la Universidad de La Laguna, la Asociaci\u00f3n de Altas Capacidades Intelectuales de Canarias y GIACCo.<\/p>\n<p>Favorecer el desarrollo integral es un compromiso adquirido en la Agenda 2030, con el prop\u00f3sito de lograr una educaci\u00f3n de calidad, lo que tambi\u00e9n incluye a aqu\u00e9llos que tienen una necesidad espec\u00edfica de apoyo educativo. Tambi\u00e9n desde las altas capacidades intelectuales.<\/p>\n","protected":false},"excerpt":{"rendered":"<p>La nueva normalidad supone un reto para la atenci\u00f3n a la diversidad del colectivo con necesidades espec\u00edficas de apoyo educativo&#8230;<\/p>\n","protected":false},"author":67,"featured_media":51929,"comment_status":"closed","ping_status":"closed","sticky":false,"template":"","format":"standard","meta":{"inline_featured_image":false,"footnotes":""},"categories":[345,350,2765],"tags":[],"acf":[],"yoast_head":"<!-- This site is optimized with the Yoast SEO plugin v21.3 - https:\/\/yoast.com\/wordpress\/plugins\/seo\/ -->\n<title>La ULL pone en marcha sus programas online para alumnado de altas capacidades - ULL - Noticias<\/title>\n<meta name=\"description\" content=\"La nueva normalidad supone un reto para la atenci\u00f3n a la diversidad del colectivo con necesidades espec\u00edficas de apoyo educativo por altas capacidades intelectuales. Desde la Universidad de La Laguna, el equipo de profesionales dirigidos por la catedr\u00e1tica \u00c1frica Borges del Rosal, inicia una nueva edici\u00f3n online de los tres programas de enriquecimiento que pensado para este colectivo de estudiantes.\" \/>\n<meta name=\"robots\" content=\"index, follow, max-snippet:-1, max-image-preview:large, max-video-preview:-1\" \/>\n<link rel=\"canonical\" href=\"https:\/\/www.ull.es\/portal\/noticias\/2020\/la-ull-pone-en-marcha-sus-programas-online-para-alumnado-de-altas-capacidades-en-diferentes-etapas-educativas\/\" \/>\n<meta property=\"og:locale\" content=\"es_ES\" \/>\n<meta property=\"og:type\" content=\"article\" \/>\n<meta property=\"og:title\" content=\"La ULL pone en marcha sus programas online para alumnado de altas capacidades - ULL - Noticias\" \/>\n<meta property=\"og:description\" content=\"La nueva normalidad supone un reto para la atenci\u00f3n a la diversidad del colectivo con necesidades espec\u00edficas de apoyo educativo por altas capacidades intelectuales. Desde la Universidad de La Laguna, el equipo de profesionales dirigidos por la catedr\u00e1tica \u00c1frica Borges del Rosal, inicia una nueva edici\u00f3n online de los tres programas de enriquecimiento que pensado para este colectivo de estudiantes.\" \/>\n<meta property=\"og:url\" content=\"https:\/\/www.ull.es\/portal\/noticias\/2020\/la-ull-pone-en-marcha-sus-programas-online-para-alumnado-de-altas-capacidades-en-diferentes-etapas-educativas\/\" \/>\n<meta property=\"og:site_name\" content=\"ULL - Noticias\" \/>\n<meta property=\"article:publisher\" content=\"https:\/\/www.facebook.com\/universidaddelalaguna\/\" \/>\n<meta property=\"article:published_time\" content=\"2020-09-16T12:44:54+00:00\" \/>\n<meta property=\"article:modified_time\" content=\"2020-09-16T12:52:33+00:00\" \/>\n<meta property=\"og:image\" content=\"https:\/\/www.ull.es\/portal\/noticias\/wp-content\/uploads\/sites\/13\/2020\/09\/foto-altas-capacidades.jpg\" \/>\n\t<meta property=\"og:image:width\" content=\"1200\" \/>\n\t<meta property=\"og:image:height\" content=\"800\" \/>\n\t<meta property=\"og:image:type\" content=\"image\/jpeg\" \/>\n<meta name=\"author\" content=\"gcom5\" \/>\n<meta name=\"twitter:card\" content=\"summary_large_image\" \/>\n<meta name=\"twitter:creator\" content=\"@CanalULL\" \/>\n<meta name=\"twitter:site\" content=\"@CanalULL\" \/>\n<meta name=\"twitter:label1\" content=\"Escrito por\" \/>\n\t<meta name=\"twitter:data1\" content=\"gcom5\" \/>\n\t<meta name=\"twitter:label2\" content=\"Tiempo de lectura\" \/>\n\t<meta name=\"twitter:data2\" content=\"2 minutos\" \/>\n<script type=\"application\/ld+json\" class=\"yoast-schema-graph\">{\"@context\":\"https:\/\/schema.org\",\"@graph\":[{\"@type\":\"WebPage\",\"@id\":\"https:\/\/www.ull.es\/portal\/noticias\/2020\/la-ull-pone-en-marcha-sus-programas-online-para-alumnado-de-altas-capacidades-en-diferentes-etapas-educativas\/\",\"url\":\"https:\/\/www.ull.es\/portal\/noticias\/2020\/la-ull-pone-en-marcha-sus-programas-online-para-alumnado-de-altas-capacidades-en-diferentes-etapas-educativas\/\",\"name\":\"La ULL pone en marcha sus programas online para alumnado de altas capacidades - ULL - Noticias\",\"isPartOf\":{\"@id\":\"https:\/\/www.ull.es\/portal\/noticias\/#website\"},\"datePublished\":\"2020-09-16T12:44:54+00:00\",\"dateModified\":\"2020-09-16T12:52:33+00:00\",\"author\":{\"@id\":\"https:\/\/www.ull.es\/portal\/noticias\/#\/schema\/person\/8027c6c4687adc2c90dc1532715d34df\"},\"description\":\"La nueva normalidad supone un reto para la atenci\u00f3n a la diversidad del colectivo con necesidades espec\u00edficas de apoyo educativo por altas capacidades intelectuales. Desde la Universidad de La Laguna, el equipo de profesionales dirigidos por la catedr\u00e1tica \u00c1frica Borges del Rosal, inicia una nueva edici\u00f3n online de los tres programas de enriquecimiento que pensado para este colectivo de estudiantes.\",\"breadcrumb\":{\"@id\":\"https:\/\/www.ull.es\/portal\/noticias\/2020\/la-ull-pone-en-marcha-sus-programas-online-para-alumnado-de-altas-capacidades-en-diferentes-etapas-educativas\/#breadcrumb\"},\"inLanguage\":\"es\",\"potentialAction\":[{\"@type\":\"ReadAction\",\"target\":[\"https:\/\/www.ull.es\/portal\/noticias\/2020\/la-ull-pone-en-marcha-sus-programas-online-para-alumnado-de-altas-capacidades-en-diferentes-etapas-educativas\/\"]}]},{\"@type\":\"BreadcrumbList\",\"@id\":\"https:\/\/www.ull.es\/portal\/noticias\/2020\/la-ull-pone-en-marcha-sus-programas-online-para-alumnado-de-altas-capacidades-en-diferentes-etapas-educativas\/#breadcrumb\",\"itemListElement\":[{\"@type\":\"ListItem\",\"position\":1,\"name\":\"Portada\",\"item\":\"https:\/\/www.ull.es\/portal\/noticias\/\"},{\"@type\":\"ListItem\",\"position\":2,\"name\":\"La ULL pone en marcha sus programas online para alumnado de altas capacidades\"}]},{\"@type\":\"WebSite\",\"@id\":\"https:\/\/www.ull.es\/portal\/noticias\/#website\",\"url\":\"https:\/\/www.ull.es\/portal\/noticias\/\",\"name\":\"ULL - Noticias\",\"description\":\"\",\"potentialAction\":[{\"@type\":\"SearchAction\",\"target\":{\"@type\":\"EntryPoint\",\"urlTemplate\":\"https:\/\/www.ull.es\/portal\/noticias\/?s={search_term_string}\"},\"query-input\":\"required name=search_term_string\"}],\"inLanguage\":\"es\"},{\"@type\":\"Person\",\"@id\":\"https:\/\/www.ull.es\/portal\/noticias\/#\/schema\/person\/8027c6c4687adc2c90dc1532715d34df\",\"name\":\"gcom5\",\"image\":{\"@type\":\"ImageObject\",\"inLanguage\":\"es\",\"@id\":\"https:\/\/www.ull.es\/portal\/noticias\/#\/schema\/person\/image\/\",\"url\":\"https:\/\/secure.gravatar.com\/avatar\/8b3777f8048001fa57b88338ce5605b9?s=96&d=mm&r=g\",\"contentUrl\":\"https:\/\/secure.gravatar.com\/avatar\/8b3777f8048001fa57b88338ce5605b9?s=96&d=mm&r=g\",\"caption\":\"gcom5\"},\"url\":\"https:\/\/www.ull.es\/portal\/noticias\/author\/gcom5\/\"}]}<\/script>\n<!-- \/ Yoast SEO plugin. -->","yoast_head_json":{"title":"La ULL pone en marcha sus programas online para alumnado de altas capacidades - ULL - Noticias","description":"La nueva normalidad supone un reto para la atenci\u00f3n a la diversidad del colectivo con necesidades espec\u00edficas de apoyo educativo por altas capacidades intelectuales. Desde la Universidad de La Laguna, el equipo de profesionales dirigidos por la catedr\u00e1tica \u00c1frica Borges del Rosal, inicia una nueva edici\u00f3n online de los tres programas de enriquecimiento que pensado para este colectivo de estudiantes.","robots":{"index":"index","follow":"follow","max-snippet":"max-snippet:-1","max-image-preview":"max-image-preview:large","max-video-preview":"max-video-preview:-1"},"canonical":"https:\/\/www.ull.es\/portal\/noticias\/2020\/la-ull-pone-en-marcha-sus-programas-online-para-alumnado-de-altas-capacidades-en-diferentes-etapas-educativas\/","og_locale":"es_ES","og_type":"article","og_title":"La ULL pone en marcha sus programas online para alumnado de altas capacidades - ULL - Noticias","og_description":"La nueva normalidad supone un reto para la atenci\u00f3n a la diversidad del colectivo con necesidades espec\u00edficas de apoyo educativo por altas capacidades intelectuales. Desde la Universidad de La Laguna, el equipo de profesionales dirigidos por la catedr\u00e1tica \u00c1frica Borges del Rosal, inicia una nueva edici\u00f3n online de los tres programas de enriquecimiento que pensado para este colectivo de estudiantes.","og_url":"https:\/\/www.ull.es\/portal\/noticias\/2020\/la-ull-pone-en-marcha-sus-programas-online-para-alumnado-de-altas-capacidades-en-diferentes-etapas-educativas\/","og_site_name":"ULL - Noticias","article_publisher":"https:\/\/www.facebook.com\/universidaddelalaguna\/","article_published_time":"2020-09-16T12:44:54+00:00","article_modified_time":"2020-09-16T12:52:33+00:00","og_image":[{"width":1200,"height":800,"url":"https:\/\/www.ull.es\/portal\/noticias\/wp-content\/uploads\/sites\/13\/2020\/09\/foto-altas-capacidades.jpg","type":"image\/jpeg"}],"author":"gcom5","twitter_card":"summary_large_image","twitter_creator":"@CanalULL","twitter_site":"@CanalULL","twitter_misc":{"Escrito por":"gcom5","Tiempo de lectura":"2 minutos"},"schema":{"@context":"https:\/\/schema.org","@graph":[{"@type":"WebPage","@id":"https:\/\/www.ull.es\/portal\/noticias\/2020\/la-ull-pone-en-marcha-sus-programas-online-para-alumnado-de-altas-capacidades-en-diferentes-etapas-educativas\/","url":"https:\/\/www.ull.es\/portal\/noticias\/2020\/la-ull-pone-en-marcha-sus-programas-online-para-alumnado-de-altas-capacidades-en-diferentes-etapas-educativas\/","name":"La ULL pone en marcha sus programas online para alumnado de altas capacidades - ULL - Noticias","isPartOf":{"@id":"https:\/\/www.ull.es\/portal\/noticias\/#website"},"datePublished":"2020-09-16T12:44:54+00:00","dateModified":"2020-09-16T12:52:33+00:00","author":{"@id":"https:\/\/www.ull.es\/portal\/noticias\/#\/schema\/person\/8027c6c4687adc2c90dc1532715d34df"},"description":"La nueva normalidad supone un reto para la atenci\u00f3n a la diversidad del colectivo con necesidades espec\u00edficas de apoyo educativo por altas capacidades intelectuales. Desde la Universidad de La Laguna, el equipo de profesionales dirigidos por la catedr\u00e1tica \u00c1frica Borges del Rosal, inicia una nueva edici\u00f3n online de los tres programas de enriquecimiento que pensado para este colectivo de estudiantes.","breadcrumb":{"@id":"https:\/\/www.ull.es\/portal\/noticias\/2020\/la-ull-pone-en-marcha-sus-programas-online-para-alumnado-de-altas-capacidades-en-diferentes-etapas-educativas\/#breadcrumb"},"inLanguage":"es","potentialAction":[{"@type":"ReadAction","target":["https:\/\/www.ull.es\/portal\/noticias\/2020\/la-ull-pone-en-marcha-sus-programas-online-para-alumnado-de-altas-capacidades-en-diferentes-etapas-educativas\/"]}]},{"@type":"BreadcrumbList","@id":"https:\/\/www.ull.es\/portal\/noticias\/2020\/la-ull-pone-en-marcha-sus-programas-online-para-alumnado-de-altas-capacidades-en-diferentes-etapas-educativas\/#breadcrumb","itemListElement":[{"@type":"ListItem","position":1,"name":"Portada","item":"https:\/\/www.ull.es\/portal\/noticias\/"},{"@type":"ListItem","position":2,"name":"La ULL pone en marcha sus programas online para alumnado de altas capacidades"}]},{"@type":"WebSite","@id":"https:\/\/www.ull.es\/portal\/noticias\/#website","url":"https:\/\/www.ull.es\/portal\/noticias\/","name":"ULL - Noticias","description":"","potentialAction":[{"@type":"SearchAction","target":{"@type":"EntryPoint","urlTemplate":"https:\/\/www.ull.es\/portal\/noticias\/?s={search_term_string}"},"query-input":"required name=search_term_string"}],"inLanguage":"es"},{"@type":"Person","@id":"https:\/\/www.ull.es\/portal\/noticias\/#\/schema\/person\/8027c6c4687adc2c90dc1532715d34df","name":"gcom5","image":{"@type":"ImageObject","inLanguage":"es","@id":"https:\/\/www.ull.es\/portal\/noticias\/#\/schema\/person\/image\/","url":"https:\/\/secure.gravatar.com\/avatar\/8b3777f8048001fa57b88338ce5605b9?s=96&d=mm&r=g","contentUrl":"https:\/\/secure.gravatar.com\/avatar\/8b3777f8048001fa57b88338ce5605b9?s=96&d=mm&r=g","caption":"gcom5"},"url":"https:\/\/www.ull.es\/portal\/noticias\/author\/gcom5\/"}]}},"primary_category":{"id":345,"name":"Destacado","slug":"destacado","link":"https:\/\/www.ull.es\/portal\/noticias\/category\/destacado\/"},"featured_image_thumbnail_url":"https:\/\/www.ull.es\/portal\/noticias\/wp-content\/uploads\/sites\/13\/2020\/09\/foto-altas-capacidades-300x200.jpg","_links":{"self":[{"href":"https:\/\/www.ull.es\/portal\/noticias\/wp-json\/wp\/v2\/posts\/51928"}],"collection":[{"href":"https:\/\/www.ull.es\/portal\/noticias\/wp-json\/wp\/v2\/posts"}],"about":[{"href":"https:\/\/www.ull.es\/portal\/noticias\/wp-json\/wp\/v2\/types\/post"}],"author":[{"embeddable":true,"href":"https:\/\/www.ull.es\/portal\/noticias\/wp-json\/wp\/v2\/users\/67"}],"replies":[{"embeddable":true,"href":"https:\/\/www.ull.es\/portal\/noticias\/wp-json\/wp\/v2\/comments?post=51928"}],"version-history":[{"count":2,"href":"https:\/\/www.ull.es\/portal\/noticias\/wp-json\/wp\/v2\/posts\/51928\/revisions"}],"predecessor-version":[{"id":51932,"href":"https:\/\/www.ull.es\/portal\/noticias\/wp-json\/wp\/v2\/posts\/51928\/revisions\/51932"}],"wp:featuredmedia":[{"embeddable":true,"href":"https:\/\/www.ull.es\/portal\/noticias\/wp-json\/wp\/v2\/media\/51929"}],"wp:attachment":[{"href":"https:\/\/www.ull.es\/portal\/noticias\/wp-json\/wp\/v2\/media?parent=51928"}],"wp:term":[{"taxonomy":"category","embeddable":true,"href":"https:\/\/www.ull.es\/portal\/noticias\/wp-json\/wp\/v2\/categories?post=51928"},{"taxonomy":"post_tag","embeddable":true,"href":"https:\/\/www.ull.es\/portal\/noticias\/wp-json\/wp\/v2\/tags?post=51928"}],"curies":[{"name":"wp","href":"https:\/\/api.w.org\/{rel}","templated":true}]}}