{"id":52067,"date":"2020-09-21T13:42:14","date_gmt":"2020-09-21T13:42:14","guid":{"rendered":"https:\/\/www.ull.es\/portal\/noticias\/?p=52067"},"modified":"2020-09-22T08:53:16","modified_gmt":"2020-09-22T08:53:16","slug":"ull-y-gobierno-renuevan-apuesta-innovacion-empresarial","status":"publish","type":"post","link":"https:\/\/www.ull.es\/portal\/noticias\/2020\/ull-y-gobierno-renuevan-apuesta-innovacion-empresarial\/","title":{"rendered":"La ULL y el Gobierno de Canarias renuevan su apuesta por la innovaci\u00f3n en el \u00e1mbito empresarial"},"content":{"rendered":"<p>La nueva edici\u00f3n del programa Gesti\u00f3n de la Innovaci\u00f3n que desarrolla la Universidad de La Laguna, financiado por el Gobierno de Canarias, fie presentad ayer, lunes 21 de septiembre, en rueda de prensa. El encuentro se presenta como una oportunidad irrenunciable tanto para profesionales que quieran mejorar sus expectativas profesionales como para empresas que busquen incorporar procesos de innovaci\u00f3n y mejorar la competitividad.<\/p>\n<p>La cita para este acto de presentaci\u00f3n fue en la facultad de Bellas Artes, donde la rectora de la Universidad de La Laguna, Rosa Aguilar, la consejera de Econom\u00eda, Conocimiento y Empleo, Elena M\u00e1\u00f1ez, y el director de la Agencia Canaria de Investigaci\u00f3n, Innovaci\u00f3n y Sociedad de la Innovaci\u00f3n del Gobierno de Canarias (ACIISI), Carlos Navarro, resaltaron la importancia de programas en los que se ofrezca, de forma gratuita, la oportunidad de innovar en el tejido productivo del Archipi\u00e9lago.<\/p>\n<p>La gesti\u00f3n de la innovaci\u00f3n, la transformaci\u00f3n digital y la transferencia y valorizaci\u00f3n del conocimiento se han puesto de relevancia en estos \u00faltimos meses m\u00e1s que nunca en la historia del desarrollo e impulso empresarial. La pandemia ha revelado qu\u00e9 empresas y profesionales estaban preparadas para el futuro y las carencias de aquellas que a\u00fan no hab\u00edan entendido la necesidad de aplicar avances tecnol\u00f3gicos en sus procesos de producci\u00f3n, distribuci\u00f3n, conocimiento&#8230;<\/p>\n<p>Rosa Aguilar quiso hacer hincapi\u00e9 en el hecho de que innovar no se hace en un solo momento para un problema concreto, tiene que ser un continuo y, fundamentalmente, es una cuesti\u00f3n de actitud. \u201cCon este programa, de cursos eminentemente pr\u00e1cticos, tratamos de transmitir esa actitud de innovaci\u00f3n a personas egresadas, estudiantes y personas demandantes de empleo\u201d.<\/p>\n<p>Carlos Navarro, por su parte, quiso dirigirse a las personas que se forman en innovaci\u00f3n y a las empresas \u201cAunque los destinatarios y destinatarias de este programa son j\u00f3venes, el provecho final es de las empresas que puedan contratarlos porque permite la extensi\u00f3n de la cultura de innovaci\u00f3n en un archipi\u00e9lago en el que estamos lejos de tener un nivel europeo. Quiero decir a los y las alumnas de este programa que tienen una gran responsabilidad y esperamos mucho de ellos, porque esto no es un curso m\u00e1s, a partir de ahora pertenecer\u00e1n a un colectivo destinado a cambiar Canarias\u201d.<\/p>\n<p>M\u00e1\u00f1ez defini\u00f3 Gesti\u00f3n de la Innovaci\u00f3n como \u201cun programa clave y estrat\u00e9gico\u201d para su consejer\u00eda. \u201cCanarias viene arrastrando d\u00e9ficits muy importantes, en I+D+i y estamos muy lejos de converger con los par\u00e1metros europeos, por lo que para salir de esta crisis es clave formar a personas capacitadas en innovaci\u00f3n y conocimiento que van a invertir todo ese aprendizaje en la transformaci\u00f3n del tejido productivo, pymes, micropymes y aut\u00f3nomos que son la base de toda la econom\u00eda de Canarias\u201d, explic\u00f3 la consejera. \u201cNo solamente se trata de mantener el tejido productivo sustent\u00e1ndolo en los fondos p\u00fablicos en estos tiempos de crisis, sino de apoyar en este tr\u00e1nsito a que este tejido productivo llegue fuerte y preparado al futuro y que est\u00e9 en las mejores condiciones para salir adelante\u201d, finaliz\u00f3.<\/p>\n<p><strong>Programa de gesti\u00f3n de la innovaci\u00f3n<\/strong><\/p>\n<p>La Consejer\u00eda de Econom\u00eda, Conocimiento y Empleo, a trav\u00e9s de la Agencia Canaria de Investigaci\u00f3n, Innovaci\u00f3n y Sociedad de la Informaci\u00f3n (ACIISI), resolvi\u00f3 el pasado 28 de julio la convocatoria de subvenciones destinadas a la Formaci\u00f3n de Gestores de la Innovaci\u00f3n, dotada con un presupuesto total de 800.000 euros que duplican la cuant\u00eda destinada en la anterior edici\u00f3n. Estas ayudas se abonaron de manera anticipada, el pasado 12 de agosto, a las dos entidades beneficiarias: 400.000 euros destinados a la Fundaci\u00f3n General Universidad de La Laguna y otros 400.000 a la Fundaci\u00f3n Universitaria de Las Palmas, que tambi\u00e9n desarrolla su propio programa.<\/p>\n<p>Gesti\u00f3n de la Innovaci\u00f3n es, fundamentalmente, un programa de actividades formativas, con un fuerte componente pr\u00e1ctico, de manera que quienes se beneficien de \u00e9l puedan contribuir de forma decisiva al aumento de la competitividad de la econom\u00eda canaria a trav\u00e9s de la innovaci\u00f3n. Las personas interesadas en este proyecto pueden ponerse en contacto con el Programa GDI a trav\u00e9s del correo electr\u00f3nico\u00a0<a href=\"mailto:gdi@fg.ull.es\" target=\"_blank\" rel=\"noopener\">gdi@fg.ull.es<\/a> o realizar el formulario de contacto de su <a href=\"https:\/\/fg.ull.es\/portal\/gdi\/\" target=\"_blank\" rel=\"noopener\">p\u00e1gina web<\/a>.<\/p>\n<p>El programa est\u00e1 estructurado en 3 niveles formativos. Cada m\u00f3dulo impartido en cada uno de los niveles tiene una estimaci\u00f3n de 10 horas de formaci\u00f3n. Es preciso la realizaci\u00f3n de los niveles precedentes para acceder al nivel siguiente.<\/p>\n<p>Esta es la quinta edici\u00f3n y, de forma novedosa, adem\u00e1s de los cursos y niveles impartidos cada a\u00f1o, se est\u00e1 trabajando para crear dos nuevos cursos de nivel 0 en transformaci\u00f3n digital, destinados a mejorar las competencias digitales de uso diario.<\/p>\n<p>La formaci\u00f3n <em>online<\/em> ha experimentado un crecimiento sin precedentes en los \u00faltimos meses debido al confinamiento, y esta quinta edici\u00f3n del Programa Gesti\u00f3n de la Innovaci\u00f3n (GDI) tambi\u00e9n ofrecer\u00e1 todas sus formaciones en un formato 100% <em>online<\/em> y gratuito para participantes residentes en Canarias. Alumnado y profesorado podr\u00e1n interactuar a trav\u00e9s de las plataformas digitales.<\/p>\n<p>Estos cursos ofrecen una gran oportunidad para ampliar el conocimiento en materia de innovaci\u00f3n y transformaci\u00f3n digital. Las acciones formativas est\u00e1n dirigidas a estudiantes de formaci\u00f3n superior o personas tituladas inscritas como demandantes de empleo, as\u00ed como personas empleadas inscritas en el SCE para mejora de empleo. La formaci\u00f3n, de car\u00e1cter gratuita, est\u00e1 orientada hacia la obtenci\u00f3n por parte del alumnado de los conocimientos necesarios para identificar, desarrollar, gestionar y liderar proyectos de innovaci\u00f3n.<\/p>\n<p>GDI cuenta adem\u00e1s con la participaci\u00f3n de empresas y grupos de investigaci\u00f3n, para que el alumnado que haya superado todos los niveles pueda realizar pr\u00e1cticas formativas remuneradas.<\/p>\n<p>El programa de Gesti\u00f3n de la Innovaci\u00f3n est\u00e1 financiado por la Agencia Canaria de Investigaci\u00f3n, Innovaci\u00f3n y Sociedad de la Innovaci\u00f3n del Gobierno de Canarias, y la cofinanciaci\u00f3n, en un 85%, del Fondo Social Europeo (FSE), en los t\u00e9rminos establecidos en el Programa Operativo de Canarias 2014-2020 (Eje prioritario 1, Objetivo tem\u00e1tico 8, Prioridad de inversi\u00f3n 8.1, Objetivo espec\u00edfico 8.1.2).<\/p>\n<p>La pasada edici\u00f3n de 2019 supuso todo un \u00e9xito: Se impartieron 23 cursos en modalidad semipresencial, formando a un total de 461 personas; se lograron 950 acreditaciones entre las distintas formaciones y niveles y 16 personas de los distintos niveles formativos realizaron la formaci\u00f3n pr\u00e1ctica en empresas y grupos de investigaci\u00f3n.<\/p>\n<p>Este a\u00f1o se prev\u00e9 alcanzar m\u00e1s de 400 personas formadas de manera <em>online<\/em> en las tres l\u00edneas formativas que ofrece el Programa: Gesti\u00f3n de la Innovaci\u00f3n, Transformaci\u00f3n Digital y Transferencia y Valorizaci\u00f3n del conocimiento:<\/p>\n<ul>\n<li>Gesti\u00f3n de la Innovaci\u00f3n: el alumnado aprender\u00e1 a identificar nuevas oportunidades de negocio, dise\u00f1ar nuevos productos y servicios, aprender a gestionar proyectos de I+D+i,\u2026 Sus tres niveles son: Promoci\u00f3n (N1), Gesti\u00f3n (N2) y Consultor\u00eda (N3).<\/li>\n<li>Transformaci\u00f3n Digital: los participantes de estos cursos adquieren los conocimientos que son tendencia y que demandan las empresas para afrontar los retos de un futuro que es hoy; las nuevas tecnolog\u00edas al servicio de la transformaci\u00f3n digital de las organizaciones. Sus niveles son: Promoci\u00f3n (N1), Gesti\u00f3n\u00a0(N2) y Consultor\u00eda (N3).<\/li>\n<li>Transferencia y Valorizaci\u00f3n: aprender\u00e1n a transferir y valorar el conocimiento generado por la investigaci\u00f3n y su aplicaci\u00f3n al tejido productivo como otra forma de innovaci\u00f3n que genera riqueza y empleo.<\/li>\n<\/ul>\n<p>Adem\u00e1s de estos 3 niveles formativos y los nuevos cursos en desarrollo de nivel 0 en transformaci\u00f3n digital, tambi\u00e9n se ofertar\u00e1n plazas para el nivel de Experto\/a Digital, centrado en 4 itinerarios de 50 horas cada uno, para especializarse en las nuevas tendencias del \u00e1mbito digital: <em>Big Data<\/em>, Comunicaci\u00f3n, <em>marketing<\/em> y comercio digital, <em>eGovernment<\/em> y <em>Smart Cities<\/em>, Gesti\u00f3n del Cambio y Liderazgo.<\/p>\n<p>El objetivo del\u00a0Programa de Formaci\u00f3n de Gesti\u00f3n de la Innovaci\u00f3n 2020 se basa en crear un ecosistema innovador en Canarias, a partir de formaciones eminentemente pr\u00e1cticas que resalten la importancia de la innovaci\u00f3n, la transformaci\u00f3n digital y la transferencia de conocimiento desde los centros de I+D hacia el tejido productivo canario para el desarrollo de una econom\u00eda m\u00e1s sostenible y competitiva.<\/p>\n<p>La primera edici\u00f3n del programa, realizada en 2016<span style=\"text-decoration: line-through\">,<\/span> terminaba con 306 personas formadas y 40 nuevos docentes acreditados. Un a\u00f1o despu\u00e9s, en 2017, se acreditaron 550 personas de las cuales 14 se beneficiaron de las pr\u00e1cticas en empresas de I+D y centros o grupos de investigaci\u00f3n. Adem\u00e1s, durante ese a\u00f1o se desarrollaron por primera vez formaciones espec\u00edficas de transformaci\u00f3n digital para 206 personas, de las cuales 14 realizaron pr\u00e1cticas en empresas. En 2018, la gran novedad de la edici\u00f3n fue la incorporaci\u00f3n del nivel Experto Digital, donde 68 personas acreditaron su nivel de experto. En 2019 se formaron un total de 461 personas y 15 personas realizaron las pr\u00e1cticas en empresas de distintas islas y en centros o grupos de investigaci\u00f3n de la ULL.<\/p>\n<p>(Nota y foto cedidas por la ACIISI)<\/p>\n","protected":false},"excerpt":{"rendered":"<p>La nueva edici\u00f3n del programa Gesti\u00f3n de la Innovaci\u00f3n que desarrolla la Universidad de La Laguna, financiado por el Gobierno&#8230;<\/p>\n","protected":false},"author":21,"featured_media":52068,"comment_status":"closed","ping_status":"closed","sticky":false,"template":"","format":"standard","meta":{"inline_featured_image":false,"footnotes":""},"categories":[345,350,2765],"tags":[376,6736,6643,5190],"acf":[],"yoast_head":"<!-- This site is optimized with the Yoast SEO plugin v21.3 - https:\/\/yoast.com\/wordpress\/plugins\/seo\/ -->\n<title>Presentado el nuevo programa de Gesti\u00f3n de la Innovaci\u00f3n<\/title>\n<meta name=\"description\" content=\"Desarrollado por la ULL con apoyo de la ACIISI, el programa incorpora procesos de innovaci\u00f3n de las empresas para mejorar su competitividad.\" \/>\n<meta name=\"robots\" content=\"index, follow, max-snippet:-1, max-image-preview:large, max-video-preview:-1\" \/>\n<link rel=\"canonical\" href=\"https:\/\/www.ull.es\/portal\/noticias\/2020\/ull-y-gobierno-renuevan-apuesta-innovacion-empresarial\/\" \/>\n<meta property=\"og:locale\" content=\"es_ES\" \/>\n<meta property=\"og:type\" content=\"article\" \/>\n<meta property=\"og:title\" content=\"Presentado el nuevo programa de Gesti\u00f3n de la Innovaci\u00f3n\" \/>\n<meta property=\"og:description\" content=\"Desarrollado por la ULL con apoyo de la ACIISI, el programa incorpora procesos de innovaci\u00f3n de las empresas para mejorar su competitividad.\" \/>\n<meta property=\"og:url\" content=\"https:\/\/www.ull.es\/portal\/noticias\/2020\/ull-y-gobierno-renuevan-apuesta-innovacion-empresarial\/\" \/>\n<meta property=\"og:site_name\" content=\"ULL - Noticias\" \/>\n<meta property=\"article:publisher\" content=\"https:\/\/www.facebook.com\/universidaddelalaguna\/\" \/>\n<meta property=\"article:published_time\" content=\"2020-09-21T13:42:14+00:00\" \/>\n<meta property=\"article:modified_time\" content=\"2020-09-22T08:53:16+00:00\" \/>\n<meta property=\"og:image\" content=\"https:\/\/www.ull.es\/portal\/noticias\/wp-content\/uploads\/sites\/13\/2020\/09\/presentacion-gestion-innovacion.jpg\" \/>\n\t<meta property=\"og:image:width\" content=\"1200\" \/>\n\t<meta property=\"og:image:height\" content=\"800\" \/>\n\t<meta property=\"og:image:type\" content=\"image\/jpeg\" \/>\n<meta name=\"author\" content=\"prensa2\" \/>\n<meta name=\"twitter:card\" content=\"summary_large_image\" \/>\n<meta name=\"twitter:creator\" content=\"@CanalULL\" \/>\n<meta name=\"twitter:site\" content=\"@CanalULL\" \/>\n<meta name=\"twitter:label1\" content=\"Escrito por\" \/>\n\t<meta name=\"twitter:data1\" content=\"prensa2\" \/>\n\t<meta name=\"twitter:label2\" content=\"Tiempo de lectura\" \/>\n\t<meta name=\"twitter:data2\" content=\"8 minutos\" \/>\n<script type=\"application\/ld+json\" class=\"yoast-schema-graph\">{\"@context\":\"https:\/\/schema.org\",\"@graph\":[{\"@type\":\"WebPage\",\"@id\":\"https:\/\/www.ull.es\/portal\/noticias\/2020\/ull-y-gobierno-renuevan-apuesta-innovacion-empresarial\/\",\"url\":\"https:\/\/www.ull.es\/portal\/noticias\/2020\/ull-y-gobierno-renuevan-apuesta-innovacion-empresarial\/\",\"name\":\"Presentado el nuevo programa de Gesti\u00f3n de la Innovaci\u00f3n\",\"isPartOf\":{\"@id\":\"https:\/\/www.ull.es\/portal\/noticias\/#website\"},\"datePublished\":\"2020-09-21T13:42:14+00:00\",\"dateModified\":\"2020-09-22T08:53:16+00:00\",\"author\":{\"@id\":\"https:\/\/www.ull.es\/portal\/noticias\/#\/schema\/person\/c3b2aa857797592927a03740d6664376\"},\"description\":\"Desarrollado por la ULL con apoyo de la ACIISI, el programa incorpora procesos de innovaci\u00f3n de las empresas para mejorar su competitividad.\",\"breadcrumb\":{\"@id\":\"https:\/\/www.ull.es\/portal\/noticias\/2020\/ull-y-gobierno-renuevan-apuesta-innovacion-empresarial\/#breadcrumb\"},\"inLanguage\":\"es\",\"potentialAction\":[{\"@type\":\"ReadAction\",\"target\":[\"https:\/\/www.ull.es\/portal\/noticias\/2020\/ull-y-gobierno-renuevan-apuesta-innovacion-empresarial\/\"]}]},{\"@type\":\"BreadcrumbList\",\"@id\":\"https:\/\/www.ull.es\/portal\/noticias\/2020\/ull-y-gobierno-renuevan-apuesta-innovacion-empresarial\/#breadcrumb\",\"itemListElement\":[{\"@type\":\"ListItem\",\"position\":1,\"name\":\"Portada\",\"item\":\"https:\/\/www.ull.es\/portal\/noticias\/\"},{\"@type\":\"ListItem\",\"position\":2,\"name\":\"La ULL y el Gobierno de Canarias renuevan su apuesta por la innovaci\u00f3n en el \u00e1mbito empresarial\"}]},{\"@type\":\"WebSite\",\"@id\":\"https:\/\/www.ull.es\/portal\/noticias\/#website\",\"url\":\"https:\/\/www.ull.es\/portal\/noticias\/\",\"name\":\"ULL - Noticias\",\"description\":\"\",\"potentialAction\":[{\"@type\":\"SearchAction\",\"target\":{\"@type\":\"EntryPoint\",\"urlTemplate\":\"https:\/\/www.ull.es\/portal\/noticias\/?s={search_term_string}\"},\"query-input\":\"required name=search_term_string\"}],\"inLanguage\":\"es\"},{\"@type\":\"Person\",\"@id\":\"https:\/\/www.ull.es\/portal\/noticias\/#\/schema\/person\/c3b2aa857797592927a03740d6664376\",\"name\":\"prensa2\",\"image\":{\"@type\":\"ImageObject\",\"inLanguage\":\"es\",\"@id\":\"https:\/\/www.ull.es\/portal\/noticias\/#\/schema\/person\/image\/\",\"url\":\"https:\/\/secure.gravatar.com\/avatar\/b58f310a5de5feb33d1e026d2493f23c?s=96&d=mm&r=g\",\"contentUrl\":\"https:\/\/secure.gravatar.com\/avatar\/b58f310a5de5feb33d1e026d2493f23c?s=96&d=mm&r=g\",\"caption\":\"prensa2\"},\"url\":\"https:\/\/www.ull.es\/portal\/noticias\/author\/prensa2\/\"}]}<\/script>\n<!-- \/ Yoast SEO plugin. -->","yoast_head_json":{"title":"Presentado el nuevo programa de Gesti\u00f3n de la Innovaci\u00f3n","description":"Desarrollado por la ULL con apoyo de la ACIISI, el programa incorpora procesos de innovaci\u00f3n de las empresas para mejorar su competitividad.","robots":{"index":"index","follow":"follow","max-snippet":"max-snippet:-1","max-image-preview":"max-image-preview:large","max-video-preview":"max-video-preview:-1"},"canonical":"https:\/\/www.ull.es\/portal\/noticias\/2020\/ull-y-gobierno-renuevan-apuesta-innovacion-empresarial\/","og_locale":"es_ES","og_type":"article","og_title":"Presentado el nuevo programa de Gesti\u00f3n de la Innovaci\u00f3n","og_description":"Desarrollado por la ULL con apoyo de la ACIISI, el programa incorpora procesos de innovaci\u00f3n de las empresas para mejorar su competitividad.","og_url":"https:\/\/www.ull.es\/portal\/noticias\/2020\/ull-y-gobierno-renuevan-apuesta-innovacion-empresarial\/","og_site_name":"ULL - Noticias","article_publisher":"https:\/\/www.facebook.com\/universidaddelalaguna\/","article_published_time":"2020-09-21T13:42:14+00:00","article_modified_time":"2020-09-22T08:53:16+00:00","og_image":[{"width":1200,"height":800,"url":"https:\/\/www.ull.es\/portal\/noticias\/wp-content\/uploads\/sites\/13\/2020\/09\/presentacion-gestion-innovacion.jpg","type":"image\/jpeg"}],"author":"prensa2","twitter_card":"summary_large_image","twitter_creator":"@CanalULL","twitter_site":"@CanalULL","twitter_misc":{"Escrito por":"prensa2","Tiempo de lectura":"8 minutos"},"schema":{"@context":"https:\/\/schema.org","@graph":[{"@type":"WebPage","@id":"https:\/\/www.ull.es\/portal\/noticias\/2020\/ull-y-gobierno-renuevan-apuesta-innovacion-empresarial\/","url":"https:\/\/www.ull.es\/portal\/noticias\/2020\/ull-y-gobierno-renuevan-apuesta-innovacion-empresarial\/","name":"Presentado el nuevo programa de Gesti\u00f3n de la Innovaci\u00f3n","isPartOf":{"@id":"https:\/\/www.ull.es\/portal\/noticias\/#website"},"datePublished":"2020-09-21T13:42:14+00:00","dateModified":"2020-09-22T08:53:16+00:00","author":{"@id":"https:\/\/www.ull.es\/portal\/noticias\/#\/schema\/person\/c3b2aa857797592927a03740d6664376"},"description":"Desarrollado por la ULL con apoyo de la ACIISI, el programa incorpora procesos de innovaci\u00f3n de las empresas para mejorar su competitividad.","breadcrumb":{"@id":"https:\/\/www.ull.es\/portal\/noticias\/2020\/ull-y-gobierno-renuevan-apuesta-innovacion-empresarial\/#breadcrumb"},"inLanguage":"es","potentialAction":[{"@type":"ReadAction","target":["https:\/\/www.ull.es\/portal\/noticias\/2020\/ull-y-gobierno-renuevan-apuesta-innovacion-empresarial\/"]}]},{"@type":"BreadcrumbList","@id":"https:\/\/www.ull.es\/portal\/noticias\/2020\/ull-y-gobierno-renuevan-apuesta-innovacion-empresarial\/#breadcrumb","itemListElement":[{"@type":"ListItem","position":1,"name":"Portada","item":"https:\/\/www.ull.es\/portal\/noticias\/"},{"@type":"ListItem","position":2,"name":"La ULL y el Gobierno de Canarias renuevan su apuesta por la innovaci\u00f3n en el \u00e1mbito empresarial"}]},{"@type":"WebSite","@id":"https:\/\/www.ull.es\/portal\/noticias\/#website","url":"https:\/\/www.ull.es\/portal\/noticias\/","name":"ULL - Noticias","description":"","potentialAction":[{"@type":"SearchAction","target":{"@type":"EntryPoint","urlTemplate":"https:\/\/www.ull.es\/portal\/noticias\/?s={search_term_string}"},"query-input":"required name=search_term_string"}],"inLanguage":"es"},{"@type":"Person","@id":"https:\/\/www.ull.es\/portal\/noticias\/#\/schema\/person\/c3b2aa857797592927a03740d6664376","name":"prensa2","image":{"@type":"ImageObject","inLanguage":"es","@id":"https:\/\/www.ull.es\/portal\/noticias\/#\/schema\/person\/image\/","url":"https:\/\/secure.gravatar.com\/avatar\/b58f310a5de5feb33d1e026d2493f23c?s=96&d=mm&r=g","contentUrl":"https:\/\/secure.gravatar.com\/avatar\/b58f310a5de5feb33d1e026d2493f23c?s=96&d=mm&r=g","caption":"prensa2"},"url":"https:\/\/www.ull.es\/portal\/noticias\/author\/prensa2\/"}]}},"primary_category":{"id":350,"name":"Investigaci\u00f3n","slug":"investigacion","link":"https:\/\/www.ull.es\/portal\/noticias\/category\/investigacion\/"},"featured_image_thumbnail_url":"https:\/\/www.ull.es\/portal\/noticias\/wp-content\/uploads\/sites\/13\/2020\/09\/presentacion-gestion-innovacion-300x200.jpg","_links":{"self":[{"href":"https:\/\/www.ull.es\/portal\/noticias\/wp-json\/wp\/v2\/posts\/52067"}],"collection":[{"href":"https:\/\/www.ull.es\/portal\/noticias\/wp-json\/wp\/v2\/posts"}],"about":[{"href":"https:\/\/www.ull.es\/portal\/noticias\/wp-json\/wp\/v2\/types\/post"}],"author":[{"embeddable":true,"href":"https:\/\/www.ull.es\/portal\/noticias\/wp-json\/wp\/v2\/users\/21"}],"replies":[{"embeddable":true,"href":"https:\/\/www.ull.es\/portal\/noticias\/wp-json\/wp\/v2\/comments?post=52067"}],"version-history":[{"count":1,"href":"https:\/\/www.ull.es\/portal\/noticias\/wp-json\/wp\/v2\/posts\/52067\/revisions"}],"predecessor-version":[{"id":52069,"href":"https:\/\/www.ull.es\/portal\/noticias\/wp-json\/wp\/v2\/posts\/52067\/revisions\/52069"}],"wp:featuredmedia":[{"embeddable":true,"href":"https:\/\/www.ull.es\/portal\/noticias\/wp-json\/wp\/v2\/media\/52068"}],"wp:attachment":[{"href":"https:\/\/www.ull.es\/portal\/noticias\/wp-json\/wp\/v2\/media?parent=52067"}],"wp:term":[{"taxonomy":"category","embeddable":true,"href":"https:\/\/www.ull.es\/portal\/noticias\/wp-json\/wp\/v2\/categories?post=52067"},{"taxonomy":"post_tag","embeddable":true,"href":"https:\/\/www.ull.es\/portal\/noticias\/wp-json\/wp\/v2\/tags?post=52067"}],"curies":[{"name":"wp","href":"https:\/\/api.w.org\/{rel}","templated":true}]}}