{"id":52106,"date":"2020-09-23T14:27:40","date_gmt":"2020-09-23T14:27:40","guid":{"rendered":"https:\/\/www.ull.es\/portal\/noticias\/?p=52106"},"modified":"2020-09-24T07:30:51","modified_gmt":"2020-09-24T07:30:51","slug":"microplasticos-en-fondos-costeros-canarias","status":"publish","type":"post","link":"https:\/\/www.ull.es\/portal\/noticias\/2020\/microplasticos-en-fondos-costeros-canarias\/","title":{"rendered":"ULL y Fundaci\u00f3n Diario de Avisos estudiar\u00e1n la presencia de micropl\u00e1sticos en los fondos costeros de Canarias"},"content":{"rendered":"<p>El grupo de Qu\u00edmica Anal\u00edtica Aplicada de la Universidad de La Laguna, coordinado por Javier Hern\u00e1ndez Borges, ser\u00e1 el responsable de llevar a cabo el proyecto de investigaci\u00f3n \u201cImpacto de los micropl\u00e1sticos en el ecosistema de los fondos marinos de Canarias\u201d, que ha sido impulsado por la Fundaci\u00f3n Diario de Avisos y ha sido presentado hoy, mi\u00e9rcoles 23 de septiembre, en un acto celebrado en la Facultad de Ciencias de la instituci\u00f3n acad\u00e9mica, presidido por la rectora Rosa Aguilar.<\/p>\n<p style=\"text-align: center\"><a href=\"https:\/\/drive.google.com\/drive\/folders\/1Tva9EZ3c55otEUjo-PW3A-TnteX3CQO5?usp=sharing\" target=\"_blank\" rel=\"noopener noreferrer\" target=\"_blank\" rel=\"noopener\"><strong>Galer\u00eda de im\u00e1genes<\/strong><\/a><\/p>\n<p>La presentaci\u00f3n ha contado con la presencia en la mesa de, adem\u00e1s de la rectora, la directora de la Fundaci\u00f3n Diario de Avisos, Teodora Fern\u00e1ndez; la decana Facultad Ciencias, M\u00aa del Mar Afonso; y el investigador principal del proyecto, Javier Hern\u00e1ndez Borges. Tambi\u00e9n particip\u00f3 con una intervenci\u00f3n el consejero de Transici\u00f3n Ecol\u00f3gica, Lucha contra el Cambio Clim\u00e1tico y Planificaci\u00f3n Territorial del Gobierno de Canarias, Jos\u00e9 Antonio Valbuena.<\/p>\n<p>El objetivo principal del proyecto es determinar la presencia de micropl\u00e1sticos en sedimentos marinos en diferentes puntos de las costas de las ocho islas del archipi\u00e9lago. Tendr\u00e1 un a\u00f1o de duraci\u00f3n y, de hecho, los trabajos de campo ya han comenzado desde el pasado mes de julio en playas de La Palma y Tenerife. Los criterios para seleccionar los enclaves en los que se extraer\u00e1n muestras es que sean fondos arenosos f\u00e1cilmente accesibles desde la costa y en, algunos casos, que haya proximidad de emisarios.<\/p>\n<p>Hern\u00e1ndez Borges explic\u00f3 la complejidad de un proyecto que implica m\u00faltiples desplazamientos, inmersiones y el traslado r\u00e1pido de las muestras al laboratorio, utilizando recipientes de acero inoxidable que evitan la contaminaci\u00f3n de las muestras. Seguidamente, se procede a un laborioso procesado de los sedimentos recogidos para separar los micropl\u00e1sticos que tenga presentes y poder caracterizar su tama\u00f1o, tipo y material, para lo cual se utilizar\u00e1 tanto el an\u00e1lisis visual con lupa binocular como el uso de microscop\u00eda infrarroja y tipo Raman.<\/p>\n<p>Aunque los trabajos llevan apenas dos meses en marcha, el investigador principal quiso avanzar algunos de los resultados obtenidos en uno de los yacimientos de muestras de La Palma, concretamente el de Puerto Naos, en donde se ha que visto el 100% de los micropl\u00e1sticos son tipo microfibras en profundidad, en una cantidad media de 1,2 fibras por cada gramo de sedimento h\u00famedo. Adem\u00e1s, el 83% son transparentes y, en su mayor\u00eda, de entre 1 y 2 mil\u00edmetros.<\/p>\n<p>Previamente, Borges hab\u00eda impartido una introducci\u00f3n acerca de qu\u00e9 son, c\u00f3mo se crean y cu\u00e1l es el problema actual con los micropl\u00e1sticos, especialmente acuciante en Canarias dado que las corrientes marinas que afectan el archipi\u00e9lago fomentan que se produzca en su litoral ac\u00famulos de residuos. \u201cLos micropl\u00e1sticos est\u00e1n entrando a la cadena alimentaria, lo fragmentos m\u00e1s peque\u00f1os est\u00e1n llegando incluso al zooplancton y el ser humano est\u00e1 ingiriendo cada semana el equivalente a una tarjeta de cr\u00e9dito de pl\u00e1stico\u201d, ejemplific\u00f3 el experto.<\/p>\n<p>Expuso que los retos que debe afrontar el estudio pasan por comprender la din\u00e1mica de su formaci\u00f3n, transporte y acumulaci\u00f3n; conocer la absorci\u00f3n de contaminantes; desarrollar metodolog\u00edas anal\u00edticas para la determinaci\u00f3n de micro pl\u00e1sticos de peque\u00f1o tama\u00f1o y estudiar su consumo por parte de los organismos marinos.<\/p>\n<p><strong>Presentaci\u00f3n<\/strong><\/p>\n<p>Durante la inauguraci\u00f3n del acto, la rectora reflexion\u00f3 que los problemas complejos como el de los micro pl\u00e1sticos no tienen soluciones sencillas, pero, en todo caso, las respuestas deben venir de la ciencia, \u201cy en este sentido, la Universidad de La Laguna siempre se ha caracterizado por su preocupaci\u00f3n especial en la b\u00fasqueda de soluciones a los dilemas que, en diversas \u00e1reas, aquejan a nuestro territorio\u201d.<\/p>\n<p>Aguilar destac\u00f3 la adecuaci\u00f3n del grupo de Qu\u00edmica Anal\u00edtica Aplicada para abordar este proyecto, dado que en poco tiempo han logrado una posici\u00f3n de liderazgo en la investigaci\u00f3n sobre micro pl\u00e1sticos, gracias a su labor divulgativa a trav\u00e9s de diversos cursos de extensi\u00f3n universitaria, la publicaci\u00f3n de algunos art\u00edculo en revistas de impacto, y su participaci\u00f3n en proyectos internacionales como IMPLAMAC, en el que participan seis universidades e instituciones de Canarias, Madeira, Cabo Verde y Azores para evaluar el impacto de los micropl\u00e1sticos en la Macaronesia.<\/p>\n<p>La rectora tambi\u00e9n alab\u00f3 el mecenazgo e iniciativa de la Fundaci\u00f3n Diario de Avisos, \u201cque se ha hecho eco de este problema y ha decidido tomar cartas en el asunto, liderando un proyecto ambicioso y recabando la ayuda de los expertos universitarios m\u00e1s adecuados\u201d.<\/p>\n<p>El consejero de Transici\u00f3n Ecol\u00f3gica, Lucha contra el Cambio Clim\u00e1tico y Planificaci\u00f3n Territorial del Gobierno de Canarias se\u00f1al\u00f3 que las evidencias de que el cambio clim\u00e1tico es producto de la acci\u00f3n humana son claras, y prueba de ello ha sido la propia pandemia de la Covid-19 pues, como record\u00f3, durante los dos meses de confinamiento pr\u00e1cticamente en todo el mundo, y por tanto de inacci\u00f3n humana, la naturaleza se recuper\u00f3 a paso agigantados.<\/p>\n<p>Por ello, explic\u00f3 que de igual modo que para protegerse del coronavirus las personas han asumido cambios de h\u00e1bitos y sacrificios como llevar mascarilla, de cara la proteger el medio ambiente habr\u00e1 que comportarse con similar abnegaci\u00f3n. \u201cLuchar por el medio ambiente no es ponerse una chapa o ir a un acto, es implicarse\u201d. As\u00ed, cree que las administraciones deben tomar decisiones normativas \u201ca pesar de que a algunos les pueda no gustar\u201d porque se hacen pensando en el futuro.<\/p>\n","protected":false},"excerpt":{"rendered":"<p>El grupo de Qu\u00edmica Anal\u00edtica Aplicada de la Universidad de La Laguna, coordinado por Javier Hern\u00e1ndez Borges, ser\u00e1 el responsable&#8230;<\/p>\n","protected":false},"author":21,"featured_media":52107,"comment_status":"closed","ping_status":"closed","sticky":false,"template":"","format":"standard","meta":{"inline_featured_image":false,"footnotes":""},"categories":[345,3924,350,2765,3457],"tags":[6742,1575,5733],"acf":[],"yoast_head":"<!-- This site is optimized with the Yoast SEO plugin v21.3 - https:\/\/yoast.com\/wordpress\/plugins\/seo\/ -->\n<title>Un proyecto analizar\u00e1 micropl\u00e1sticos en los fondos costeros de Canarias<\/title>\n<meta name=\"description\" content=\"El proyecto est\u00e1 desarrollado por un equipo de qu\u00edmicos de la ULL con apoyo de Fundaci\u00f3n Diario de Avisos y tendra un a\u00f1o de duraci\u00f3n.\" \/>\n<meta name=\"robots\" content=\"index, follow, max-snippet:-1, max-image-preview:large, max-video-preview:-1\" \/>\n<link rel=\"canonical\" href=\"https:\/\/www.ull.es\/portal\/noticias\/2020\/microplasticos-en-fondos-costeros-canarias\/\" \/>\n<meta property=\"og:locale\" content=\"es_ES\" \/>\n<meta property=\"og:type\" content=\"article\" \/>\n<meta property=\"og:title\" content=\"Un proyecto analizar\u00e1 micropl\u00e1sticos en los fondos costeros de Canarias\" \/>\n<meta property=\"og:description\" content=\"El proyecto est\u00e1 desarrollado por un equipo de qu\u00edmicos de la ULL con apoyo de Fundaci\u00f3n Diario de Avisos y tendra un a\u00f1o de duraci\u00f3n.\" \/>\n<meta property=\"og:url\" content=\"https:\/\/www.ull.es\/portal\/noticias\/2020\/microplasticos-en-fondos-costeros-canarias\/\" \/>\n<meta property=\"og:site_name\" content=\"ULL - Noticias\" \/>\n<meta property=\"article:publisher\" content=\"https:\/\/www.facebook.com\/universidaddelalaguna\/\" \/>\n<meta property=\"article:published_time\" content=\"2020-09-23T14:27:40+00:00\" \/>\n<meta property=\"article:modified_time\" content=\"2020-09-24T07:30:51+00:00\" \/>\n<meta property=\"og:image\" content=\"https:\/\/www.ull.es\/portal\/noticias\/wp-content\/uploads\/sites\/13\/2020\/09\/Impacto-Microplasticos-21.jpg\" \/>\n\t<meta property=\"og:image:width\" content=\"1600\" \/>\n\t<meta property=\"og:image:height\" content=\"1067\" \/>\n\t<meta property=\"og:image:type\" content=\"image\/jpeg\" \/>\n<meta name=\"author\" content=\"prensa2\" \/>\n<meta name=\"twitter:card\" content=\"summary_large_image\" \/>\n<meta name=\"twitter:creator\" content=\"@CanalULL\" \/>\n<meta name=\"twitter:site\" content=\"@CanalULL\" \/>\n<meta name=\"twitter:label1\" content=\"Escrito por\" \/>\n\t<meta name=\"twitter:data1\" content=\"prensa2\" \/>\n\t<meta name=\"twitter:label2\" content=\"Tiempo de lectura\" \/>\n\t<meta name=\"twitter:data2\" content=\"5 minutos\" \/>\n<script type=\"application\/ld+json\" class=\"yoast-schema-graph\">{\"@context\":\"https:\/\/schema.org\",\"@graph\":[{\"@type\":\"WebPage\",\"@id\":\"https:\/\/www.ull.es\/portal\/noticias\/2020\/microplasticos-en-fondos-costeros-canarias\/\",\"url\":\"https:\/\/www.ull.es\/portal\/noticias\/2020\/microplasticos-en-fondos-costeros-canarias\/\",\"name\":\"Un proyecto analizar\u00e1 micropl\u00e1sticos en los fondos costeros de Canarias\",\"isPartOf\":{\"@id\":\"https:\/\/www.ull.es\/portal\/noticias\/#website\"},\"datePublished\":\"2020-09-23T14:27:40+00:00\",\"dateModified\":\"2020-09-24T07:30:51+00:00\",\"author\":{\"@id\":\"https:\/\/www.ull.es\/portal\/noticias\/#\/schema\/person\/c3b2aa857797592927a03740d6664376\"},\"description\":\"El proyecto est\u00e1 desarrollado por un equipo de qu\u00edmicos de la ULL con apoyo de Fundaci\u00f3n Diario de Avisos y tendra un a\u00f1o de duraci\u00f3n.\",\"breadcrumb\":{\"@id\":\"https:\/\/www.ull.es\/portal\/noticias\/2020\/microplasticos-en-fondos-costeros-canarias\/#breadcrumb\"},\"inLanguage\":\"es\",\"potentialAction\":[{\"@type\":\"ReadAction\",\"target\":[\"https:\/\/www.ull.es\/portal\/noticias\/2020\/microplasticos-en-fondos-costeros-canarias\/\"]}]},{\"@type\":\"BreadcrumbList\",\"@id\":\"https:\/\/www.ull.es\/portal\/noticias\/2020\/microplasticos-en-fondos-costeros-canarias\/#breadcrumb\",\"itemListElement\":[{\"@type\":\"ListItem\",\"position\":1,\"name\":\"Portada\",\"item\":\"https:\/\/www.ull.es\/portal\/noticias\/\"},{\"@type\":\"ListItem\",\"position\":2,\"name\":\"ULL y Fundaci\u00f3n Diario de Avisos estudiar\u00e1n la presencia de micropl\u00e1sticos en los fondos costeros de Canarias\"}]},{\"@type\":\"WebSite\",\"@id\":\"https:\/\/www.ull.es\/portal\/noticias\/#website\",\"url\":\"https:\/\/www.ull.es\/portal\/noticias\/\",\"name\":\"ULL - Noticias\",\"description\":\"\",\"potentialAction\":[{\"@type\":\"SearchAction\",\"target\":{\"@type\":\"EntryPoint\",\"urlTemplate\":\"https:\/\/www.ull.es\/portal\/noticias\/?s={search_term_string}\"},\"query-input\":\"required name=search_term_string\"}],\"inLanguage\":\"es\"},{\"@type\":\"Person\",\"@id\":\"https:\/\/www.ull.es\/portal\/noticias\/#\/schema\/person\/c3b2aa857797592927a03740d6664376\",\"name\":\"prensa2\",\"image\":{\"@type\":\"ImageObject\",\"inLanguage\":\"es\",\"@id\":\"https:\/\/www.ull.es\/portal\/noticias\/#\/schema\/person\/image\/\",\"url\":\"https:\/\/secure.gravatar.com\/avatar\/b58f310a5de5feb33d1e026d2493f23c?s=96&d=mm&r=g\",\"contentUrl\":\"https:\/\/secure.gravatar.com\/avatar\/b58f310a5de5feb33d1e026d2493f23c?s=96&d=mm&r=g\",\"caption\":\"prensa2\"},\"url\":\"https:\/\/www.ull.es\/portal\/noticias\/author\/prensa2\/\"}]}<\/script>\n<!-- \/ Yoast SEO plugin. -->","yoast_head_json":{"title":"Un proyecto analizar\u00e1 micropl\u00e1sticos en los fondos costeros de Canarias","description":"El proyecto est\u00e1 desarrollado por un equipo de qu\u00edmicos de la ULL con apoyo de Fundaci\u00f3n Diario de Avisos y tendra un a\u00f1o de duraci\u00f3n.","robots":{"index":"index","follow":"follow","max-snippet":"max-snippet:-1","max-image-preview":"max-image-preview:large","max-video-preview":"max-video-preview:-1"},"canonical":"https:\/\/www.ull.es\/portal\/noticias\/2020\/microplasticos-en-fondos-costeros-canarias\/","og_locale":"es_ES","og_type":"article","og_title":"Un proyecto analizar\u00e1 micropl\u00e1sticos en los fondos costeros de Canarias","og_description":"El proyecto est\u00e1 desarrollado por un equipo de qu\u00edmicos de la ULL con apoyo de Fundaci\u00f3n Diario de Avisos y tendra un a\u00f1o de duraci\u00f3n.","og_url":"https:\/\/www.ull.es\/portal\/noticias\/2020\/microplasticos-en-fondos-costeros-canarias\/","og_site_name":"ULL - Noticias","article_publisher":"https:\/\/www.facebook.com\/universidaddelalaguna\/","article_published_time":"2020-09-23T14:27:40+00:00","article_modified_time":"2020-09-24T07:30:51+00:00","og_image":[{"width":1600,"height":1067,"url":"https:\/\/www.ull.es\/portal\/noticias\/wp-content\/uploads\/sites\/13\/2020\/09\/Impacto-Microplasticos-21.jpg","type":"image\/jpeg"}],"author":"prensa2","twitter_card":"summary_large_image","twitter_creator":"@CanalULL","twitter_site":"@CanalULL","twitter_misc":{"Escrito por":"prensa2","Tiempo de lectura":"5 minutos"},"schema":{"@context":"https:\/\/schema.org","@graph":[{"@type":"WebPage","@id":"https:\/\/www.ull.es\/portal\/noticias\/2020\/microplasticos-en-fondos-costeros-canarias\/","url":"https:\/\/www.ull.es\/portal\/noticias\/2020\/microplasticos-en-fondos-costeros-canarias\/","name":"Un proyecto analizar\u00e1 micropl\u00e1sticos en los fondos costeros de Canarias","isPartOf":{"@id":"https:\/\/www.ull.es\/portal\/noticias\/#website"},"datePublished":"2020-09-23T14:27:40+00:00","dateModified":"2020-09-24T07:30:51+00:00","author":{"@id":"https:\/\/www.ull.es\/portal\/noticias\/#\/schema\/person\/c3b2aa857797592927a03740d6664376"},"description":"El proyecto est\u00e1 desarrollado por un equipo de qu\u00edmicos de la ULL con apoyo de Fundaci\u00f3n Diario de Avisos y tendra un a\u00f1o de duraci\u00f3n.","breadcrumb":{"@id":"https:\/\/www.ull.es\/portal\/noticias\/2020\/microplasticos-en-fondos-costeros-canarias\/#breadcrumb"},"inLanguage":"es","potentialAction":[{"@type":"ReadAction","target":["https:\/\/www.ull.es\/portal\/noticias\/2020\/microplasticos-en-fondos-costeros-canarias\/"]}]},{"@type":"BreadcrumbList","@id":"https:\/\/www.ull.es\/portal\/noticias\/2020\/microplasticos-en-fondos-costeros-canarias\/#breadcrumb","itemListElement":[{"@type":"ListItem","position":1,"name":"Portada","item":"https:\/\/www.ull.es\/portal\/noticias\/"},{"@type":"ListItem","position":2,"name":"ULL y Fundaci\u00f3n Diario de Avisos estudiar\u00e1n la presencia de micropl\u00e1sticos en los fondos costeros de Canarias"}]},{"@type":"WebSite","@id":"https:\/\/www.ull.es\/portal\/noticias\/#website","url":"https:\/\/www.ull.es\/portal\/noticias\/","name":"ULL - Noticias","description":"","potentialAction":[{"@type":"SearchAction","target":{"@type":"EntryPoint","urlTemplate":"https:\/\/www.ull.es\/portal\/noticias\/?s={search_term_string}"},"query-input":"required name=search_term_string"}],"inLanguage":"es"},{"@type":"Person","@id":"https:\/\/www.ull.es\/portal\/noticias\/#\/schema\/person\/c3b2aa857797592927a03740d6664376","name":"prensa2","image":{"@type":"ImageObject","inLanguage":"es","@id":"https:\/\/www.ull.es\/portal\/noticias\/#\/schema\/person\/image\/","url":"https:\/\/secure.gravatar.com\/avatar\/b58f310a5de5feb33d1e026d2493f23c?s=96&d=mm&r=g","contentUrl":"https:\/\/secure.gravatar.com\/avatar\/b58f310a5de5feb33d1e026d2493f23c?s=96&d=mm&r=g","caption":"prensa2"},"url":"https:\/\/www.ull.es\/portal\/noticias\/author\/prensa2\/"}]}},"primary_category":{"id":345,"name":"Destacado","slug":"destacado","link":"https:\/\/www.ull.es\/portal\/noticias\/category\/destacado\/"},"featured_image_thumbnail_url":"https:\/\/www.ull.es\/portal\/noticias\/wp-content\/uploads\/sites\/13\/2020\/09\/Impacto-Microplasticos-21-300x200.jpg","_links":{"self":[{"href":"https:\/\/www.ull.es\/portal\/noticias\/wp-json\/wp\/v2\/posts\/52106"}],"collection":[{"href":"https:\/\/www.ull.es\/portal\/noticias\/wp-json\/wp\/v2\/posts"}],"about":[{"href":"https:\/\/www.ull.es\/portal\/noticias\/wp-json\/wp\/v2\/types\/post"}],"author":[{"embeddable":true,"href":"https:\/\/www.ull.es\/portal\/noticias\/wp-json\/wp\/v2\/users\/21"}],"replies":[{"embeddable":true,"href":"https:\/\/www.ull.es\/portal\/noticias\/wp-json\/wp\/v2\/comments?post=52106"}],"version-history":[{"count":3,"href":"https:\/\/www.ull.es\/portal\/noticias\/wp-json\/wp\/v2\/posts\/52106\/revisions"}],"predecessor-version":[{"id":52110,"href":"https:\/\/www.ull.es\/portal\/noticias\/wp-json\/wp\/v2\/posts\/52106\/revisions\/52110"}],"wp:featuredmedia":[{"embeddable":true,"href":"https:\/\/www.ull.es\/portal\/noticias\/wp-json\/wp\/v2\/media\/52107"}],"wp:attachment":[{"href":"https:\/\/www.ull.es\/portal\/noticias\/wp-json\/wp\/v2\/media?parent=52106"}],"wp:term":[{"taxonomy":"category","embeddable":true,"href":"https:\/\/www.ull.es\/portal\/noticias\/wp-json\/wp\/v2\/categories?post=52106"},{"taxonomy":"post_tag","embeddable":true,"href":"https:\/\/www.ull.es\/portal\/noticias\/wp-json\/wp\/v2\/tags?post=52106"}],"curies":[{"name":"wp","href":"https:\/\/api.w.org\/{rel}","templated":true}]}}